{"id":26339,"date":"2013-01-30T15:43:35","date_gmt":"2013-01-30T14:43:35","guid":{"rendered":"http:\/\/www.manquepierda.com\/historiarealbetis\/?p=26339"},"modified":"2024-08-22T12:21:50","modified_gmt":"2024-08-22T10:21:50","slug":"1943-enero-31-primera-division-real-madrid-3-vs-real-betis-balompie-1","status":"publish","type":"post","link":"https:\/\/www.manquepierda.com\/historiarealbetis\/1943-enero-31-primera-division-real-madrid-3-vs-real-betis-balompie-1\/","title":{"rendered":"1943-Enero 31-Primera Divisi\u00f3n: Real Madrid-3 vs. Real Betis Balompi\u00e9-1."},"content":{"rendered":"<p><a href=\"https:\/\/i0.wp.com\/www.manquepierda.com\/historiarealbetis\/files\/2013\/01\/19430131Cabezo.jpg?ssl=1\"><img data-recalc-dims=\"1\" loading=\"lazy\" decoding=\"async\" class=\"alignleft size-medium wp-image-26340\" alt=\"19430131Cabezo\" src=\"https:\/\/i0.wp.com\/www.manquepierda.com\/historiarealbetis\/files\/2013\/01\/19430131Cabezo.jpg?resize=300%2C252&#038;ssl=1\" width=\"300\" height=\"252\" srcset=\"https:\/\/i0.wp.com\/www.manquepierda.com\/historiarealbetis\/files\/2013\/01\/19430131Cabezo.jpg?resize=300%2C252&amp;ssl=1 300w, https:\/\/i0.wp.com\/www.manquepierda.com\/historiarealbetis\/files\/2013\/01\/19430131Cabezo.jpg?w=841&amp;ssl=1 841w\" sizes=\"auto, (max-width: 300px) 100vw, 300px\" \/><\/a>\u00abCABEZO, el portero del Betis Balompi\u00e9, en una de sus paradas contra el Madrid\u00bb (\u00abABC\u00bb-19430202-Foto V. Muro).<\/p>\n<p style=\"text-align: center\">1943-Enero 31.-Domingo en Madrid-Estadio CHAMART\u00cdN:<\/p>\n<p style=\"text-align: center\">XVII JORNADA LIGA PRIMERA DIVISI\u00d3N-TEMPORADA 1942-1943.<\/p>\n<p style=\"text-align: center\"><a href=\"https:\/\/i0.wp.com\/www.manquepierda.com\/historiarealbetis\/files\/2013\/01\/600318.jpg?ssl=1\"><img data-recalc-dims=\"1\" loading=\"lazy\" decoding=\"async\" class=\"aligncenter size-thumbnail wp-image-26341\" alt=\"600318\" src=\"https:\/\/i0.wp.com\/www.manquepierda.com\/historiarealbetis\/files\/2013\/01\/600318.jpg?resize=150%2C150&#038;ssl=1\" width=\"150\" height=\"150\" srcset=\"https:\/\/i0.wp.com\/www.manquepierda.com\/historiarealbetis\/files\/2013\/01\/600318.jpg?resize=150%2C150&amp;ssl=1 150w, https:\/\/i0.wp.com\/www.manquepierda.com\/historiarealbetis\/files\/2013\/01\/600318.jpg?resize=50%2C50&amp;ssl=1 50w\" sizes=\"auto, (max-width: 150px) 100vw, 150px\" \/><\/a>Arbitr\u00f3 el colegiado de Valencia, Lu\u00eds Sanch\u00eds Ordu\u00f1a.-Aline\u00f3 \u00e1:<\/p>\n<p style=\"text-align: center\"><a href=\"https:\/\/i0.wp.com\/www.manquepierda.com\/historiarealbetis\/files\/2013\/01\/1941-RBB2.jpg?ssl=1\"><img data-recalc-dims=\"1\" loading=\"lazy\" decoding=\"async\" class=\"aligncenter size-full wp-image-26089\" alt=\"1941-RBB\" src=\"https:\/\/i0.wp.com\/www.manquepierda.com\/historiarealbetis\/files\/2013\/01\/1941-RBB2.jpg?resize=154%2C154&#038;ssl=1\" width=\"154\" height=\"154\" srcset=\"https:\/\/i0.wp.com\/www.manquepierda.com\/historiarealbetis\/files\/2013\/01\/1941-RBB2.jpg?w=154&amp;ssl=1 154w, https:\/\/i0.wp.com\/www.manquepierda.com\/historiarealbetis\/files\/2013\/01\/1941-RBB2.jpg?resize=150%2C150&amp;ssl=1 150w, https:\/\/i0.wp.com\/www.manquepierda.com\/historiarealbetis\/files\/2013\/01\/1941-RBB2.jpg?resize=50%2C50&amp;ssl=1 50w\" sizes=\"auto, (max-width: 154px) 100vw, 154px\" \/><\/a>REAL BETIS BALOMPI\u00c9 (14\u00ba Clasificado)-1 Gol.<\/p>\n<p style=\"text-align: center\">MARC\u00d3:<\/p>\n<p style=\"text-align: center\"><a href=\"https:\/\/i0.wp.com\/www.manquepierda.com\/historiarealbetis\/files\/2013\/01\/PITILO-%C3%81ngelDom%C3%ADnguezEsteban.1.jpg?ssl=1\"><img data-recalc-dims=\"1\" loading=\"lazy\" decoding=\"async\" class=\"aligncenter size-full wp-image-26342\" alt=\"PITILO-\u00c1ngelDom\u00ednguezEsteban.1\" src=\"https:\/\/i0.wp.com\/www.manquepierda.com\/historiarealbetis\/files\/2013\/01\/PITILO-%C3%81ngelDom%C3%ADnguezEsteban.1.jpg?resize=132%2C206&#038;ssl=1\" width=\"132\" height=\"206\" \/><\/a>PITILO (1-1, 29 Minutos).<\/p>\n<p style=\"text-align: left\">Guardameta.-CABEZO (28).<\/p>\n<p style=\"text-align: left\">Zagueros.-CABEZA (24),\u00a0 GONELL (27).<\/p>\n<p style=\"text-align: left\">Medios.-PERAL (31),\u00a0 ANT\u00daNEZ (19),\u00a0 CAZORLA (19).<\/p>\n<p style=\"text-align: left\">Delanteros.-L\u00d3PEZ (20),\u00a0 MURUAGA (24),\u00a0 CASTILLO (20),\u00a0 GUILLERMO (25),\u00a0 PITILO (23).<\/p>\n<p style=\"text-align: left\"><strong><a href=\"https:\/\/i0.wp.com\/www.manquepierda.com\/historiarealbetis\/files\/2013\/01\/FranciscoG%C3%B3mezVicente-Entrenador1.jpg?ssl=1\"><img data-recalc-dims=\"1\" loading=\"lazy\" decoding=\"async\" class=\"alignleft size-full wp-image-26345\" alt=\"FranciscoG\u00f3mezVicente-Entrenador\" src=\"https:\/\/i0.wp.com\/www.manquepierda.com\/historiarealbetis\/files\/2013\/01\/FranciscoG%C3%B3mezVicente-Entrenador1.jpg?resize=170%2C257&#038;ssl=1\" width=\"170\" height=\"257\" \/><\/a><\/strong><\/p>\n<p style=\"text-align: center\">Entrenador-Temporada 1942-1943.<\/p>\n<p style=\"text-align: left\"><strong>FRANCISCO G\u00d3MEZ VICENTE.-Desde la 14\u00aa hasta la 26\u00aa Jornadas Liga Primera Divisi\u00f3n (32 A\u00f1os).<\/strong><\/p>\n<p style=\"text-align: center\"><strong>XXX PRESIDENTE REAL BETIS BALOMPI\u00c9<\/strong><\/p>\n<p style=\"text-align: center\"><a href=\"https:\/\/i0.wp.com\/www.manquepierda.com\/historiarealbetis\/files\/2013\/01\/PresidenteAlfonsoAlarc%C3%B3nDeLaLastra1942-1943.jpg?ssl=1\"><img data-recalc-dims=\"1\" loading=\"lazy\" decoding=\"async\" class=\"aligncenter size-full wp-image-26347\" alt=\"PresidenteAlfonsoAlarc\u00f3nDeLaLastra1942-1943\" src=\"https:\/\/i0.wp.com\/www.manquepierda.com\/historiarealbetis\/files\/2013\/01\/PresidenteAlfonsoAlarc%C3%B3nDeLaLastra1942-1943.jpg?resize=264%2C300&#038;ssl=1\" width=\"264\" height=\"300\" \/><\/a><strong>DON ALFONSO ALARC\u00d3N DE LA LASTRA (Coronel de Ingenieros y Armamentos.-36 A\u00f1os).<\/strong><\/p>\n<p style=\"text-align: center\">OBITUARIOS REAL BETIS BALOMPI\u00c9:<\/p>\n<p style=\"text-align: left\"><strong>ALARC\u00d3N DE LA LASTRA, ALFONSO-30\u00ba PRESIDENTE.-SEVILLA, Mi\u00e9rcoles 02-Mayo-1906.-C\u00c1DIZ, S\u00e1bado 07-Agosto-1982.-D. E. P.<\/strong><\/p>\n<p style=\"text-align: left\">ANT\u00daNEZ Espada, FRANCISCO.-SEVILLA, Mi\u00e9rcoles 01-Noviembre-1922.-\u00cdDEM, Martes 16-Agosto-1994.-D. E. P.<\/p>\n<p style=\"text-align: left\">CABEZA (Lu\u00eds Garc\u00eda PULIDO).-SEVILLA, Domingo 29-Diciembre-1918.-\u00cdDEM, Martes 13-Mayo-1986.-D. E. P.<\/p>\n<p style=\"text-align: left\">CABEZO (Honorato L\u00f3pez Valent\u00edn).-SAN PEDRO DE CESANTES-Redondela (Pontevedra), Mi\u00e9rcoles 04-Marzo-1914.-VIGO (Pontevedra), S\u00e1bado 13-Febrero-1993.-D. E. P.<\/p>\n<p style=\"text-align: left\">Mart\u00ednez CASTILLO, RAFAEL.-SEVILLA, S\u00e1bado 02-Septiembre-1922.<\/p>\n<p style=\"text-align: left\">CAZORLA Castellano, JUAN.-LAS PALMAS DE GRAN CANARIA, Martes 19-Junio-1923.-<strong>\u00abLeyenda Viva Verdiblanca.-Santa Luc\u00eda (Gran Canaria), 89 a\u00f1os\u00bb.<\/strong><\/p>\n<p style=\"text-align: left\"><strong>G\u00d3MEZ Vicente, FRANCISCO-2\u00ba Entrenador RBB-Temporada 1942-1943.-ALMER\u00cdA, Jueves 12-Mayo-1910.-BARCELONA, Martes 29-Noviembre-1983.-D. E. P.<\/strong><\/p>\n<p style=\"text-align: left\">GONEL Llopis, JULI\u00c1N.-CASTELL\u00d3 DE LA PLANA, Domingo 25-Abril-1915.-\u00cdDEM, S\u00e1bado 10-Junio-1972.-D. E. P.<\/p>\n<p style=\"text-align: left\">GUILLERMO De Castells Adriaenssens.-VALENCIA, S\u00e1bado 06-Octubre-1917.<\/p>\n<p style=\"text-align: left\">L\u00d3PEZ Escobedo, MIGUEL.-SANTANDER (Cantabria), Domingo 26-Febrero-1922.<\/p>\n<p style=\"text-align: left\">MURUAGA Elortegui, TOM\u00c1S.-SESTAO (Vizcaya), Mi\u00e9rcoles 10-Abril-1918.-SEVILLA, Martes 05-Octubre-1999.-D. E. P.<\/p>\n<p style=\"text-align: left\">PERAL (Jos\u00e9 Su\u00e1rez Gonz\u00e1lez).-SEVILLA, Lunes 10-Abril-1911.-\u00cdDEM, Domingo 28-Mayo-1967.-D. E. P.<\/p>\n<p style=\"text-align: left\">PITILO (\u00c1ngel Dom\u00ednguez Esteba).-MADRID, Mi\u00e9rcoles 05-Noviembre-1919.-<strong>\u00abLeyenda Viva Verdiblanca Ilustre.-SEVILLA, 93 A\u00f1os\u00bb.<\/strong><\/p>\n<p style=\"text-align: center\">Vs.<\/p>\n<p style=\"text-align: center\">Real Madrid CF (Octavo Clasificado)-3 Tantos <strong>(\u00abun gol de penalti\u00bb).<\/strong><\/p>\n<p style=\"text-align: left\">Enrique ESQUIVAS Gonz\u00e1lez (Portero).-Jos\u00e9 MARDONES Llorente (1-0, 20 minutos de pena m\u00e1xima)-\u00c1ngel ARZANEGUI Uribe (Defensas).-Jos\u00e9 Ram\u00f3n SAUTO Hurtado-Isidro ROVIRA Tuset-Juan Antonio IPI\u00d1A Iza (Medios).-Antonio ALS\u00daA Alonso (2-1, 43 minutos)-Jes\u00fas ALONSO Fern\u00e1ndez-Manuel ALDAY Marticorena-Nazario BELMAR Mart\u00ednez (3-1, 79 minutos)-Pascual BOTELLA Domingo.-Delanteros.<\/p>\n<p style=\"text-align: center\">Entrenador, Ram\u00f3n Encinas Dios.-Presidente don Antonio Santos Peralba \u00c1lvarez.<\/p>\n<p style=\"text-align: center\"><a href=\"https:\/\/i0.wp.com\/www.manquepierda.com\/historiarealbetis\/files\/2013\/01\/19430131Clasificaci%C3%B3n.jpg?ssl=1\"><img data-recalc-dims=\"1\" loading=\"lazy\" decoding=\"async\" class=\"aligncenter size-full wp-image-26348\" alt=\"19430131Clasificaci\u00f3n\" src=\"https:\/\/i0.wp.com\/www.manquepierda.com\/historiarealbetis\/files\/2013\/01\/19430131Clasificaci%C3%B3n.jpg?resize=691%2C733&#038;ssl=1\" width=\"691\" height=\"733\" srcset=\"https:\/\/i0.wp.com\/www.manquepierda.com\/historiarealbetis\/files\/2013\/01\/19430131Clasificaci%C3%B3n.jpg?w=691&amp;ssl=1 691w, https:\/\/i0.wp.com\/www.manquepierda.com\/historiarealbetis\/files\/2013\/01\/19430131Clasificaci%C3%B3n.jpg?resize=282%2C300&amp;ssl=1 282w\" sizes=\"auto, (max-width: 691px) 100vw, 691px\" \/><\/a><\/p>\n<p style=\"text-align: center\"><a href=\"https:\/\/i0.wp.com\/www.manquepierda.com\/historiarealbetis\/files\/2013\/01\/19430131RM3RBB1.jpg?ssl=1\"><img data-recalc-dims=\"1\" loading=\"lazy\" decoding=\"async\" class=\"aligncenter size-medium wp-image-26349\" alt=\"19430131RM3RBB1\" src=\"https:\/\/i0.wp.com\/www.manquepierda.com\/historiarealbetis\/files\/2013\/01\/19430131RM3RBB1.jpg?resize=158%2C300&#038;ssl=1\" width=\"158\" height=\"300\" srcset=\"https:\/\/i0.wp.com\/www.manquepierda.com\/historiarealbetis\/files\/2013\/01\/19430131RM3RBB1.jpg?resize=158%2C300&amp;ssl=1 158w, https:\/\/i0.wp.com\/www.manquepierda.com\/historiarealbetis\/files\/2013\/01\/19430131RM3RBB1.jpg?w=322&amp;ssl=1 322w\" sizes=\"auto, (max-width: 158px) 100vw, 158px\" \/><\/a><\/p>\n<p style=\"text-align: left\">Colecci\u00f3n Personal.<\/p>\n<p style=\"text-align: left\">ABC-Madrid.<\/p>\n","protected":false},"excerpt":{"rendered":"<p>\u00abCABEZO, el portero del Betis Balompi\u00e9, en una de sus paradas contra el Madrid\u00bb (\u00abABC\u00bb-19430202-Foto V. Muro). 1943-Enero 31.-Domingo en Madrid-Estadio CHAMART\u00cdN: XVII JORNADA LIGA PRIMERA DIVISI\u00d3N-TEMPORADA 1942-1943. Arbitr\u00f3 el colegiado de Valencia, Lu\u00eds Sanch\u00eds Ordu\u00f1a.-Aline\u00f3 \u00e1: REAL BETIS BALOMPI\u00c9 (14\u00ba Clasificado)-1 Gol. MARC\u00d3: PITILO (1-1, 29 Minutos). Guardameta.-CABEZO (28). Zagueros.-CABEZA (24),\u00a0 GONELL (27). Medios.-PERAL&#8230;<\/p>\n","protected":false},"author":48,"featured_media":26340,"comment_status":"open","ping_status":"open","sticky":false,"template":"","format":"standard","meta":{"_kad_post_transparent":"","_kad_post_title":"","_kad_post_layout":"","_kad_post_sidebar_id":"","_kad_post_content_style":"","_kad_post_vertical_padding":"","_kad_post_feature":"","_kad_post_feature_position":"","_kad_post_header":false,"_kad_post_footer":false,"_kad_post_classname":"","_jetpack_memberships_contains_paid_content":false,"footnotes":"","jetpack_publicize_message":"","jetpack_publicize_feature_enabled":true,"jetpack_social_post_already_shared":true,"jetpack_social_options":{"image_generator_settings":{"template":"highway","default_image_id":0,"font":"","enabled":false},"version":2}},"categories":[900,1],"tags":[2284,51,17898,13362],"class_list":["post-26339","post","type-post","status-publish","format-standard","has-post-thumbnail","hentry","category-1940-1949","category-portada","tag-1942-43","tag-51","tag-liga-primera-1942-43","tag-real-madrid-cf"],"jetpack_publicize_connections":[],"jetpack_featured_media_url":"https:\/\/i0.wp.com\/www.manquepierda.com\/historiarealbetis\/files\/2013\/01\/19430131Cabezo.jpg?fit=841%2C708&ssl=1","jetpack_sharing_enabled":true,"jetpack_shortlink":"https:\/\/wp.me\/p1ij08-6QP","jetpack-related-posts":[],"_links":{"self":[{"href":"https:\/\/www.manquepierda.com\/historiarealbetis\/wp-json\/wp\/v2\/posts\/26339","targetHints":{"allow":["GET"]}}],"collection":[{"href":"https:\/\/www.manquepierda.com\/historiarealbetis\/wp-json\/wp\/v2\/posts"}],"about":[{"href":"https:\/\/www.manquepierda.com\/historiarealbetis\/wp-json\/wp\/v2\/types\/post"}],"author":[{"embeddable":true,"href":"https:\/\/www.manquepierda.com\/historiarealbetis\/wp-json\/wp\/v2\/users\/48"}],"replies":[{"embeddable":true,"href":"https:\/\/www.manquepierda.com\/historiarealbetis\/wp-json\/wp\/v2\/comments?post=26339"}],"version-history":[{"count":1,"href":"https:\/\/www.manquepierda.com\/historiarealbetis\/wp-json\/wp\/v2\/posts\/26339\/revisions"}],"predecessor-version":[{"id":95077,"href":"https:\/\/www.manquepierda.com\/historiarealbetis\/wp-json\/wp\/v2\/posts\/26339\/revisions\/95077"}],"wp:featuredmedia":[{"embeddable":true,"href":"https:\/\/www.manquepierda.com\/historiarealbetis\/wp-json\/wp\/v2\/media\/26340"}],"wp:attachment":[{"href":"https:\/\/www.manquepierda.com\/historiarealbetis\/wp-json\/wp\/v2\/media?parent=26339"}],"wp:term":[{"taxonomy":"category","embeddable":true,"href":"https:\/\/www.manquepierda.com\/historiarealbetis\/wp-json\/wp\/v2\/categories?post=26339"},{"taxonomy":"post_tag","embeddable":true,"href":"https:\/\/www.manquepierda.com\/historiarealbetis\/wp-json\/wp\/v2\/tags?post=26339"}],"curies":[{"name":"wp","href":"https:\/\/api.w.org\/{rel}","templated":true}]}}