{"id":26476,"date":"2013-02-08T07:13:24","date_gmt":"2013-02-08T06:13:24","guid":{"rendered":"http:\/\/www.manquepierda.com\/historiarealbetis\/?p=26476"},"modified":"2016-08-10T19:52:10","modified_gmt":"2016-08-10T17:52:10","slug":"entrevista-angel-martin-saro-1944","status":"publish","type":"post","link":"https:\/\/www.manquepierda.com\/historiarealbetis\/entrevista-angel-martin-saro-1944\/","title":{"rendered":"Entrevista Angel Mart\u00edn \u00abSaro \u00bb 1944"},"content":{"rendered":"<figure id=\"attachment_26477\" aria-describedby=\"caption-attachment-26477\" style=\"width: 462px\" class=\"wp-caption aligncenter\"><a href=\"https:\/\/i0.wp.com\/www.manquepierda.com\/historiarealbetis\/files\/2013\/02\/160F-00822-00006-0002-Saro-Marca-18-02-1944.jpg?ssl=1\"><img data-recalc-dims=\"1\" loading=\"lazy\" decoding=\"async\" class=\" wp-image-26477 \" src=\"https:\/\/i0.wp.com\/www.manquepierda.com\/historiarealbetis\/files\/2013\/02\/160F-00822-00006-0002-Saro-Marca-18-02-1944.jpg?resize=462%2C717&#038;ssl=1\" alt=\"Fuente: Marca 18 de febrero de 1944\" width=\"462\" height=\"717\" srcset=\"https:\/\/i0.wp.com\/www.manquepierda.com\/historiarealbetis\/files\/2013\/02\/160F-00822-00006-0002-Saro-Marca-18-02-1944.jpg?resize=660%2C1024&amp;ssl=1 660w, https:\/\/i0.wp.com\/www.manquepierda.com\/historiarealbetis\/files\/2013\/02\/160F-00822-00006-0002-Saro-Marca-18-02-1944.jpg?resize=193%2C300&amp;ssl=1 193w, https:\/\/i0.wp.com\/www.manquepierda.com\/historiarealbetis\/files\/2013\/02\/160F-00822-00006-0002-Saro-Marca-18-02-1944.jpg?w=671&amp;ssl=1 671w\" sizes=\"auto, (max-width: 462px) 100vw, 462px\" \/><\/a><figcaption id=\"caption-attachment-26477\" class=\"wp-caption-text\">Fuente: Marca 18 de febrero de 1944\u00a0 Saro y Peral en las calles sevillanas<\/figcaption><\/figure>\n<p>En 1944 en un partido de Liga disputado el 6 de febrero en Heli\u00f3polis frente al Xerez CF el jugador b\u00e9tico Saro sufri\u00f3 una importante lesi\u00f3n en un choque con el defensa jerecista Valc\u00e1rcel. Una lesi\u00f3n de clav\u00edcula que le apart\u00f3 del equipo durante 5 partidos, pues no volver\u00e1 al equipo hasta el 26 de marzo en La Corredera frente a la Cultural Leonesa.<\/p>\n<p>Con motivo de su lesi\u00f3n aparece esta entrevista en el diario deportivo Marca del 18 de febrero de 1944.<\/p>\n<p>&nbsp;<\/p>\n<p><span style=\"color: #008000\"><em>Pasados los primeros dolores y asegurada la curaci\u00f3n de la fractura por el h\u00e1bil vendaje de escayola que el doctor Fern\u00e1ndez Pando puso sobre la clav\u00edcula lesionada, Saro, el veterano jugador del Real Betis Balompi\u00e9, se ha lanzado a la calle a pasear con sus amigos, para dar un rotundo ment\u00eds a los que cre\u00edan que lo ocurrido retendr\u00eda en cama durante varios d\u00edas al lesionado. <\/em><\/span><\/p>\n<p><span style=\"color: #008000\"><em>En uni\u00f3n de un grupo de amigos, a los que refiere el accidente, le hemos hallado en plena ma\u00f1ana al borde de la avenida de Jos\u00e9 Antonio.<\/em><\/span><\/p>\n<p><span style=\"color: #008000\"><em>&#8211;\u00a0\u00a0\u00a0\u00a0\u00a0\u00a0\u00a0\u00a0\u00a0 \u00bfC\u00f3mo marcha eso?<\/em><\/span><\/p>\n<p><span style=\"color: #008000\"><em>&#8211;\u00a0\u00a0\u00a0\u00a0\u00a0\u00a0\u00a0\u00a0\u00a0 Mejor. Ya casi no me molesta. Al menos durante el d\u00eda. Por la noche, en cambio, cualquier movimiento me incomoda. Pero espero que esto se arregle pronto.<\/em><\/span><\/p>\n<p><span style=\"color: #008000\"><em>&#8211;\u00a0\u00a0\u00a0\u00a0\u00a0\u00a0\u00a0\u00a0\u00a0 \u00bfCu\u00e1nto tiempo calculan los doctores?<\/em><\/span><\/p>\n<p><span style=\"color: #008000\"><em>&#8211;\u00a0\u00a0\u00a0\u00a0\u00a0\u00a0\u00a0\u00a0\u00a0 Un mes, aproximadamente. Pero yo espero que frente al Constancia, pueda volver al campo de juego. El partido es de mucha trascendencia para el Betis, y creo que para esa fecha estar\u00e9 totalmente repuesto. De todas formas, como la lesi\u00f3n no es de pierna, que son las graves, reserv\u00e1ndose un poco, es posible jugar.<\/em><\/span><\/p>\n<p><span style=\"color: #008000\"><em>&#8211;\u00a0\u00a0\u00a0\u00a0\u00a0\u00a0\u00a0\u00a0\u00a0 \u00bfTe han lesionado muchas veces?<\/em><\/span><\/p>\n<p><span style=\"color: #008000\"><em>&#8211;\u00a0\u00a0\u00a0\u00a0\u00a0\u00a0\u00a0\u00a0\u00a0 No. Y eso que hace m\u00e1s diecis\u00e9is a\u00f1os que soy jugador. Al Betis vine hace doce y, en ese largo plazo, no recuerdo m\u00e1s que otra lesi\u00f3n de importancia, aunque no tan grave como \u00e9sta. Jug\u00e1bamos en Bilbao, contra el Atl\u00e9tico, Yo iba como ala izquierda con Lecue de interior, y choqu\u00e9 contra el defensa Urbano, que poco despu\u00e9s pas\u00f3 al Betis. El tropez\u00f3n fue muy aparatoso y yo perd\u00ed en \u00e9l varios dientes y me \u201cgan\u00e9\u201d esta cicatriz que tengo junto al ojo. <\/em><\/span><\/p>\n<p><span style=\"color: #008000\"><em>&#8211;\u00a0\u00a0\u00a0\u00a0\u00a0\u00a0\u00a0\u00a0\u00a0 \u00bfQu\u00e9 hay de cierto en ese rumor que anda por ah\u00ed sobre tu retirada?<\/em><\/span><\/p>\n<p><span style=\"color: #008000\"><em>&#8211;\u00a0\u00a0\u00a0\u00a0\u00a0\u00a0\u00a0\u00a0\u00a0 Mientras yo pueda, y las fuerzas me respondan, no habr\u00e1 retirada. Tengo mucho cari\u00f1o a mi profesi\u00f3n y al Betis para pensar en marcharme.\u00a0 A menos que una lesi\u00f3n, y de eso nadie est\u00e1 libre, me obligue a separarme de los campos de f\u00fatbol. A estas alturas\u00a0 un golpe en el tobillo o en la rodilla pueden traer malas consecuencias. Pero no hay que pensar en esas cosas.<\/em><\/span><\/p>\n<p><span style=\"color: #008000\"><em>&#8211;\u00a0\u00a0\u00a0\u00a0\u00a0\u00a0\u00a0\u00a0\u00a0 Y si ese apartamiento se consumase por cualquier infortunio, que no es de desear, \u00bfte gustar\u00eda ser entrenador?<\/em><\/span><\/p>\n<p><span style=\"color: #008000\"><em>&#8211;\u00a0\u00a0\u00a0\u00a0\u00a0\u00a0\u00a0\u00a0\u00a0 Algunas veces he pensado en esa posibilidad. Ser\u00eda prolongar la ilusi\u00f3n m\u00e1s all\u00e1 de la realidad\u2026 Por eso, me agradar\u00eda mucho. As\u00ed al menos, no perder\u00eda el contacto con el f\u00fatbol, al que he dedicado media vida.<\/em><\/span><\/p>\n<p><span style=\"color: #008000\"><em>&#8211;\u00a0\u00a0\u00a0\u00a0\u00a0\u00a0\u00a0\u00a0\u00a0 \u00bfCrees que el Betis volver\u00e1 a Primera Divisi\u00f3n?<\/em><\/span><\/p>\n<p><span style=\"color: #008000\"><em>&#8211;\u00a0\u00a0\u00a0\u00a0\u00a0\u00a0\u00a0\u00a0\u00a0 Si tenemos un poco de suerte yo creo que subimos, sin necesidad de jugar la promoci\u00f3n. En todo caso creo que quedaremos clasificados en un puesto que nos d\u00e9 derecho a probar fortuna en esa especie de loter\u00eda que es la promoci\u00f3n.<\/em><\/span><\/p>\n<p><span style=\"color: #008000\"><em>&#8211;\u00a0\u00a0\u00a0\u00a0\u00a0\u00a0\u00a0\u00a0\u00a0 Y en ese caso \u00bfcon qu\u00e9 equipo te gustar\u00eda enfrentarte?<\/em><\/span><\/p>\n<p><span style=\"color: #008000\"><em>&#8211;\u00a0\u00a0\u00a0\u00a0\u00a0\u00a0\u00a0\u00a0\u00a0 Con el Deportivo coru\u00f1\u00e9s. Creo que ser\u00eda el m\u00e1s f\u00e1cil de vencer. Aunque ello supondr\u00eda ver descender a un equipo en el que juegan dos excelentes amigos: Paquirri y Caballero.<\/em><\/span><\/p>\n<p><span style=\"color: #008000\"><em>\u00a0<\/em><\/span><\/p>\n<p><span style=\"color: #008000\"><em>Y Saro, para quien el Betis prepara un beneficio tan pronto se celebre el de Peral, vuelve a su tertulia. Llueven sobre \u00e9l las preguntas. Todos se interesan por su salud, por los detalles de la lesi\u00f3n\u2026<\/em><\/span><\/p>\n<p><span style=\"color: #008000\"><em>A los pocos minutos, un grupo de chiquillos nos rodea. Y es que Saro es uno de los jugadores m\u00e1s populares del Betis. No en balde lleva m\u00e1s de doce a\u00f1os en Sevilla\u2026\u00a0\u00a0\u00a0\u00a0\u00a0\u00a0 \u00a0<\/em><\/span><\/p>\n<p>&nbsp;<\/p>\n<p>&nbsp;<\/p>\n<p>&nbsp;<\/p>\n<p>&nbsp;<\/p>\n<p>&nbsp;<\/p>\n<p>&nbsp;<\/p>\n","protected":false},"excerpt":{"rendered":"<p>En 1944 en un partido de Liga disputado el 6 de febrero en Heli\u00f3polis frente al Xerez CF el jugador b\u00e9tico Saro sufri\u00f3 una importante lesi\u00f3n en un choque con el defensa jerecista Valc\u00e1rcel. Una lesi\u00f3n de clav\u00edcula que le apart\u00f3 del equipo durante 5 partidos, pues no volver\u00e1 al equipo hasta el 26 de&#8230;<\/p>\n","protected":false},"author":5,"featured_media":26477,"comment_status":"open","ping_status":"open","sticky":false,"template":"","format":"standard","meta":{"_kad_post_transparent":"","_kad_post_title":"","_kad_post_layout":"","_kad_post_sidebar_id":"","_kad_post_content_style":"","_kad_post_vertical_padding":"","_kad_post_feature":"","_kad_post_feature_position":"","_kad_post_header":false,"_kad_post_footer":false,"_kad_post_classname":"","_jetpack_memberships_contains_paid_content":false,"footnotes":"","jetpack_publicize_message":"","jetpack_publicize_feature_enabled":true,"jetpack_social_post_already_shared":true,"jetpack_social_options":{"image_generator_settings":{"template":"highway","default_image_id":0,"font":"","enabled":false},"version":2}},"categories":[900,893,1],"tags":[2481,1203,1057],"class_list":["post-26476","post","type-post","status-publish","format-standard","has-post-thumbnail","hentry","category-1940-1949","category-jugadores-temas","category-portada","tag-1943-44","tag-1203","tag-angel-martin-saro"],"jetpack_publicize_connections":[],"jetpack_featured_media_url":"https:\/\/i0.wp.com\/www.manquepierda.com\/historiarealbetis\/files\/2013\/02\/160F-00822-00006-0002-Saro-Marca-18-02-1944.jpg?fit=671%2C1040&ssl=1","jetpack_sharing_enabled":true,"jetpack_shortlink":"https:\/\/wp.me\/p1ij08-6T2","jetpack-related-posts":[],"_links":{"self":[{"href":"https:\/\/www.manquepierda.com\/historiarealbetis\/wp-json\/wp\/v2\/posts\/26476","targetHints":{"allow":["GET"]}}],"collection":[{"href":"https:\/\/www.manquepierda.com\/historiarealbetis\/wp-json\/wp\/v2\/posts"}],"about":[{"href":"https:\/\/www.manquepierda.com\/historiarealbetis\/wp-json\/wp\/v2\/types\/post"}],"author":[{"embeddable":true,"href":"https:\/\/www.manquepierda.com\/historiarealbetis\/wp-json\/wp\/v2\/users\/5"}],"replies":[{"embeddable":true,"href":"https:\/\/www.manquepierda.com\/historiarealbetis\/wp-json\/wp\/v2\/comments?post=26476"}],"version-history":[{"count":0,"href":"https:\/\/www.manquepierda.com\/historiarealbetis\/wp-json\/wp\/v2\/posts\/26476\/revisions"}],"wp:featuredmedia":[{"embeddable":true,"href":"https:\/\/www.manquepierda.com\/historiarealbetis\/wp-json\/wp\/v2\/media\/26477"}],"wp:attachment":[{"href":"https:\/\/www.manquepierda.com\/historiarealbetis\/wp-json\/wp\/v2\/media?parent=26476"}],"wp:term":[{"taxonomy":"category","embeddable":true,"href":"https:\/\/www.manquepierda.com\/historiarealbetis\/wp-json\/wp\/v2\/categories?post=26476"},{"taxonomy":"post_tag","embeddable":true,"href":"https:\/\/www.manquepierda.com\/historiarealbetis\/wp-json\/wp\/v2\/tags?post=26476"}],"curies":[{"name":"wp","href":"https:\/\/api.w.org\/{rel}","templated":true}]}}