{"id":26578,"date":"2013-02-05T16:13:55","date_gmt":"2013-02-05T15:13:55","guid":{"rendered":"http:\/\/www.manquepierda.com\/historiarealbetis\/?p=26578"},"modified":"2024-08-25T18:39:01","modified_gmt":"2024-08-25T16:39:01","slug":"1956-febrero-05-2ad2ogrupo-real-betis-balompie-4-vs-cd-castellon-2","status":"publish","type":"post","link":"https:\/\/www.manquepierda.com\/historiarealbetis\/1956-febrero-05-2ad2ogrupo-real-betis-balompie-4-vs-cd-castellon-2\/","title":{"rendered":"1956-Febrero 05-2\u00aaD2\u00baGrupo: Real Betis Balompi\u00e9-4 vs. CD Castell\u00f3n-2-"},"content":{"rendered":"<p><a href=\"https:\/\/i0.wp.com\/www.manquepierda.com\/historiarealbetis\/files\/2013\/02\/19560205RBBCDC.jpg?ssl=1\"><img data-recalc-dims=\"1\" loading=\"lazy\" decoding=\"async\" class=\"alignleft size-medium wp-image-26579\" alt=\"19560205RBBCDC\" src=\"https:\/\/i0.wp.com\/www.manquepierda.com\/historiarealbetis\/files\/2013\/02\/19560205RBBCDC.jpg?resize=277%2C300&#038;ssl=1\" width=\"277\" height=\"300\" srcset=\"https:\/\/i0.wp.com\/www.manquepierda.com\/historiarealbetis\/files\/2013\/02\/19560205RBBCDC.jpg?resize=277%2C300&amp;ssl=1 277w, https:\/\/i0.wp.com\/www.manquepierda.com\/historiarealbetis\/files\/2013\/02\/19560205RBBCDC.jpg?w=688&amp;ssl=1 688w\" sizes=\"auto, (max-width: 277px) 100vw, 277px\" \/><\/a>1956-Febrero 05-Domingo 16&#8217;15 Horas en la \u00abCiudad del Betis\u00bb: Estadio Municipal de HELI\u00d3POLIS.-\u00abMal terreno, casi desprovisto de hierba, duro a veces, blando en otras zonas\u00bb.<\/p>\n<p style=\"text-align: center\">19\u00aa JORNADA LIGA SEGUNDA DIVISI\u00d3N-GRUPO II-TEMPORADA 1955-1956.<\/p>\n<p style=\"text-align: center\">Arbitr\u00f3 el colegiado Castellano-Madrid, Campos Sant\u00edn.<\/p>\n<p style=\"text-align: left\">Discreto tirando a malo,\u00a0 sigui\u00f3 el juego de lejos y se escud\u00f3 en un juez de l\u00ednea que no di\u00f3 una en el clavo.<\/p>\n<p style=\"text-align: center\">Aline\u00f3 \u00e1:<\/p>\n<p style=\"text-align: center\"><a href=\"https:\/\/i0.wp.com\/www.manquepierda.com\/historiarealbetis\/files\/2013\/02\/1941-RBB1.jpg?ssl=1\"><img data-recalc-dims=\"1\" loading=\"lazy\" decoding=\"async\" class=\"aligncenter size-full wp-image-26580\" alt=\"1941-RBB\" src=\"https:\/\/i0.wp.com\/www.manquepierda.com\/historiarealbetis\/files\/2013\/02\/1941-RBB1.jpg?resize=154%2C154&#038;ssl=1\" width=\"154\" height=\"154\" srcset=\"https:\/\/i0.wp.com\/www.manquepierda.com\/historiarealbetis\/files\/2013\/02\/1941-RBB1.jpg?w=154&amp;ssl=1 154w, https:\/\/i0.wp.com\/www.manquepierda.com\/historiarealbetis\/files\/2013\/02\/1941-RBB1.jpg?resize=150%2C150&amp;ssl=1 150w, https:\/\/i0.wp.com\/www.manquepierda.com\/historiarealbetis\/files\/2013\/02\/1941-RBB1.jpg?resize=50%2C50&amp;ssl=1 50w\" sizes=\"auto, (max-width: 154px) 100vw, 154px\" \/><\/a>2\u00ba Clasificado.-REAL BETIS BALOMPI\u00c9 (Camisolines Verdiblancos; Calzonas Blancas)-4 GOLES.<\/p>\n<p style=\"text-align: center\">MARCARON:<\/p>\n<p style=\"text-align: center\">1-0,\u00a0 11 Minutos:\u00a0 BOTELLA.<\/p>\n<p style=\"text-align: center\"><a href=\"https:\/\/i0.wp.com\/www.manquepierda.com\/historiarealbetis\/files\/2013\/02\/19560205Delsol.jpg?ssl=1\"><img data-recalc-dims=\"1\" loading=\"lazy\" decoding=\"async\" class=\"aligncenter size-medium wp-image-26587\" alt=\"19560205Delsol\" src=\"https:\/\/i0.wp.com\/www.manquepierda.com\/historiarealbetis\/files\/2013\/02\/19560205Delsol.jpg?resize=300%2C198&#038;ssl=1\" width=\"300\" height=\"198\" srcset=\"https:\/\/i0.wp.com\/www.manquepierda.com\/historiarealbetis\/files\/2013\/02\/19560205Delsol.jpg?resize=300%2C198&amp;ssl=1 300w, https:\/\/i0.wp.com\/www.manquepierda.com\/historiarealbetis\/files\/2013\/02\/19560205Delsol.jpg?resize=1024%2C676&amp;ssl=1 1024w, https:\/\/i0.wp.com\/www.manquepierda.com\/historiarealbetis\/files\/2013\/02\/19560205Delsol.jpg?w=1316&amp;ssl=1 1316w\" sizes=\"auto, (max-width: 300px) 100vw, 300px\" \/><\/a>2-2,\u00a0 67 Minutos:\u00a0 DEL SOL.-\u00abEl segundo gol b\u00e9tico logrado espectacularmente por DEL SOL\u00bb (ABC-Foto Serrano).<\/p>\n<p style=\"text-align: center\"><a href=\"https:\/\/i0.wp.com\/www.manquepierda.com\/historiarealbetis\/files\/2013\/02\/EduardoSOBRADOV%C3%A1zquez.jpg?ssl=1\"><img data-recalc-dims=\"1\" loading=\"lazy\" decoding=\"async\" class=\"aligncenter size-medium wp-image-26591\" alt=\"EduardoSOBRADOV\u00e1zquez\" src=\"https:\/\/i0.wp.com\/www.manquepierda.com\/historiarealbetis\/files\/2013\/02\/EduardoSOBRADOV%C3%A1zquez.jpg?resize=190%2C300&#038;ssl=1\" width=\"190\" height=\"300\" srcset=\"https:\/\/i0.wp.com\/www.manquepierda.com\/historiarealbetis\/files\/2013\/02\/EduardoSOBRADOV%C3%A1zquez.jpg?resize=190%2C300&amp;ssl=1 190w, https:\/\/i0.wp.com\/www.manquepierda.com\/historiarealbetis\/files\/2013\/02\/EduardoSOBRADOV%C3%A1zquez.jpg?resize=651%2C1024&amp;ssl=1 651w, https:\/\/i0.wp.com\/www.manquepierda.com\/historiarealbetis\/files\/2013\/02\/EduardoSOBRADOV%C3%A1zquez.jpg?resize=1024%2C1610&amp;ssl=1 1024w\" sizes=\"auto, (max-width: 190px) 100vw, 190px\" \/><\/a>3-2,\u00a0 79 Minutos-de penalti:\u00a0 SOBRADO.-(CPFS83S. S\u00e1nchez del Pando).<\/p>\n<p style=\"text-align: center\">4-2,\u00a0 88 Minutos:\u00a0 SOBRADO.<\/p>\n<p style=\"text-align: left\">Guardameta.-GONZALEZ (29).<\/p>\n<p style=\"text-align: left\">Zagueros.-PORTU (25)-VILARI\u00d1O (25)-CIFUENTES (27).<\/p>\n<p style=\"text-align: left\">Medios.-PE\u00d1AFUERTE (23)-GENARO (28).<\/p>\n<p style=\"text-align: left\">Delanteros.-ARMAND\u00cdN (26)-GUERRERO (26)-BOTELLA (23)-SOBRADO (29)-DEL SOL (20).<\/p>\n<p style=\"text-align: left\"><a href=\"https:\/\/i0.wp.com\/www.manquepierda.com\/historiarealbetis\/files\/2013\/02\/Pepe-Valera.jpg?ssl=1\"><img data-recalc-dims=\"1\" loading=\"lazy\" decoding=\"async\" class=\"alignleft size-medium wp-image-26583\" alt=\"Pepe Valera\" src=\"https:\/\/i0.wp.com\/www.manquepierda.com\/historiarealbetis\/files\/2013\/02\/Pepe-Valera.jpg?resize=300%2C257&#038;ssl=1\" width=\"300\" height=\"257\" srcset=\"https:\/\/i0.wp.com\/www.manquepierda.com\/historiarealbetis\/files\/2013\/02\/Pepe-Valera.jpg?resize=300%2C257&amp;ssl=1 300w, https:\/\/i0.wp.com\/www.manquepierda.com\/historiarealbetis\/files\/2013\/02\/Pepe-Valera.jpg?w=672&amp;ssl=1 672w\" sizes=\"auto, (max-width: 300px) 100vw, 300px\" \/><\/a>Entrenador-Temporada 1955-1956<\/p>\n<p style=\"text-align: center\"><strong>JOS\u00c9 VALERA NOCERA (39 a\u00f1os).<\/strong><\/p>\n<p style=\"text-align: center\"><strong>39\u00ba PRESIDENTE REAL BETIS BALOMPI\u00c9 1955-1956.<\/strong><\/p>\n<p style=\"text-align: center\"><a href=\"https:\/\/i0.wp.com\/www.manquepierda.com\/historiarealbetis\/files\/2013\/02\/Benito-Villamar%C3%ADn-Prieto.jpg?ssl=1\"><img data-recalc-dims=\"1\" loading=\"lazy\" decoding=\"async\" class=\"alignright size-medium wp-image-26584\" alt=\"Benito Villamar\u00edn Prieto\" src=\"https:\/\/i0.wp.com\/www.manquepierda.com\/historiarealbetis\/files\/2013\/02\/Benito-Villamar%C3%ADn-Prieto.jpg?resize=252%2C300&#038;ssl=1\" width=\"252\" height=\"300\" srcset=\"https:\/\/i0.wp.com\/www.manquepierda.com\/historiarealbetis\/files\/2013\/02\/Benito-Villamar%C3%ADn-Prieto.jpg?resize=252%2C300&amp;ssl=1 252w, https:\/\/i0.wp.com\/www.manquepierda.com\/historiarealbetis\/files\/2013\/02\/Benito-Villamar%C3%ADn-Prieto.jpg?w=672&amp;ssl=1 672w\" sizes=\"auto, (max-width: 252px) 100vw, 252px\" \/><\/a><\/p>\n<p style=\"text-align: left\"><a href=\"https:\/\/i0.wp.com\/www.manquepierda.com\/historiarealbetis\/files\/2013\/02\/BenitoVillamarinPrietoIndustrias1.jpg?ssl=1\"><img data-recalc-dims=\"1\" loading=\"lazy\" decoding=\"async\" class=\"alignleft size-medium wp-image-26600\" alt=\"BenitoVillamarinPrietoIndustrias\" src=\"https:\/\/i0.wp.com\/www.manquepierda.com\/historiarealbetis\/files\/2013\/02\/BenitoVillamarinPrietoIndustrias1.jpg?resize=300%2C221&#038;ssl=1\" width=\"300\" height=\"221\" srcset=\"https:\/\/i0.wp.com\/www.manquepierda.com\/historiarealbetis\/files\/2013\/02\/BenitoVillamarinPrietoIndustrias1.jpg?resize=300%2C221&amp;ssl=1 300w, https:\/\/i0.wp.com\/www.manquepierda.com\/historiarealbetis\/files\/2013\/02\/BenitoVillamarinPrietoIndustrias1.jpg?resize=1024%2C757&amp;ssl=1 1024w\" sizes=\"auto, (max-width: 300px) 100vw, 300px\" \/><\/a><\/p>\n<p style=\"text-align: left\"><strong>Don BENITO VILLAMAR\u00cdN PRIETO (37 a\u00f1os.-Industrial).<\/strong><\/p>\n<p style=\"text-align: center\">OBITUARIOS REAL BETIS BALOMPI\u00c9:<\/p>\n<p style=\"text-align: left\">ARMAND\u00cdN (Armando Bezold Gonz\u00e1lez).-BILBAO, Viernes 19-Julio-1929.-\u00cdDEM, Jueves 30-Julio-2009.-D. E. P.<\/p>\n<p style=\"text-align: left\">BOTELLA (Jos\u00e9 Garc\u00eda Garc\u00eda).-GRANADA, Martes 04-Octubre-1932.<\/p>\n<p style=\"text-align: left\">CIFUENTES Zarracina, LU\u00cdS.-GIJ\u00d3N (Asturias), Lunes 08-Octubre-1928.<\/p>\n<p style=\"text-align: left\">DEL SOL Cascajares, LU\u00cdS.-ARCOS DEL JAL\u00d3N (Soria), S\u00e1bado 06-Abril-1935.<\/p>\n<p style=\"text-align: left\">GENARO Rodr\u00edguez De los Santos.-SEVILLA, Mi\u00e9rcoles 18-Enero-1928.<\/p>\n<p style=\"text-align: left\">GONZ\u00c1LEZ L\u00e1zaro, PEDRO.-MADRID, Domingo 09-Mayo-1926.<\/p>\n<p style=\"text-align: left\">GUERRERO Fern\u00e1ndez, TOM\u00c1S.-SEVILLA, Viernes 26-Julio-1929.<\/p>\n<p style=\"text-align: left\">PE\u00d1AFUERTE Ruiz, JOS\u00c9.-SEVILLA, Lunes 20-Junio-1932.-\u00cdDEM, Viernes 05-Abril-1996.-D. E. P.<\/p>\n<p style=\"text-align: left\">PORTU (Jos\u00e9 Besteiro Fari\u00f1as).-LA ESTRADA (Pontevedra), Domingo 23-Marzo-1930.-ALCAL\u00c1 DE GUADAIRA (Sevilla), Jueves 29-Noviembre-2007.-D. E. P.<\/p>\n<p style=\"text-align: left\">SOBRADO V\u00e1zquez, EDUARDO.-MADRID, Martes 20-Abril-1926.-SEVILLA, Viernes 01-Junio-2001.-D. E. P.<\/p>\n<p style=\"text-align: left\"><strong>VALERA NOCERA, JOS\u00c9-Entrenador 1955-1956.-SEVILLA, Viernes 26-Mayo-1916.-JEREZ DE LA FRONTERA (C\u00e1diz), Martes 16-Mayo-2006.-D. E. P.<\/strong><\/p>\n<p style=\"text-align: left\">G\u00f3mez VILARI\u00d1O, JULIO.-EL FERROL (A Coru\u00f1a), Mi\u00e9rcoles 22-Octubre-1930.-SEVILLA, Lunes 10-Noviembre-2003.-D. E. P.<\/p>\n<p style=\"text-align: left\"><strong>VILLAMAR\u00cdN PRIETO, BENITO-39\u00baPresidente.-PUGA-Toen (Orense), Mi\u00e9rcoles 21-Agosto-1918.-SEVILLA, Lunes 15-Agosto-1966.-D. E. P.<\/strong><\/p>\n<p style=\"text-align: center\">Vs.<\/p>\n<p style=\"text-align: center\">10\u00ba Clasificado.-CLUB DEPORTIVO CASTELL\u00d3N (Camiseta azul claro; Calz\u00f3n m\u00e1s oscuro)-2 Tantos.<\/p>\n<p style=\"text-align: left\">Higinio-Portero.-Aznar-Got\u00e9rris-Llano (Defensas).-Ortiz-Arriola (Medios).-Mezquita-Vilalta (1-1, 46 minutos; 1-2, 56 minutos)-Chirri-Bartual-Arias (Delanteros).<\/p>\n<p style=\"text-align: center\">RESULTADOS DE LA D\u00c9CIMO NOVENA JORNADA LIGA SEGUNDA DIVISI\u00d3N-GRUPO II-TEMPORADA 1955-1956.-CLASIFICACI\u00d3N GENERAL POR EQUIPOS.<\/p>\n<p style=\"text-align: center\">Secci\u00f3n Deportiva Espa\u00f1a Industrial (Barcelona)-1 vs. Uni\u00f3n Deportiva Espa\u00f1a (T\u00e1nger)-3.<\/p>\n<p style=\"text-align: center\"><a href=\"https:\/\/i0.wp.com\/www.manquepierda.com\/historiarealbetis\/files\/2013\/02\/19560205Vi%C3%B1eta.jpg?ssl=1\"><img data-recalc-dims=\"1\" loading=\"lazy\" decoding=\"async\" class=\"aligncenter size-medium wp-image-26596\" alt=\"19560205Vi\u00f1eta\" src=\"https:\/\/i0.wp.com\/www.manquepierda.com\/historiarealbetis\/files\/2013\/02\/19560205Vi%C3%B1eta.jpg?resize=179%2C300&#038;ssl=1\" width=\"179\" height=\"300\" srcset=\"https:\/\/i0.wp.com\/www.manquepierda.com\/historiarealbetis\/files\/2013\/02\/19560205Vi%C3%B1eta.jpg?resize=179%2C300&amp;ssl=1 179w, https:\/\/i0.wp.com\/www.manquepierda.com\/historiarealbetis\/files\/2013\/02\/19560205Vi%C3%B1eta.jpg?resize=611%2C1024&amp;ssl=1 611w, https:\/\/i0.wp.com\/www.manquepierda.com\/historiarealbetis\/files\/2013\/02\/19560205Vi%C3%B1eta.jpg?w=662&amp;ssl=1 662w\" sizes=\"auto, (max-width: 179px) 100vw, 179px\" \/><\/a><strong>Real Betis Balompi\u00e9-4 vs. Club Deportivo Castell\u00f3n-2.<\/strong><\/p>\n<p style=\"text-align: center\">Agrupaci\u00f3n Deportiva Plus Ultra (Madrid)-1 vs. Granada cf-3.<\/p>\n<p style=\"text-align: center\">Club Deportivo Tenerife-2 vs. Club Deportivo M\u00e1laga-2.<\/p>\n<p style=\"text-align: center\">Club Deportivo Mestalla-3 vs. Real Ja\u00e9n cf-1.<\/p>\n<p style=\"text-align: center\">Club Atl\u00e9tico Tetu\u00e1n-2 vs. Club Deportivo San Fernando-0.<\/p>\n<p style=\"text-align: center\">Club Deportivo Badajoz-1 vs. Xerez Club Deportivo-0.<\/p>\n<p style=\"text-align: center\">C\u00e1diz Club de F\u00fatbol-1 vs. Club de F\u00fatbol Extremadura-0.<\/p>\n<p style=\"text-align: center\"><a href=\"https:\/\/i0.wp.com\/www.manquepierda.com\/historiarealbetis\/files\/2013\/02\/19560205D22G.jpg?ssl=1\"><img data-recalc-dims=\"1\" loading=\"lazy\" decoding=\"async\" class=\"aligncenter size-full wp-image-26597\" alt=\"19560205D22G\" src=\"https:\/\/i0.wp.com\/www.manquepierda.com\/historiarealbetis\/files\/2013\/02\/19560205D22G.jpg?resize=683%2C620&#038;ssl=1\" width=\"683\" height=\"620\" srcset=\"https:\/\/i0.wp.com\/www.manquepierda.com\/historiarealbetis\/files\/2013\/02\/19560205D22G.jpg?w=683&amp;ssl=1 683w, https:\/\/i0.wp.com\/www.manquepierda.com\/historiarealbetis\/files\/2013\/02\/19560205D22G.jpg?resize=300%2C272&amp;ssl=1 300w\" sizes=\"auto, (max-width: 683px) 100vw, 683px\" \/><\/a><\/p>\n<p style=\"text-align: left\">Fuentes:<\/p>\n<p style=\"text-align: left\">Colecci\u00f3n Personal.<\/p>\n<p style=\"text-align: left\">Extracto-Recortes de Prensa:<\/p>\n<p style=\"text-align: left\">\u00abABC\u00bb.-\u00abPE\u00d1AFUERTE sustituir\u00e1 a LORA en el partido BETIS-Castell\u00f3n de ma\u00f1ana\u00bb.-\u00abEsta tarde quedar\u00e1 concentrado el equipo b\u00e9tico que jugar\u00e1 con el Castell\u00f3n\u00bb.-\u00abEl BETIS juega esta tarde un interesante encuentro con el Castell\u00f3n\u00bb.-\u00abLos levantinos batieron \u00aba domicilio\u00bb al Espa\u00f1a Industrial\u00bb.-\u00abEl Don Benito actuar\u00e1 el jueves en Heli\u00f3polis\u00bb.<\/p>\n<p style=\"text-align: left\">\u00ab\u00c1FRICA\u00bb.-\u00abHELI\u00d3POLIS 4-2.-Inquiet\u00f3 el Castell\u00f3n,\u00a0 pero al final venci\u00f3 el Betis Balompi\u00e9\u00bb.<\/p>\n<p style=\"text-align: left\">\u00abEL CORREO DE ANDALUC\u00cdA\u00bb.-\u00abVALERA decidir\u00e1 hoy el sustituto del lesionado LORA y el equipo se concentrar\u00e1 en OROMANA\u00bb.-\u00abEl Real Betis, sin m\u00e1s novedad que ARMAD\u00cdN y PE\u00d1AFUERTE, concentrados en Oromana\u00bb.-\u00abParadells y VALERA han decidido en firme las alineaciones del Castell\u00f3n y REAL BETIS\u00bb.-\u00abEl juvenil internacional Arriola forma en la l\u00ednea de volantes levantina\u00bb.-\u00abChirri ocupar\u00e1 el centro del ataque visitante\u00bb.-\u00abEl REAL BETIS resolvi\u00f3n en diez minutos (4-2) un partido que ten\u00eda perdido en el segundo tiempo\u00bb.-\u00abSOBRADO, CIFUENTES y Arriola, brillaron c\u00f3mo individualidades en los dos equipos\u00bb.-\u00abInfluencia de un juez de l\u00ednea en el arbitraje\u00bb.<\/p>\n<p style=\"text-align: left\">\u00abESPA\u00d1A\u00bb.-\u00ab\u00bfQu\u00e9 pasa en casa?.-\u00abEl BETIS gan\u00f3 al Castell\u00f3n\u00bb.<\/p>\n<p style=\"text-align: left\">\u00abHOJA DEL LUNES\u00bb.-\u00abEl REAL BETIS, que el jueves juega con el Don Benito, consigui\u00f3 imponerse al Castell\u00f3n en un partido mal jugado\u00bb.-\u00abReal Betis-4 Club Deportivo Castell\u00f3n-2\u00bb.<\/p>\n<p style=\"text-align: left\">\u00abMARCA\u00bb.-\u00ab4-2 Mal encuentro en Sevilla, con victoria del BETIS\u00bb.<\/p>\n<p style=\"text-align: left\">\u00abSEVILLA\u00bb.-\u00abMa\u00f1ana BETIS-Castell\u00f3n.-PE\u00d1AFUERTE y ARMAND\u00cdN, novedades en el equipo b\u00e9tico.-El segundo debutar\u00e1 oficialmente en Heli\u00f3polis.-Los verdiblancos, frente a un enemigo que viene en forma, deben evitar la lucha contra reloj\u00bb.-\u00abBETIS-4; Castell\u00f3n-2.-Se vieron en un apuro los b\u00e9ticos.-\u00abEl Castell\u00f3n ganaba en el segundo tiempo por 2-1\u00bb.-\u00abPero el coraje y el buen juego de SOBRADO permitieros resolver el partido en la \u00faltima media hora\u00bb.-\u00abLos verdiblancos no realizaron buen encuentro\u00bb.<\/p>\n<p>&nbsp;<\/p>\n","protected":false},"excerpt":{"rendered":"<p>1956-Febrero 05-Domingo 16&#8217;15 Horas en la \u00abCiudad del Betis\u00bb: Estadio Municipal de HELI\u00d3POLIS.-\u00abMal terreno, casi desprovisto de hierba, duro a veces, blando en otras zonas\u00bb. 19\u00aa JORNADA LIGA SEGUNDA DIVISI\u00d3N-GRUPO II-TEMPORADA 1955-1956. Arbitr\u00f3 el colegiado Castellano-Madrid, Campos Sant\u00edn. Discreto tirando a malo,\u00a0 sigui\u00f3 el juego de lejos y se escud\u00f3 en un juez de l\u00ednea&#8230;<\/p>\n","protected":false},"author":48,"featured_media":26579,"comment_status":"open","ping_status":"open","sticky":false,"template":"","format":"standard","meta":{"_kad_post_transparent":"","_kad_post_title":"","_kad_post_layout":"","_kad_post_sidebar_id":"","_kad_post_content_style":"","_kad_post_vertical_padding":"","_kad_post_feature":"","_kad_post_feature_position":"","_kad_post_header":false,"_kad_post_footer":false,"_kad_post_classname":"","_jetpack_memberships_contains_paid_content":false,"footnotes":"","jetpack_publicize_message":"","jetpack_publicize_feature_enabled":true,"jetpack_social_post_already_shared":true,"jetpack_social_options":{"image_generator_settings":{"template":"highway","default_image_id":0,"font":"","enabled":false},"version":2}},"categories":[901,1],"tags":[4126,1239,1172,17881],"class_list":["post-26578","post","type-post","status-publish","format-standard","has-post-thumbnail","hentry","category-1950-1959","category-portada","tag-1955-56","tag-1239","tag-cd-castellon","tag-liga-segunda-1955-56"],"jetpack_publicize_connections":[],"jetpack_featured_media_url":"https:\/\/i0.wp.com\/www.manquepierda.com\/historiarealbetis\/files\/2013\/02\/19560205RBBCDC.jpg?fit=688%2C745&ssl=1","jetpack_sharing_enabled":true,"jetpack_shortlink":"https:\/\/wp.me\/p1ij08-6UG","jetpack-related-posts":[],"_links":{"self":[{"href":"https:\/\/www.manquepierda.com\/historiarealbetis\/wp-json\/wp\/v2\/posts\/26578","targetHints":{"allow":["GET"]}}],"collection":[{"href":"https:\/\/www.manquepierda.com\/historiarealbetis\/wp-json\/wp\/v2\/posts"}],"about":[{"href":"https:\/\/www.manquepierda.com\/historiarealbetis\/wp-json\/wp\/v2\/types\/post"}],"author":[{"embeddable":true,"href":"https:\/\/www.manquepierda.com\/historiarealbetis\/wp-json\/wp\/v2\/users\/48"}],"replies":[{"embeddable":true,"href":"https:\/\/www.manquepierda.com\/historiarealbetis\/wp-json\/wp\/v2\/comments?post=26578"}],"version-history":[{"count":1,"href":"https:\/\/www.manquepierda.com\/historiarealbetis\/wp-json\/wp\/v2\/posts\/26578\/revisions"}],"predecessor-version":[{"id":97820,"href":"https:\/\/www.manquepierda.com\/historiarealbetis\/wp-json\/wp\/v2\/posts\/26578\/revisions\/97820"}],"wp:featuredmedia":[{"embeddable":true,"href":"https:\/\/www.manquepierda.com\/historiarealbetis\/wp-json\/wp\/v2\/media\/26579"}],"wp:attachment":[{"href":"https:\/\/www.manquepierda.com\/historiarealbetis\/wp-json\/wp\/v2\/media?parent=26578"}],"wp:term":[{"taxonomy":"category","embeddable":true,"href":"https:\/\/www.manquepierda.com\/historiarealbetis\/wp-json\/wp\/v2\/categories?post=26578"},{"taxonomy":"post_tag","embeddable":true,"href":"https:\/\/www.manquepierda.com\/historiarealbetis\/wp-json\/wp\/v2\/tags?post=26578"}],"curies":[{"name":"wp","href":"https:\/\/api.w.org\/{rel}","templated":true}]}}