{"id":26586,"date":"2013-02-11T07:14:40","date_gmt":"2013-02-11T06:14:40","guid":{"rendered":"http:\/\/www.manquepierda.com\/historiarealbetis\/?p=26586"},"modified":"2024-10-05T11:55:22","modified_gmt":"2024-10-05T09:55:22","slug":"nos-visita-el-real-valladolid","status":"publish","type":"post","link":"https:\/\/www.manquepierda.com\/historiarealbetis\/nos-visita-el-real-valladolid\/","title":{"rendered":"Nos visita el Real Valladolid"},"content":{"rendered":"<p>&nbsp;<\/p>\n<figure id=\"attachment_26607\" aria-describedby=\"caption-attachment-26607\" style=\"width: 586px\" class=\"wp-caption aligncenter\"><a href=\"https:\/\/i0.wp.com\/www.manquepierda.com\/historiarealbetis\/files\/2013\/02\/Valladollid-1949-50.jpg?ssl=1\"><img data-recalc-dims=\"1\" loading=\"lazy\" decoding=\"async\" class=\" wp-image-26607 \" src=\"https:\/\/i0.wp.com\/www.manquepierda.com\/historiarealbetis\/files\/2013\/02\/Valladollid-1949-50.jpg?resize=586%2C377&#038;ssl=1\" alt=\"El Valladolid que alcanz\u00f3 la final de Copa en 1950\" width=\"586\" height=\"377\" srcset=\"https:\/\/i0.wp.com\/www.manquepierda.com\/historiarealbetis\/files\/2013\/02\/Valladollid-1949-50.jpg?w=976&amp;ssl=1 976w, https:\/\/i0.wp.com\/www.manquepierda.com\/historiarealbetis\/files\/2013\/02\/Valladollid-1949-50.jpg?resize=300%2C193&amp;ssl=1 300w\" sizes=\"auto, (max-width: 586px) 100vw, 586px\" \/><\/a><figcaption id=\"caption-attachment-26607\" class=\"wp-caption-text\">El Valladolid que alcanz\u00f3 la final de Copa en 1950<\/figcaption><\/figure>\n<p>&nbsp;<\/p>\n<p>Hoy lunes a las 21.30 nos visita el Real Valladolid en el Benito Villamar\u00edn. Es un club\u00a0 fundado en 1928 y que ha militado 41 temporadas en Primera Divisi\u00f3n, 31 en Segunda y 9 en Tercera. Ha sido 2 veces subcampe\u00f3n de Copa y 1 vez campe\u00f3n de la Copa de la Liga.<\/p>\n<p>La primera visita del Valladolid a terreno b\u00e9tico tuvo lugar el 23 de octubre de 1932, con motivo del Campeonato Mancomunado que se disputaba entre equipos de Castilla y Andaluc\u00eda. En el Patronato el Betis Balompi\u00e9 se impuso por 5 a 2 con 3 goles de Capilla y 2 de Adolfo.<\/p>\n<p>Han sido 39 los partidos oficiales en que el Valladolid \u00a0ha visitado al Betis en diversos campos (Patronato en 2 ocasiones, Heli\u00f3polis en 3, Benito Villamar\u00edn en 28 y Ruiz de Lopera en 6) repartidas as\u00ed: 26 partidos en Primera ( 13 victorias locales, 10 empates y 3 victorias b\u00e9ticas), 7 partidos en Segunda ( 5 victorias vallisoletanas y 2 empates), 3 partidos de Copa ( 2 victorias b\u00e9ticas y 1 empate), 1 partido de Copa de la Liga ( victoria verdiblanca), y \u00a02 partidos del Campeonato Mancomunado ( 2 victoria locales).<\/p>\n<p>&nbsp;<\/p>\n<p>Entre los jugadores comunes a los dos equipos podemos mencionar a Antonio Mart\u00ednez \u201cAnt\u00f3n\u201d, Benito Alvarez, Sabino Barinaga, Benjam\u00edn Zarandona, Jos\u00e9 Boh\u00f3rquez, Ram\u00f3n Mar\u00eda Calder\u00e9, Manuel Campos, Julio Carde\u00f1osa, Rafael Cort\u00f3n, Rafael Escalera, Jos\u00e9 Luis Espinosa, Fabricio Agosto, Fernando Fern\u00e1ndez, Fernando S\u00e1nchez, Luis Miguel Gail, Manolo Hierro, Andr\u00e9s Alonso \u201cIto\u201d, \u00a0Jes\u00fas Ruiz \u201cJesus\u00edn\u201d,\u00a0 Juan Guti\u00e9rrez \u201cJuanito\u201d,\u00a0 Jes\u00fas Mar\u00eda Landa, Mario Alvarez, Luis M\u00e1rquez, Jos\u00e9 Mar\u00eda Mellado, Andr\u00e9s Molina, Victoriano Rivas \u201cNano\u201d, Francisco Faleato \u201cPaquito\u201d, \u00a0Ricardo G\u00f3mez \u201cRichard\u201d, Hip\u00f3lito Rinc\u00f3n, Miguel Rodr\u00edguez, Rub\u00e9n Bilbao, Manuel S\u00e1nchez, Javier S\u00e1nchez Vall\u00e9s, Jorge L\u00f3pez \u201cTote\u201d, Fernando Varela y Patricio Y\u00e1\u00f1ez.<\/p>\n<p>Entre los entrenadores Antonio Barrios, Eusebio R\u00edos, Jos\u00e9 Luis Garc\u00eda Traid, Vicente Cantatore, Felipe Mesones, Fernando V\u00e1zquez y Javier Clemente.<\/p>\n<p>&nbsp;<\/p>\n<p>&nbsp;<\/p>\n","protected":false},"excerpt":{"rendered":"<p>&nbsp; &nbsp; Hoy lunes a las 21.30 nos visita el Real Valladolid en el Benito Villamar\u00edn. Es un club\u00a0 fundado en 1928 y que ha militado 41 temporadas en Primera Divisi\u00f3n, 31 en Segunda y 9 en Tercera. Ha sido 2 veces subcampe\u00f3n de Copa y 1 vez campe\u00f3n de la Copa de la Liga&#8230;.<\/p>\n","protected":false},"author":5,"featured_media":26607,"comment_status":"open","ping_status":"open","sticky":false,"template":"","format":"standard","meta":{"_kad_post_transparent":"","_kad_post_title":"","_kad_post_layout":"","_kad_post_sidebar_id":"","_kad_post_content_style":"","_kad_post_vertical_padding":"","_kad_post_feature":"","_kad_post_feature_position":"","_kad_post_header":false,"_kad_post_footer":false,"_kad_post_classname":"","_jetpack_memberships_contains_paid_content":false,"footnotes":"","jetpack_publicize_message":"","jetpack_publicize_feature_enabled":true,"jetpack_social_post_already_shared":true,"jetpack_social_options":{"image_generator_settings":{"template":"highway","default_image_id":0,"font":"","enabled":false},"version":2}},"categories":[895,1],"tags":[1011,1370,1249,1617,1360,1121,1212,5797,1152,1364,1365,374,1088,2901,1428,1377,1374,1368,1499,1375,1361,1363,1098,1353,1367,1155,1369,1366,1303,1478,6410,3574,3027,1051,3016,1362,1442,1359,1372,1373,1110,1376,1371],"class_list":["post-26586","post","type-post","status-publish","format-standard","has-post-thumbnail","hentry","category-los-rivales","category-portada","tag-andres-alonso-ito","tag-andres-molina","tag-antonio-barrios","tag-antonio-martinez-anton","tag-benito-alvarez","tag-benjamin-zarandona","tag-eusebio-rios","tag-fabricio-agosto","tag-felipe-mesones","tag-fernando-fernandez","tag-fernando-sanchez","tag-fernando-varela","tag-fernando-vazquez","tag-francisco-faleato-paquito","tag-hipolito-rincon","tag-javier-clemente","tag-javier-sanchez-valles","tag-jesus-maria-landa","tag-jesus-ruiz-jesusin","tag-jorge-lopez-tote","tag-jose-bohorquez","tag-jose-luis-espinosa","tag-jose-luis-garcia-traid","tag-jose-maria-mellado","tag-juan-gutierrez-juanito","tag-julio-cardenosa","tag-luis-marquez","tag-luis-miguel-gail","tag-manuel-campos","tag-manuel-hierro","tag-manuel-sanchez","tag-mario-alvarez","tag-miguel-rodriguez","tag-patricio-yanez","tag-rafael-corton","tag-rafael-escalera","tag-ramon-maria-caldere","tag-real-valladolid","tag-ricardo-gomez-richard","tag-ruben-bilbao","tag-sabino-barinaga","tag-vicente-cantatore","tag-victoriano-rivas-nano"],"jetpack_publicize_connections":[],"jetpack_featured_media_url":"https:\/\/i0.wp.com\/www.manquepierda.com\/historiarealbetis\/files\/2013\/02\/Valladollid-1949-50.jpg?fit=976%2C628&ssl=1","jetpack_sharing_enabled":true,"jetpack_shortlink":"https:\/\/wp.me\/p1ij08-6UO","jetpack-related-posts":[],"_links":{"self":[{"href":"https:\/\/www.manquepierda.com\/historiarealbetis\/wp-json\/wp\/v2\/posts\/26586","targetHints":{"allow":["GET"]}}],"collection":[{"href":"https:\/\/www.manquepierda.com\/historiarealbetis\/wp-json\/wp\/v2\/posts"}],"about":[{"href":"https:\/\/www.manquepierda.com\/historiarealbetis\/wp-json\/wp\/v2\/types\/post"}],"author":[{"embeddable":true,"href":"https:\/\/www.manquepierda.com\/historiarealbetis\/wp-json\/wp\/v2\/users\/5"}],"replies":[{"embeddable":true,"href":"https:\/\/www.manquepierda.com\/historiarealbetis\/wp-json\/wp\/v2\/comments?post=26586"}],"version-history":[{"count":1,"href":"https:\/\/www.manquepierda.com\/historiarealbetis\/wp-json\/wp\/v2\/posts\/26586\/revisions"}],"predecessor-version":[{"id":98379,"href":"https:\/\/www.manquepierda.com\/historiarealbetis\/wp-json\/wp\/v2\/posts\/26586\/revisions\/98379"}],"wp:featuredmedia":[{"embeddable":true,"href":"https:\/\/www.manquepierda.com\/historiarealbetis\/wp-json\/wp\/v2\/media\/26607"}],"wp:attachment":[{"href":"https:\/\/www.manquepierda.com\/historiarealbetis\/wp-json\/wp\/v2\/media?parent=26586"}],"wp:term":[{"taxonomy":"category","embeddable":true,"href":"https:\/\/www.manquepierda.com\/historiarealbetis\/wp-json\/wp\/v2\/categories?post=26586"},{"taxonomy":"post_tag","embeddable":true,"href":"https:\/\/www.manquepierda.com\/historiarealbetis\/wp-json\/wp\/v2\/tags?post=26586"}],"curies":[{"name":"wp","href":"https:\/\/api.w.org\/{rel}","templated":true}]}}