{"id":26680,"date":"2013-02-08T18:27:04","date_gmt":"2013-02-08T17:27:04","guid":{"rendered":"http:\/\/www.manquepierda.com\/historiarealbetis\/?p=26680"},"modified":"2024-08-11T15:28:11","modified_gmt":"2024-08-11T13:28:11","slug":"1959-febrero-08-primera-division-real-betis-balompie-5-sporting-gijon-3","status":"publish","type":"post","link":"https:\/\/www.manquepierda.com\/historiarealbetis\/1959-febrero-08-primera-division-real-betis-balompie-5-sporting-gijon-3\/","title":{"rendered":"1959-Febrero 08-Primera.-Real Betis Balompi\u00e9-5 Sporting Gij\u00f3n-3.-57Aniversario."},"content":{"rendered":"<p style=\"text-align: justify\">XXVIII EDICI\u00d3N-CAMPEONATO NACIONAL LIGA PRIMERA DIVISI\u00d3N-TEMPORADA 1958-1959 (DESDE DOMINGO 14 DE SEPTIEMBRE DE 1958 HASTA DOMINGO 19 DE ABRIL DE 1959; AMBAS FECHAS INCLUSIVE).<\/p>\n<p style=\"text-align: justify\"><img data-recalc-dims=\"1\" loading=\"lazy\" decoding=\"async\" class=\"aligncenter size-full wp-image-47232\" src=\"https:\/\/i0.wp.com\/www.manquepierda.com\/historiarealbetis\/files\/2013\/02\/19590208Carteler%C3%ADa.jpg?resize=700%2C976&#038;ssl=1\" alt=\"19590208Carteler\u00eda\" width=\"700\" height=\"976\" srcset=\"https:\/\/i0.wp.com\/www.manquepierda.com\/historiarealbetis\/files\/2013\/02\/19590208Carteler%C3%ADa.jpg?w=700&amp;ssl=1 700w, https:\/\/i0.wp.com\/www.manquepierda.com\/historiarealbetis\/files\/2013\/02\/19590208Carteler%C3%ADa.jpg?resize=158%2C220&amp;ssl=1 158w, https:\/\/i0.wp.com\/www.manquepierda.com\/historiarealbetis\/files\/2013\/02\/19590208Carteler%C3%ADa.jpg?resize=430%2C600&amp;ssl=1 430w, https:\/\/i0.wp.com\/www.manquepierda.com\/historiarealbetis\/files\/2013\/02\/19590208Carteler%C3%ADa.jpg?resize=502%2C700&amp;ssl=1 502w\" sizes=\"auto, (max-width: 700px) 100vw, 700px\" \/><\/p>\n<p style=\"text-align: justify\">1959-FEBRERO 08-DOMINGO EN LA \u00abCIUDAD DEL SOL\u00bb-ESTADIO MUNICIPAL \u00abHELI\u00d3POLIS\u00bb 16&#8217;30 HORAS.-21\u00aa JORNADA.-CLAVE MARCADOR SIMULT\u00c1NEO \u00abDARDO\u00bb: <em><strong>\u00abAN\u00cdS del MONO\u00bb.<\/strong><\/em><\/p>\n<p style=\"text-align: justify\">\u00abHubo aplausos para los asturianos y cerrada ovaci\u00f3n para los b\u00e9ticos cuando aparecieron sobre la pradera verdiblanca\u00bb.<\/p>\n<p style=\"text-align: justify\"><a href=\"https:\/\/i0.wp.com\/www.manquepierda.com\/historiarealbetis\/files\/2013\/02\/600212.jpg?ssl=1\"><img data-recalc-dims=\"1\" loading=\"lazy\" decoding=\"async\" class=\"aligncenter size-full wp-image-26682\" src=\"https:\/\/i0.wp.com\/www.manquepierda.com\/historiarealbetis\/files\/2013\/02\/600212.jpg?resize=47%2C74&#038;ssl=1\" alt=\"Jos\u00e9 Gonz\u00e1lez Echevarr\u00eda\" width=\"47\" height=\"74\" \/><\/a>Arbitr\u00f3 el colegiado de Guip\u00fazcoa,\u00a0 Jos\u00e9 Gonz\u00e1lez Echevarr\u00eda.-Ambas escuadras se alinearon de la manera siguiente:<\/p>\n<p style=\"text-align: justify\">CUARTO CLASIFICADO CON 25 PUNTOS Y +3 POSITIVOS (11-GANADOS+3-EMPATADOS+7-PERDIDOS) 45-GOLES A FAVOR Y 38-TANTOS EN CONTRA.<\/p>\n<p style=\"text-align: center\"><img data-recalc-dims=\"1\" loading=\"lazy\" decoding=\"async\" class=\"aligncenter size-thumbnail wp-image-47042\" src=\"https:\/\/i0.wp.com\/www.manquepierda.com\/historiarealbetis\/files\/2013\/02\/escudo-del-betis.gif?resize=220%2C189&#038;ssl=1\" alt=\"escudo del betis\" width=\"220\" height=\"189\" srcset=\"https:\/\/i0.wp.com\/www.manquepierda.com\/historiarealbetis\/files\/2013\/02\/escudo-del-betis.gif?resize=220%2C189&amp;ssl=1 220w, https:\/\/i0.wp.com\/www.manquepierda.com\/historiarealbetis\/files\/2013\/02\/escudo-del-betis.gif?resize=680%2C583&amp;ssl=1 680w\" sizes=\"auto, (max-width: 220px) 100vw, 220px\" \/><\/p>\n<p style=\"text-align: center\">REAL BETIS BALOMPI\u00c9-5 Goles.<\/p>\n<p style=\"text-align: center\">Guardametas:<\/p>\n<p style=\"text-align: center\"><img data-recalc-dims=\"1\" loading=\"lazy\" decoding=\"async\" class=\"aligncenter size-thumbnail wp-image-47234\" src=\"https:\/\/i0.wp.com\/www.manquepierda.com\/historiarealbetis\/files\/2013\/02\/Lu%C3%ADsMEN%C3%89NDEZs%C3%A1nchez.jpg?resize=108%2C220&#038;ssl=1\" alt=\"Lu\u00edsMEN\u00c9NDEZs\u00e1nchez\" width=\"108\" height=\"220\" srcset=\"https:\/\/i0.wp.com\/www.manquepierda.com\/historiarealbetis\/files\/2013\/02\/Lu%C3%ADsMEN%C3%89NDEZs%C3%A1nchez.jpg?resize=108%2C220&amp;ssl=1 108w, https:\/\/i0.wp.com\/www.manquepierda.com\/historiarealbetis\/files\/2013\/02\/Lu%C3%ADsMEN%C3%89NDEZs%C3%A1nchez.jpg?resize=295%2C600&amp;ssl=1 295w, https:\/\/i0.wp.com\/www.manquepierda.com\/historiarealbetis\/files\/2013\/02\/Lu%C3%ADsMEN%C3%89NDEZs%C3%A1nchez.jpg?resize=768%2C1561&amp;ssl=1 768w, https:\/\/i0.wp.com\/www.manquepierda.com\/historiarealbetis\/files\/2013\/02\/Lu%C3%ADsMEN%C3%89NDEZs%C3%A1nchez.jpg?resize=344%2C700&amp;ssl=1 344w, https:\/\/i0.wp.com\/www.manquepierda.com\/historiarealbetis\/files\/2013\/02\/Lu%C3%ADsMEN%C3%89NDEZs%C3%A1nchez.jpg?w=1539&amp;ssl=1 1539w\" sizes=\"auto, (max-width: 108px) 100vw, 108px\" \/><\/p>\n<p style=\"text-align: justify\">1-Guardameta-Titular.-Lu\u00eds MEN\u00c9NDEZ S\u00e1nchez (28 a\u00f1os+1 mes menos 1 d\u00eda)-Natural de Valladolid, viernes 09 de Enero de 1931.-<strong>2 tantos encajados*<\/strong><\/p>\n<p style=\"text-align: center\"><img data-recalc-dims=\"1\" loading=\"lazy\" decoding=\"async\" class=\"aligncenter size-thumbnail wp-image-47248\" src=\"https:\/\/i0.wp.com\/www.manquepierda.com\/historiarealbetis\/files\/2013\/02\/Juan-Ignacio-OTERO-Couceiro.jpg?resize=135%2C220&#038;ssl=1\" alt=\"Juan Ignacio OTERO Couceiro\" width=\"135\" height=\"220\" srcset=\"https:\/\/i0.wp.com\/www.manquepierda.com\/historiarealbetis\/files\/2013\/02\/Juan-Ignacio-OTERO-Couceiro.jpg?resize=135%2C220&amp;ssl=1 135w, https:\/\/i0.wp.com\/www.manquepierda.com\/historiarealbetis\/files\/2013\/02\/Juan-Ignacio-OTERO-Couceiro.jpg?resize=367%2C600&amp;ssl=1 367w, https:\/\/i0.wp.com\/www.manquepierda.com\/historiarealbetis\/files\/2013\/02\/Juan-Ignacio-OTERO-Couceiro.jpg?resize=768%2C1255&amp;ssl=1 768w, https:\/\/i0.wp.com\/www.manquepierda.com\/historiarealbetis\/files\/2013\/02\/Juan-Ignacio-OTERO-Couceiro.jpg?resize=428%2C700&amp;ssl=1 428w, https:\/\/i0.wp.com\/www.manquepierda.com\/historiarealbetis\/files\/2013\/02\/Juan-Ignacio-OTERO-Couceiro.jpg?w=1878&amp;ssl=1 1878w\" sizes=\"auto, (max-width: 135px) 100vw, 135px\" \/><\/p>\n<p style=\"text-align: justify\">13.-Portero-Suplente.-Juan Ignacio OTERO Couceiro (29 a\u00f1os+8 meses+7 d\u00edas)-Natural de A Coru\u00f1a, s\u00e1bado 1\u00ba de Junio de 1929.-<strong>Le sustituy\u00f3 \u00e1 los 85 minutos: 1 tanto encajado*<\/strong><\/p>\n<p style=\"text-align: center\">Zagueros:<\/p>\n<p style=\"text-align: justify\">2-Lateral Diestro.-Jos\u00e9 Besteiro Fari\u00f1as (a) \u00abPORTU\u00bb (28 a\u00f1os+11 meses menos 15 d\u00edas)-Natural de La Estrada (Pontevedra),domingo 23 de Marzo de 1930.-Obituario en Alcal\u00e1 de Guadaira (Sevilla), jueves 29 de Noviembre de 2007 (77 A\u00f1os+8 meses+6 d\u00edas) D. E. P.<\/p>\n<p style=\"text-align: justify\">5-Central.-Eusebio R\u00cdOS Fern\u00e1ndez (23 a\u00f1os+11 meses menos 22 d\u00edas.-Natural de Portugalete (Vizcaya), s\u00e1bado 30 de Marzo de 1935.-\u00cddem, s\u00e1bado 10 de Mayo de 2008 (73 A\u00f1os+2 meses menos 20 d\u00edas) D. E. P.<\/p>\n<p style=\"text-align: justify\">3-Lateral Zurdo.-Fernando SANTOS Serna (26 a\u00f1os+7 meses menos 12 d\u00edas)_Natural de Albatera (Alicante), s\u00e1bado 20 de Agosto de 1932.<\/p>\n<p style=\"text-align: center\">Medios:<\/p>\n<p style=\"text-align: justify\">4-Diestro.-ISIDRO S\u00e1nchez Garc\u00eda-Figueras (22 a\u00f1os+2 meses menos 9 d\u00edas)-Natural Jerez de la Frontera (C\u00e1diz), jueves 17 de Diciembre de 1936.-Obituario en Sevilla, lunes 02 de Septiembre de 2013 (76 A\u00f1os+9 meses menos 15 d\u00edas) D. E. P.<\/p>\n<p style=\"text-align: justify\">6-Zurdo.-Jos\u00e9 VALDERAS Rum\u00ed (23 a\u00f1os+5 meses menos 17 d\u00edas)-Natural de Gerena (Sevilla), mi\u00e9rcoles 25 de Septiembre de 1935.-\u00cddem, viernes 07 de Febrero de 2014 (78 A\u00f1os+5 meses menos 18 d\u00edas) D. E. P.<\/p>\n<p style=\"text-align: center\">Delanteros:<\/p>\n<p style=\"text-align: center\"><img data-recalc-dims=\"1\" loading=\"lazy\" decoding=\"async\" class=\"aligncenter size-thumbnail wp-image-47233\" src=\"https:\/\/i0.wp.com\/www.manquepierda.com\/historiarealbetis\/files\/2013\/02\/Heliodoro-CASTA%C3%91O-Pedrosa1.png?resize=188%2C220&#038;ssl=1\" alt=\"Heliodoro-CASTA\u00d1O-Pedrosa1\" width=\"188\" height=\"220\" srcset=\"https:\/\/i0.wp.com\/www.manquepierda.com\/historiarealbetis\/files\/2013\/02\/Heliodoro-CASTA%C3%91O-Pedrosa1.png?resize=188%2C220&amp;ssl=1 188w, https:\/\/i0.wp.com\/www.manquepierda.com\/historiarealbetis\/files\/2013\/02\/Heliodoro-CASTA%C3%91O-Pedrosa1.png?w=191&amp;ssl=1 191w\" sizes=\"auto, (max-width: 188px) 100vw, 188px\" \/><\/p>\n<p style=\"text-align: justify\">7-Extremo Diestro.-Heliodoro CASTA\u00d1O Pedrosa (25 a\u00f1os+10 meses+5 d\u00edas)-Natural de Alcazarquivir-Larache (Marruecos), mi\u00e9rcoles 05 de Abril de 1933.<\/p>\n<p style=\"text-align: center\">*<em><strong>Logr\u00f3 5-2 \u00e1 los 86 minutos*<\/strong><\/em><\/p>\n<p style=\"text-align: justify\">8-Interior Diestro.-Le\u00f3n LASA M\u00fajica (26 a\u00f1os menos 9 d\u00edas)-Natural de Beasa\u00edn (Guip\u00fazcoa), viernes 17 de Febrero de 1933.-Obituario en Sevilla, mi\u00e9rcoles 18 de Junio de 2003 (70 A\u00f1os+4 meses+1 d\u00eda) D. E. P.<\/p>\n<p style=\"text-align: center\"><img data-recalc-dims=\"1\" loading=\"lazy\" decoding=\"async\" class=\"aligncenter size-thumbnail wp-image-47235\" src=\"https:\/\/i0.wp.com\/www.manquepierda.com\/historiarealbetis\/files\/2013\/02\/Jorge-VILA-Soler.jpg?resize=124%2C220&#038;ssl=1\" alt=\"Jorge VILA Soler\" width=\"124\" height=\"220\" srcset=\"https:\/\/i0.wp.com\/www.manquepierda.com\/historiarealbetis\/files\/2013\/02\/Jorge-VILA-Soler.jpg?resize=124%2C220&amp;ssl=1 124w, https:\/\/i0.wp.com\/www.manquepierda.com\/historiarealbetis\/files\/2013\/02\/Jorge-VILA-Soler.jpg?resize=339%2C600&amp;ssl=1 339w, https:\/\/i0.wp.com\/www.manquepierda.com\/historiarealbetis\/files\/2013\/02\/Jorge-VILA-Soler.jpg?w=369&amp;ssl=1 369w\" sizes=\"auto, (max-width: 124px) 100vw, 124px\" \/><\/p>\n<p style=\"text-align: justify\">9-Centro Delantero-Ariete.-Jorge VILA Soler (29 a\u00f1os+9 meses menos 11 d\u00edas)-Natural de Santpedor (Barcelona), domingo 19 de Mayo de 1929.-Obituario en Mah\u00f3n (Menorca), jueves 20 de Enero de 2011 (81 A\u00f1os+8 meses+1 d\u00eda) D. E. P.<\/p>\n<p style=\"text-align: center\"><em><strong>*MARC\u00d3*<\/strong><\/em><\/p>\n<p style=\"text-align: justify\"><em><strong>1-0.-13 minutos.-\u00abMagn\u00edfica jugada Del Sol que, centr\u00f3 espl\u00e9ndidamente hacia atr\u00e1s, chut de Jorge fusilando Alfredo Vera\u00bb.<\/strong><\/em><\/p>\n<p style=\"text-align: justify\"><em><strong>3-2.-59 minutos.-\u00abDispar\u00f3, y rechace flojo del meta Vera, recogiendo de nuevo el bal\u00f3n el \u00ab9\u00bb verdiblanco, logrando su segundo tanto\u00bb.<\/strong><\/em><\/p>\n<p style=\"text-align: center\"><img data-recalc-dims=\"1\" loading=\"lazy\" decoding=\"async\" class=\"aligncenter size-thumbnail wp-image-47236\" src=\"https:\/\/i0.wp.com\/www.manquepierda.com\/historiarealbetis\/files\/2013\/02\/Wilson-Faria-Moreira.jpg?resize=151%2C220&#038;ssl=1\" alt=\"Wilson Faria Moreira\" width=\"151\" height=\"220\" srcset=\"https:\/\/i0.wp.com\/www.manquepierda.com\/historiarealbetis\/files\/2013\/02\/Wilson-Faria-Moreira.jpg?resize=151%2C220&amp;ssl=1 151w, https:\/\/i0.wp.com\/www.manquepierda.com\/historiarealbetis\/files\/2013\/02\/Wilson-Faria-Moreira.jpg?resize=412%2C600&amp;ssl=1 412w, https:\/\/i0.wp.com\/www.manquepierda.com\/historiarealbetis\/files\/2013\/02\/Wilson-Faria-Moreira.jpg?resize=768%2C1119&amp;ssl=1 768w, https:\/\/i0.wp.com\/www.manquepierda.com\/historiarealbetis\/files\/2013\/02\/Wilson-Faria-Moreira.jpg?resize=481%2C700&amp;ssl=1 481w, https:\/\/i0.wp.com\/www.manquepierda.com\/historiarealbetis\/files\/2013\/02\/Wilson-Faria-Moreira.jpg?w=1296&amp;ssl=1 1296w\" sizes=\"auto, (max-width: 151px) 100vw, 151px\" \/><\/p>\n<p style=\"text-align: justify\">10-Interior Zurdo.-Wilson Faria MOREIRA (23 a\u00f1os+11 meses menos 20 d\u00edas)-Natural R\u00edo de Janeiro (Brasil), jueves 28 de Marzo de 1935.<\/p>\n<p style=\"text-align: center\"><em><strong>*LOGR\u00d3*<\/strong><\/em><\/p>\n<p style=\"text-align: justify\"><em><strong>2-0.-17 minutos.-\u00abEsta tarde m\u00e1s diestro y din\u00e1mico; dispar\u00f3 el bal\u00f3n con fuerza y a media altura hacia la esquina, y el arquero Vera-fuera de su meta-toc\u00f3 d\u00e9bilmente sin lograr desviarlo\u00bb.<\/strong><\/em><\/p>\n<p style=\"text-align: justify\"><em><strong>4-2.-68 minutos.-\u00abDel Sol en una impresionante jugada, en la que dribl\u00f3 hasta 7 (siete) adversarios, entreg\u00f3 el esf\u00e9rico en bandeja, chut batiendo por segunda vez al portero gijon\u00e9s\u00bb.<\/strong><\/em><\/p>\n<p style=\"text-align: justify\">11-Extremo Zurdo.-Lu\u00eds DEL SOL Cascajares (23 a\u00f1os+10 meses+2 d\u00edas)-Natural Arcos del Jal\u00f3n (Soria), s\u00e1bado 06 de Abril de 1935.-<em><strong>El mejor de los 22 jugadores sobre la pradera verdiblanca heliopolitana:<\/strong><\/em><\/p>\n<p style=\"text-align: center\"><img data-recalc-dims=\"1\" loading=\"lazy\" decoding=\"async\" class=\"aligncenter size-medium wp-image-47237\" src=\"https:\/\/i0.wp.com\/www.manquepierda.com\/historiarealbetis\/files\/2013\/02\/19590208Vi%C3%B1etaVF.jpg?resize=352%2C600&#038;ssl=1\" alt=\"19590208Vi\u00f1etaVF\" width=\"352\" height=\"600\" srcset=\"https:\/\/i0.wp.com\/www.manquepierda.com\/historiarealbetis\/files\/2013\/02\/19590208Vi%C3%B1etaVF.jpg?resize=352%2C600&amp;ssl=1 352w, https:\/\/i0.wp.com\/www.manquepierda.com\/historiarealbetis\/files\/2013\/02\/19590208Vi%C3%B1etaVF.jpg?resize=129%2C220&amp;ssl=1 129w, https:\/\/i0.wp.com\/www.manquepierda.com\/historiarealbetis\/files\/2013\/02\/19590208Vi%C3%B1etaVF.jpg?resize=411%2C700&amp;ssl=1 411w, https:\/\/i0.wp.com\/www.manquepierda.com\/historiarealbetis\/files\/2013\/02\/19590208Vi%C3%B1etaVF.jpg?w=672&amp;ssl=1 672w\" sizes=\"auto, (max-width: 352px) 100vw, 352px\" \/><\/p>\n<p style=\"text-align: center\"><strong>Vi\u00f1eta Vicente Flores.-\u00abABC\u00bb-Sevilla-19590210-Martes.<\/strong><\/p>\n<p style=\"text-align: left\"><a href=\"https:\/\/i0.wp.com\/www.manquepierda.com\/historiarealbetis\/files\/2013\/02\/AntonioBARRIOSseoane1958.jpg?ssl=1\"><img data-recalc-dims=\"1\" loading=\"lazy\" decoding=\"async\" class=\"alignleft size-medium wp-image-26687\" src=\"https:\/\/i0.wp.com\/www.manquepierda.com\/historiarealbetis\/files\/2013\/02\/AntonioBARRIOSseoane1958.jpg?resize=173%2C300&#038;ssl=1\" alt=\"AntonioBARRIOSseoane1958\" width=\"173\" height=\"300\" srcset=\"https:\/\/i0.wp.com\/www.manquepierda.com\/historiarealbetis\/files\/2013\/02\/AntonioBARRIOSseoane1958.jpg?resize=173%2C300&amp;ssl=1 173w, https:\/\/i0.wp.com\/www.manquepierda.com\/historiarealbetis\/files\/2013\/02\/AntonioBARRIOSseoane1958.jpg?resize=592%2C1024&amp;ssl=1 592w, https:\/\/i0.wp.com\/www.manquepierda.com\/historiarealbetis\/files\/2013\/02\/AntonioBARRIOSseoane1958.jpg?w=775&amp;ssl=1 775w\" sizes=\"auto, (max-width: 173px) 100vw, 173px\" \/><\/a><\/p>\n<p style=\"text-align: justify\">Entrenador Temporada 1958-1959.-<strong>ANTONIO BARRIOS SEOANE (48 a\u00f1os+9 meses menos 13 d\u00edas)-Natural de Getxo (Vizcaya), s\u00e1bado 21 de Mayo de 1910.-Obituario en San Sebasti\u00e1n (Guip\u00fazcoa), lunes 19 de Agosto de 2002 (92 A\u00f1os+3 meses menos 2 d\u00edas) D. E. P-<br \/>\n<\/strong><\/p>\n<p style=\"text-align: justify\"><strong>XXXIX PRESIDENTE REAL BETIS BALOMPI\u00c9 1958-1959.-Desde el s\u00e1bado 21 de Mayo de 1955 hasta el martes 07 de Diciembre de 1965 en que present\u00f3 emocionante escrito de dimisi\u00f3n, despidi\u00e9ndose de sus directivos y a trav\u00e9s de ellos de la gran familia verdiblanca.<br \/>\n<\/strong><\/p>\n<p style=\"text-align: center\"><img data-recalc-dims=\"1\" loading=\"lazy\" decoding=\"async\" class=\"size-thumbnail wp-image-47238 alignright\" src=\"https:\/\/i0.wp.com\/www.manquepierda.com\/historiarealbetis\/files\/2013\/02\/Benito-Villamar%C3%ADn-Prieto1-1.jpg?resize=185%2C220&#038;ssl=1\" alt=\"Benito-Villamar\u00edn-Prieto1\" width=\"185\" height=\"220\" srcset=\"https:\/\/i0.wp.com\/www.manquepierda.com\/historiarealbetis\/files\/2013\/02\/Benito-Villamar%C3%ADn-Prieto1-1.jpg?resize=185%2C220&amp;ssl=1 185w, https:\/\/i0.wp.com\/www.manquepierda.com\/historiarealbetis\/files\/2013\/02\/Benito-Villamar%C3%ADn-Prieto1-1.jpg?resize=504%2C600&amp;ssl=1 504w, https:\/\/i0.wp.com\/www.manquepierda.com\/historiarealbetis\/files\/2013\/02\/Benito-Villamar%C3%ADn-Prieto1-1.jpg?resize=588%2C700&amp;ssl=1 588w, https:\/\/i0.wp.com\/www.manquepierda.com\/historiarealbetis\/files\/2013\/02\/Benito-Villamar%C3%ADn-Prieto1-1.jpg?w=672&amp;ssl=1 672w\" sizes=\"auto, (max-width: 185px) 100vw, 185px\" \/><\/p>\n<p style=\"text-align: justify\"><strong>Don BENITO VILLAMAR\u00cdN PRIETO (40 a\u00f1os+6 meses menos 13 d\u00edas-Industrial<br \/>\n<\/strong><\/p>\n<p style=\"text-align: justify\"><a href=\"https:\/\/i0.wp.com\/www.manquepierda.com\/historiarealbetis\/files\/2013\/02\/252809_221386581213812_6901664_n.jpg?ssl=1\"><img data-recalc-dims=\"1\" loading=\"lazy\" decoding=\"async\" class=\"aligncenter size-medium wp-image-26668\" src=\"https:\/\/i0.wp.com\/www.manquepierda.com\/historiarealbetis\/files\/2013\/02\/252809_221386581213812_6901664_n.jpg?resize=300%2C225&#038;ssl=1\" alt=\"252809_221386581213812_6901664_n\" width=\"300\" height=\"225\" srcset=\"https:\/\/i0.wp.com\/www.manquepierda.com\/historiarealbetis\/files\/2013\/02\/252809_221386581213812_6901664_n.jpg?resize=300%2C225&amp;ssl=1 300w, https:\/\/i0.wp.com\/www.manquepierda.com\/historiarealbetis\/files\/2013\/02\/252809_221386581213812_6901664_n.jpg?w=720&amp;ssl=1 720w\" sizes=\"auto, (max-width: 300px) 100vw, 300px\" \/><\/a><\/p>\n<p style=\"text-align: justify\"><strong>Natural de Puga-To\u00e9n (Ourense), mi\u00e9rcoles 21 de Agosto de 1918.-Obituario en Sevilla, lunes 15 de Agosto de 1966 (48 A\u00f1os menos 6 d\u00edas) D. E. P.<br \/>\n<\/strong><\/p>\n<p style=\"text-align: center\">Vs.<\/p>\n<p style=\"text-align: justify\">D\u00c9CIMO QUINTO CLASIFICADO CON 15 PUNTOS Y MENOS 5 NEGATIVOS (5ganados+5empatados+11perdidos) 29-53 TANTOS FAVOR-CONTRA.<\/p>\n<p style=\"text-align: right\"><img data-recalc-dims=\"1\" loading=\"lazy\" decoding=\"async\" class=\"alignright size-full wp-image-47240\" src=\"https:\/\/i0.wp.com\/www.manquepierda.com\/historiarealbetis\/files\/2013\/02\/guilhou.jpg?resize=56%2C77&#038;ssl=1\" alt=\"guilhou\" width=\"56\" height=\"77\" \/><\/p>\n<p style=\"text-align: right\">1957-1959 Presidente don Alejandro PIDAL GILHOU.<\/p>\n<p style=\"text-align: left\"><img data-recalc-dims=\"1\" loading=\"lazy\" decoding=\"async\" class=\"alignleft size-thumbnail wp-image-47241\" src=\"https:\/\/i0.wp.com\/www.manquepierda.com\/historiarealbetis\/files\/2013\/02\/ESDT.jpg?resize=153%2C220&#038;ssl=1\" alt=\"ESDT\" width=\"153\" height=\"220\" srcset=\"https:\/\/i0.wp.com\/www.manquepierda.com\/historiarealbetis\/files\/2013\/02\/ESDT.jpg?resize=153%2C220&amp;ssl=1 153w, https:\/\/i0.wp.com\/www.manquepierda.com\/historiarealbetis\/files\/2013\/02\/ESDT.jpg?w=270&amp;ssl=1 270w\" sizes=\"auto, (max-width: 153px) 100vw, 153px\" \/><\/p>\n<p style=\"text-align: justify\">1\/3 Entrenador Temporada 1958-1959 (01\u00aa hasta 23\u00aa Jornadas; ambas inclusive).-Edmundo SU\u00c1REZ DE TRABANCO.<\/p>\n<p style=\"text-align: center\"><img data-recalc-dims=\"1\" loading=\"lazy\" decoding=\"async\" class=\"aligncenter size-full wp-image-47242\" src=\"https:\/\/i0.wp.com\/www.manquepierda.com\/historiarealbetis\/files\/2013\/02\/RSDG.jpeg?resize=120%2C216&#038;ssl=1\" alt=\"RSDG\" width=\"120\" height=\"216\" \/><\/p>\n<p style=\"text-align: center\">REAL SPORTING CF-3 Tantos.<\/p>\n<p style=\"text-align: center\"><img data-recalc-dims=\"1\" loading=\"lazy\" decoding=\"async\" class=\"aligncenter size-thumbnail wp-image-47243\" src=\"https:\/\/i0.wp.com\/www.manquepierda.com\/historiarealbetis\/files\/2013\/02\/Vera.jpg?resize=136%2C220&#038;ssl=1\" alt=\"Vera\" width=\"136\" height=\"220\" srcset=\"https:\/\/i0.wp.com\/www.manquepierda.com\/historiarealbetis\/files\/2013\/02\/Vera.jpg?resize=136%2C220&amp;ssl=1 136w, https:\/\/i0.wp.com\/www.manquepierda.com\/historiarealbetis\/files\/2013\/02\/Vera.jpg?w=184&amp;ssl=1 184w\" sizes=\"auto, (max-width: 136px) 100vw, 136px\" \/><\/p>\n<p style=\"text-align: center\">1-Portero.-Alfredo VERA Buend\u00eda-Portero.-<strong>5 goles encajados.*<br \/>\n<\/strong><\/p>\n<p style=\"text-align: justify\">2-Jaime SIM\u00d3 Pi\u00f1ol.-5-Rogelio ALTISENT Prats.-3-Armando Men\u00e9ndez MEDINA.-Defensas.<\/p>\n<p style=\"text-align: center\"><img data-recalc-dims=\"1\" loading=\"lazy\" decoding=\"async\" class=\"aligncenter size-thumbnail wp-image-47244\" src=\"https:\/\/i0.wp.com\/www.manquepierda.com\/historiarealbetis\/files\/2013\/02\/pla-1957.jpg?resize=157%2C220&#038;ssl=1\" alt=\"pla 1957\" width=\"157\" height=\"220\" srcset=\"https:\/\/i0.wp.com\/www.manquepierda.com\/historiarealbetis\/files\/2013\/02\/pla-1957.jpg?resize=157%2C220&amp;ssl=1 157w, https:\/\/i0.wp.com\/www.manquepierda.com\/historiarealbetis\/files\/2013\/02\/pla-1957.jpg?w=162&amp;ssl=1 162w\" sizes=\"auto, (max-width: 157px) 100vw, 157px\" \/><\/p>\n<p style=\"text-align: center\">4-Alberto PL\u00c1 Guzm\u00e1n De Villoria <strong>(2-2.-49 minutos)*<\/strong><\/p>\n<p style=\"text-align: center\">6-Lu\u00eds PELLICER Coma.-Medios.<\/p>\n<p style=\"text-align: justify\">7-Francisco S\u00c1NCHEZ Puente.<\/p>\n<p style=\"text-align: center\"><img data-recalc-dims=\"1\" loading=\"lazy\" decoding=\"async\" class=\"aligncenter size-full wp-image-47246\" src=\"https:\/\/i0.wp.com\/www.manquepierda.com\/historiarealbetis\/files\/2013\/02\/ortiz-1949.jpg?resize=77%2C108&#038;ssl=1\" alt=\"ortiz 1949\" width=\"77\" height=\"108\" \/><\/p>\n<p style=\"text-align: center\">8-Jos\u00e9 Lu\u00eds ORT\u00cdZ Pel\u00e1ez <strong>(5-3.-86 minutos)*<\/strong><\/p>\n<p style=\"text-align: justify\">9-Manuel BADENES Calduch.<\/p>\n<p style=\"text-align: center\"><img data-recalc-dims=\"1\" loading=\"lazy\" decoding=\"async\" class=\"aligncenter size-thumbnail wp-image-47247\" src=\"https:\/\/i0.wp.com\/www.manquepierda.com\/historiarealbetis\/files\/2013\/02\/biempica-1955.jpg?resize=157%2C220&#038;ssl=1\" alt=\"biempica 1955\" width=\"157\" height=\"220\" srcset=\"https:\/\/i0.wp.com\/www.manquepierda.com\/historiarealbetis\/files\/2013\/02\/biempica-1955.jpg?resize=157%2C220&amp;ssl=1 157w, https:\/\/i0.wp.com\/www.manquepierda.com\/historiarealbetis\/files\/2013\/02\/biempica-1955.jpg?w=183&amp;ssl=1 183w\" sizes=\"auto, (max-width: 157px) 100vw, 157px\" \/><\/p>\n<p style=\"text-align: center\">10-Rafael BIEMPICA \u00c1lvarez <strong>(2-1.-38 minutos)*<\/strong><\/p>\n<p style=\"text-align: left\">11-Jos\u00e9 RODR\u00cdGUEZ Garc\u00eda (a) \u00abRODR\u00cdGUEZ I\u00bb.-Delanteros.<\/p>\n<p style=\"text-align: center\"><img data-recalc-dims=\"1\" loading=\"lazy\" decoding=\"async\" class=\"aligncenter size-large wp-image-47249\" src=\"https:\/\/i0.wp.com\/www.manquepierda.com\/historiarealbetis\/files\/2013\/02\/19590208DARDO.jpg?resize=388%2C700&#038;ssl=1\" alt=\"19590208DARDO\" width=\"388\" height=\"700\" srcset=\"https:\/\/i0.wp.com\/www.manquepierda.com\/historiarealbetis\/files\/2013\/02\/19590208DARDO.jpg?resize=388%2C700&amp;ssl=1 388w, https:\/\/i0.wp.com\/www.manquepierda.com\/historiarealbetis\/files\/2013\/02\/19590208DARDO.jpg?resize=122%2C220&amp;ssl=1 122w, https:\/\/i0.wp.com\/www.manquepierda.com\/historiarealbetis\/files\/2013\/02\/19590208DARDO.jpg?resize=333%2C600&amp;ssl=1 333w, https:\/\/i0.wp.com\/www.manquepierda.com\/historiarealbetis\/files\/2013\/02\/19590208DARDO.jpg?w=663&amp;ssl=1 663w\" sizes=\"auto, (max-width: 388px) 100vw, 388px\" \/><\/p>\n<p style=\"text-align: justify\">RESULTADOS DE LA VIG\u00c9SIMO PRIMERA JORNADA LIGA PRIMERA DIVISI\u00d3N-TREMPORADA 1958-1959.-CLASIFICACI\u00d3N GENERAL POR EQUIPOS.<\/p>\n<p style=\"text-align: center\">Club F\u00fatbol Barcelona-5 vs. Real Club Deportivo Espa\u00f1ol-3.<\/p>\n<p style=\"text-align: center\">Club Atl\u00e9tico Osasuna-4 vs. Real Club Celta de Vigo-0.<\/p>\n<p style=\"text-align: center\">Uni\u00f3n Deportiva Las Palmas-0 vs. Real Sociedad de F\u00fatbol-0.<\/p>\n<p style=\"text-align: center\"><strong>Real Betis Balompi\u00e9-5 vs. Real Sporting de Gij\u00f3n-3.<\/strong><\/p>\n<p style=\"text-align: center\">Real Oviedo Club de F\u00fatbol-1 vs. Sevilla Cf-0.<\/p>\n<p style=\"text-align: center\">Valencia Cf-3 vs. Granada Cf-0.<\/p>\n<p style=\"text-align: center\">Real Zaragoza Club Deportivo-1 vs. Real Madrid cf-0.<\/p>\n<p style=\"text-align: center\">Club Atl\u00e9tico Madrid-0 vs. Athl\u00e9tic Club Bilbao-1.<\/p>\n<p style=\"text-align: justify\"><a href=\"https:\/\/i0.wp.com\/www.manquepierda.com\/historiarealbetis\/files\/2013\/02\/19590208pd.jpg?ssl=1\"><img data-recalc-dims=\"1\" loading=\"lazy\" decoding=\"async\" class=\"aligncenter size-full wp-image-26689\" src=\"https:\/\/i0.wp.com\/www.manquepierda.com\/historiarealbetis\/files\/2013\/02\/19590208pd.jpg?resize=649%2C569&#038;ssl=1\" alt=\"19590208pd\" width=\"649\" height=\"569\" srcset=\"https:\/\/i0.wp.com\/www.manquepierda.com\/historiarealbetis\/files\/2013\/02\/19590208pd.jpg?w=649&amp;ssl=1 649w, https:\/\/i0.wp.com\/www.manquepierda.com\/historiarealbetis\/files\/2013\/02\/19590208pd.jpg?resize=300%2C263&amp;ssl=1 300w\" sizes=\"auto, (max-width: 649px) 100vw, 649px\" \/><\/a>Recortes Prensa-Extracto Febrero 1959: ABC-Sevilla y Madrid.-La Vanguardia Espa\u00f1ola y El Mundo Deportivo, Barcelona.<\/p>\n","protected":false},"excerpt":{"rendered":"<p>XXVIII EDICI\u00d3N-CAMPEONATO NACIONAL LIGA PRIMERA DIVISI\u00d3N-TEMPORADA 1958-1959 (DESDE DOMINGO 14 DE SEPTIEMBRE DE 1958 HASTA DOMINGO 19 DE ABRIL DE 1959; AMBAS FECHAS INCLUSIVE). 1959-FEBRERO 08-DOMINGO EN LA \u00abCIUDAD DEL SOL\u00bb-ESTADIO MUNICIPAL \u00abHELI\u00d3POLIS\u00bb 16&#8217;30 HORAS.-21\u00aa JORNADA.-CLAVE MARCADOR SIMULT\u00c1NEO \u00abDARDO\u00bb: \u00abAN\u00cdS del MONO\u00bb. \u00abHubo aplausos para los asturianos y cerrada ovaci\u00f3n para los b\u00e9ticos cuando aparecieron&#8230;<\/p>\n","protected":false},"author":48,"featured_media":47232,"comment_status":"open","ping_status":"open","sticky":false,"template":"","format":"standard","meta":{"_kad_post_transparent":"","_kad_post_title":"","_kad_post_layout":"","_kad_post_sidebar_id":"","_kad_post_content_style":"","_kad_post_vertical_padding":"","_kad_post_feature":"","_kad_post_feature_position":"","_kad_post_header":false,"_kad_post_footer":false,"_kad_post_classname":"","_jetpack_memberships_contains_paid_content":false,"footnotes":"","jetpack_publicize_message":"","jetpack_publicize_feature_enabled":true,"jetpack_social_post_already_shared":true,"jetpack_social_options":{"image_generator_settings":{"template":"highway","default_image_id":0,"font":"","enabled":false},"version":2}},"categories":[901,906,1],"tags":[2248,1538,17789,15721],"class_list":["post-26680","post","type-post","status-publish","format-standard","has-post-thumbnail","hentry","category-1950-1959","category-investigacion-temas","category-portada","tag-1958-59","tag-1538","tag-liga-primera-1958-59","tag-real-sporting-gijon"],"jetpack_publicize_connections":[],"jetpack_featured_media_url":"https:\/\/i0.wp.com\/www.manquepierda.com\/historiarealbetis\/files\/2013\/02\/19590208Carteler%C3%ADa.jpg?fit=700%2C976&ssl=1","jetpack_sharing_enabled":true,"jetpack_shortlink":"https:\/\/wp.me\/p1ij08-6Wk","jetpack-related-posts":[],"_links":{"self":[{"href":"https:\/\/www.manquepierda.com\/historiarealbetis\/wp-json\/wp\/v2\/posts\/26680","targetHints":{"allow":["GET"]}}],"collection":[{"href":"https:\/\/www.manquepierda.com\/historiarealbetis\/wp-json\/wp\/v2\/posts"}],"about":[{"href":"https:\/\/www.manquepierda.com\/historiarealbetis\/wp-json\/wp\/v2\/types\/post"}],"author":[{"embeddable":true,"href":"https:\/\/www.manquepierda.com\/historiarealbetis\/wp-json\/wp\/v2\/users\/48"}],"replies":[{"embeddable":true,"href":"https:\/\/www.manquepierda.com\/historiarealbetis\/wp-json\/wp\/v2\/comments?post=26680"}],"version-history":[{"count":1,"href":"https:\/\/www.manquepierda.com\/historiarealbetis\/wp-json\/wp\/v2\/posts\/26680\/revisions"}],"predecessor-version":[{"id":95167,"href":"https:\/\/www.manquepierda.com\/historiarealbetis\/wp-json\/wp\/v2\/posts\/26680\/revisions\/95167"}],"wp:featuredmedia":[{"embeddable":true,"href":"https:\/\/www.manquepierda.com\/historiarealbetis\/wp-json\/wp\/v2\/media\/47232"}],"wp:attachment":[{"href":"https:\/\/www.manquepierda.com\/historiarealbetis\/wp-json\/wp\/v2\/media?parent=26680"}],"wp:term":[{"taxonomy":"category","embeddable":true,"href":"https:\/\/www.manquepierda.com\/historiarealbetis\/wp-json\/wp\/v2\/categories?post=26680"},{"taxonomy":"post_tag","embeddable":true,"href":"https:\/\/www.manquepierda.com\/historiarealbetis\/wp-json\/wp\/v2\/tags?post=26680"}],"curies":[{"name":"wp","href":"https:\/\/api.w.org\/{rel}","templated":true}]}}