{"id":26816,"date":"2013-02-12T22:15:33","date_gmt":"2013-02-12T21:15:33","guid":{"rendered":"http:\/\/www.manquepierda.com\/historiarealbetis\/?p=26816"},"modified":"2024-08-14T11:33:30","modified_gmt":"2024-08-14T09:33:30","slug":"1967-febrero-12-2adivision-2ogrupo-real-betis-balompie-1-vs-club-atletico-ceuta-0","status":"publish","type":"post","link":"https:\/\/www.manquepierda.com\/historiarealbetis\/1967-febrero-12-2adivision-2ogrupo-real-betis-balompie-1-vs-club-atletico-ceuta-0\/","title":{"rendered":"1967-Febrero 12-2\u00aaDivisi\u00f3n-2\u00baGrupo: Real Betis Balompi\u00e9-1 vs. Club Atl\u00e9tico Ceuta-0."},"content":{"rendered":"<p><a href=\"https:\/\/i0.wp.com\/www.manquepierda.com\/historiarealbetis\/files\/2013\/02\/Temporada_1969-1970_2_Divisin.jpg?ssl=1\"><img data-recalc-dims=\"1\" loading=\"lazy\" decoding=\"async\" class=\"alignleft size-medium wp-image-26817\" alt=\"Temporada_1969-1970_2_Divisin\" src=\"https:\/\/i0.wp.com\/www.manquepierda.com\/historiarealbetis\/files\/2013\/02\/Temporada_1969-1970_2_Divisin.jpg?resize=300%2C202&#038;ssl=1\" width=\"300\" height=\"202\" srcset=\"https:\/\/i0.wp.com\/www.manquepierda.com\/historiarealbetis\/files\/2013\/02\/Temporada_1969-1970_2_Divisin.jpg?resize=300%2C202&amp;ssl=1 300w, https:\/\/i0.wp.com\/www.manquepierda.com\/historiarealbetis\/files\/2013\/02\/Temporada_1969-1970_2_Divisin.jpg?w=800&amp;ssl=1 800w\" sizes=\"auto, (max-width: 300px) 100vw, 300px\" \/><\/a>1967-Febrero 12.-Domingo en la Ciudad del Betis.-Estadio BENITO VILLAMAR\u00cdN.-Crecido n\u00famero de espectadores.<\/p>\n<p style=\"text-align: center\">XX JORNADA LIGA SEGUNDA DIVISI\u00d3N-SEGUNDO GRUPO-TEMPORADA 1966-1967.<\/p>\n<p style=\"text-align: left\">Arbitr\u00f3 el colegiado Castellano \u00c1ngel Rodr\u00edguez Barroso.-\u00abFue constantemente protestado,\u00a0 por faltas que s\u00ed lo eran pero que se originaban en zonas sin trascendencia.<\/p>\n<p style=\"text-align: left\">Luego en el minuto 85, se produjo un penalti m\u00e1s aparatoso y claro que recordamos en bastantes encuentros.\u00a0 Fue un desplazamiento violento a DEMETRIO,\u00a0 sobre el punto de la pena m\u00e1xima,\u00a0 en posici\u00f3n de gol.<\/p>\n<p style=\"text-align: left\">Hubo algunas protestas pero c\u00f3mo el Real Betis ya ten\u00eda el 1-0 no le dieron mayor importancia los espectadores. Para nosotros ese fue un error fundamental del colegiado,\u00a0 que en las dem\u00e1s ocasiones sancion\u00f3 las faltas que hubo,\u00a0 bien con equivocaciones,\u00a0 no lo negamos,\u00a0 que perjudicaron a los b\u00e9ticos.\u00a0 Pero la falta m\u00e1s grave,\u00a0 sin sanci\u00f3n,\u00a0 fue la menos protestada.\u00a0 \u00a1\u00a1As\u00ed se ve el f\u00fatbol\u00a1\u00a1<\/p>\n<p style=\"text-align: center\">Aline\u00f3 \u00e1:<\/p>\n<p style=\"text-align: center\"><a href=\"https:\/\/i0.wp.com\/www.manquepierda.com\/historiarealbetis\/files\/2013\/02\/EscudoRealBetisBalompi%C3%A9.jpeg?ssl=1\"><img data-recalc-dims=\"1\" loading=\"lazy\" decoding=\"async\" class=\"aligncenter size-full wp-image-26560\" alt=\"EscudoRealBetisBalompi\u00e9\" src=\"https:\/\/i0.wp.com\/www.manquepierda.com\/historiarealbetis\/files\/2013\/02\/EscudoRealBetisBalompi%C3%A9.jpeg?resize=244%2C206&#038;ssl=1\" width=\"244\" height=\"206\" \/><\/a>3er. Clasificado.-REAL BETIS BALOMPI\u00c9-1 GOL.<\/p>\n<p style=\"text-align: center\">MARC\u00d3:<\/p>\n<p style=\"text-align: left\"><a href=\"https:\/\/i0.wp.com\/www.manquepierda.com\/historiarealbetis\/files\/2013\/02\/Montaner.-Jos%C3%A9-Mar%C3%ADa-Garc%C3%ADa-Mart%C3%ADnez.jpg?ssl=1\"><img data-recalc-dims=\"1\" loading=\"lazy\" decoding=\"async\" class=\"aligncenter size-medium wp-image-26818\" alt=\"Montaner. Jos\u00e9 Mar\u00eda Garc\u00eda Mart\u00ednez\" src=\"https:\/\/i0.wp.com\/www.manquepierda.com\/historiarealbetis\/files\/2013\/02\/Montaner.-Jos%C3%A9-Mar%C3%ADa-Garc%C3%ADa-Mart%C3%ADnez.jpg?resize=232%2C300&#038;ssl=1\" width=\"232\" height=\"300\" srcset=\"https:\/\/i0.wp.com\/www.manquepierda.com\/historiarealbetis\/files\/2013\/02\/Montaner.-Jos%C3%A9-Mar%C3%ADa-Garc%C3%ADa-Mart%C3%ADnez.jpg?resize=232%2C300&amp;ssl=1 232w, https:\/\/i0.wp.com\/www.manquepierda.com\/historiarealbetis\/files\/2013\/02\/Montaner.-Jos%C3%A9-Mar%C3%ADa-Garc%C3%ADa-Mart%C3%ADnez.jpg?w=400&amp;ssl=1 400w\" sizes=\"auto, (max-width: 232px) 100vw, 232px\" \/><\/a>1-0, 74 Minutos-MONTANER.-\u00abRogelio lanza a Grau,\u00a0 que se interna por la izquierda,\u00a0 salva la tarascada de Oca\u00f1a, centra por bajo,\u00a0 y el extremo diestro verdiblanco env\u00eda el bal\u00f3n a las mallas de Febrer.\u00a0 El gol desata el j\u00fabilo\u00bb.<\/p>\n<p style=\"text-align: center\"><a href=\"https:\/\/i0.wp.com\/www.manquepierda.com\/historiarealbetis\/files\/2013\/02\/Azcarate-partido-redondo.jpg?ssl=1\"><img data-recalc-dims=\"1\" loading=\"lazy\" decoding=\"async\" class=\"aligncenter size-medium wp-image-26819\" alt=\"Azcarate partido redondo\" src=\"https:\/\/i0.wp.com\/www.manquepierda.com\/historiarealbetis\/files\/2013\/02\/Azcarate-partido-redondo.jpg?resize=224%2C300&#038;ssl=1\" width=\"224\" height=\"300\" srcset=\"https:\/\/i0.wp.com\/www.manquepierda.com\/historiarealbetis\/files\/2013\/02\/Azcarate-partido-redondo.jpg?resize=224%2C300&amp;ssl=1 224w, https:\/\/i0.wp.com\/www.manquepierda.com\/historiarealbetis\/files\/2013\/02\/Azcarate-partido-redondo.jpg?resize=767%2C1024&amp;ssl=1 767w, https:\/\/i0.wp.com\/www.manquepierda.com\/historiarealbetis\/files\/2013\/02\/Azcarate-partido-redondo.jpg?resize=1024%2C1365&amp;ssl=1 1024w, https:\/\/i0.wp.com\/www.manquepierda.com\/historiarealbetis\/files\/2013\/02\/Azcarate-partido-redondo.jpg?w=1387&amp;ssl=1 1387w\" sizes=\"auto, (max-width: 224px) 100vw, 224px\" \/><\/a><\/p>\n<p style=\"text-align: left\">Guaedameta.-CAMPILLO (33).<\/p>\n<p style=\"text-align: left\">Zagueros.-TELECH\u00cdA (21)-RIOS (CAPIT\u00c1N.-31)-GRAU (31).<\/p>\n<p style=\"text-align: left\">Medios.-FRASCO (25)-AZC\u00c1RATE (28).<\/p>\n<p style=\"text-align: left\">Delanteros.-MONTANER (29)-DEMETRIO (19)-QUINO (21)-PALLAR\u00c9S (26)-ROGELIO (23).<\/p>\n<p style=\"text-align: left\"><a href=\"https:\/\/i0.wp.com\/www.manquepierda.com\/historiarealbetis\/files\/2013\/02\/AntonioBarriosSeoane-Entrenador.jpg?ssl=1\"><img data-recalc-dims=\"1\" loading=\"lazy\" decoding=\"async\" class=\"alignleft size-medium wp-image-26825\" alt=\"AntonioBarriosSeoane-Entrenador\" src=\"https:\/\/i0.wp.com\/www.manquepierda.com\/historiarealbetis\/files\/2013\/02\/AntonioBarriosSeoane-Entrenador-279x300.jpg?resize=279%2C300&#038;ssl=1\" width=\"279\" height=\"300\" srcset=\"https:\/\/i0.wp.com\/www.manquepierda.com\/historiarealbetis\/files\/2013\/02\/AntonioBarriosSeoane-Entrenador.jpg?resize=279%2C300&amp;ssl=1 279w, https:\/\/i0.wp.com\/www.manquepierda.com\/historiarealbetis\/files\/2013\/02\/AntonioBarriosSeoane-Entrenador.jpg?w=819&amp;ssl=1 819w\" sizes=\"auto, (max-width: 279px) 100vw, 279px\" \/><\/a>Entrenador Temporada 1966-1967.<\/p>\n<p style=\"text-align: center\"><strong>ANTONIO BARRIOS SEOANE (56 A\u00f1os).<\/strong><\/p>\n<p style=\"text-align: left\"><strong>&#8211;Encantado con el triunfo.\u00a0 Este de hoy ha sido el mejor partido que le he visto al Real Betis desde que he vuelto a encargarme de \u00e9l.<\/strong><\/p>\n<p style=\"text-align: left\">&#8211;\u00bfPor qu\u00e9?<\/p>\n<p style=\"text-align: left\"><strong>&#8211;Porque no se desorganiz\u00f3 nunca;\u00a0 ha sabido luchar y estar en el campo.\u00a0 Y lo que es m\u00e1s importante:\u00a0 porque no se desmoraliz\u00f3 antes las dificultades creadas por el enemigo.<\/strong><\/p>\n<p style=\"text-align: left\">&#8211;\u00bfQu\u00e9 juicio te ha merecido el Atl\u00e9tico de Ceuta?<\/p>\n<p style=\"text-align: left\"><strong>&#8211;Es un equipo duro.\u00a0 Hoy sali\u00f3 a no perder&#8230; buscando de continuo al hombre.\u00a0 Prescindiendo de practicar el f\u00fatbol e imponerse por la tremenda.\u00a0 Por eso tiene m\u00e1s importancia el rendimiento del Betis Balompi\u00e9.<\/strong><\/p>\n<p style=\"text-align: left\">&#8211;\u00bfNo crees que el Betis abus\u00f3 del juego a\u00e9reo?<\/p>\n<p style=\"text-align: left\"><strong>&#8211;El Betis no bombe\u00f3 el bal\u00f3n.\u00a0 Unicamente lo hizo en las ocasiones que tuvo que cambiar el juego al lado contrario.<\/strong><\/p>\n<p style=\"text-align: left\"><strong>&#8211;Con adversarios c\u00f3mo \u00e9stos,\u00a0 emple\u00e1ndose de la forma que acaba de hacer el Ceuta,\u00a0 resulta dif\u00edcil marcar goles.<\/strong><\/p>\n<p style=\"text-align: left\">&#8211;\u00bfQue es lo que pretend\u00eda el Atl\u00e9tico ceut\u00ed?, argumentamos.<\/p>\n<p style=\"text-align: left\"><strong>&#8211;Pero no por \u00abv\u00edas\u00bb tan contundente: buscando al hombre. Por eso hoy el Real Betis ten\u00eda que jugar y guardar el \u00abf\u00edsico\u00bb.\u00a0 <\/strong><\/p>\n<p style=\"text-align: left\"><strong>&#8211;De seguir as\u00ed el Real Betis Balompi\u00e9,\u00a0 con esa moral,\u00a0 esa fuerza y decisi\u00f3n,\u00a0 podemos esperar que se consiga algo de lo que se apetece\u00bb.<\/strong><\/p>\n<p style=\"text-align: center\"><strong>43\u00ba PRESIDENTE REAL BETIS BALOMPI\u00c9.-Viernes 27-Enero-1967:<\/strong><\/p>\n<p style=\"text-align: center\"><a href=\"https:\/\/i0.wp.com\/www.manquepierda.com\/historiarealbetis\/files\/2013\/02\/Julio-De-la-Puerta-Castro1.jpg?ssl=1\"><img data-recalc-dims=\"1\" loading=\"lazy\" decoding=\"async\" class=\"aligncenter size-medium wp-image-26832\" alt=\"Julio De la Puerta Castro\" src=\"https:\/\/i0.wp.com\/www.manquepierda.com\/historiarealbetis\/files\/2013\/02\/Julio-De-la-Puerta-Castro1.jpg?resize=300%2C225&#038;ssl=1\" width=\"300\" height=\"225\" srcset=\"https:\/\/i0.wp.com\/www.manquepierda.com\/historiarealbetis\/files\/2013\/02\/Julio-De-la-Puerta-Castro1.jpg?resize=300%2C225&amp;ssl=1 300w, https:\/\/i0.wp.com\/www.manquepierda.com\/historiarealbetis\/files\/2013\/02\/Julio-De-la-Puerta-Castro1.jpg?w=861&amp;ssl=1 861w\" sizes=\"auto, (max-width: 300px) 100vw, 300px\" \/><\/a><strong>Don JULIO ANTONIO DE LA PUERTA CASTRO (Industrial.-Ganadero.-45 A\u00f1os).<\/strong><\/p>\n<p style=\"text-align: center\">OBTIUARIOS REAL BETIS BALOMPI\u00c9:<\/p>\n<p style=\"text-align: left\">AZC\u00c1RATE Iceta, MIGUEL.-A\u00d1ORGA (Guip\u00fazcoa), Mi\u00e9rcoles 19-Octubre-1938.<\/p>\n<p style=\"text-align: left\"><strong>BARRIOS SEOANE, ANTONIO-Entrenador 1966-1967.-GETXO (Vizcaya), S\u00e1bado 21-Mayo-1910.-SAN SEBASTI\u00c1N (Guip\u00fazcoa), Lunes 19-Agosto-2002.-D. E. P.<\/strong><\/p>\n<p style=\"text-align: left\">Garc\u00eda CAMPILLO, JOS\u00c9.-GUADARMAR DEL SEGURA (Alicante), Jueves 16-Marzo-1933.<\/p>\n<p style=\"text-align: left\"><strong>DE LA PUERTA CASTRO, JULIO ANTONIO.-OSUNA (Sevilla), Domingo 17-Julio-1921.-SEVILLA, Viernes 15-Noviembre-2002.-D. E. P.<\/strong><\/p>\n<p style=\"text-align: left\">Oliver S\u00e1nchez, DEMETRIO.-SEVILLA, Jueves 26-Junio-1947.<\/p>\n<p style=\"text-align: left\">FRASCO (Francisco Ort\u00edz V\u00e1zquez).-LA RINCONADA (Sevilla), Domingo 09-Marzo-1941.<\/p>\n<p style=\"text-align: left\">GRAU Pl\u00e1, FRANCISCO.-LA GARRIGA (Barcelona), Lunes 23-Diciembre-1935.<\/p>\n<p style=\"text-align: left\">Garc\u00eda MONTANER, JOS\u00c9 MAR\u00cdA.-\u00c1YORA (Valencia), Mi\u00e9rcoles 27-Octubre-1937.<\/p>\n<p style=\"text-align: left\">PALLAR\u00c9S Huertas, ANTONIO.-ALICANTE, Jueves 05-Diciembre-1940.<\/p>\n<p style=\"text-align: left\">QUINO (Joaqu\u00edn Sierra Vallejo).-SEVILLA, Jueves 06-Septiembre-1945.<\/p>\n<p style=\"text-align: left\">R\u00cdOS Fern\u00e1ndez, EUSEBIO.-PORTUGALETE (Vizcaya), S\u00e1bado 30-Marzo-1935.-\u00cdDEM, S\u00e1bado 10-Mayo-2008.-D. E. P.<\/p>\n<p style=\"text-align: left\">ROGELIO Sosa Ram\u00edrez.-CORIA DEL R\u00cdO (Sevilla), Domingo 11-Abril-1943.<\/p>\n<p style=\"text-align: left\">Labrado TELECH\u00cdA, FRANCISCO.-SEVILLA, Mi\u00e9rcoles 15-Agosto-1945.<\/p>\n<p style=\"text-align: center\">Vs.<\/p>\n<p style=\"text-align: center\">14\u00ba Clasificado.-CLUB ATL\u00c9TICO CEUTA (El\u00e1stica listada en blanco y rojo, calz\u00f3n blanco)-0 Tantos.<\/p>\n<p style=\"text-align: left\">Febrer-Portero.-Oca\u00f1a-Rivas-Barrientos (Defensas).-L\u00f3pez-Gines\u00edn (Medios).-Ortu\u00f1o-Escudero-Mendi-Jos\u00e9 BREVAL Cala-Ayala.<\/p>\n<p style=\"text-align: center\"><a href=\"https:\/\/i0.wp.com\/www.manquepierda.com\/historiarealbetis\/files\/2013\/02\/PacoAnt%C3%BAnez.jpg?ssl=1\"><img data-recalc-dims=\"1\" loading=\"lazy\" decoding=\"async\" class=\"alignleft size-medium wp-image-26842\" alt=\"PacoAnt\u00fanez\" src=\"https:\/\/i0.wp.com\/www.manquepierda.com\/historiarealbetis\/files\/2013\/02\/PacoAnt%C3%BAnez.jpg?resize=207%2C300&#038;ssl=1\" width=\"207\" height=\"300\" srcset=\"https:\/\/i0.wp.com\/www.manquepierda.com\/historiarealbetis\/files\/2013\/02\/PacoAnt%C3%BAnez.jpg?resize=207%2C300&amp;ssl=1 207w, https:\/\/i0.wp.com\/www.manquepierda.com\/historiarealbetis\/files\/2013\/02\/PacoAnt%C3%BAnez.jpg?w=350&amp;ssl=1 350w\" sizes=\"auto, (max-width: 207px) 100vw, 207px\" \/><\/a>Francisco Ant\u00fanez Espada.-Entrenador 1966-1967, dijo:<\/p>\n<p style=\"text-align: left\"><strong>&#8211;El gol ha sido una jugada imprevista,\u00a0 seguida de un doble fallo de dos defensas del Ceuta,\u00a0 como consecuencia de los imprevisto de los hechos.\u00a0 Esto, unido al bal\u00f3n que Escudero estrell\u00f3 en el larguero, en el \u00faltimo minuto del primer tiempo,\u00a0 obliga a pensar que el resultado justo debi\u00f3 ser el de empate a cero.<\/strong><\/p>\n<p style=\"text-align: left\">&#8211;\u00bfQue era lo que buscaba el Atl\u00e9tico de Ceuta?<\/p>\n<p style=\"text-align: left\"><strong>&#8211;Ven\u00edamos a por \u00e9l.\u00a0 Y lo hubi\u00e9semos conseguido de no haber surgido esa imprevista jugada y el doble fallo siguiente&#8230;<\/strong><\/p>\n<p style=\"text-align: left\">&#8211;\u00bfC\u00f3mo enjuicias la labor de tu equipo?<\/p>\n<p style=\"text-align: left\"><strong>&#8211;Voluntariosa y firme.\u00a0 Puso mucho empe\u00f1o.\u00a0 Por esto mereci\u00f3 mejor resultado.<\/strong><\/p>\n<p style=\"text-align: left\">&#8211;\u00bfEl del empate?<\/p>\n<p style=\"text-align: left\"><strong>&#8211;S\u00ed.<\/strong><\/p>\n<p style=\"text-align: left\">&#8211;Entonces, \u00bfqu\u00e9 opinas de la actuaci\u00f3n delReal Betis Balompi\u00e9?<\/p>\n<p style=\"text-align: left\"><strong><\/strong><strong>&#8211;La verdad,\u00a0 que no le dejamos respirar.\u00a0 Lo tuvimos ahogado.\u00a0 No hizo juego brillante.\u00a0 De no haber sido tan imprevista la internada que le abri\u00f3 el marcador,\u00a0 el\u00a0 Betis Balompi\u00e9,\u00a0 a esta hora,\u00a0 ten\u00eda en la suma un positivo menos.<\/strong><\/p>\n<p style=\"text-align: left\">&#8211;Las gentes dicen que el Ceuta ha empleado el supercerrojo&#8230;<\/p>\n<p style=\"text-align: left\"><strong>&#8211;\u00bfQu\u00e9 dice la cr\u00edtica?<\/strong><\/p>\n<p style=\"text-align: left\">&#8211;Ya lo leer\u00e1s.\u00a0 Pero,\u00a0 \u00bfqu\u00e9 manifiestas a este respecto el entrenador del Ceuta?<\/p>\n<p style=\"text-align: left\"><strong>&#8211;Que est\u00e1n equivocados quienes consideren la cosa de tal forma.\u00a0 No empleamos para nada el cerrojo.\u00a0 Implantamos un juego \u00abpor pares\u00bb que le hizo inc\u00f3moda la tarde al Real Betis Balompi\u00e9.\u00a0 Esto fue todo.\u00a0 De no haber sido por lo imprevisto de la internada de Grau,\u00a0 que nos cogi\u00f3 demasiado adelantados&#8230;<\/strong><\/p>\n<p style=\"text-align: left\">RESULTADOS DE LA VEINTE JORNADA LIGA SEGUNDA DIVISI\u00d3N-GRUPO SEGUNDO-TEMPORADA 1966-1967.-CLASIFICACI\u00d3N GENERAL POR EQUIPOS.<\/p>\n<p style=\"text-align: left\"><a href=\"https:\/\/i0.wp.com\/www.manquepierda.com\/historiarealbetis\/files\/2013\/02\/19670212d2g2.jpg?ssl=1\"><img data-recalc-dims=\"1\" loading=\"lazy\" decoding=\"async\" class=\"aligncenter size-large wp-image-26844\" alt=\"19670212d2g2\" src=\"https:\/\/i0.wp.com\/www.manquepierda.com\/historiarealbetis\/files\/2013\/02\/19670212d2g2.jpg?resize=765%2C1024&#038;ssl=1\" width=\"765\" height=\"1024\" srcset=\"https:\/\/i0.wp.com\/www.manquepierda.com\/historiarealbetis\/files\/2013\/02\/19670212d2g2.jpg?resize=765%2C1024&amp;ssl=1 765w, https:\/\/i0.wp.com\/www.manquepierda.com\/historiarealbetis\/files\/2013\/02\/19670212d2g2.jpg?resize=224%2C300&amp;ssl=1 224w, https:\/\/i0.wp.com\/www.manquepierda.com\/historiarealbetis\/files\/2013\/02\/19670212d2g2.jpg?w=940&amp;ssl=1 940w\" sizes=\"auto, (max-width: 765px) 100vw, 765px\" \/><\/a><\/p>\n<p style=\"text-align: center\"><a href=\"https:\/\/i0.wp.com\/www.manquepierda.com\/historiarealbetis\/files\/2013\/02\/RBB1CAC0.jpg?ssl=1\"><img data-recalc-dims=\"1\" loading=\"lazy\" decoding=\"async\" class=\"aligncenter size-medium wp-image-26845\" alt=\"RBB1CAC0\" src=\"https:\/\/i0.wp.com\/www.manquepierda.com\/historiarealbetis\/files\/2013\/02\/RBB1CAC0.jpg?resize=212%2C300&#038;ssl=1\" width=\"212\" height=\"300\" srcset=\"https:\/\/i0.wp.com\/www.manquepierda.com\/historiarealbetis\/files\/2013\/02\/RBB1CAC0.jpg?resize=212%2C300&amp;ssl=1 212w, https:\/\/i0.wp.com\/www.manquepierda.com\/historiarealbetis\/files\/2013\/02\/RBB1CAC0.jpg?resize=726%2C1024&amp;ssl=1 726w, https:\/\/i0.wp.com\/www.manquepierda.com\/historiarealbetis\/files\/2013\/02\/RBB1CAC0.jpg?resize=1024%2C1442&amp;ssl=1 1024w\" sizes=\"auto, (max-width: 212px) 100vw, 212px\" \/><\/a><\/p>\n<p style=\"text-align: left\">Colecci\u00f3n Particular.<\/p>\n<p style=\"text-align: left\">-Recortes de Prensa:<\/p>\n<p style=\"text-align: left\">\u00abHOJA DEL LUNES\u00bb.-Sevilla 13-Febrero-1967.-Titulares: \u00abEl Real Betis,\u00a0 aunque por la m\u00ednima, venci\u00f3 con todos los m\u00e9ritos al A. Ceuta\u00bb.-\u00abLas cosas del p\u00fablico\u00bb.-Cr\u00f3nica de IGARFE.-\u00abOpinan los Entrenadores\u00bb por BORBUJO.<\/p>\n<p style=\"text-align: center\"><a href=\"https:\/\/i0.wp.com\/www.manquepierda.com\/historiarealbetis\/files\/2013\/02\/Lorente-Vi%C3%B1eta.jpg?ssl=1\"><img data-recalc-dims=\"1\" loading=\"lazy\" decoding=\"async\" class=\"aligncenter size-medium wp-image-26843\" alt=\"Lorente-Vi\u00f1eta\" src=\"https:\/\/i0.wp.com\/www.manquepierda.com\/historiarealbetis\/files\/2013\/02\/Lorente-Vi%C3%B1eta.jpg?resize=196%2C300&#038;ssl=1\" width=\"196\" height=\"300\" srcset=\"https:\/\/i0.wp.com\/www.manquepierda.com\/historiarealbetis\/files\/2013\/02\/Lorente-Vi%C3%B1eta.jpg?resize=196%2C300&amp;ssl=1 196w, https:\/\/i0.wp.com\/www.manquepierda.com\/historiarealbetis\/files\/2013\/02\/Lorente-Vi%C3%B1eta.jpg?resize=672%2C1024&amp;ssl=1 672w, https:\/\/i0.wp.com\/www.manquepierda.com\/historiarealbetis\/files\/2013\/02\/Lorente-Vi%C3%B1eta.jpg?zoom=2&amp;resize=196%2C300&amp;ssl=1 392w, https:\/\/i0.wp.com\/www.manquepierda.com\/historiarealbetis\/files\/2013\/02\/Lorente-Vi%C3%B1eta.jpg?zoom=3&amp;resize=196%2C300&amp;ssl=1 588w\" sizes=\"auto, (max-width: 196px) 100vw, 196px\" \/><\/a><\/p>\n<p style=\"text-align: left\">MARCA-13-02-1967.-Clasificaci\u00f3n general y resultados.<\/p>\n<p style=\"text-align: left\">ABC-Sevilla, 14-02-1967.-\u00abUn solo gol en la meta ceut\u00ed\u00bb.-Fue corto el resultado victorioso de los b\u00e9ticos sobre el Atl\u00e9tico ceut\u00ed.-El \u00fanico tanto del partido fue conseguido por MONTANER,\u00a0 a pase de ROGELIO,\u00a0 que aprovech\u00f3 una indecisi\u00f3n del extremo derecha visitante, circunstancial defensor.-El cuadro verdiblanco se encontr\u00f3 con un rival tenaz y combativo,\u00a0 que se pleg\u00f3 a la defensiva e hizo muy dif\u00edcil la victoria de los locales.-Estos atacaron con frecuencia y dieron ocasi\u00f3n al meta Febrer de mostar su aptitudes.-Fotos Serrano.<\/p>\n","protected":false},"excerpt":{"rendered":"<p>1967-Febrero 12.-Domingo en la Ciudad del Betis.-Estadio BENITO VILLAMAR\u00cdN.-Crecido n\u00famero de espectadores. XX JORNADA LIGA SEGUNDA DIVISI\u00d3N-SEGUNDO GRUPO-TEMPORADA 1966-1967. Arbitr\u00f3 el colegiado Castellano \u00c1ngel Rodr\u00edguez Barroso.-\u00abFue constantemente protestado,\u00a0 por faltas que s\u00ed lo eran pero que se originaban en zonas sin trascendencia. Luego en el minuto 85, se produjo un penalti m\u00e1s aparatoso y claro&#8230;<\/p>\n","protected":false},"author":48,"featured_media":26817,"comment_status":"open","ping_status":"open","sticky":false,"template":"","format":"standard","meta":{"_kad_post_transparent":"","_kad_post_title":"","_kad_post_layout":"","_kad_post_sidebar_id":"","_kad_post_content_style":"","_kad_post_vertical_padding":"","_kad_post_feature":"","_kad_post_feature_position":"","_kad_post_header":false,"_kad_post_footer":false,"_kad_post_classname":"","_jetpack_memberships_contains_paid_content":false,"footnotes":"","jetpack_publicize_message":"","jetpack_publicize_feature_enabled":true,"jetpack_social_post_already_shared":true,"jetpack_social_options":{"image_generator_settings":{"template":"highway","default_image_id":0,"font":"","enabled":false},"version":2}},"categories":[902,1],"tags":[2224,1247,1262,17874],"class_list":["post-26816","post","type-post","status-publish","format-standard","has-post-thumbnail","hentry","category-1960-1969","category-portada","tag-1966-67","tag-1247","tag-atletico-ceuta","tag-liga-segunda-1966-67"],"jetpack_publicize_connections":[],"jetpack_featured_media_url":"https:\/\/i0.wp.com\/www.manquepierda.com\/historiarealbetis\/files\/2013\/02\/Temporada_1969-1970_2_Divisin.jpg?fit=800%2C540&ssl=1","jetpack_sharing_enabled":true,"jetpack_shortlink":"https:\/\/wp.me\/p1ij08-6Yw","jetpack-related-posts":[],"_links":{"self":[{"href":"https:\/\/www.manquepierda.com\/historiarealbetis\/wp-json\/wp\/v2\/posts\/26816","targetHints":{"allow":["GET"]}}],"collection":[{"href":"https:\/\/www.manquepierda.com\/historiarealbetis\/wp-json\/wp\/v2\/posts"}],"about":[{"href":"https:\/\/www.manquepierda.com\/historiarealbetis\/wp-json\/wp\/v2\/types\/post"}],"author":[{"embeddable":true,"href":"https:\/\/www.manquepierda.com\/historiarealbetis\/wp-json\/wp\/v2\/users\/48"}],"replies":[{"embeddable":true,"href":"https:\/\/www.manquepierda.com\/historiarealbetis\/wp-json\/wp\/v2\/comments?post=26816"}],"version-history":[{"count":1,"href":"https:\/\/www.manquepierda.com\/historiarealbetis\/wp-json\/wp\/v2\/posts\/26816\/revisions"}],"predecessor-version":[{"id":96603,"href":"https:\/\/www.manquepierda.com\/historiarealbetis\/wp-json\/wp\/v2\/posts\/26816\/revisions\/96603"}],"wp:featuredmedia":[{"embeddable":true,"href":"https:\/\/www.manquepierda.com\/historiarealbetis\/wp-json\/wp\/v2\/media\/26817"}],"wp:attachment":[{"href":"https:\/\/www.manquepierda.com\/historiarealbetis\/wp-json\/wp\/v2\/media?parent=26816"}],"wp:term":[{"taxonomy":"category","embeddable":true,"href":"https:\/\/www.manquepierda.com\/historiarealbetis\/wp-json\/wp\/v2\/categories?post=26816"},{"taxonomy":"post_tag","embeddable":true,"href":"https:\/\/www.manquepierda.com\/historiarealbetis\/wp-json\/wp\/v2\/tags?post=26816"}],"curies":[{"name":"wp","href":"https:\/\/api.w.org\/{rel}","templated":true}]}}