{"id":26929,"date":"2013-02-15T19:34:22","date_gmt":"2013-02-15T18:34:22","guid":{"rendered":"http:\/\/www.manquepierda.com\/historiarealbetis\/?p=26929"},"modified":"2024-08-08T20:37:11","modified_gmt":"2024-08-08T18:37:11","slug":"1948-febrero-15-tercera-division-sexto-grupo-real-betis-balompie-4-vs-avila-cf-0","status":"publish","type":"post","link":"https:\/\/www.manquepierda.com\/historiarealbetis\/1948-febrero-15-tercera-division-sexto-grupo-real-betis-balompie-4-vs-avila-cf-0\/","title":{"rendered":"1948-Febrero 15-Tercera Divisi\u00f3n-Sexto Grupo: Real Betis Balompi\u00e9-4 vs. \u00c1vila Cf-0."},"content":{"rendered":"<p><a href=\"https:\/\/i0.wp.com\/www.manquepierda.com\/historiarealbetis\/files\/2013\/02\/Exposici%C3%B3nIbcna.jpg?ssl=1\"><img data-recalc-dims=\"1\" loading=\"lazy\" decoding=\"async\" class=\"alignleft size-medium wp-image-26930\" alt=\"Exposici\u00f3nIbcna\" src=\"https:\/\/i0.wp.com\/www.manquepierda.com\/historiarealbetis\/files\/2013\/02\/Exposici%C3%B3nIbcna.jpg?resize=300%2C117&#038;ssl=1\" width=\"300\" height=\"117\" srcset=\"https:\/\/i0.wp.com\/www.manquepierda.com\/historiarealbetis\/files\/2013\/02\/Exposici%C3%B3nIbcna.jpg?resize=300%2C117&amp;ssl=1 300w, https:\/\/i0.wp.com\/www.manquepierda.com\/historiarealbetis\/files\/2013\/02\/Exposici%C3%B3nIbcna.jpg?w=400&amp;ssl=1 400w\" sizes=\"auto, (max-width: 300px) 100vw, 300px\" \/><\/a>1948-Febrero 15.-Domingo en la \u00abCiudad del Betis\u00bb.-Estadio Municipal de HELI\u00d3POLIS.-Buena entrada.<\/p>\n<p style=\"text-align: center\">XX JORNADA LIGA TERCERA DIVISI\u00d3N-SEXTO GRUPO-TEMPORADA 1947-1948.<\/p>\n<p style=\"text-align: center\">En la previa hubo intercambio de Banderines por parte de ambos Capitanes.<\/p>\n<p style=\"text-align: center\">Arbitr\u00f3 el colegiado del Sur Caballero.-Aline\u00f3 \u00e1:<\/p>\n<p style=\"text-align: center\"><a href=\"https:\/\/i0.wp.com\/www.manquepierda.com\/historiarealbetis\/files\/2013\/02\/1941-RBB2.jpg?ssl=1\"><img data-recalc-dims=\"1\" loading=\"lazy\" decoding=\"async\" class=\"aligncenter size-full wp-image-26755\" alt=\"1941-RBB\" src=\"https:\/\/i0.wp.com\/www.manquepierda.com\/historiarealbetis\/files\/2013\/02\/1941-RBB2.jpg?resize=154%2C154&#038;ssl=1\" width=\"154\" height=\"154\" srcset=\"https:\/\/i0.wp.com\/www.manquepierda.com\/historiarealbetis\/files\/2013\/02\/1941-RBB2.jpg?w=154&amp;ssl=1 154w, https:\/\/i0.wp.com\/www.manquepierda.com\/historiarealbetis\/files\/2013\/02\/1941-RBB2.jpg?resize=150%2C150&amp;ssl=1 150w, https:\/\/i0.wp.com\/www.manquepierda.com\/historiarealbetis\/files\/2013\/02\/1941-RBB2.jpg?resize=50%2C50&amp;ssl=1 50w\" sizes=\"auto, (max-width: 154px) 100vw, 154px\" \/><\/a>Segundo Clasificado.-REAL BETIS BALOMPI\u00c9-4 GOLES.<\/p>\n<p style=\"text-align: center\">MARCARON:<\/p>\n<p style=\"text-align: center\"><a href=\"https:\/\/i0.wp.com\/www.manquepierda.com\/historiarealbetis\/files\/2013\/02\/jos%C3%A9CABRERAbaz%C3%A1n.jpg?ssl=1\"><img data-recalc-dims=\"1\" loading=\"lazy\" decoding=\"async\" class=\"aligncenter size-medium wp-image-27234\" alt=\"jos\u00e9CABRERAbaz\u00e1n\" src=\"https:\/\/i0.wp.com\/www.manquepierda.com\/historiarealbetis\/files\/2013\/02\/jos%C3%A9CABRERAbaz%C3%A1n.jpg?resize=152%2C300&#038;ssl=1\" width=\"152\" height=\"300\" srcset=\"https:\/\/i0.wp.com\/www.manquepierda.com\/historiarealbetis\/files\/2013\/02\/jos%C3%A9CABRERAbaz%C3%A1n.jpg?resize=152%2C300&amp;ssl=1 152w, https:\/\/i0.wp.com\/www.manquepierda.com\/historiarealbetis\/files\/2013\/02\/jos%C3%A9CABRERAbaz%C3%A1n.jpg?resize=254%2C500&amp;ssl=1 254w, https:\/\/i0.wp.com\/www.manquepierda.com\/historiarealbetis\/files\/2013\/02\/jos%C3%A9CABRERAbaz%C3%A1n.jpg?w=506&amp;ssl=1 506w\" sizes=\"auto, (max-width: 152px) 100vw, 152px\" \/><\/a>3-CABRERA.<\/p>\n<p style=\"text-align: center\"><a href=\"https:\/\/i0.wp.com\/www.manquepierda.com\/historiarealbetis\/files\/2013\/02\/SAROAngelMart%C3%ADnRodr%C3%ADguez.jpg?ssl=1\"><img data-recalc-dims=\"1\" loading=\"lazy\" decoding=\"async\" class=\"aligncenter size-full wp-image-26932\" alt=\"SAROAngelMart\u00ednRodr\u00edguez\" src=\"https:\/\/i0.wp.com\/www.manquepierda.com\/historiarealbetis\/files\/2013\/02\/SAROAngelMart%C3%ADnRodr%C3%ADguez.jpg?resize=129%2C189&#038;ssl=1\" width=\"129\" height=\"189\" \/><\/a>1-SARO.<\/p>\n<p style=\"text-align: left\">Guardameta.-CALLER (30).<\/p>\n<p style=\"text-align: left\">Zagueros.-CALA (30)-PULIDO (25).<\/p>\n<p style=\"text-align: left\">Medios.-M\u00c1XIMO (27)-MAR\u00cdN-ESTEBAN (27).<\/p>\n<p style=\"text-align: left\">Delanteros.-SARO (38)-PE\u00d1A (25)-CABRERA (19)-BOR\u00cdN (29)-ERASMO (26).<\/p>\n<p style=\"text-align: left\"><a href=\"https:\/\/i0.wp.com\/www.manquepierda.com\/historiarealbetis\/files\/2013\/02\/Jos%C3%A9QuirantePineda.jpg?ssl=1\"><img data-recalc-dims=\"1\" loading=\"lazy\" decoding=\"async\" class=\"alignleft size-full wp-image-26935\" alt=\"Jos\u00e9QuirantePineda\" src=\"https:\/\/i0.wp.com\/www.manquepierda.com\/historiarealbetis\/files\/2013\/02\/Jos%C3%A9QuirantePineda.jpg?resize=206%2C300&#038;ssl=1\" width=\"206\" height=\"300\" \/><\/a>Entrenador Temporada 1947-1948.<\/p>\n<p style=\"text-align: center\"><strong>JOS\u00c9 QUIRANTE PINEDA (64 a\u00f1os).<\/strong><\/p>\n<p style=\"text-align: center\"><strong>XXXIV PRESIDENTE REAL BETIS BALOMPI\u00c9 1947-1948.<\/strong><\/p>\n<p style=\"text-align: center\"><a href=\"https:\/\/i0.wp.com\/www.manquepierda.com\/historiarealbetis\/files\/2013\/02\/FilomenoDeAspeMartinez.jpg?ssl=1\"><img data-recalc-dims=\"1\" loading=\"lazy\" decoding=\"async\" class=\"alignright size-medium wp-image-26936\" alt=\"FilomenoDeAspeMartinez\" src=\"https:\/\/i0.wp.com\/www.manquepierda.com\/historiarealbetis\/files\/2013\/02\/FilomenoDeAspeMartinez.jpg?resize=197%2C300&#038;ssl=1\" width=\"197\" height=\"300\" srcset=\"https:\/\/i0.wp.com\/www.manquepierda.com\/historiarealbetis\/files\/2013\/02\/FilomenoDeAspeMartinez.jpg?resize=197%2C300&amp;ssl=1 197w, https:\/\/i0.wp.com\/www.manquepierda.com\/historiarealbetis\/files\/2013\/02\/FilomenoDeAspeMartinez.jpg?w=670&amp;ssl=1 670w\" sizes=\"auto, (max-width: 197px) 100vw, 197px\" \/><\/a><\/p>\n<p style=\"text-align: center\"><a href=\"https:\/\/i0.wp.com\/www.manquepierda.com\/historiarealbetis\/files\/2013\/02\/ViudaFilomenoDeAspe.jpg?ssl=1\"><img data-recalc-dims=\"1\" loading=\"lazy\" decoding=\"async\" class=\"aligncenter size-medium wp-image-26937\" alt=\"ViudaFilomenoDeAspe\" src=\"https:\/\/i0.wp.com\/www.manquepierda.com\/historiarealbetis\/files\/2013\/02\/ViudaFilomenoDeAspe.jpg?resize=181%2C300&#038;ssl=1\" width=\"181\" height=\"300\" srcset=\"https:\/\/i0.wp.com\/www.manquepierda.com\/historiarealbetis\/files\/2013\/02\/ViudaFilomenoDeAspe.jpg?resize=181%2C300&amp;ssl=1 181w, https:\/\/i0.wp.com\/www.manquepierda.com\/historiarealbetis\/files\/2013\/02\/ViudaFilomenoDeAspe.jpg?resize=619%2C1024&amp;ssl=1 619w, https:\/\/i0.wp.com\/www.manquepierda.com\/historiarealbetis\/files\/2013\/02\/ViudaFilomenoDeAspe.jpg?resize=1024%2C1691&amp;ssl=1 1024w, https:\/\/i0.wp.com\/www.manquepierda.com\/historiarealbetis\/files\/2013\/02\/ViudaFilomenoDeAspe.jpg?w=1535&amp;ssl=1 1535w\" sizes=\"auto, (max-width: 181px) 100vw, 181px\" \/><\/a><\/p>\n<p style=\"text-align: center\"><strong>Don FILOMENO DE ASPE MART\u00cdNEZ (Industrial.-37 A\u00f1os).<\/strong><\/p>\n<p style=\"text-align: center\">OBITUARIOS REAL BETIS BALOMPI\u00c9:<\/p>\n<p style=\"text-align: left\">BOR\u00cdN (Salvador Hern\u00e1ndez Sargu\u00e9s).-CATARROJA (Valencia), Domingo 29-Diciembre-1918.-\u00cdDEM, Lunes 25-Agosto-1980.-D. E.<\/p>\n<p style=\"text-align: left\">CABRERA Baz\u00e1n, JOS\u00c9.-LA ALGABA (Sevilla), Martes 16-Octubre-1928.-SEVILLA, S\u00e1bado 28-Octubre-2007.-D. E. P.<\/p>\n<p style=\"text-align: left\">CALA Valiente, MANUEL.-MOR\u00d3N DE LA FRONTERA (Sevilla), Viernes 28-Diciembre-1917.-DOS HERMANAS (Sevilla), S\u00e1bado 10-Noviembre-2012.-D. E. P.<\/p>\n<p style=\"text-align: left\">CALLER Lombera, JOAQU\u00cdN.-MARR\u00d3N (Cantabria), S\u00e1bado 27-Octibre-1917.-AMPUERO (Cantabria), S\u00e1bado 31-Agosto-1991.-D. E. P.<\/p>\n<p style=\"text-align: left\"><strong>DE ASPE MART\u00cdNEZ, FILOMENO-34\u00ba Presidente.-SEVILLA, Domingo 10-Abril-1910.-\u00cdDEM, Jueves 04-Abril-1985.-D. E. P.<\/strong><\/p>\n<p style=\"text-align: left\">Fern\u00e1ndez Marcos, ERASMO.-NAVALMORAL DE PUSA (Toledo), Jueves 02-Junio-1921.<\/p>\n<p style=\"text-align: left\">Berros Carrasco, ESTEBAN.-SEVILLA, Martes 15-Noviembre-1927.-\u00cdDEM, Mi\u00e9rcoles 28-Noviembre-1999.-D. E. P.<\/p>\n<p style=\"text-align: left\">MAR\u00cdN-Mediocentro 1947-1948.<\/p>\n<p style=\"text-align: left\">Benito Velasco, M\u00c1XIMO.-ARRIGORRIAGA (Vizcaya), Lunes 12-Abril-1920.-\u00cdDEM, Viernes 12-Abril-1985.-D. E. P.<\/p>\n<p style=\"text-align: left\">PE\u00d1A Romero, ANTONIO.-SEVILLA, Lunes 01-Enero-1923.-\u00cdDEM, Jueves 12-Diciembre-1991.-D. E. P.<\/p>\n<p style=\"text-align: left\">Garc\u00eda PULIDO, JOS\u00c9.-SEVILLA, Jueves 20-Abril-1922.-\u00cdDEM, Lunes 21-Octubre-2002.-D. E. P.<\/p>\n<p style=\"text-align: left\"><strong>QUIRANTE PINEDA, JOS\u00c9.-COX (Alicante), Jueves 10-Mayo-1883.-BARCELONA, S\u00e1bado 30-Mayo-1964.-D. E. P.<\/strong><\/p>\n<p style=\"text-align: left\">SARO (\u00c1ngel Mart\u00edn\u00a0 Rodr\u00edguez).-VALLADOLID, Lunes 01-Marzo-1909.<\/p>\n<p style=\"text-align: center\"><a href=\"https:\/\/i0.wp.com\/www.manquepierda.com\/historiarealbetis\/files\/2013\/02\/%C3%ADndice2.jpeg?ssl=1\"><img data-recalc-dims=\"1\" loading=\"lazy\" decoding=\"async\" class=\"alignleft size-full wp-image-26938\" alt=\"\u00edndice\" src=\"https:\/\/i0.wp.com\/www.manquepierda.com\/historiarealbetis\/files\/2013\/02\/%C3%ADndice2.jpeg?resize=191%2C264&#038;ssl=1\" width=\"191\" height=\"264\" \/><\/a>Vs.<\/p>\n<p style=\"text-align: left\">11\u00ba Clasificado.-\u00c1VILA CLUB DE F\u00daTBOL-0 Tantos.<\/p>\n<p style=\"text-align: left\">GOYO (Portero).-M. SAUER-NAVARRO (Defensas).-RUBICHI-AGUST\u00cdN-LATORRE (Medios).-FUENTES-SANZ-J. SAUER-GALLO-LOSCO (Delanteros).<\/p>\n<p style=\"text-align: left\">RESULTADOS DE LA VEINTIUNA JORNADA LIGA TERCERA DIVISI\u00d3N-GRUPO SEXTO-TEMPORADA 1947-1948.-CLASIFICACI\u00d3N GENERAL POR EQUIPOS.<\/p>\n<p style=\"text-align: center\">Uni\u00f3n Deportiva Salamanca-4 vs. Tomelloso CF-1.<\/p>\n<p style=\"text-align: center\">Sociedad Deportiva Gimn\u00e1stica Segoviana-6 vs. Club Deportivo Cacere\u00f1o-0.<\/p>\n<p style=\"text-align: center\">Club Deportivo Toledo-5 vs. Agrupaci\u00f3n Deportiva Ferroviaria (Madrid)-0.<\/p>\n<p style=\"text-align: center\"><strong>Real Betis Balompi\u00e9-4 vs. \u00c1cila CF-0.<\/strong><\/p>\n<p style=\"text-align: center\">Agrupaci\u00f3n Deportiva Plus Ultra (Madrid)-6 vs. Club Deportivo Manchego-1.<\/p>\n<p style=\"text-align: center\">Club Deportivo Badajoz-5 vs. Agrupaci\u00f3n Recreativa Chamber\u00ed (Madrid)-1.<\/p>\n<p style=\"text-align: center\">CF Gimn\u00e1stico Alc\u00e1zar de San Juan-4 vs. Clu Deportivo Talavera-1.<\/p>\n<p style=\"text-align: left\">01\u00ba.-Uni\u00f3n Deportiva Salamanca-35 Puntos.-17g-1e-2p.-64-16 Goles Favor-Contra.<\/p>\n<p style=\"text-align: left\"><strong>02\u00ba.-REAL BETIS BALOMPI\u00c9-27 PUNTOS.-12-GANADOS,\u00a0 3-EMPATADOS,\u00a0 5-PERDIDOS.-44-GOLES A FAVOR\u00a0 Y\u00a0 14-TANTOS EN CONTRA.<\/strong><\/p>\n<p style=\"text-align: left\">03\u00ba.-Club Deportivo Badajoz-26 Puntos.-12g-2e-6p.-63-29 Tantos Favor-Contra.<\/p>\n<p style=\"text-align: left\">04\u00ba.-Agrupaci\u00f3n Deportiva Plus Ultra-25 Puntos.-11g-3e-6p.-63-32 Goles F-C.<\/p>\n<p style=\"text-align: left\">05\u00ba.-Sociedad Deportiva Gimn\u00e1stica Segoviana-25 Puntos.-11g-3e-6p.-54-39 Tantos F-C.<\/p>\n<p style=\"text-align: left\">06\u00ba.-Club Deportivo Cacere\u00f1o-23 Puntos.-10g-3e-7p.-48-49 Goles F-C.<\/p>\n<p style=\"text-align: left\">07\u00ba.-Club Deportivo Toledo-20 Puntos.-8g-4e-8p.-49-48 Tantos F-C.<\/p>\n<p style=\"text-align: left\">08\u00ba.-Club Deportivo Talavera de la Reina-18 Puntos.-8g-2e-10p.-53-60 Goles F-C.<\/p>\n<p style=\"text-align: left\">09\u00ba.-Tomelloso Club de F\u00fatbol-18 Puntos.-9g-0e-11p.-39-48 Tantos F-C.<\/p>\n<p style=\"text-align: left\">10\u00ba.-CF Gimn\u00e1stico Alc\u00e1zar de San Juan-16 Puntos.-6g-4e-10p.-31-56 Goles F-C.<\/p>\n<p style=\"text-align: left\">11\u00ba.-\u00c1vila Club de F\u00fatbol-7g-1e-12p.-42-45 Tantos F-C.<\/p>\n<p style=\"text-align: left\">12\u00ba.-Agrupaci\u00f3n Deportiva Ferroviaria (Madrid)-13 Puntos.-5g-3e-12p.-27-59 Goles F-C.<\/p>\n<p style=\"text-align: left\">13\u00ba.-Club Deportivo Manchego-11 Puntos.-4g-3e-13p.-22-52 Tantos F-C.<\/p>\n<p style=\"text-align: left\">14\u00ba.-Agrupaci\u00f3n Recreativa Chamber\u00ed (Madrid)-08 Puntos.-3g-2e-15p.-17-69 Goles Favor-Contra.<\/p>\n<p style=\"text-align: left\">Colecci\u00f3n Persoal.<\/p>\n<p style=\"text-align: left\">bdfutbol.com<\/p>\n<p style=\"text-align: center\">\n","protected":false},"excerpt":{"rendered":"<p>1948-Febrero 15.-Domingo en la \u00abCiudad del Betis\u00bb.-Estadio Municipal de HELI\u00d3POLIS.-Buena entrada. XX JORNADA LIGA TERCERA DIVISI\u00d3N-SEXTO GRUPO-TEMPORADA 1947-1948. En la previa hubo intercambio de Banderines por parte de ambos Capitanes. Arbitr\u00f3 el colegiado del Sur Caballero.-Aline\u00f3 \u00e1: Segundo Clasificado.-REAL BETIS BALOMPI\u00c9-4 GOLES. MARCARON: 3-CABRERA. 1-SARO. Guardameta.-CALLER (30). Zagueros.-CALA (30)-PULIDO (25). Medios.-M\u00c1XIMO (27)-MAR\u00cdN-ESTEBAN (27). Delanteros.-SARO (38)-PE\u00d1A&#8230;<\/p>\n","protected":false},"author":48,"featured_media":26930,"comment_status":"open","ping_status":"open","sticky":false,"template":"","format":"standard","meta":{"_kad_post_transparent":"","_kad_post_title":"","_kad_post_layout":"","_kad_post_sidebar_id":"","_kad_post_content_style":"","_kad_post_vertical_padding":"","_kad_post_feature":"","_kad_post_feature_position":"","_kad_post_header":false,"_kad_post_footer":false,"_kad_post_classname":"","_jetpack_memberships_contains_paid_content":false,"footnotes":"","jetpack_publicize_message":"","jetpack_publicize_feature_enabled":true,"jetpack_social_post_already_shared":true,"jetpack_social_options":{"image_generator_settings":{"template":"highway","default_image_id":0,"font":"","enabled":false},"version":2}},"categories":[900,1],"tags":[10150,995,17781,16498],"class_list":["post-26929","post","type-post","status-publish","format-standard","has-post-thumbnail","hentry","category-1940-1949","category-portada","tag-1947-48","tag-995","tag-liga-tercera-1947-48","tag-real-avila-club-de-futbol"],"jetpack_publicize_connections":[],"jetpack_featured_media_url":"https:\/\/i0.wp.com\/www.manquepierda.com\/historiarealbetis\/files\/2013\/02\/Exposici%C3%B3nIbcna.jpg?fit=400%2C156&ssl=1","jetpack_sharing_enabled":true,"jetpack_shortlink":"https:\/\/wp.me\/p1ij08-70l","jetpack-related-posts":[],"_links":{"self":[{"href":"https:\/\/www.manquepierda.com\/historiarealbetis\/wp-json\/wp\/v2\/posts\/26929","targetHints":{"allow":["GET"]}}],"collection":[{"href":"https:\/\/www.manquepierda.com\/historiarealbetis\/wp-json\/wp\/v2\/posts"}],"about":[{"href":"https:\/\/www.manquepierda.com\/historiarealbetis\/wp-json\/wp\/v2\/types\/post"}],"author":[{"embeddable":true,"href":"https:\/\/www.manquepierda.com\/historiarealbetis\/wp-json\/wp\/v2\/users\/48"}],"replies":[{"embeddable":true,"href":"https:\/\/www.manquepierda.com\/historiarealbetis\/wp-json\/wp\/v2\/comments?post=26929"}],"version-history":[{"count":1,"href":"https:\/\/www.manquepierda.com\/historiarealbetis\/wp-json\/wp\/v2\/posts\/26929\/revisions"}],"predecessor-version":[{"id":95618,"href":"https:\/\/www.manquepierda.com\/historiarealbetis\/wp-json\/wp\/v2\/posts\/26929\/revisions\/95618"}],"wp:featuredmedia":[{"embeddable":true,"href":"https:\/\/www.manquepierda.com\/historiarealbetis\/wp-json\/wp\/v2\/media\/26930"}],"wp:attachment":[{"href":"https:\/\/www.manquepierda.com\/historiarealbetis\/wp-json\/wp\/v2\/media?parent=26929"}],"wp:term":[{"taxonomy":"category","embeddable":true,"href":"https:\/\/www.manquepierda.com\/historiarealbetis\/wp-json\/wp\/v2\/categories?post=26929"},{"taxonomy":"post_tag","embeddable":true,"href":"https:\/\/www.manquepierda.com\/historiarealbetis\/wp-json\/wp\/v2\/tags?post=26929"}],"curies":[{"name":"wp","href":"https:\/\/api.w.org\/{rel}","templated":true}]}}