{"id":27118,"date":"2013-02-21T14:10:06","date_gmt":"2013-02-21T13:10:06","guid":{"rendered":"http:\/\/www.manquepierda.com\/historiarealbetis\/?p=27118"},"modified":"2024-08-11T18:27:52","modified_gmt":"2024-08-11T16:27:52","slug":"1960-febrero-21-primera-division-real-betis-balompie-3-vs-club-atletico-osasuna-0","status":"publish","type":"post","link":"https:\/\/www.manquepierda.com\/historiarealbetis\/1960-febrero-21-primera-division-real-betis-balompie-3-vs-club-atletico-osasuna-0\/","title":{"rendered":"1960-Febrero 21-Primera-Real Betis Balompi\u00e9-3 C.Atl\u00e9tico Osasuna-0.-56Aniversario."},"content":{"rendered":"<p style=\"text-align: justify\">XXIX EDICI\u00d3N-CAMPEONATO NACIONAL LIGA PRIMERA DIVISI\u00d3N-TEMPORADA 1959-1960 DESDE DOMINGO 13 DE SEPTIEMBRE DE 1959 HASTA DOMINGO 17 DE ABRIL DE 1960, AMBAS FECHAS INCLUSIVE.<\/p>\n<figure id=\"attachment_47608\" aria-describedby=\"caption-attachment-47608\" style=\"width: 680px\" class=\"wp-caption aligncenter\"><img data-recalc-dims=\"1\" loading=\"lazy\" decoding=\"async\" class=\"size-medium wp-image-47608\" src=\"https:\/\/i0.wp.com\/www.manquepierda.com\/historiarealbetis\/files\/2013\/02\/19600222-Seraf%C3%ADn.jpg?resize=680%2C482&#038;ssl=1\" alt=\"mmmm\" width=\"680\" height=\"482\" srcset=\"https:\/\/i0.wp.com\/www.manquepierda.com\/historiarealbetis\/files\/2013\/02\/19600222-Seraf%C3%ADn.jpg?resize=680%2C482&amp;ssl=1 680w, https:\/\/i0.wp.com\/www.manquepierda.com\/historiarealbetis\/files\/2013\/02\/19600222-Seraf%C3%ADn.jpg?resize=220%2C156&amp;ssl=1 220w, https:\/\/i0.wp.com\/www.manquepierda.com\/historiarealbetis\/files\/2013\/02\/19600222-Seraf%C3%ADn.jpg?resize=768%2C544&amp;ssl=1 768w, https:\/\/i0.wp.com\/www.manquepierda.com\/historiarealbetis\/files\/2013\/02\/19600222-Seraf%C3%ADn.jpg?resize=960%2C680&amp;ssl=1 960w, https:\/\/i0.wp.com\/www.manquepierda.com\/historiarealbetis\/files\/2013\/02\/19600222-Seraf%C3%ADn.jpg?w=1442&amp;ssl=1 1442w\" sizes=\"auto, (max-width: 680px) 100vw, 680px\" \/><figcaption id=\"caption-attachment-47608\" class=\"wp-caption-text\"><em><strong>\u00abEusebio, en un decidido despeje con el pie protegido por Ciaurriz, consigue alejar el bal\u00f3n a cuyo remate acud\u00eda Lu\u00eds Del Sol. Al fondo, Isidro sigue atento la jugada\u00bb.-<\/strong><\/em>Foto SERAF\u00cdN-\u00abHOJA DEL LUNES\u00bb-Sevilla, 22-02.1960.<\/figcaption><\/figure>\n<p style=\"text-align: justify\"><strong>1960-FEBRERO 21-DOMINGO-ESTADIO MUNICIPAL DE \u00abHELI\u00d3POLIS\u00bb (C\u00e9sped 107X64 METROS.-CAPACIDAD 16.060 ESPECTADORES)-13\u00ba PARTIDO DE ABONO.-16&#8217;30 HORAS-23\u00aa JORNADA.-CLAVE MARCADOR SIMULT\u00c1NEO \u00abDARDO\u00bb: <em>\u00abReloj DOGMA\u00bb.<\/em><\/strong><\/p>\n<p style=\"text-align: justify\"><em><strong>\u00abEl p\u00fablico estuvo entusiasta con el Real Betis Balompi\u00e9, y algo chill\u00f3n, a veces, con el Club Atl\u00e9tico Osasuna, al que despidi\u00f3 con algunos silbidos. Hubo casi un lleno.<\/strong><\/em><\/p>\n<p style=\"text-align: justify\"><em><strong>El arbitraje del se\u00f1or Marr\u00f3n se mantuvo totalmente imparcial y en nada influy\u00f3 en cuanto al resultado. Adem\u00e1s, los jugadores tampoco le ofrecieron muchas dificultades, aunque se jug\u00f3 fuerte, pero no con mala intenci\u00f3n\u00bb<\/strong><\/em>.-Ignacio Garc\u00eda Ferreira.<\/p>\n<p style=\"text-align: right\"><img data-recalc-dims=\"1\" loading=\"lazy\" decoding=\"async\" class=\"alignright size-thumbnail wp-image-47609\" src=\"https:\/\/i0.wp.com\/www.manquepierda.com\/historiarealbetis\/files\/2013\/02\/emm.jpg?resize=149%2C220&#038;ssl=1\" alt=\"emm\" width=\"149\" height=\"220\" srcset=\"https:\/\/i0.wp.com\/www.manquepierda.com\/historiarealbetis\/files\/2013\/02\/emm.jpg?resize=149%2C220&amp;ssl=1 149w, https:\/\/i0.wp.com\/www.manquepierda.com\/historiarealbetis\/files\/2013\/02\/emm.jpg?resize=407%2C600&amp;ssl=1 407w, https:\/\/i0.wp.com\/www.manquepierda.com\/historiarealbetis\/files\/2013\/02\/emm.jpg?resize=768%2C1131&amp;ssl=1 768w, https:\/\/i0.wp.com\/www.manquepierda.com\/historiarealbetis\/files\/2013\/02\/emm.jpg?resize=475%2C700&amp;ssl=1 475w, https:\/\/i0.wp.com\/www.manquepierda.com\/historiarealbetis\/files\/2013\/02\/emm.jpg?w=772&amp;ssl=1 772w\" sizes=\"auto, (max-width: 149px) 100vw, 149px\" \/><\/p>\n<p style=\"text-align: justify\">Enrique BARR\u00d3N MART\u00cdN del Colegio Castellano, 18 a\u00f1os de \u00e1rbitro. 15 en categor\u00eda nacional.-EXPLICA (Entrevistado por BORMUJO para \u00abHoja del Lunes\u00bb-Sevilla):<\/p>\n<p style=\"text-align: justify\">&#8211;\u00bfEstaba rota la red cuando el bal\u00f3n entr\u00f3 en la porter\u00eda del Osasuna y Vila reclamaba gol, como consecuencia al desafortunado despeje de un defensa visitante?<\/p>\n<p style=\"text-align: justify\"><strong>&#8211;La pelota penetr\u00f3 en la red por el boquete producido en la misma al contacto con el bal\u00f3n.<\/strong><\/p>\n<p style=\"text-align: justify\">&#8211;\u00bfQu\u00e9 sancion\u00f3 en aquella jugada que fall\u00f3 Otero cuando \u00abAreta III\u00bb se dispon\u00eda a chutar con la puerta local batida?<\/p>\n<p style=\"text-align: justify\"><strong>&#8211;Areta desplaz\u00f3 con el codo al contrario y sancion\u00e9 dicha falta.<\/strong><\/p>\n<p style=\"text-align: justify\">&#8211;\u00bfC\u00f3mo apreci\u00f3 la jugada en que Alberto retuvo a Vila por la cintura, dentro del \u00e1rea, cuando \u00e9ste se dispon\u00eda a chutar?<\/p>\n<p style=\"text-align: justify\"><strong>&#8211;No vi el agarr\u00f3n, por estar en aquel momento tapado por dos jugadores y sin visi\u00f3n, por lo que no pude tomar una determinaci\u00f3n grave s\u00f3lo por la reclamaci\u00f3n de los dem\u00e1s, cuando yo nada hab\u00eda visto.<\/strong><\/p>\n<p style=\"text-align: justify\">&#8211;\u00bfRecuerda aquel partido en el viejo campo de \u00abNervi\u00f3n\u00bb, con motivo de una Sevilla-Murcia, y que se origin\u00f3 tan grave tormenta que le oblig\u00f3 a suspender el encuentro cinco minutos antes del final?<\/p>\n<p style=\"text-align: justify\"><strong>&#8211;\u00a1Claro que lo recuerdo\u00a1 Y mucho. Precisamente si lo hab\u00eda olvidado, la ma\u00f1anita que ha hecho me lo record\u00f3, pues llov\u00eda con la misma fuerza. \u00a1Y hasta tron\u00f3\u00a1<\/strong><\/p>\n<p style=\"text-align: justify\">Marr\u00f3n es hombre de buena memoria y con buen humor\u00bb.<\/p>\n<p style=\"text-align: justify\"><em><strong>\u00abEl bal\u00f3n utilizado en este partido ha sido un \u00abArza I\u00bb, adquirido en \u00abDeportes Arza\u00bb, calle Santa Mar\u00eda de Gracia n\u00ba 3&#8243;.-Remitido.<\/strong><\/em><\/p>\n<p style=\"text-align: justify\"><em><strong>4\u00ba CLASIFICADO CON 29 PUNTOS Y+5 POSTIVOS (13-GANADOS+3-EMPATADOS+7-PERDIDOS) 36 GOLES A FAVOR Y 36 TANTOS EN CONTRA.<\/strong><\/em><\/p>\n<p style=\"text-align: justify\"><a href=\"https:\/\/i0.wp.com\/www.manquepierda.com\/historiarealbetis\/files\/2013\/02\/252809_221386581213812_6901664_n.jpg?ssl=1\"><img data-recalc-dims=\"1\" loading=\"lazy\" decoding=\"async\" class=\"size-medium wp-image-26668 alignleft\" src=\"https:\/\/i0.wp.com\/www.manquepierda.com\/historiarealbetis\/files\/2013\/02\/252809_221386581213812_6901664_n.jpg?resize=300%2C225&#038;ssl=1\" alt=\"252809_221386581213812_6901664_n\" width=\"300\" height=\"225\" srcset=\"https:\/\/i0.wp.com\/www.manquepierda.com\/historiarealbetis\/files\/2013\/02\/252809_221386581213812_6901664_n.jpg?resize=300%2C225&amp;ssl=1 300w, https:\/\/i0.wp.com\/www.manquepierda.com\/historiarealbetis\/files\/2013\/02\/252809_221386581213812_6901664_n.jpg?w=720&amp;ssl=1 720w\" sizes=\"auto, (max-width: 300px) 100vw, 300px\" \/><\/a><img data-recalc-dims=\"1\" loading=\"lazy\" decoding=\"async\" class=\"size-thumbnail wp-image-47612 alignright\" src=\"https:\/\/i0.wp.com\/www.manquepierda.com\/historiarealbetis\/files\/2013\/02\/PresidenteBenitoVillamar%C3%ADnPrieto-1.jpg?resize=220%2C195&#038;ssl=1\" alt=\"PresidenteBenitoVillamar\u00ednPrieto\" width=\"220\" height=\"195\" srcset=\"https:\/\/i0.wp.com\/www.manquepierda.com\/historiarealbetis\/files\/2013\/02\/PresidenteBenitoVillamar%C3%ADnPrieto-1.jpg?resize=220%2C195&amp;ssl=1 220w, https:\/\/i0.wp.com\/www.manquepierda.com\/historiarealbetis\/files\/2013\/02\/PresidenteBenitoVillamar%C3%ADnPrieto-1.jpg?resize=677%2C600&amp;ssl=1 677w, https:\/\/i0.wp.com\/www.manquepierda.com\/historiarealbetis\/files\/2013\/02\/PresidenteBenitoVillamar%C3%ADnPrieto-1.jpg?resize=768%2C681&amp;ssl=1 768w, https:\/\/i0.wp.com\/www.manquepierda.com\/historiarealbetis\/files\/2013\/02\/PresidenteBenitoVillamar%C3%ADnPrieto-1.jpg?resize=790%2C700&amp;ssl=1 790w, https:\/\/i0.wp.com\/www.manquepierda.com\/historiarealbetis\/files\/2013\/02\/PresidenteBenitoVillamar%C3%ADnPrieto-1.jpg?w=1719&amp;ssl=1 1719w\" sizes=\"auto, (max-width: 220px) 100vw, 220px\" \/><strong>XXXIX Presidente desde s\u00e1bado 21 de Mayo de 1955 hasta el martes 07 de Diciembre de 1965, en que present\u00f3 su carta de dimisi\u00f3n con motivo de su grav\u00edsima enfermedad de c\u00e1ncer de pulm\u00f3n.<\/strong><\/p>\n<p style=\"text-align: justify\"><em><strong>Don Benito VILLAMAR\u00cdN PRIETO (41 a\u00f1os+6 meses)-Industrial.-Natural de PUGA-To\u00e9n (Ourense), mi\u00e9rcoles 21 de Agosto de 1918.-Obituario en Sevilla, lunes 15 de Agosto de 1966 (48 A\u00f1os menos 6 d\u00edas) D. E. P.<\/strong><\/em><\/p>\n<p style=\"text-align: justify\"><strong>1\/2 Entrenador-Temporada 1959-1960, desde la 11\u00ba hasta la 30\u00aa Jornada, ambas inclusive: Sabino BARINAGA ALBERDI (37 a\u00f1os+6 meses+6 d\u00edas)-Natural de Durango (Vizcaya), martes 15 de Agosto de 1922.-Obituario en Madrid, s\u00e1bado 19 de Marzo de 1988 (65 A\u00f1os+7 meses+4 d\u00edas) D. E. P.<\/strong><\/p>\n<p style=\"text-align: justify\"><a href=\"https:\/\/i0.wp.com\/www.manquepierda.com\/historiarealbetis\/files\/2013\/02\/Sabino-Barinaga2.jpg?ssl=1\"><img data-recalc-dims=\"1\" loading=\"lazy\" decoding=\"async\" class=\"alignleft size-full wp-image-27019\" src=\"https:\/\/i0.wp.com\/www.manquepierda.com\/historiarealbetis\/files\/2013\/02\/Sabino-Barinaga2.jpg?resize=220%2C207&#038;ssl=1\" alt=\"Sabino-Barinaga\" width=\"220\" height=\"207\" \/><\/a>\u00abLOS ENTRENADORES HABLAN DEL ENCUENTRO\u00bb POR BORMUJO-\u00abHOJA DEL LUNES\u00bb-SEVILLA 22-FEBRERO-1960: <em><strong>\u00abA BARINAGA LE HUBIESE GUSTADO QUE GANASE LOS DOS\u00bb.<\/strong><\/em><\/p>\n<p style=\"text-align: justify\">Esto fue lo primero que dijo Barinaga cuando le requerimos pata el di\u00e1logo:<\/p>\n<p style=\"text-align: justify\"><strong>&#8211;Hace tiempo que no pasaba m\u00e1s mal rato, en un partido de f\u00fatbol, como el que acabo de padecer.<\/strong><\/p>\n<p style=\"text-align: justify\">&#8211;\u00bfPor qu\u00e9?<\/p>\n<p style=\"text-align: justify\"><strong>&#8211;Porque en el terreno de juego hab\u00eda 22 jugadores a los que le tengo un gran afecto. De verdad que hoy me hubiese gustado que los dos equipos ganasen.<\/strong><\/p>\n<p style=\"text-align: justify\">&#8211;\u00bfUn empate?<\/p>\n<p style=\"text-align: justify\"><strong>&#8211;\u00a1No\u00a1 \u00a1Que triunfaran los dos\u00a1<\/strong><\/p>\n<p style=\"text-align: justify\">&#8211;\u00bfQu\u00e9 ha sido lo que m\u00e1s le perjudic\u00f3, esta tarde al Betis?<\/p>\n<p style=\"text-align: justify\"><strong>&#8211;El estado del terreno. No estaba mal, pero si h\u00famedo y en \u00e9l no pod\u00eda desarrollarse el juego veloz y rasero que tanto favorece y caracteriza a mi actual conjunto.<\/strong><\/p>\n<p style=\"text-align: justify\">&#8211;\u00bfEntonces no est\u00e1 contento?&#8230;<\/p>\n<p style=\"text-align: justify\"><strong>&#8211;Lo estoy porque el Real Betis Balompi\u00e9 va hacia adelante.<\/strong><\/p>\n<p style=\"text-align: justify\">&#8211;\u00bfQue le pareci\u00f3 el Club Atl\u00e9tico Osasuna?<\/p>\n<p style=\"text-align: justify\"><strong>&#8211;Es equipo muy joven. Y esto significa mucho para el futuro. Caso de descender&#8211;lo que todav\u00eda puede evitarse&#8211;tendr\u00eda simplicado el retorno a la m\u00e1xima categor\u00eda, porque este equipo joven estar\u00eda para entonces en condiciones de responder en magn\u00edficas formas. Se lo que valen todos sus hombres y por ello tengo confianza ciega en el porvenir de esos muchachos.<\/strong><\/p>\n<p style=\"text-align: justify\">Barinaga, por lo visto, tuvo ayer que dividir su coraz\u00f3n en dos mitades. Sabino Barinaga es hombre con sentimientos y muy agradecido. Y con Sabino Barinaga Alberdi, Pamplona y la afici\u00f3n navarra se port\u00f3 maravillosamente. Como es peculiar en aquella bella tierra. \u00a1Esas \u00abcosas\u00bb no la olvidan nunca los hombres de verdad\u00a1\u00bb.<\/p>\n<p style=\"text-align: center\"><a href=\"https:\/\/i0.wp.com\/www.manquepierda.com\/historiarealbetis\/files\/2013\/02\/1957-RBB2.jpg?ssl=1\"><img data-recalc-dims=\"1\" loading=\"lazy\" decoding=\"async\" class=\"aligncenter size-full wp-image-27083\" src=\"https:\/\/i0.wp.com\/www.manquepierda.com\/historiarealbetis\/files\/2013\/02\/1957-RBB2.jpg?resize=154%2C154&#038;ssl=1\" alt=\"1957-RBB\" width=\"154\" height=\"154\" srcset=\"https:\/\/i0.wp.com\/www.manquepierda.com\/historiarealbetis\/files\/2013\/02\/1957-RBB2.jpg?w=154&amp;ssl=1 154w, https:\/\/i0.wp.com\/www.manquepierda.com\/historiarealbetis\/files\/2013\/02\/1957-RBB2.jpg?resize=150%2C150&amp;ssl=1 150w, https:\/\/i0.wp.com\/www.manquepierda.com\/historiarealbetis\/files\/2013\/02\/1957-RBB2.jpg?resize=50%2C50&amp;ssl=1 50w\" sizes=\"auto, (max-width: 154px) 100vw, 154px\" \/><\/a><strong>REAL BETIS BALOMPI\u00c9-3 GOLES.<\/strong><\/p>\n<p style=\"text-align: center\"><img data-recalc-dims=\"1\" loading=\"lazy\" decoding=\"async\" class=\"aligncenter size-thumbnail wp-image-47574\" src=\"https:\/\/i0.wp.com\/www.manquepierda.com\/historiarealbetis\/files\/2013\/02\/Juan-Ignacio-OTERO-Couceiro-1.jpg?resize=135%2C220&#038;ssl=1\" alt=\"Juan Ignacio OTERO Couceiro\" width=\"135\" height=\"220\" srcset=\"https:\/\/i0.wp.com\/www.manquepierda.com\/historiarealbetis\/files\/2013\/02\/Juan-Ignacio-OTERO-Couceiro-1.jpg?resize=135%2C220&amp;ssl=1 135w, https:\/\/i0.wp.com\/www.manquepierda.com\/historiarealbetis\/files\/2013\/02\/Juan-Ignacio-OTERO-Couceiro-1.jpg?resize=367%2C600&amp;ssl=1 367w, https:\/\/i0.wp.com\/www.manquepierda.com\/historiarealbetis\/files\/2013\/02\/Juan-Ignacio-OTERO-Couceiro-1.jpg?resize=768%2C1255&amp;ssl=1 768w, https:\/\/i0.wp.com\/www.manquepierda.com\/historiarealbetis\/files\/2013\/02\/Juan-Ignacio-OTERO-Couceiro-1.jpg?resize=428%2C700&amp;ssl=1 428w, https:\/\/i0.wp.com\/www.manquepierda.com\/historiarealbetis\/files\/2013\/02\/Juan-Ignacio-OTERO-Couceiro-1.jpg?w=1878&amp;ssl=1 1878w\" sizes=\"auto, (max-width: 135px) 100vw, 135px\" \/><\/p>\n<p style=\"text-align: justify\"><strong>1-Guardameta (Imbatido marco Verdiblanco).-Juan Ignacio OTERO Couceiro (30 a\u00f1os+8 meses+20 d\u00edas)-Natural de A Coru\u00f1a, s\u00e1bado 1\u00ba de Junio de 1929.<\/strong><\/p>\n<p style=\"text-align: center\"><strong>Zagueros:<\/strong><\/p>\n<p style=\"text-align: justify\"><strong>2-Lateral Diestro.-Francisco GRAU Pla.-<\/strong><strong>5-Central.-Eusebio R\u00cdOS Fern\u00e1ndez.-3-Lateral Zurdo.-Fernando SANTOS Serna.<\/strong><\/p>\n<p style=\"text-align: center\"><strong>Medios:<\/strong><\/p>\n<p style=\"text-align: justify\"><strong>4-Diestro.-Andr\u00e9s BOSCH Pujol.-6-Zurdo.-Jos\u00e9 VALDERAS Rum\u00ed.<\/strong><\/p>\n<p style=\"text-align: center\"><strong>Delanteros:<\/strong><\/p>\n<p style=\"text-align: justify\"><strong>7-Extremo Diestro.-Le\u00f3n LASA M\u00fajica.-8-Interior Diestro.-Jorge VILA Soler.<\/strong><\/p>\n<p style=\"text-align: left\"><a href=\"https:\/\/i0.wp.com\/www.manquepierda.com\/historiarealbetis\/files\/2013\/02\/AlfredoHUGOROJASDelinge.jpg?ssl=1\"><img data-recalc-dims=\"1\" loading=\"lazy\" decoding=\"async\" class=\"aligncenter size-medium wp-image-27124\" src=\"https:\/\/i0.wp.com\/www.manquepierda.com\/historiarealbetis\/files\/2013\/02\/AlfredoHUGOROJASDelinge.jpg?resize=221%2C300&#038;ssl=1\" alt=\"AlfredoHUGOROJASDelinge\" width=\"221\" height=\"300\" srcset=\"https:\/\/i0.wp.com\/www.manquepierda.com\/historiarealbetis\/files\/2013\/02\/AlfredoHUGOROJASDelinge.jpg?resize=221%2C300&amp;ssl=1 221w, https:\/\/i0.wp.com\/www.manquepierda.com\/historiarealbetis\/files\/2013\/02\/AlfredoHUGOROJASDelinge.jpg?w=469&amp;ssl=1 469w\" sizes=\"auto, (max-width: 221px) 100vw, 221px\" \/><\/a><\/p>\n<p style=\"text-align: justify\"><em><strong>3-0.-73 minutos.-\u00abEl m\u00e1s espl\u00e9ndido y espectacular gol de la tarde. La jugada estuvo a cargo de Lu\u00eds Del Sol, que, tras sortear a toda la defensa navarra, entreg\u00f3 el esf\u00e9rico en corto a Rojas. \u00c9ste, sin parar, archisuperior chut potent\u00edsimo y bal\u00f3n entr\u00f3 por el \u00e1ngulo derecho&#8211;como una pedrada&#8211;en el marco defendido por Eusebio Sanz S\u00e1inz. El p\u00fablico, justamente, premi\u00f3 con una ovaci\u00f3n la jugada y tanto de los verdiblancos\u00bb.<\/strong><\/em><\/p>\n<p style=\"text-align: justify\"><strong>9-Centro Delantero-Ariete.-Alfredo Hugo ROJAS Delinge (23 a\u00f1os+1 d\u00eda)-Natural de Lan\u00fas (Argentina), s\u00e1bado 20 de Febrero de 1937.<\/strong><\/p>\n<p style=\"text-align: center\"><img data-recalc-dims=\"1\" loading=\"lazy\" decoding=\"async\" class=\"aligncenter size-thumbnail wp-image-47614\" src=\"https:\/\/i0.wp.com\/www.manquepierda.com\/historiarealbetis\/files\/2013\/02\/ISIDROS%C3%81NCHEZgarc%C3%ADa-figueras.jpg?resize=118%2C220&#038;ssl=1\" alt=\"ISIDROS\u00c1NCHEZgarc\u00eda-figueras\" width=\"118\" height=\"220\" srcset=\"https:\/\/i0.wp.com\/www.manquepierda.com\/historiarealbetis\/files\/2013\/02\/ISIDROS%C3%81NCHEZgarc%C3%ADa-figueras.jpg?resize=118%2C220&amp;ssl=1 118w, https:\/\/i0.wp.com\/www.manquepierda.com\/historiarealbetis\/files\/2013\/02\/ISIDROS%C3%81NCHEZgarc%C3%ADa-figueras.jpg?resize=321%2C600&amp;ssl=1 321w, https:\/\/i0.wp.com\/www.manquepierda.com\/historiarealbetis\/files\/2013\/02\/ISIDROS%C3%81NCHEZgarc%C3%ADa-figueras.jpg?resize=768%2C1435&amp;ssl=1 768w, https:\/\/i0.wp.com\/www.manquepierda.com\/historiarealbetis\/files\/2013\/02\/ISIDROS%C3%81NCHEZgarc%C3%ADa-figueras.jpg?resize=375%2C700&amp;ssl=1 375w, https:\/\/i0.wp.com\/www.manquepierda.com\/historiarealbetis\/files\/2013\/02\/ISIDROS%C3%81NCHEZgarc%C3%ADa-figueras.jpg?w=1578&amp;ssl=1 1578w\" sizes=\"auto, (max-width: 118px) 100vw, 118px\" \/><\/p>\n<p style=\"text-align: justify\"><em><strong>\u00abLa presi\u00f3n verdiblanca, con Bosch en cu\u00f1a, Del Sol desde atr\u00e1s, y, Valderas y Santos apoyando los ataques, fue haci\u00e9ndose ostensible. Lasa hac\u00eda sus caracter\u00edsticas internadas, y:<\/strong><\/em><\/p>\n<p style=\"text-align: justify\"><em><strong>1-0.-50 minutos.-Valderas saca una falta con temple, y el cabezazo de ISIDRO impulsa el bal\u00f3n junto al poste izquierdo, haciendo in\u00fatil la desesperada estirada del meta Eusebio.<\/strong><\/em><\/p>\n<p style=\"text-align: justify\"><em><strong>2-0.-55 minutos.-Fue lanzado el 12\u00ba c\u00f3rner contra Eusebio Sanz, e ISIDRO S\u00e1nchez, con la testa, envi\u00f3 el cuero al fondo de las mallas pamplonicas.<\/strong><\/em><\/p>\n<p style=\"text-align: justify\"><strong>10-Interior Zurdo.-ISIDRO S\u00e1nchez Garc\u00eda-Figueras (23 a\u00f1os+2 meses+4 d\u00edas)-Natural de Jerez de la Frontera (C\u00e1diz), jueves 17 de Diciembre de 1936.-Obituario en Sevilla, lunes 02 de Septiembre de 2013 (76 A\u00f1os+9 meses menos 15 d\u00edas) D. E. P.<\/strong><\/p>\n<p style=\"text-align: center\"><img data-recalc-dims=\"1\" loading=\"lazy\" decoding=\"async\" class=\"aligncenter size-medium wp-image-47615\" src=\"https:\/\/i0.wp.com\/www.manquepierda.com\/historiarealbetis\/files\/2013\/02\/19600223vf.jpg?resize=387%2C600&#038;ssl=1\" alt=\"19600223vf\" width=\"387\" height=\"600\" srcset=\"https:\/\/i0.wp.com\/www.manquepierda.com\/historiarealbetis\/files\/2013\/02\/19600223vf.jpg?resize=387%2C600&amp;ssl=1 387w, https:\/\/i0.wp.com\/www.manquepierda.com\/historiarealbetis\/files\/2013\/02\/19600223vf.jpg?resize=142%2C220&amp;ssl=1 142w, https:\/\/i0.wp.com\/www.manquepierda.com\/historiarealbetis\/files\/2013\/02\/19600223vf.jpg?resize=451%2C700&amp;ssl=1 451w, https:\/\/i0.wp.com\/www.manquepierda.com\/historiarealbetis\/files\/2013\/02\/19600223vf.jpg?w=679&amp;ssl=1 679w\" sizes=\"auto, (max-width: 387px) 100vw, 387px\" \/><\/p>\n<p style=\"text-align: justify\"><strong>11-Extremo Zurdo.-Lu\u00eds DEL SOL Cascajares.-<\/strong>Vi\u00f1eta Vicente Flores.-ABC-Sevilla-1960023-Martes.<\/p>\n<p style=\"text-align: center\">Vs.<\/p>\n<p style=\"text-align: justify\">15\u00ba CLASIFICADO CON 12 PUNTOS Y MENOS 10-NEGATIVOS (5ganados+2empatados+16perdidos) 29-60 TANTOS FAVOR-CONTRA.<\/p>\n<p style=\"text-align: center\"><img data-recalc-dims=\"1\" loading=\"lazy\" decoding=\"async\" class=\"aligncenter size-thumbnail wp-image-47616\" src=\"https:\/\/i0.wp.com\/www.manquepierda.com\/historiarealbetis\/files\/2013\/02\/CATO1956.jpg?resize=157%2C220&#038;ssl=1\" alt=\"CATO1956\" width=\"157\" height=\"220\" srcset=\"https:\/\/i0.wp.com\/www.manquepierda.com\/historiarealbetis\/files\/2013\/02\/CATO1956.jpg?resize=157%2C220&amp;ssl=1 157w, https:\/\/i0.wp.com\/www.manquepierda.com\/historiarealbetis\/files\/2013\/02\/CATO1956.jpg?resize=428%2C600&amp;ssl=1 428w, https:\/\/i0.wp.com\/www.manquepierda.com\/historiarealbetis\/files\/2013\/02\/CATO1956.jpg?resize=499%2C700&amp;ssl=1 499w, https:\/\/i0.wp.com\/www.manquepierda.com\/historiarealbetis\/files\/2013\/02\/CATO1956.jpg?w=520&amp;ssl=1 520w\" sizes=\"auto, (max-width: 157px) 100vw, 157px\" \/><\/p>\n<p style=\"text-align: center\">CLUB ATL\u00c9TICO OSASUNA-0 Tantos.<\/p>\n<p style=\"text-align: right\"><img data-recalc-dims=\"1\" loading=\"lazy\" decoding=\"async\" class=\"alignright size-full wp-image-47617\" src=\"https:\/\/i0.wp.com\/www.manquepierda.com\/historiarealbetis\/files\/2013\/02\/javier-saldise.jpg?resize=175%2C190&#038;ssl=1\" alt=\"javier-saldise\" width=\"175\" height=\"190\" \/><\/p>\n<p style=\"text-align: justify\">15\u00ba Presidente Club Atl\u00e9tico Osasuna (1959-1970), don Jacinto SALDISE BARRENECHE.<\/p>\n<p style=\"text-align: justify\">1-3 Entrenador-Temporada 1959-1960.-Ignacio EIZAGUIRRE ARREGUI (39 a\u00f1os+3 meses+14 d\u00edas)-Natural de San Sebasti\u00e1n (Guip\u00fazcoa), domingo 07 de Noviembre de 1920.<\/p>\n<p style=\"text-align: justify\">\u00abLOS ENTRENADORES HABLAN DEL ENCUENTRO\u00bb POR BORMUJO \u00abHOJA DEL LUNES\u00bb-Sevilla, 22 DE FEBRERO DE 1960:<\/p>\n<p style=\"text-align: justify\"><strong>\u00abEL BETIS DEMOSTR\u00d3 LAS CUALIDADES QUE LE HAN SITUADO EN EL PUESTO QUE OCUPA\u00bb.<\/strong><\/p>\n<p style=\"text-align: justify\"><img data-recalc-dims=\"1\" loading=\"lazy\" decoding=\"async\" class=\"aligncenter size-full wp-image-47621\" src=\"https:\/\/i0.wp.com\/www.manquepierda.com\/historiarealbetis\/files\/2013\/02\/EizaguirreBormujo19600221.jpg?resize=1290%2C1803&#038;ssl=1\" alt=\"EizaguirreBormujo19600221\" width=\"1290\" height=\"1803\" srcset=\"https:\/\/i0.wp.com\/www.manquepierda.com\/historiarealbetis\/files\/2013\/02\/EizaguirreBormujo19600221.jpg?w=1560&amp;ssl=1 1560w, https:\/\/i0.wp.com\/www.manquepierda.com\/historiarealbetis\/files\/2013\/02\/EizaguirreBormujo19600221.jpg?resize=157%2C220&amp;ssl=1 157w, https:\/\/i0.wp.com\/www.manquepierda.com\/historiarealbetis\/files\/2013\/02\/EizaguirreBormujo19600221.jpg?resize=429%2C600&amp;ssl=1 429w, https:\/\/i0.wp.com\/www.manquepierda.com\/historiarealbetis\/files\/2013\/02\/EizaguirreBormujo19600221.jpg?resize=768%2C1073&amp;ssl=1 768w, https:\/\/i0.wp.com\/www.manquepierda.com\/historiarealbetis\/files\/2013\/02\/EizaguirreBormujo19600221.jpg?resize=501%2C700&amp;ssl=1 501w\" sizes=\"auto, (max-width: 1290px) 100vw, 1290px\" \/><\/p>\n<p style=\"text-align: justify\">1-Portero.-EUSEBIO Sanz S\u00e1inz (31 a\u00f1os+6 meses menos 2 d\u00edas)-Natural de Corella (Navarra), jueves 23 de Agosto de 1928:<\/p>\n<p style=\"text-align: center\"><img data-recalc-dims=\"1\" loading=\"lazy\" decoding=\"async\" class=\"aligncenter size-full wp-image-47622\" src=\"https:\/\/i0.wp.com\/www.manquepierda.com\/historiarealbetis\/files\/2013\/02\/Eusebio.jpeg?resize=146%2C205&#038;ssl=1\" alt=\"Eusebio\" width=\"146\" height=\"205\" \/><\/p>\n<p style=\"text-align: center\"><strong>3 goles encajados.<\/strong><\/p>\n<p style=\"text-align: left\">Manuel LARRA\u00cdNZAR Go\u00f1i-Lu\u00eds CIAURRIZ Ustarroz-Juan ZUBIAURRE J\u00e1uregui.-Defensas.<\/p>\n<p style=\"text-align: left\">Adolfo P\u00e9rez MARA\u00d1\u00d3N-Ignacio ZOCO Esparza.-Medios.<\/p>\n<p style=\"text-align: left\">ARETA III (Jos\u00e9 Lu\u00eds Areta V\u00e9lez)-ALBERTO Alb\u00edstegui Arirmendi-Jos\u00e9 Antonio HORMAECHE Chopitea-ANTONIO S\u00e1nchez Altunaga-F\u00e9lix RUIZ Gabari.-Delanteros.<\/p>\n<p style=\"text-align: center\"><img data-recalc-dims=\"1\" loading=\"lazy\" decoding=\"async\" class=\"aligncenter size-large wp-image-47623\" src=\"https:\/\/i0.wp.com\/www.manquepierda.com\/historiarealbetis\/files\/2013\/02\/19600221DARDO.jpg?resize=400%2C700&#038;ssl=1\" alt=\"19600221DARDO\" width=\"400\" height=\"700\" srcset=\"https:\/\/i0.wp.com\/www.manquepierda.com\/historiarealbetis\/files\/2013\/02\/19600221DARDO.jpg?resize=400%2C700&amp;ssl=1 400w, https:\/\/i0.wp.com\/www.manquepierda.com\/historiarealbetis\/files\/2013\/02\/19600221DARDO.jpg?resize=126%2C220&amp;ssl=1 126w, https:\/\/i0.wp.com\/www.manquepierda.com\/historiarealbetis\/files\/2013\/02\/19600221DARDO.jpg?resize=343%2C600&amp;ssl=1 343w, https:\/\/i0.wp.com\/www.manquepierda.com\/historiarealbetis\/files\/2013\/02\/19600221DARDO.jpg?w=645&amp;ssl=1 645w\" sizes=\"auto, (max-width: 400px) 100vw, 400px\" \/><\/p>\n<p style=\"text-align: center\"><strong>ABC-SEVILLA-19600221-MARTES.<\/strong><\/p>\n","protected":false},"excerpt":{"rendered":"<p>XXIX EDICI\u00d3N-CAMPEONATO NACIONAL LIGA PRIMERA DIVISI\u00d3N-TEMPORADA 1959-1960 DESDE DOMINGO 13 DE SEPTIEMBRE DE 1959 HASTA DOMINGO 17 DE ABRIL DE 1960, AMBAS FECHAS INCLUSIVE. 1960-FEBRERO 21-DOMINGO-ESTADIO MUNICIPAL DE \u00abHELI\u00d3POLIS\u00bb (C\u00e9sped 107X64 METROS.-CAPACIDAD 16.060 ESPECTADORES)-13\u00ba PARTIDO DE ABONO.-16&#8217;30 HORAS-23\u00aa JORNADA.-CLAVE MARCADOR SIMULT\u00c1NEO \u00abDARDO\u00bb: \u00abReloj DOGMA\u00bb. \u00abEl p\u00fablico estuvo entusiasta con el Real Betis Balompi\u00e9, y algo&#8230;<\/p>\n","protected":false},"author":48,"featured_media":47608,"comment_status":"open","ping_status":"open","sticky":false,"template":"","format":"standard","meta":{"_kad_post_transparent":"","_kad_post_title":"","_kad_post_layout":"","_kad_post_sidebar_id":"","_kad_post_content_style":"","_kad_post_vertical_padding":"","_kad_post_feature":"","_kad_post_feature_position":"","_kad_post_header":false,"_kad_post_footer":false,"_kad_post_classname":"","_jetpack_memberships_contains_paid_content":false,"footnotes":"","jetpack_publicize_message":"","jetpack_publicize_feature_enabled":true,"jetpack_social_post_already_shared":true,"jetpack_social_options":{"image_generator_settings":{"template":"highway","default_image_id":0,"font":"","enabled":false},"version":2}},"categories":[902,906,1],"tags":[2377,1246,9867,17852],"class_list":["post-27118","post","type-post","status-publish","format-standard","has-post-thumbnail","hentry","category-1960-1969","category-investigacion-temas","category-portada","tag-1959-60","tag-1246","tag-club-atletico-osasuna","tag-liga-primera-1959-60"],"jetpack_publicize_connections":[],"jetpack_featured_media_url":"https:\/\/i0.wp.com\/www.manquepierda.com\/historiarealbetis\/files\/2013\/02\/19600222-Seraf%C3%ADn.jpg?fit=1442%2C1022&ssl=1","jetpack_sharing_enabled":true,"jetpack_shortlink":"https:\/\/wp.me\/p1ij08-73o","jetpack-related-posts":[],"_links":{"self":[{"href":"https:\/\/www.manquepierda.com\/historiarealbetis\/wp-json\/wp\/v2\/posts\/27118","targetHints":{"allow":["GET"]}}],"collection":[{"href":"https:\/\/www.manquepierda.com\/historiarealbetis\/wp-json\/wp\/v2\/posts"}],"about":[{"href":"https:\/\/www.manquepierda.com\/historiarealbetis\/wp-json\/wp\/v2\/types\/post"}],"author":[{"embeddable":true,"href":"https:\/\/www.manquepierda.com\/historiarealbetis\/wp-json\/wp\/v2\/users\/48"}],"replies":[{"embeddable":true,"href":"https:\/\/www.manquepierda.com\/historiarealbetis\/wp-json\/wp\/v2\/comments?post=27118"}],"version-history":[{"count":1,"href":"https:\/\/www.manquepierda.com\/historiarealbetis\/wp-json\/wp\/v2\/posts\/27118\/revisions"}],"predecessor-version":[{"id":96182,"href":"https:\/\/www.manquepierda.com\/historiarealbetis\/wp-json\/wp\/v2\/posts\/27118\/revisions\/96182"}],"wp:featuredmedia":[{"embeddable":true,"href":"https:\/\/www.manquepierda.com\/historiarealbetis\/wp-json\/wp\/v2\/media\/47608"}],"wp:attachment":[{"href":"https:\/\/www.manquepierda.com\/historiarealbetis\/wp-json\/wp\/v2\/media?parent=27118"}],"wp:term":[{"taxonomy":"category","embeddable":true,"href":"https:\/\/www.manquepierda.com\/historiarealbetis\/wp-json\/wp\/v2\/categories?post=27118"},{"taxonomy":"post_tag","embeddable":true,"href":"https:\/\/www.manquepierda.com\/historiarealbetis\/wp-json\/wp\/v2\/tags?post=27118"}],"curies":[{"name":"wp","href":"https:\/\/api.w.org\/{rel}","templated":true}]}}