{"id":27422,"date":"2013-03-01T22:54:16","date_gmt":"2013-03-01T21:54:16","guid":{"rendered":"http:\/\/www.manquepierda.com\/historiarealbetis\/?p=27422"},"modified":"2024-09-21T18:19:32","modified_gmt":"2024-09-21T16:19:32","slug":"1964-marzo-01-primera-division-real-betis-balompie-4-goles-vs-rcd-espanol-0","status":"publish","type":"post","link":"https:\/\/www.manquepierda.com\/historiarealbetis\/1964-marzo-01-primera-division-real-betis-balompie-4-goles-vs-rcd-espanol-0\/","title":{"rendered":"1964-Marzo 01-Primera.-Real Betis Balompi\u00e9-4 RCD Espa\u00f1ol-0.-52Aniversario,"},"content":{"rendered":"<p style=\"text-align: justify\">XXXIII EDICI\u00d3N-CAMPEONATO NACIONAL LIGA PRIMERA DIVISI\u00d3N-TEMPORADA 1963-1964 DESDE DOMINGO 15 DE SEPTIEMBRE DE 1963 HASTA DOMINGO 26 DE ABRIL DE 1964-AMBAS FECHAS INCLUSIVE.<\/p>\n<p style=\"text-align: center\"><img data-recalc-dims=\"1\" loading=\"lazy\" decoding=\"async\" class=\"size-full wp-image-47839 alignleft\" src=\"https:\/\/i0.wp.com\/www.manquepierda.com\/historiarealbetis\/files\/2013\/03\/estadio_benitovillamarin3.jpg?resize=300%2C200&#038;ssl=1\" alt=\"estadio_benitovillamarin3\" width=\"300\" height=\"200\" srcset=\"https:\/\/i0.wp.com\/www.manquepierda.com\/historiarealbetis\/files\/2013\/03\/estadio_benitovillamarin3.jpg?w=300&amp;ssl=1 300w, https:\/\/i0.wp.com\/www.manquepierda.com\/historiarealbetis\/files\/2013\/03\/estadio_benitovillamarin3.jpg?resize=220%2C147&amp;ssl=1 220w\" sizes=\"auto, (max-width: 300px) 100vw, 300px\" \/><\/p>\n<p style=\"text-align: justify\"><strong>1964-MARZO 01-DOMINGO EN \u00abHELI\u00d3POLIS\u00bb-ESTADIO \u00abBENITO VILLAMAR\u00cdN\u00bb-\u00c1 LAS 16&#8217;30 HORAS-9\u00ba PARTIDO DE ABONO.-23\u00aa JORNADA.-CLAVE MARCADOR SIMULT\u00c1NEO \u00abDARDO\u00bb: <em>\u00abcamisas IKE\u00bb.<\/em><\/strong><\/p>\n<p style=\"text-align: justify\">\u00abPr\u00f3logo del encuentro fue la ovaci\u00f3n tributada al presidente b\u00e9tico cuando apareci\u00f3 solo en el palco despu\u00e9s de la dimisi\u00f3n de la Junta directiva ante los rumores de posibles traspasos\u00bb.<\/p>\n<p style=\"text-align: justify\">\u00abLos aficionados tributaron al se\u00f1or Villamar\u00edn Prieto aplausos que fueron\u00a0 un verdadero plebiscito de apoyo de esa gesti\u00f3n que tiene el Real Betis Balompi\u00e9 situado entre los cuatro primeros equipos de la clasificaci\u00f3n\u00bb.-\u00abEl ambiente fue por tanto de entusiasta apoyo al equipo,\u00a0 y \u00e9ste a decir verdad,\u00a0 respondi\u00f3 luchando a fondo\u00bb.<\/p>\n<p style=\"text-align: justify\"><a href=\"https:\/\/i0.wp.com\/www.manquepierda.com\/historiarealbetis\/files\/2013\/02\/L%C3%B3pezZaballa.jpg?ssl=1\"><img data-recalc-dims=\"1\" loading=\"lazy\" decoding=\"async\" class=\"aligncenter size-medium wp-image-27272\" src=\"https:\/\/i0.wp.com\/www.manquepierda.com\/historiarealbetis\/files\/2013\/02\/L%C3%B3pezZaballa.jpg?resize=157%2C300&#038;ssl=1\" alt=\"L\u00f3pezZaballa\" width=\"157\" height=\"300\" srcset=\"https:\/\/i0.wp.com\/www.manquepierda.com\/historiarealbetis\/files\/2013\/02\/L%C3%B3pezZaballa.jpg?resize=157%2C300&amp;ssl=1 157w, https:\/\/i0.wp.com\/www.manquepierda.com\/historiarealbetis\/files\/2013\/02\/L%C3%B3pezZaballa.jpg?resize=262%2C500&amp;ssl=1 262w, https:\/\/i0.wp.com\/www.manquepierda.com\/historiarealbetis\/files\/2013\/02\/L%C3%B3pezZaballa.jpg?w=338&amp;ssl=1 338w\" sizes=\"auto, (max-width: 157px) 100vw, 157px\" \/><\/a>Arbitr\u00f3 el colegiado <strong>Jos\u00e9 Lu\u00eds L\u00d3PEZ ZABALLA.-<em>\u00abBuena labor, con una sola objeci\u00f3n: los \u00e1rbitros, para imponer su autoridad, no deben hacer uso de las manos, como en el caso de Bartol\u00ed. Si el jugador se comporta incorrecto se le expulsa y nada m\u00e1s. Hecho ese reparo, en sus decisiones estuvo acertado\u00bb.<\/em><\/strong>-\u00abIGARFE\u00bb-\u00abHOJA DEL LUNES\u00bb-Sevilla 02-03-1964.<\/p>\n<p style=\"text-align: justify\"><em>\u00abSalieron casi juntos Espa\u00f1ol y Betis, y los aplausos lo compartieron. Luego \u00e9stos se hab\u00edan de tornar en bronca a <strong>Laszlo Kubala Stecz por algunas de sus intemperancias, como su improcedente puntapi\u00e9 a Molina en el primer cuarto de hora\u00bb.<\/strong><\/em><\/p>\n<p style=\"text-align: justify\"><em><strong>3er. CLASIFICADO CON 29 PUNTOS Y+7 POSITIVOS (11-GANADOS+7-EMPATADOS+5-PERDIDOS) 32-GOLES A FAVOR Y 22 TANTOS EN CONTRA.<\/strong><\/em><\/p>\n<p style=\"text-align: justify\"><em><strong>XXXIX PRESIDENTE DEL REAL BETIS BALOMPI\u00c9-Desde el s\u00e1bado 21 de Mayo de 1955 hasta el martes <img data-recalc-dims=\"1\" loading=\"lazy\" decoding=\"async\" class=\"alignright size-thumbnail wp-image-47840\" src=\"https:\/\/i0.wp.com\/www.manquepierda.com\/historiarealbetis\/files\/2013\/03\/BenitoVILLAMAR%C3%8DNprieto.jpg?resize=128%2C220&#038;ssl=1\" alt=\"BenitoVILLAMAR\u00cdNprieto\" width=\"128\" height=\"220\" srcset=\"https:\/\/i0.wp.com\/www.manquepierda.com\/historiarealbetis\/files\/2013\/03\/BenitoVILLAMAR%C3%8DNprieto.jpg?resize=128%2C220&amp;ssl=1 128w, https:\/\/i0.wp.com\/www.manquepierda.com\/historiarealbetis\/files\/2013\/03\/BenitoVILLAMAR%C3%8DNprieto.jpg?resize=349%2C600&amp;ssl=1 349w, https:\/\/i0.wp.com\/www.manquepierda.com\/historiarealbetis\/files\/2013\/03\/BenitoVILLAMAR%C3%8DNprieto.jpg?resize=768%2C1321&amp;ssl=1 768w, https:\/\/i0.wp.com\/www.manquepierda.com\/historiarealbetis\/files\/2013\/03\/BenitoVILLAMAR%C3%8DNprieto.jpg?resize=407%2C700&amp;ssl=1 407w, https:\/\/i0.wp.com\/www.manquepierda.com\/historiarealbetis\/files\/2013\/03\/BenitoVILLAMAR%C3%8DNprieto.jpg?w=1273&amp;ssl=1 1273w\" sizes=\"auto, (max-width: 128px) 100vw, 128px\" \/>07 de Diciembre de 1965, fecha en que present\u00f3 su emocionante carta de dimisi\u00f3n a causa de su grave enfermedad de c\u00e1ncer de pulm\u00f3n, despidi\u00e9ndose de sus compa\u00f1eros directivos y a trav\u00e9s de \u00e9stos de la gran familia Verdiblanca.<\/strong><\/em><\/p>\n<p style=\"text-align: justify\"><img data-recalc-dims=\"1\" loading=\"lazy\" decoding=\"async\" class=\"alignleft size-thumbnail wp-image-47841\" src=\"https:\/\/i0.wp.com\/www.manquepierda.com\/historiarealbetis\/files\/2013\/03\/BenitoVillamarinPrietoIndustrias-1.jpg?resize=220%2C163&#038;ssl=1\" alt=\"BenitoVillamarinPrietoIndustrias\" width=\"220\" height=\"163\" srcset=\"https:\/\/i0.wp.com\/www.manquepierda.com\/historiarealbetis\/files\/2013\/03\/BenitoVillamarinPrietoIndustrias-1.jpg?resize=220%2C163&amp;ssl=1 220w, https:\/\/i0.wp.com\/www.manquepierda.com\/historiarealbetis\/files\/2013\/03\/BenitoVillamarinPrietoIndustrias-1.jpg?resize=680%2C503&amp;ssl=1 680w, https:\/\/i0.wp.com\/www.manquepierda.com\/historiarealbetis\/files\/2013\/03\/BenitoVillamarinPrietoIndustrias-1.jpg?resize=768%2C568&amp;ssl=1 768w, https:\/\/i0.wp.com\/www.manquepierda.com\/historiarealbetis\/files\/2013\/03\/BenitoVillamarinPrietoIndustrias-1.jpg?resize=947%2C700&amp;ssl=1 947w\" sizes=\"auto, (max-width: 220px) 100vw, 220px\" \/><\/p>\n<p style=\"text-align: justify\"><em><strong>Don Benito VILLAMAR\u00cdN PRIETO-Industrial (45 a\u00f1os+7 meses menos 20 d\u00edas)-Natural de PUGA-To\u00e9n (Ourense), mi\u00e9rcoles 21 de Agosto de 1918.<\/strong><\/em><\/p>\n<p style=\"text-align: justify\"><em><strong>Obituario en Sevilla, lunes 15 de Agosto de 1966 (48 A\u00f1os menos 6 d\u00edas) D. E. P.<br \/>\n<\/strong><\/em><\/p>\n<p style=\"text-align: justify\">\u00abOPINAN LOS ENTRENADORES\u00bb-POR BORMUJO-\u00abHOJA DEL LUNES\u00bb-SEVILLA, 02-03-1965:<\/p>\n<p style=\"text-align: justify\"><img data-recalc-dims=\"1\" loading=\"lazy\" decoding=\"async\" class=\"alignleft size-thumbnail wp-image-47842\" src=\"https:\/\/i0.wp.com\/www.manquepierda.com\/historiarealbetis\/files\/2013\/03\/1963-1964DomingoBalmanyaPerera.jpg?resize=128%2C220&#038;ssl=1\" alt=\"1963-1964DomingoBalmanyaPerera\" width=\"128\" height=\"220\" srcset=\"https:\/\/i0.wp.com\/www.manquepierda.com\/historiarealbetis\/files\/2013\/03\/1963-1964DomingoBalmanyaPerera.jpg?resize=128%2C220&amp;ssl=1 128w, https:\/\/i0.wp.com\/www.manquepierda.com\/historiarealbetis\/files\/2013\/03\/1963-1964DomingoBalmanyaPerera.jpg?resize=349%2C600&amp;ssl=1 349w, https:\/\/i0.wp.com\/www.manquepierda.com\/historiarealbetis\/files\/2013\/03\/1963-1964DomingoBalmanyaPerera.jpg?w=385&amp;ssl=1 385w\" sizes=\"auto, (max-width: 128px) 100vw, 128px\" \/><\/p>\n<p style=\"text-align: justify\">\n<p style=\"text-align: justify\"><strong>Entrenador Real Betis Balompi\u00e9-Temporada 1963-1964.<\/strong><\/p>\n<p style=\"text-align: justify\"><strong>Domingo BALMANYA PERERA (49 a\u00f1os+3 meses menos 28 d\u00edas)-Natural de Gerona, martes 29 de Diciembre de 1914.-Obituario en Barcelona, jueves 14 de Febrero de 2002 (87 A\u00f1os+2 meses menos 15 d\u00edas) D. E. P.<\/strong><\/p>\n<p style=\"text-align: justify\"><em><strong>\u00abCOMPLACIDO POR HABER DEJADO SATISFECHA A LA AFICI\u00d3N\u00bb-\u00abSATISFECHO POR EL RENDIMIENTO B\u00c9TICO\u00bb.<\/strong><\/em><\/p>\n<p style=\"text-align: justify\"><strong>&#8211;Aunque muchos espectadores no opinen igual,\u00a0 el Espa\u00f1ol nos dio bastante guerra en los principios de cada tiempo y si bien no vi nunca el predominio y,\u00a0 consecuentemente,\u00a0 la disputa perdida,\u00a0 s\u00ed en aquellos instantes apreci\u00e9 una buena decisi\u00f3n espa\u00f1olista y hasta las posibilidades de batir nuestro marco.\u00a0 Transcurridas esas fases volvimos a imponernos netamente.<\/strong><\/p>\n<p style=\"text-align: left\">&#8211;Luego, \u00bfest\u00e1 hoy satisfecho de su equipo?<\/p>\n<p style=\"text-align: justify\"><strong>&#8211;Cuando los m\u00edos se emplean como esta tarde,\u00a0 de\u00a0 manera decidida,\u00a0 con entusiasmo,\u00a0 af\u00e1n de lucha e imprimiendo velocidad a un juego compenetrado y perfectamente concebido y desarrollado,\u00a0 l\u00f3gicamente,\u00a0 debo estar satisfecho.\u00a0 Cuando no lo hacen as\u00ed los muchachos,\u00a0 entonces dan la sensaci\u00f3n de que son once \u00abhermanitas de la Caridad\u00bb.\u00a0 Hoy se comportaron como profesionales del f\u00fatbol.<\/strong><\/p>\n<p style=\"text-align: left\">&#8211;\u00bfAcaso el Espa\u00f1ol le dio facilidades?<\/p>\n<p style=\"text-align: justify\"><strong>&#8211;\u00bfY por qu\u00e9 no preguntas mejor si es que el Betis no le dio cuartel al Espa\u00f1ol?\u00a0 Porque la realidad fue esa.\u00a0 Prueba de que el Espa\u00f1ol es buen equipo,\u00a0 que cuando le dejamos hacer un poco llegaron,\u00a0 incluso a dominarnos.<\/strong><\/p>\n<p style=\"text-align: left\">&#8211;\u00bfNo cree que los dos primeros goles fueron fallos de la defensa catalana?<\/p>\n<p style=\"text-align: justify\"><strong>&#8211;\u00bfY no ser\u00eda que la acertada intervenci\u00f3n de nuestros delanteros provoc\u00f3 el nerviosismo y el desasosiego en las l\u00edneas de cobertura espa\u00f1olista?\u00a0 Provocar la \u00abguerra de nervios\u00bb,\u00a0 por medios l\u00edcitos,\u00a0 tambi\u00e9n forma parte del juego.\u00a0 Y por eso obtuvimos esos dos primeros goles que,\u00a0 para algunos,\u00a0 \u00abresult\u00f3 muy f\u00e1cil\u00bb.<\/strong><\/p>\n<p style=\"text-align: left\">&#8211;\u00bfQu\u00e9 le ha parecido el Espa\u00f1ol?<\/p>\n<p style=\"text-align: justify\"><strong>&#8211;Luch\u00f3&#8230; cuando le dejamos.\u00a0 De todos modos no lo veo mal.\u00a0 Esta tarde lo que le ha sucedido es que el Betis Balompi\u00e9 no le dej\u00f3 respirar.\u00a0 \u00a1Eso es todo\u00a1<\/strong><\/p>\n<p style=\"text-align: left\">&#8211;\u00bfConforme pues con lo habido?<\/p>\n<p style=\"text-align: justify\"><strong>&#8211;\u00a1Conforme\u00a1 S\u00ed,\u00a0 ganamos y ha quedado contenta la \u00abparroquia\u00bb,\u00a0 \u00bfpor qu\u00e9 vamos a disgustarnos por tal o cual fallo?\u00bb.<\/strong><\/p>\n<p style=\"text-align: center\"><img data-recalc-dims=\"1\" loading=\"lazy\" decoding=\"async\" class=\"alignleft size-medium wp-image-47843\" src=\"https:\/\/i0.wp.com\/www.manquepierda.com\/historiarealbetis\/files\/2013\/03\/VFhdl19640302.jpg?resize=365%2C600&#038;ssl=1\" alt=\"VFhdl19640302\" width=\"365\" height=\"600\" srcset=\"https:\/\/i0.wp.com\/www.manquepierda.com\/historiarealbetis\/files\/2013\/03\/VFhdl19640302.jpg?resize=365%2C600&amp;ssl=1 365w, https:\/\/i0.wp.com\/www.manquepierda.com\/historiarealbetis\/files\/2013\/03\/VFhdl19640302.jpg?resize=134%2C220&amp;ssl=1 134w, https:\/\/i0.wp.com\/www.manquepierda.com\/historiarealbetis\/files\/2013\/03\/VFhdl19640302.jpg?resize=768%2C1262&amp;ssl=1 768w, https:\/\/i0.wp.com\/www.manquepierda.com\/historiarealbetis\/files\/2013\/03\/VFhdl19640302.jpg?resize=426%2C700&amp;ssl=1 426w, https:\/\/i0.wp.com\/www.manquepierda.com\/historiarealbetis\/files\/2013\/03\/VFhdl19640302.jpg?w=788&amp;ssl=1 788w\" sizes=\"auto, (max-width: 365px) 100vw, 365px\" \/><\/p>\n<p style=\"text-align: justify\">Llega al vestuario el presidente del Club, se\u00f1or Villamar\u00edn, a quien anoche, en reuni\u00f3n hist\u00f3rica, los directivos pusieron a su disposici\u00f3n los respectivos cargos.<\/p>\n<p style=\"text-align: justify\">La curiosidad y el inter\u00e9s se centra en el reci\u00e9n llegado, y por eso nosotros nos fuimos\u00bb.<\/p>\n<p style=\"text-align: center\">\u00bfQUI\u00c9N ESTUVO COMO NUNCA?<\/p>\n<p style=\"text-align: justify\">Ayer en el Estadio \u00abBenito Villamar\u00edn\u00bb.-Por Ignacio Garc\u00eda Ferreira-\u00abHOJA DEL LUNES\u00bb-Sevilla, 02 de Marzo de 1964:<\/p>\n<p style=\"text-align: justify\"><strong>\u00abEL MEJOR GOL\u00bb.-Los hubo de todos los matices, pero sin duda, el mejor fue el cabezazo de Ansola, a bal\u00f3n sacado por Mart\u00ednez, ya que remat\u00f3 de forma inteligente\u00bb.<\/strong><\/p>\n<p style=\"text-align: justify\"><strong>\u00abLA MEJOR JUGADA\u00bb.-Hubo dos, una de \u00abPep\u00edn\u00bb, minuto 21, en la que jug\u00e1ndose el f\u00edsico, evit\u00f3 el remate de Kacsas; y otra de \u00abColo\u00bb, minuto 50, en la que su despeje a c\u00f3rner, con la cabeza, impidi\u00f3 que Dom\u00ednguez marcase\u00bb.<\/strong><\/p>\n<p style=\"text-align: justify\"><strong>\u00abLO MEJOR DEL CONJUNTO LOCAL\u00bb.-Su f\u00fatbol de conjunto, r\u00e1pido, incisivo, penetrando por las alas, y el saber aprovechar cuantas oportunidades de gol se le presentaron\u00bb.<\/strong><\/p>\n<p style=\"text-align: center\">CLASIFICACI\u00d3N DE JUGADORES POR IGARFE-HOJA DEL LUNES-SEVILLA 02-MARZO DE 1964:<\/p>\n<p style=\"text-align: center\"><img data-recalc-dims=\"1\" loading=\"lazy\" decoding=\"async\" class=\"aligncenter size-thumbnail wp-image-47844\" src=\"https:\/\/i0.wp.com\/www.manquepierda.com\/historiarealbetis\/files\/2013\/03\/Escudo-RealBetisBalompi%C3%A91960-1.jpg?resize=220%2C172&#038;ssl=1\" alt=\"Escudo RealBetisBalompi\u00e91960'\" width=\"220\" height=\"172\" srcset=\"https:\/\/i0.wp.com\/www.manquepierda.com\/historiarealbetis\/files\/2013\/03\/Escudo-RealBetisBalompi%C3%A91960-1.jpg?resize=220%2C172&amp;ssl=1 220w, https:\/\/i0.wp.com\/www.manquepierda.com\/historiarealbetis\/files\/2013\/03\/Escudo-RealBetisBalompi%C3%A91960-1.jpg?w=600&amp;ssl=1 600w\" sizes=\"auto, (max-width: 220px) 100vw, 220px\" \/><\/p>\n<p style=\"text-align: center\"><strong>REAL BETIS BALOMPI\u00c9-4 GOLES.<\/strong><\/p>\n<p style=\"text-align: center\"><img data-recalc-dims=\"1\" loading=\"lazy\" decoding=\"async\" class=\"aligncenter size-thumbnail wp-image-47845\" src=\"https:\/\/i0.wp.com\/www.manquepierda.com\/historiarealbetis\/files\/2013\/03\/PEP%C3%8DN.jpg?resize=143%2C220&#038;ssl=1\" alt=\"PEP\u00cdN\" width=\"143\" height=\"220\" srcset=\"https:\/\/i0.wp.com\/www.manquepierda.com\/historiarealbetis\/files\/2013\/03\/PEP%C3%8DN.jpg?resize=143%2C220&amp;ssl=1 143w, https:\/\/i0.wp.com\/www.manquepierda.com\/historiarealbetis\/files\/2013\/03\/PEP%C3%8DN.jpg?w=206&amp;ssl=1 206w\" sizes=\"auto, (max-width: 143px) 100vw, 143px\" \/><\/p>\n<p style=\"text-align: justify\"><strong>1-Guardameta (-2-) IMBATIDO.-Jos\u00e9 Casas Gris (a) \u00abPEP\u00cdN\u00bb (32 a\u00f1os+4 meses menos 15 d\u00edas)-Natural de Valencia, lunes 16 de Noviembre de 1931.-Obituario en Las Palmas de Gran Canarias, martes 12 de Octubre de 2010 (78 A\u00f1os+11 meses menos 4 d\u00edas) D. E. P.<\/strong><\/p>\n<p style=\"text-align: center\"><strong>Zagueros:<\/strong><\/p>\n<p style=\"text-align: center\"><img data-recalc-dims=\"1\" loading=\"lazy\" decoding=\"async\" class=\"aligncenter size-thumbnail wp-image-47846\" src=\"https:\/\/i0.wp.com\/www.manquepierda.com\/historiarealbetis\/files\/2013\/03\/COLO.jpg?resize=163%2C220&#038;ssl=1\" alt=\"COLO\" width=\"163\" height=\"220\" srcset=\"https:\/\/i0.wp.com\/www.manquepierda.com\/historiarealbetis\/files\/2013\/03\/COLO.jpg?resize=163%2C220&amp;ssl=1 163w, https:\/\/i0.wp.com\/www.manquepierda.com\/historiarealbetis\/files\/2013\/03\/COLO.jpg?w=386&amp;ssl=1 386w\" sizes=\"auto, (max-width: 163px) 100vw, 163px\" \/><\/p>\n<p style=\"text-align: justify\"><strong>2-Lateral Diestro (-2-).-Julio Santaella Ben\u00edtez (a) \u00abCOLO\u00bb (25 a\u00f1os+3 meses menos 21 d\u00edas)-Natural de Santa Cruz (Tenerife), jueves 22 de Diciembre de 1938.<\/strong><\/p>\n<p style=\"text-align: center\"><img data-recalc-dims=\"1\" loading=\"lazy\" decoding=\"async\" class=\"aligncenter size-thumbnail wp-image-47847\" src=\"https:\/\/i0.wp.com\/www.manquepierda.com\/historiarealbetis\/files\/2013\/03\/1964-Eusebio-R%C3%ADos-Carranza-1.jpg?resize=164%2C220&#038;ssl=1\" alt=\"1964 Eusebio R\u00edos Carranza\" width=\"164\" height=\"220\" srcset=\"https:\/\/i0.wp.com\/www.manquepierda.com\/historiarealbetis\/files\/2013\/03\/1964-Eusebio-R%C3%ADos-Carranza-1.jpg?resize=164%2C220&amp;ssl=1 164w, https:\/\/i0.wp.com\/www.manquepierda.com\/historiarealbetis\/files\/2013\/03\/1964-Eusebio-R%C3%ADos-Carranza-1.jpg?w=204&amp;ssl=1 204w\" sizes=\"auto, (max-width: 164px) 100vw, 164px\" \/><\/p>\n<p style=\"text-align: justify\"><strong>5-Central (-2-).-Eusebio R\u00cdOS Fern\u00e1ndez (29 a\u00f1os menos 29 d\u00edas)-Natural de Portugalete (Vizcaya), s\u00e1bado 30 de Marzo de 1935.-\u00cddem, s\u00e1bado 10 de Mayo de 2008 (73 A\u00f1os+2 meses menos 20 d\u00edas) D. E. P.<\/strong><\/p>\n<p style=\"text-align: center\"><img data-recalc-dims=\"1\" loading=\"lazy\" decoding=\"async\" class=\"aligncenter size-thumbnail wp-image-47848\" src=\"https:\/\/i0.wp.com\/www.manquepierda.com\/historiarealbetis\/files\/2013\/03\/PAQUITO-01-1.jpg?resize=154%2C220&#038;ssl=1\" alt=\"PAQUITO-01\" width=\"154\" height=\"220\" srcset=\"https:\/\/i0.wp.com\/www.manquepierda.com\/historiarealbetis\/files\/2013\/03\/PAQUITO-01-1.jpg?resize=154%2C220&amp;ssl=1 154w, https:\/\/i0.wp.com\/www.manquepierda.com\/historiarealbetis\/files\/2013\/03\/PAQUITO-01-1.jpg?w=276&amp;ssl=1 276w\" sizes=\"auto, (max-width: 154px) 100vw, 154px\" \/><\/p>\n<p style=\"text-align: justify\"><strong>3-Lateral Zurdo (-3-).-Francisco Faleato Ochoantesana (a) \u00abPAQUITO\u00bb (23 a\u00f1os menos 19 d\u00edas)-Natural de Santo\u00f1a (Cantabria), jueves 20 de Marzo de 1941.<\/strong><\/p>\n<p style=\"text-align: justify\"><em><strong>PAQUITO.-\u00abEl zaguero izquierdo b\u00e9tico en varios partidos ha tenido, \u00faltimamente, lucida actuaci\u00f3n. Ayer, en el segundo tiempo hizo jugadas espectaculares y, a pesar de la gran labor de Lasa y Pallar\u00e9s, <\/strong><\/em><strong>para \u00e9l va hoy la copa de \u00abFundador-<em>Domecq<\/em>\u00ab, el co\u00f1ac que est\u00e1 \u00a1como nunca\u00a1\u00bb.<\/strong><\/p>\n<p style=\"text-align: center\"><strong>Medios:<\/strong><\/p>\n<p style=\"text-align: center\"><img data-recalc-dims=\"1\" loading=\"lazy\" decoding=\"async\" class=\"aligncenter size-thumbnail wp-image-47849\" src=\"https:\/\/i0.wp.com\/www.manquepierda.com\/historiarealbetis\/files\/2013\/03\/1964-Lasa-Carranza.jpg?resize=172%2C220&#038;ssl=1\" alt=\"1964-Lasa Carranza\" width=\"172\" height=\"220\" srcset=\"https:\/\/i0.wp.com\/www.manquepierda.com\/historiarealbetis\/files\/2013\/03\/1964-Lasa-Carranza.jpg?resize=172%2C220&amp;ssl=1 172w, https:\/\/i0.wp.com\/www.manquepierda.com\/historiarealbetis\/files\/2013\/03\/1964-Lasa-Carranza.jpg?w=210&amp;ssl=1 210w\" sizes=\"auto, (max-width: 172px) 100vw, 172px\" \/><\/p>\n<p style=\"text-align: justify\"><strong>4-Diestro (-2-).-Le\u00f3n LASA M\u00fajica (31 a\u00f1os+1 mes menos 16 d\u00edas)-Natural de Beasain (Guip\u00fazcoa), viernes 17 de Febrero de 1933.-Obituario en Sevilla, mi\u00e9rcoles 18 de Junio de 2003 (70 A\u00f1os+4 meses menos 1 d\u00eda) D. E. P.<\/strong><\/p>\n<p style=\"text-align: center\"><img data-recalc-dims=\"1\" loading=\"lazy\" decoding=\"async\" class=\"aligncenter size-full wp-image-47850\" src=\"https:\/\/i0.wp.com\/www.manquepierda.com\/historiarealbetis\/files\/2013\/03\/MART%C3%8DNEZ.jpg?resize=191%2C152&#038;ssl=1\" alt=\"MART\u00cdNEZ\" width=\"191\" height=\"152\" \/><\/p>\n<p style=\"text-align: justify\"><strong>6-Zurdo (-1-).-Jos\u00e9 Miguel MART\u00cdNEZ Febrer (25 a\u00f1os+11 meses menos 16 d\u00edas)-Natural de Barcelona, domingo 17 de Abril de 1938.-Obituario en Madrid-Cl\u00ednica de la Concepci\u00f3n-jueves 28 de Septiembre de 1972 (34 A\u00f1os+5 meses+11 d\u00edas) D. E. P.<\/strong><\/p>\n<p style=\"text-align: center\"><strong>Delanteros:<\/strong><\/p>\n<p style=\"text-align: center\"><img data-recalc-dims=\"1\" loading=\"lazy\" decoding=\"async\" class=\"aligncenter size-thumbnail wp-image-47851\" src=\"https:\/\/i0.wp.com\/www.manquepierda.com\/historiarealbetis\/files\/2013\/03\/1964-Cruz-Carranza-1.jpg?resize=170%2C220&#038;ssl=1\" alt=\"1964-Cruz Carranza\" width=\"170\" height=\"220\" srcset=\"https:\/\/i0.wp.com\/www.manquepierda.com\/historiarealbetis\/files\/2013\/03\/1964-Cruz-Carranza-1.jpg?resize=170%2C220&amp;ssl=1 170w, https:\/\/i0.wp.com\/www.manquepierda.com\/historiarealbetis\/files\/2013\/03\/1964-Cruz-Carranza-1.jpg?w=207&amp;ssl=1 207w\" sizes=\"auto, (max-width: 170px) 100vw, 170px\" \/><\/p>\n<p style=\"text-align: justify\"><em><strong>*1-0.-11 minutos.-\u00abSe saca 3 saques de esquina con L\u00f3pez y el \u00faltimo lo convierte CRUZ, al sacar el bal\u00f3n con gran efecto, en el primer tanto de la tarde\u00bb.<\/strong><\/em><\/p>\n<p style=\"text-align: justify\"><strong>7-Extremo Diestro (-1-).-Antonio CRUZ P\u00e9rez (19 a\u00f1os+6 meses menos 6 d\u00edas)-Natural El Almendro (Huelva), jueves 07 de Septiembre de 1944.-Obituario en Muriendas (Cantabria), s\u00e1bado 22 de Octubre de 2011 (67 A\u00f1os+1 mes+15 d\u00edas) D. E. P.<\/strong><\/p>\n<p style=\"text-align: center\"><img data-recalc-dims=\"1\" loading=\"lazy\" decoding=\"async\" class=\"aligncenter size-thumbnail wp-image-47852\" src=\"https:\/\/i0.wp.com\/www.manquepierda.com\/historiarealbetis\/files\/2013\/03\/Aragon%C3%A9s-Su%C3%A1rez-Lu%C3%ADs.jpg?resize=162%2C220&#038;ssl=1\" alt=\"Aragon\u00e9s Su\u00e1rez, Lu\u00eds\" width=\"162\" height=\"220\" srcset=\"https:\/\/i0.wp.com\/www.manquepierda.com\/historiarealbetis\/files\/2013\/03\/Aragon%C3%A9s-Su%C3%A1rez-Lu%C3%ADs.jpg?resize=162%2C220&amp;ssl=1 162w, https:\/\/i0.wp.com\/www.manquepierda.com\/historiarealbetis\/files\/2013\/03\/Aragon%C3%A9s-Su%C3%A1rez-Lu%C3%ADs.jpg?w=416&amp;ssl=1 416w\" sizes=\"auto, (max-width: 162px) 100vw, 162px\" \/><\/p>\n<p style=\"text-align: justify\"><strong>8-Interior Diestro (-2-).-Jos\u00e9-LU\u00cdS-Aragon\u00e9s Su\u00e1rez-Mart\u00ednez (25 a\u00f1os+8 meses menos 27 d\u00edas)-Natural de Hortaleza (Madrid), jueves 28 de Julio de 1938.-Obituario en Madrid, madrugada del s\u00e1bado 1\u00ba de Febrero de 2014 (75 A\u00f1os+7 meses menos 27 d\u00edas) D. E. P.<\/strong><\/p>\n<p style=\"text-align: center\"><img data-recalc-dims=\"1\" loading=\"lazy\" decoding=\"async\" class=\"aligncenter size-thumbnail wp-image-47853\" src=\"https:\/\/i0.wp.com\/www.manquepierda.com\/historiarealbetis\/files\/2013\/03\/1964-Ansola-Carranza-1.jpg?resize=170%2C220&#038;ssl=1\" alt=\"1964-Ansola Carranza\" width=\"170\" height=\"220\" srcset=\"https:\/\/i0.wp.com\/www.manquepierda.com\/historiarealbetis\/files\/2013\/03\/1964-Ansola-Carranza-1.jpg?resize=170%2C220&amp;ssl=1 170w, https:\/\/i0.wp.com\/www.manquepierda.com\/historiarealbetis\/files\/2013\/03\/1964-Ansola-Carranza-1.jpg?w=208&amp;ssl=1 208w\" sizes=\"auto, (max-width: 170px) 100vw, 170px\" \/><\/p>\n<p style=\"text-align: justify\"><em><strong>*2-0.-18 minutos.-\u00abMart\u00ednez saca una falta y ANSOLA, env\u00eda con la cabeza, el cuero al fondo de las redes defendidas por el meta ilicitana Juan Antonio L\u00f3pez\u00bb.<\/strong><\/em><\/p>\n<p style=\"text-align: center\"><img data-recalc-dims=\"1\" loading=\"lazy\" decoding=\"async\" class=\"aligncenter size-medium wp-image-47854\" src=\"https:\/\/i0.wp.com\/www.manquepierda.com\/historiarealbetis\/files\/2013\/03\/19640303SERRANO.jpg?resize=680%2C347&#038;ssl=1\" alt=\"19640303SERRANO\" width=\"680\" height=\"347\" srcset=\"https:\/\/i0.wp.com\/www.manquepierda.com\/historiarealbetis\/files\/2013\/03\/19640303SERRANO.jpg?resize=680%2C347&amp;ssl=1 680w, https:\/\/i0.wp.com\/www.manquepierda.com\/historiarealbetis\/files\/2013\/03\/19640303SERRANO.jpg?resize=220%2C112&amp;ssl=1 220w, https:\/\/i0.wp.com\/www.manquepierda.com\/historiarealbetis\/files\/2013\/03\/19640303SERRANO.jpg?resize=768%2C392&amp;ssl=1 768w, https:\/\/i0.wp.com\/www.manquepierda.com\/historiarealbetis\/files\/2013\/03\/19640303SERRANO.jpg?resize=960%2C490&amp;ssl=1 960w\" sizes=\"auto, (max-width: 680px) 100vw, 680px\" \/><\/p>\n<p style=\"text-align: justify\"><em>\u00abEL BETIS OBTUVO AMPLIO Y MERECIDO TRIUNFO SOBRE UN ESPA\u00d1OL ESCASAMENTE S\u00d3LIDO Y POCO PELEADOR. CUATRO TANTOS ENCAJ\u00d3 EL META L\u00d3PEZ. <strong>ESTE FUE EL SEGUNDO. LO CONTABILIZ\u00d3 EL ARIETE B\u00c9TICO AL REMATAR DE CABEZA UN CASTIGO LANZADO POR MART\u00cdNEZ\u00bb.-<\/strong><\/em>FOTO SERRANO-ABC-SEVILLA 19640302-MARTES.<\/p>\n<p style=\"text-align: justify\"><em><strong>*3-0.-56 minutos.-\u00abSe saca el 7\u00ba c\u00f3rner y aleja en corto L\u00f3pez Garc\u00eda y Bartol\u00ed, chuta Pallar\u00e9s, rebotando el esf\u00e9rico y ANSOLA lo env\u00eda al fondo del arco de L\u00f3pez\u00bb<\/strong><\/em><\/p>\n<p style=\"text-align: justify\"><strong>9-Centro Delantero-Ariete (-2-).-Fernando ANSOLA Sanmart\u00edn (24 a\u00f1os+2 meses menos 26 d\u00edas)-Natural de Elgoibar (Guip\u00fazcoa), s\u00e1bado 27 de Enero de 1940.-\u00cddem, lunes 30 de Junio de 1986 (46 A\u00f1os+5 meses+3 d\u00edas) D. E. P.<\/strong><\/p>\n<p style=\"text-align: center\"><img data-recalc-dims=\"1\" loading=\"lazy\" decoding=\"async\" class=\"aligncenter size-full wp-image-47855\" src=\"https:\/\/i0.wp.com\/www.manquepierda.com\/historiarealbetis\/files\/2013\/03\/Antonio-PALLAR%C3%89S-Huertas.jpg?resize=200%2C298&#038;ssl=1\" alt=\"Antonio PALLAR\u00c9S Huertas\" width=\"200\" height=\"298\" srcset=\"https:\/\/i0.wp.com\/www.manquepierda.com\/historiarealbetis\/files\/2013\/03\/Antonio-PALLAR%C3%89S-Huertas.jpg?w=200&amp;ssl=1 200w, https:\/\/i0.wp.com\/www.manquepierda.com\/historiarealbetis\/files\/2013\/03\/Antonio-PALLAR%C3%89S-Huertas.jpg?resize=148%2C220&amp;ssl=1 148w\" sizes=\"auto, (max-width: 200px) 100vw, 200px\" \/><\/p>\n<p style=\"text-align: justify\"><strong>10-Interior Zurdo (-2-).-Antonio PALLAR\u00c9S Huertas (23 a\u00f1os+3 meses menos 4 d\u00edas)-Natural de Alicante, jueves 05 de Diciembre de 1940.<\/strong><\/p>\n<p style=\"text-align: center\"><img data-recalc-dims=\"1\" loading=\"lazy\" decoding=\"async\" class=\"aligncenter size-thumbnail wp-image-47856\" src=\"https:\/\/i0.wp.com\/www.manquepierda.com\/historiarealbetis\/files\/2013\/03\/Andr%C3%A9sMOLINAsoler-1.jpg?resize=111%2C220&#038;ssl=1\" alt=\"Andr\u00e9sMOLINAsoler\" width=\"111\" height=\"220\" srcset=\"https:\/\/i0.wp.com\/www.manquepierda.com\/historiarealbetis\/files\/2013\/03\/Andr%C3%A9sMOLINAsoler-1.jpg?resize=111%2C220&amp;ssl=1 111w, https:\/\/i0.wp.com\/www.manquepierda.com\/historiarealbetis\/files\/2013\/03\/Andr%C3%A9sMOLINAsoler-1.jpg?resize=302%2C600&amp;ssl=1 302w, https:\/\/i0.wp.com\/www.manquepierda.com\/historiarealbetis\/files\/2013\/03\/Andr%C3%A9sMOLINAsoler-1.jpg?resize=352%2C700&amp;ssl=1 352w, https:\/\/i0.wp.com\/www.manquepierda.com\/historiarealbetis\/files\/2013\/03\/Andr%C3%A9sMOLINAsoler-1.jpg?w=388&amp;ssl=1 388w\" sizes=\"auto, (max-width: 111px) 100vw, 111px\" \/><\/p>\n<p style=\"text-align: justify\"><em><strong>*4-0.-60 minutos.-\u00abMal saque de L\u00f3pez, y MOLINA tira por elevaci\u00f3n a porter\u00eda vac\u00eda, y consigue el marcador final del encuentro\u00bb.<\/strong><\/em><\/p>\n<p style=\"text-align: justify\"><strong>11-Extremo Zurdo (-1-).-Andr\u00e9s MOLINA Soler (24 a\u00f1os menos 13 d\u00edas)-Natural de Elche (Alicante), jueves 14 de Marzo de 1940.<\/strong><\/p>\n<p style=\"text-align: center\">VS.<\/p>\n<p style=\"text-align: justify\">14\u00ba CLASIFICADO CON 17 PUNTOS Y MENOS 5 NEGATIVOS (6ganados+5emptados+12perdidos) 25-35 TANTOS FAVOR-CONTRA.<\/p>\n<p style=\"text-align: right\"><img data-recalc-dims=\"1\" loading=\"lazy\" decoding=\"async\" class=\"alignright size-thumbnail wp-image-47857\" src=\"https:\/\/i0.wp.com\/www.manquepierda.com\/historiarealbetis\/files\/2013\/03\/JFN.jpeg?resize=152%2C220&#038;ssl=1\" alt=\"JFN\" width=\"152\" height=\"220\" srcset=\"https:\/\/i0.wp.com\/www.manquepierda.com\/historiarealbetis\/files\/2013\/03\/JFN.jpeg?resize=152%2C220&amp;ssl=1 152w, https:\/\/i0.wp.com\/www.manquepierda.com\/historiarealbetis\/files\/2013\/03\/JFN.jpeg?w=379&amp;ssl=1 379w\" sizes=\"auto, (max-width: 152px) 100vw, 152px\" \/><\/p>\n<p style=\"text-align: center\">\n<p style=\"text-align: justify\">1963-1967.-Presidente Real Club Deportivo Espa\u00f1ol de Barcelona, don Josep FUST\u00c9 NOGUERA.-Fuente-Cortes\u00eda pericosonline.com<\/p>\n<p style=\"text-align: justify\"><img data-recalc-dims=\"1\" loading=\"lazy\" decoding=\"async\" class=\"size-thumbnail wp-image-47858 alignleft\" src=\"https:\/\/i0.wp.com\/www.manquepierda.com\/historiarealbetis\/files\/2013\/03\/PSJ.jpg?resize=137%2C220&#038;ssl=1\" alt=\"PSJ\" width=\"137\" height=\"220\" srcset=\"https:\/\/i0.wp.com\/www.manquepierda.com\/historiarealbetis\/files\/2013\/03\/PSJ.jpg?resize=137%2C220&amp;ssl=1 137w, https:\/\/i0.wp.com\/www.manquepierda.com\/historiarealbetis\/files\/2013\/03\/PSJ.jpg?w=187&amp;ssl=1 187w\" sizes=\"auto, (max-width: 137px) 100vw, 137px\" \/><\/p>\n<p style=\"text-align: justify\">Entrenador-Temporadas 1963-1964 y 1964-1965.<\/p>\n<p style=\"text-align: justify\">Pere SOL\u00c9 JUNOY (58 a\u00f1os+10 meses menos 6 d\u00edas)-Natural de Barcelona, domingo 07 de Mayo de 1905.<\/p>\n<p style=\"text-align: justify\">\u00cddem, jueves 25 de Febrero de 1982 (76 A\u00f1os+9 meses+18 d\u00edas) D. E. P.<\/p>\n<p style=\"text-align: justify\"><strong>\u00abOPINAN LOS ENTRENADORES\u00bb por BORMUJO.-\u00abHOJA DEL LUNES\u00bb-SEVILLA, 02 DE MARZO DE 1964: \u00ab<em>NUESTRA DERROTA NO ADMITE PALIATIVOS\u00bb.<\/em><\/strong><\/p>\n<p style=\"text-align: center\"><img data-recalc-dims=\"1\" loading=\"lazy\" decoding=\"async\" class=\"aligncenter size-full wp-image-47859\" src=\"https:\/\/i0.wp.com\/www.manquepierda.com\/historiarealbetis\/files\/2013\/03\/OLEBJO19640302.jpg?resize=778%2C1312&#038;ssl=1\" alt=\"OLEBJO19640302\" width=\"778\" height=\"1312\" srcset=\"https:\/\/i0.wp.com\/www.manquepierda.com\/historiarealbetis\/files\/2013\/03\/OLEBJO19640302.jpg?w=778&amp;ssl=1 778w, https:\/\/i0.wp.com\/www.manquepierda.com\/historiarealbetis\/files\/2013\/03\/OLEBJO19640302.jpg?resize=130%2C220&amp;ssl=1 130w, https:\/\/i0.wp.com\/www.manquepierda.com\/historiarealbetis\/files\/2013\/03\/OLEBJO19640302.jpg?resize=356%2C600&amp;ssl=1 356w, https:\/\/i0.wp.com\/www.manquepierda.com\/historiarealbetis\/files\/2013\/03\/OLEBJO19640302.jpg?resize=768%2C1295&amp;ssl=1 768w, https:\/\/i0.wp.com\/www.manquepierda.com\/historiarealbetis\/files\/2013\/03\/OLEBJO19640302.jpg?resize=415%2C700&amp;ssl=1 415w\" sizes=\"auto, (max-width: 778px) 100vw, 778px\" \/><\/p>\n<p style=\"text-align: center\">\n<p style=\"text-align: justify\">\u00bfQUIEN ESTUVO COMO NUNCA? Ayer en el Estadio \u00abBenito Villamar\u00edn\u00bb y CLASIFICACI\u00d3N DE JUGADORES por IGNACIO GARC\u00cdA FERREIRA-\u00abHOJA DEL LUNES\u00bb-SEVILLA, 02 DE MARZO DE 1964:<\/p>\n<p style=\"text-align: justify\"><strong>\u00abLO MEJOR DEL EQUIPO VISITANTE\u00bb.-Su f\u00fatbol en el centro del campo, obra de Boy con Kubala, y el saber aceptar la derrota sin estridencias\u00bb.<\/strong><\/p>\n<p style=\"text-align: center\"><img data-recalc-dims=\"1\" loading=\"lazy\" decoding=\"async\" class=\"aligncenter size-thumbnail wp-image-47860\" src=\"https:\/\/i0.wp.com\/www.manquepierda.com\/historiarealbetis\/files\/2013\/03\/RCDE1940.jpg?resize=155%2C220&#038;ssl=1\" alt=\"RCDE1940\" width=\"155\" height=\"220\" srcset=\"https:\/\/i0.wp.com\/www.manquepierda.com\/historiarealbetis\/files\/2013\/03\/RCDE1940.jpg?resize=155%2C220&amp;ssl=1 155w, https:\/\/i0.wp.com\/www.manquepierda.com\/historiarealbetis\/files\/2013\/03\/RCDE1940.jpg?resize=422%2C600&amp;ssl=1 422w, https:\/\/i0.wp.com\/www.manquepierda.com\/historiarealbetis\/files\/2013\/03\/RCDE1940.jpg?resize=493%2C700&amp;ssl=1 493w, https:\/\/i0.wp.com\/www.manquepierda.com\/historiarealbetis\/files\/2013\/03\/RCDE1940.jpg?w=502&amp;ssl=1 502w\" sizes=\"auto, (max-width: 155px) 100vw, 155px\" \/><\/p>\n<p style=\"text-align: center\">Equipaci\u00f3n Azul.-REAL CLUB DEPORTIVO ESPA\u00d1OL-0 Tantos.<\/p>\n<p style=\"text-align: center\"><img data-recalc-dims=\"1\" loading=\"lazy\" decoding=\"async\" class=\"aligncenter size-full wp-image-47861\" src=\"https:\/\/i0.wp.com\/www.manquepierda.com\/historiarealbetis\/files\/2013\/03\/lopez.jpg?resize=133%2C200&#038;ssl=1\" alt=\"lopez\" width=\"133\" height=\"200\" \/><\/p>\n<p style=\"text-align: center\">1-Portero (-1-).-Juan Antonio L\u00d3PEZ Garc\u00eda.-<strong>4 goles encajados.<\/strong><\/p>\n<p style=\"text-align: justify\">2-Juli\u00e1n RIERA Navarro (-2-).-5-Juan BARTOL\u00cd Figueras (-2-).-3-Lu\u00eds MU\u00d1OZ Grau (-0-); 4-Jos\u00e9 S\u00e1nchez Llambi\u00e9s (a) \u00abBOY\u00bb (-2-).-6-ABEL Hern\u00e1ndez S\u00e1nchez (-1-); 7-Antonio DOM\u00cdNGUEZ Mart\u00ednez (-1-).-8-Laszlo KUBALA Stecz (-1-).-9-Manuel ID\u00cdGORAS Aspiazu (-1-).-10-Laszlo KASZAS Kaszner (-0-).-11-Juan MART\u00cdNEZ VILASECA (-1-).<\/p>\n<p style=\"text-align: center\"><img data-recalc-dims=\"1\" loading=\"lazy\" decoding=\"async\" class=\"aligncenter size-medium wp-image-47862\" src=\"https:\/\/i0.wp.com\/www.manquepierda.com\/historiarealbetis\/files\/2013\/03\/19640301dardo.jpg?resize=376%2C600&#038;ssl=1\" alt=\"19640301dardo\" width=\"376\" height=\"600\" srcset=\"https:\/\/i0.wp.com\/www.manquepierda.com\/historiarealbetis\/files\/2013\/03\/19640301dardo.jpg?resize=376%2C600&amp;ssl=1 376w, https:\/\/i0.wp.com\/www.manquepierda.com\/historiarealbetis\/files\/2013\/03\/19640301dardo.jpg?resize=138%2C220&amp;ssl=1 138w, https:\/\/i0.wp.com\/www.manquepierda.com\/historiarealbetis\/files\/2013\/03\/19640301dardo.jpg?resize=439%2C700&amp;ssl=1 439w, https:\/\/i0.wp.com\/www.manquepierda.com\/historiarealbetis\/files\/2013\/03\/19640301dardo.jpg?w=697&amp;ssl=1 697w\" sizes=\"auto, (max-width: 376px) 100vw, 376px\" \/><\/p>\n<p style=\"text-align: center\">\n<p style=\"text-align: justify\">RESULTADOS DE LA VIG\u00c9SIMA TERCERA JORNADA LIGA PRIMERA DIVISI\u00d3N-TEMPORADA 1963-1964.-CLASIFICACI\u00d3N GENERAL POR EQUIPOS:<\/p>\n<p style=\"text-align: center\">Real Zaragoza Club Deportivo-3 vs. Real Oviedo Club de F\u00fatbol-1.<\/p>\n<p style=\"text-align: center\">Pontevedra Club de F\u00fatbol-1 vs. Real Madrid Cf-0.<\/p>\n<p style=\"text-align: center\">Real Valladolid Club de F\u00fatbol-2 vs. Sevilla Club de F\u00fatbol-2.<\/p>\n<p style=\"text-align: center\">Valencia Club de F\u00fatbol-2 vs. C\u00f3rdoba Club de F\u00fatbol-0.<\/p>\n<p style=\"text-align: center\">Club de F\u00fatbol Barcelona-6 vs. Levante Uni\u00f3n Deportiva-2.<\/p>\n<p style=\"text-align: center\"><em><strong>Real Betis Balompi\u00e9-4 vs. Real Club Deportivo Espa\u00f1ol-0.<\/strong><\/em><\/p>\n<p style=\"text-align: center\">Real Murcia Club de F\u00fatbol-2 vs. Elche Club de F\u00fatbol-2.<\/p>\n<p style=\"text-align: center\">Club Atl\u00e9tico Madrid-2 vs. Athl\u00e9tic Club Bilbao.0.<\/p>\n<p style=\"text-align: center\"><a href=\"https:\/\/i0.wp.com\/www.manquepierda.com\/historiarealbetis\/files\/2013\/03\/19640301PD.jpg?ssl=1\"><img data-recalc-dims=\"1\" loading=\"lazy\" decoding=\"async\" class=\"aligncenter size-full wp-image-27433\" src=\"https:\/\/i0.wp.com\/www.manquepierda.com\/historiarealbetis\/files\/2013\/03\/19640301PD.jpg?resize=735%2C863&#038;ssl=1\" alt=\"19640301PD\" width=\"735\" height=\"863\" srcset=\"https:\/\/i0.wp.com\/www.manquepierda.com\/historiarealbetis\/files\/2013\/03\/19640301PD.jpg?w=735&amp;ssl=1 735w, https:\/\/i0.wp.com\/www.manquepierda.com\/historiarealbetis\/files\/2013\/03\/19640301PD.jpg?resize=255%2C300&amp;ssl=1 255w, https:\/\/i0.wp.com\/www.manquepierda.com\/historiarealbetis\/files\/2013\/03\/19640301PD.jpg?resize=425%2C500&amp;ssl=1 425w\" sizes=\"auto, (max-width: 735px) 100vw, 735px\" \/><\/a>\u00abHOJA DEL LUNES\u00bb-SEVILLA 02-03-1964.<\/p>\n<p style=\"text-align: center\"><img data-recalc-dims=\"1\" loading=\"lazy\" decoding=\"async\" class=\"aligncenter size-large wp-image-47863\" src=\"https:\/\/i0.wp.com\/www.manquepierda.com\/historiarealbetis\/files\/2013\/03\/19640301Carteler%C3%ADa.jpg?resize=573%2C700&#038;ssl=1\" alt=\"19640301Carteler\u00eda\" width=\"573\" height=\"700\" srcset=\"https:\/\/i0.wp.com\/www.manquepierda.com\/historiarealbetis\/files\/2013\/03\/19640301Carteler%C3%ADa.jpg?resize=573%2C700&amp;ssl=1 573w, https:\/\/i0.wp.com\/www.manquepierda.com\/historiarealbetis\/files\/2013\/03\/19640301Carteler%C3%ADa.jpg?resize=180%2C220&amp;ssl=1 180w, https:\/\/i0.wp.com\/www.manquepierda.com\/historiarealbetis\/files\/2013\/03\/19640301Carteler%C3%ADa.jpg?resize=491%2C600&amp;ssl=1 491w, https:\/\/i0.wp.com\/www.manquepierda.com\/historiarealbetis\/files\/2013\/03\/19640301Carteler%C3%ADa.jpg?w=673&amp;ssl=1 673w\" sizes=\"auto, (max-width: 573px) 100vw, 573px\" \/><\/p>\n<p style=\"text-align: center\">ABC-SEVILLA 19640301-DOMINGO.<\/p>\n","protected":false},"excerpt":{"rendered":"<p>XXXIII EDICI\u00d3N-CAMPEONATO NACIONAL LIGA PRIMERA DIVISI\u00d3N-TEMPORADA 1963-1964 DESDE DOMINGO 15 DE SEPTIEMBRE DE 1963 HASTA DOMINGO 26 DE ABRIL DE 1964-AMBAS FECHAS INCLUSIVE. 1964-MARZO 01-DOMINGO EN \u00abHELI\u00d3POLIS\u00bb-ESTADIO \u00abBENITO VILLAMAR\u00cdN\u00bb-\u00c1 LAS 16&#8217;30 HORAS-9\u00ba PARTIDO DE ABONO.-23\u00aa JORNADA.-CLAVE MARCADOR SIMULT\u00c1NEO \u00abDARDO\u00bb: \u00abcamisas IKE\u00bb. \u00abPr\u00f3logo del encuentro fue la ovaci\u00f3n tributada al presidente b\u00e9tico cuando apareci\u00f3 solo en&#8230;<\/p>\n","protected":false},"author":48,"featured_media":47839,"comment_status":"open","ping_status":"open","sticky":false,"template":"","format":"standard","meta":{"_kad_post_transparent":"","_kad_post_title":"","_kad_post_layout":"","_kad_post_sidebar_id":"","_kad_post_content_style":"","_kad_post_vertical_padding":"","_kad_post_feature":"","_kad_post_feature_position":"","_kad_post_header":false,"_kad_post_footer":false,"_kad_post_classname":"","_jetpack_memberships_contains_paid_content":false,"footnotes":"","jetpack_publicize_message":"","jetpack_publicize_feature_enabled":true,"jetpack_social_post_already_shared":true,"jetpack_social_options":{"image_generator_settings":{"template":"highway","default_image_id":0,"font":"","enabled":false},"version":2}},"categories":[902,1],"tags":[5078,4033,17829,711],"class_list":["post-27422","post","type-post","status-publish","format-standard","has-post-thumbnail","hentry","category-1960-1969","category-portada","tag-1963-64","tag-4033","tag-liga-primera-1963-64","tag-rcd-espanyol"],"jetpack_publicize_connections":[],"jetpack_featured_media_url":"https:\/\/i0.wp.com\/www.manquepierda.com\/historiarealbetis\/files\/2013\/03\/estadio_benitovillamarin3.jpg?fit=300%2C200&ssl=1","jetpack_sharing_enabled":true,"jetpack_shortlink":"https:\/\/wp.me\/p1ij08-78i","jetpack-related-posts":[],"_links":{"self":[{"href":"https:\/\/www.manquepierda.com\/historiarealbetis\/wp-json\/wp\/v2\/posts\/27422","targetHints":{"allow":["GET"]}}],"collection":[{"href":"https:\/\/www.manquepierda.com\/historiarealbetis\/wp-json\/wp\/v2\/posts"}],"about":[{"href":"https:\/\/www.manquepierda.com\/historiarealbetis\/wp-json\/wp\/v2\/types\/post"}],"author":[{"embeddable":true,"href":"https:\/\/www.manquepierda.com\/historiarealbetis\/wp-json\/wp\/v2\/users\/48"}],"replies":[{"embeddable":true,"href":"https:\/\/www.manquepierda.com\/historiarealbetis\/wp-json\/wp\/v2\/comments?post=27422"}],"version-history":[{"count":1,"href":"https:\/\/www.manquepierda.com\/historiarealbetis\/wp-json\/wp\/v2\/posts\/27422\/revisions"}],"predecessor-version":[{"id":96422,"href":"https:\/\/www.manquepierda.com\/historiarealbetis\/wp-json\/wp\/v2\/posts\/27422\/revisions\/96422"}],"wp:featuredmedia":[{"embeddable":true,"href":"https:\/\/www.manquepierda.com\/historiarealbetis\/wp-json\/wp\/v2\/media\/47839"}],"wp:attachment":[{"href":"https:\/\/www.manquepierda.com\/historiarealbetis\/wp-json\/wp\/v2\/media?parent=27422"}],"wp:term":[{"taxonomy":"category","embeddable":true,"href":"https:\/\/www.manquepierda.com\/historiarealbetis\/wp-json\/wp\/v2\/categories?post=27422"},{"taxonomy":"post_tag","embeddable":true,"href":"https:\/\/www.manquepierda.com\/historiarealbetis\/wp-json\/wp\/v2\/tags?post=27422"}],"curies":[{"name":"wp","href":"https:\/\/api.w.org\/{rel}","templated":true}]}}