{"id":27914,"date":"2013-03-14T15:55:00","date_gmt":"2013-03-14T14:55:00","guid":{"rendered":"http:\/\/www.manquepierda.com\/historiarealbetis\/?p=27914"},"modified":"2024-09-02T18:56:14","modified_gmt":"2024-09-02T16:56:14","slug":"1964-marzo-15-primera-division-real-betis-balompie-2-goles-vs-real-valladolid-cd-0","status":"publish","type":"post","link":"https:\/\/www.manquepierda.com\/historiarealbetis\/1964-marzo-15-primera-division-real-betis-balompie-2-goles-vs-real-valladolid-cd-0\/","title":{"rendered":"1964-Marzo 15-Primera Divisi\u00f3n.-Real Betis Balompi\u00e9-2 RValladolid-0.-52Aniversario."},"content":{"rendered":"<p style=\"text-align: justify\">XXXIII EDICI\u00d3N-CAMPEONATO NACIONAL LIGA PRIMERA DIVISI\u00d3N-TEMPORADA 1963-1964 DESDE DOMINGO 15 DE SEPTIEMBRE DE 1963 HASTA DOMINGO 26 DE ABRIL DE 1964-AMBAS FECHAS INCLUSIVE.<\/p>\n<p style=\"text-align: center\"><img data-recalc-dims=\"1\" loading=\"lazy\" decoding=\"async\" class=\"aligncenter size-medium wp-image-48308\" src=\"https:\/\/i0.wp.com\/www.manquepierda.com\/historiarealbetis\/files\/2013\/03\/19640315SERAF%C3%8DN.jpg?resize=680%2C400&#038;ssl=1\" alt=\"19640315SERAF\u00cdN\" width=\"680\" height=\"400\" srcset=\"https:\/\/i0.wp.com\/www.manquepierda.com\/historiarealbetis\/files\/2013\/03\/19640315SERAF%C3%8DN.jpg?resize=680%2C400&amp;ssl=1 680w, https:\/\/i0.wp.com\/www.manquepierda.com\/historiarealbetis\/files\/2013\/03\/19640315SERAF%C3%8DN.jpg?resize=220%2C129&amp;ssl=1 220w, https:\/\/i0.wp.com\/www.manquepierda.com\/historiarealbetis\/files\/2013\/03\/19640315SERAF%C3%8DN.jpg?resize=768%2C451&amp;ssl=1 768w, https:\/\/i0.wp.com\/www.manquepierda.com\/historiarealbetis\/files\/2013\/03\/19640315SERAF%C3%8DN.jpg?resize=960%2C564&amp;ssl=1 960w, https:\/\/i0.wp.com\/www.manquepierda.com\/historiarealbetis\/files\/2013\/03\/19640315SERAF%C3%8DN.jpg?w=1475&amp;ssl=1 1475w\" sizes=\"auto, (max-width: 680px) 100vw, 680px\" \/><\/p>\n<p style=\"text-align: justify\"><em>\u00abAs\u00ed remat\u00f3 Ansola una de las veces, pero Calvo se encarg\u00f3 de neutralizar la jugada\u00bb.-Foto SERAF\u00cdN-\u00abHOJA DEL LUNES\u00bb-SEVILLA, 16 DE MARZO DE 1964.<\/em><\/p>\n<p style=\"text-align: right\"><img data-recalc-dims=\"1\" loading=\"lazy\" decoding=\"async\" class=\"alignleft size-medium wp-image-48309\" src=\"https:\/\/i0.wp.com\/www.manquepierda.com\/historiarealbetis\/files\/2013\/03\/19640315DARDOabc.jpg?resize=345%2C600&#038;ssl=1\" alt=\"19640315DARDOabc\" width=\"345\" height=\"600\" srcset=\"https:\/\/i0.wp.com\/www.manquepierda.com\/historiarealbetis\/files\/2013\/03\/19640315DARDOabc.jpg?resize=345%2C600&amp;ssl=1 345w, https:\/\/i0.wp.com\/www.manquepierda.com\/historiarealbetis\/files\/2013\/03\/19640315DARDOabc.jpg?resize=126%2C220&amp;ssl=1 126w, https:\/\/i0.wp.com\/www.manquepierda.com\/historiarealbetis\/files\/2013\/03\/19640315DARDOabc.jpg?resize=402%2C700&amp;ssl=1 402w, https:\/\/i0.wp.com\/www.manquepierda.com\/historiarealbetis\/files\/2013\/03\/19640315DARDOabc.jpg?w=696&amp;ssl=1 696w\" sizes=\"auto, (max-width: 345px) 100vw, 345px\" \/><\/p>\n<p style=\"text-align: justify\"><strong>1964-MARZO 15-DOMINGO-16&#8217;30 HORAS ESTADIO BENITO VILLAMAR\u00cdN-10\u00ba PARTIDO DE ABONO-24\u00aa JORNADA.-CLAVE MARCADOR SIMULT\u00c1NEO \u00abDARDO\u00bb: <em>\u00abreloj RADIANT\u00bb.<\/em><\/strong><\/p>\n<p style=\"text-align: justify\"><em>\u00abTarde espl\u00e9ndida de primavera, con los grader\u00edos del Estadio ocupados por un n\u00famero de espectadores inesperados por su cantidad\u00bb.<\/em><\/p>\n<p style=\"text-align: center\"><img data-recalc-dims=\"1\" loading=\"lazy\" decoding=\"async\" class=\"aligncenter size-thumbnail wp-image-48310\" src=\"https:\/\/i0.wp.com\/www.manquepierda.com\/historiarealbetis\/files\/2013\/03\/Claus%C3%AD.jpg?resize=125%2C220&#038;ssl=1\" alt=\"Claus\u00ed\" width=\"125\" height=\"220\" srcset=\"https:\/\/i0.wp.com\/www.manquepierda.com\/historiarealbetis\/files\/2013\/03\/Claus%C3%AD.jpg?resize=125%2C220&amp;ssl=1 125w, https:\/\/i0.wp.com\/www.manquepierda.com\/historiarealbetis\/files\/2013\/03\/Claus%C3%AD.jpg?w=183&amp;ssl=1 183w\" sizes=\"auto, (max-width: 125px) 100vw, 125px\" \/><\/p>\n<p style=\"text-align: center\">Arbitr\u00f3 Rafael CLAUS\u00cd DE LA VEGA (Valencia-1928):<\/p>\n<p style=\"text-align: justify\"><em>\u00abHizo un arbitraje imparcial, y si algunas veces tuvo errores fueron originados por los jueces de l\u00ednea. Supo aplicar con justicia la ley de la ventaja, y si bien es cierto que los jugadores actuaron con nobleza, no lo es menos que el colegiado no complic\u00f3 el desarrollo del encuentro\u00bb.<\/em><\/p>\n<p style=\"text-align: justify\"><em><strong>\u00abLos equipos fueron recibidos con aplausos, y despu\u00e9s del sorteo de terrenos entre Lasa y Moroll\u00f3n, quedaron as\u00ed formados:<\/strong><\/em><\/p>\n<p style=\"text-align: justify\"><strong>3er. CLASIFICADO CON 31 PUNTOS +7 POSITIVOS (12-GANADOS+7-EMPATADOS+5-PERDIDOS) 34-GOLES A FAVOR Y 22-TANTOS EN CONTRA.<\/strong><\/p>\n<p style=\"text-align: justify\"><img data-recalc-dims=\"1\" loading=\"lazy\" decoding=\"async\" class=\"alignleft size-thumbnail wp-image-48312\" src=\"https:\/\/i0.wp.com\/www.manquepierda.com\/historiarealbetis\/files\/2013\/03\/BenitoVillamarinPrietoIndustrias-2.jpg?resize=220%2C163&#038;ssl=1\" alt=\"BenitoVillamarinPrietoIndustrias\" width=\"220\" height=\"163\" srcset=\"https:\/\/i0.wp.com\/www.manquepierda.com\/historiarealbetis\/files\/2013\/03\/BenitoVillamarinPrietoIndustrias-2.jpg?resize=220%2C163&amp;ssl=1 220w, https:\/\/i0.wp.com\/www.manquepierda.com\/historiarealbetis\/files\/2013\/03\/BenitoVillamarinPrietoIndustrias-2.jpg?resize=680%2C503&amp;ssl=1 680w, https:\/\/i0.wp.com\/www.manquepierda.com\/historiarealbetis\/files\/2013\/03\/BenitoVillamarinPrietoIndustrias-2.jpg?resize=768%2C568&amp;ssl=1 768w, https:\/\/i0.wp.com\/www.manquepierda.com\/historiarealbetis\/files\/2013\/03\/BenitoVillamarinPrietoIndustrias-2.jpg?resize=947%2C700&amp;ssl=1 947w\" sizes=\"auto, (max-width: 220px) 100vw, 220px\" \/><em><strong>XXXIX PRESIDENTE REAL BETIS BALOMPI\u00c9-Desde el s\u00e1bado 21 de Mayo de 1955 hasta el martes 07 de <img data-recalc-dims=\"1\" loading=\"lazy\" decoding=\"async\" class=\"alignright size-thumbnail wp-image-48311\" src=\"https:\/\/i0.wp.com\/www.manquepierda.com\/historiarealbetis\/files\/2013\/03\/BenitoVILLAMAR%C3%8DNprieto-1.jpg?resize=128%2C220&#038;ssl=1\" alt=\"BenitoVILLAMAR\u00cdNprieto\" width=\"128\" height=\"220\" srcset=\"https:\/\/i0.wp.com\/www.manquepierda.com\/historiarealbetis\/files\/2013\/03\/BenitoVILLAMAR%C3%8DNprieto-1.jpg?resize=128%2C220&amp;ssl=1 128w, https:\/\/i0.wp.com\/www.manquepierda.com\/historiarealbetis\/files\/2013\/03\/BenitoVILLAMAR%C3%8DNprieto-1.jpg?resize=349%2C600&amp;ssl=1 349w, https:\/\/i0.wp.com\/www.manquepierda.com\/historiarealbetis\/files\/2013\/03\/BenitoVILLAMAR%C3%8DNprieto-1.jpg?resize=768%2C1321&amp;ssl=1 768w, https:\/\/i0.wp.com\/www.manquepierda.com\/historiarealbetis\/files\/2013\/03\/BenitoVILLAMAR%C3%8DNprieto-1.jpg?resize=407%2C700&amp;ssl=1 407w, https:\/\/i0.wp.com\/www.manquepierda.com\/historiarealbetis\/files\/2013\/03\/BenitoVILLAMAR%C3%8DNprieto-1.jpg?w=1273&amp;ssl=1 1273w\" sizes=\"auto, (max-width: 128px) 100vw, 128px\" \/>Diciembre de 1965-presentando Carta de Dimisi\u00f3n-a causa de su grav\u00edsima enfermedad de c\u00e1ncer de pulm\u00f3n-despidi\u00e9ndose de sus compa\u00f1eros directivos y a trav\u00e9s de \u00e9stos de la gran Familia Verdiblanca.<\/strong><\/em><\/p>\n<p style=\"text-align: justify\"><em><strong>DON BENITO VILLAMAR\u00cdN PRIETO-Industrial (45 a\u00f1os+7 meses menos 6 d\u00edas)-Natural de Puga-To\u00e9n (Ourense), mi\u00e9rcoles 21 de Agosto de 1918.-Obituario-del primer presidente perpetuo y \u00fanico elegido democr\u00e1ticamente por la afici\u00f3n b\u00e9tica-en Sevilla, lunes 15 de Agosto de 1966 (48 A\u00f1os menos 6 d\u00edas) D. E. P.<\/strong><\/em><\/p>\n<p style=\"text-align: center\"><em><strong>*CINCUENTA ANIVERSARIO QUINCE DE AGOSTO DE DOS MIL DIECISEIS*<\/strong><\/em><\/p>\n<p style=\"text-align: justify\"><strong>ENTRENADOR-TEMPORADA 1963-1964-Domingo BALMANYA PERERA (49 a\u00f1os+3 meses menos 14 d\u00edas)-Natural de Girona, martes 29 de Diciembre de 1914.-Obituario en Barcelona, jueves 14 de Febrero de 2002 (87 a\u00f1os+2 meses menos 15 d\u00edas) D. E. P.<\/strong><\/p>\n<p style=\"text-align: center\">\u00abOPINAN LOS ENTRENADORES\u00bb-por BORMUJO.-\u00abHOJA DEL LUNES\u00bb-Sevilla 16-03-1964:<\/p>\n<p style=\"text-align: center\"><em><strong>\u00abEL VALLADOLID HA JUGADO MUY BIEN AL CONTRAATAQUE\u00bb, reconoce Balmany\u00e1\u00bb.<\/strong><\/em><\/p>\n<p style=\"text-align: center\"><img data-recalc-dims=\"1\" loading=\"lazy\" decoding=\"async\" class=\"aligncenter size-medium wp-image-48313\" src=\"https:\/\/i0.wp.com\/www.manquepierda.com\/historiarealbetis\/files\/2013\/03\/BALMANYA1.jpg?resize=436%2C600&#038;ssl=1\" alt=\"BALMANYA1\" width=\"436\" height=\"600\" srcset=\"https:\/\/i0.wp.com\/www.manquepierda.com\/historiarealbetis\/files\/2013\/03\/BALMANYA1.jpg?resize=436%2C600&amp;ssl=1 436w, https:\/\/i0.wp.com\/www.manquepierda.com\/historiarealbetis\/files\/2013\/03\/BALMANYA1.jpg?resize=160%2C220&amp;ssl=1 160w, https:\/\/i0.wp.com\/www.manquepierda.com\/historiarealbetis\/files\/2013\/03\/BALMANYA1.jpg?resize=768%2C1056&amp;ssl=1 768w, https:\/\/i0.wp.com\/www.manquepierda.com\/historiarealbetis\/files\/2013\/03\/BALMANYA1.jpg?resize=509%2C700&amp;ssl=1 509w, https:\/\/i0.wp.com\/www.manquepierda.com\/historiarealbetis\/files\/2013\/03\/BALMANYA1.jpg?w=789&amp;ssl=1 789w\" sizes=\"auto, (max-width: 436px) 100vw, 436px\" \/><\/p>\n<p style=\"text-align: center\"><img data-recalc-dims=\"1\" loading=\"lazy\" decoding=\"async\" class=\"aligncenter size-medium wp-image-48314\" src=\"https:\/\/i0.wp.com\/www.manquepierda.com\/historiarealbetis\/files\/2013\/03\/BORMUJO2.jpg?resize=680%2C305&#038;ssl=1\" alt=\"BORMUJO2\" width=\"680\" height=\"305\" srcset=\"https:\/\/i0.wp.com\/www.manquepierda.com\/historiarealbetis\/files\/2013\/03\/BORMUJO2.jpg?resize=680%2C305&amp;ssl=1 680w, https:\/\/i0.wp.com\/www.manquepierda.com\/historiarealbetis\/files\/2013\/03\/BORMUJO2.jpg?resize=220%2C99&amp;ssl=1 220w, https:\/\/i0.wp.com\/www.manquepierda.com\/historiarealbetis\/files\/2013\/03\/BORMUJO2.jpg?w=744&amp;ssl=1 744w\" sizes=\"auto, (max-width: 680px) 100vw, 680px\" \/><\/p>\n<p style=\"text-align: justify\">\u00bfQUIEN ESTUVO COMO NUNCA? AYER EN EL ESTADIO \u00abBENITO VILLAMAR\u00cdN\u00bb-Por IGARFE-\u00abHOJA DEL LUNES\u00bb-SEVILLA 16-03-1964:<\/p>\n<p style=\"text-align: justify\"><strong>\u00abEL MEJOR GOL\u00bb.-<em>\u00abIndudablemente el segundo conseguido por Lu\u00eds, ya que fue una exhibici\u00f3n de jugada sobria y de visi\u00f3n de puerta. Si buena fue la cesi\u00f3n de Ansola, mejor fue el remate de Lu\u00eds, el jugador a quien no siempre la suerte le acompa\u00f1a\u00bb.<\/em><\/strong><\/p>\n<p style=\"text-align: justify\"><strong>\u00abLA MEJOR JUGADA\u00bb.-<em>\u00abFue tambi\u00e9n la que dio origen al comentado tanto. Lu\u00eds cedi\u00f3 muy bien a Ansola y \u00e9ste le devolvi\u00f3 el bal\u00f3n en inmejorables condiciones de remate. Todo al primer contacto, como debe ser el f\u00fatbol\u00bb.<\/em><\/strong><\/p>\n<p style=\"text-align: justify\"><strong>\u00abLO MEJOR DEL EQUIPO LOCAL\u00bb.-<em>\u00abEl no haber perdido el control de los nervios ante el inesperado buen juego del Real Valladolid, que control\u00f3 espl\u00e9ndidamente la zona central\u00bb.<\/em><\/strong><\/p>\n<p style=\"text-align: center\"><a href=\"https:\/\/i0.wp.com\/www.manquepierda.com\/historiarealbetis\/files\/2013\/03\/1957-RBB.jpg?ssl=1\"><img data-recalc-dims=\"1\" loading=\"lazy\" decoding=\"async\" class=\"aligncenter size-full wp-image-27759\" src=\"https:\/\/i0.wp.com\/www.manquepierda.com\/historiarealbetis\/files\/2013\/03\/1957-RBB.jpg?resize=154%2C154&#038;ssl=1\" alt=\"1957-RBB\" width=\"154\" height=\"154\" srcset=\"https:\/\/i0.wp.com\/www.manquepierda.com\/historiarealbetis\/files\/2013\/03\/1957-RBB.jpg?w=154&amp;ssl=1 154w, https:\/\/i0.wp.com\/www.manquepierda.com\/historiarealbetis\/files\/2013\/03\/1957-RBB.jpg?resize=150%2C150&amp;ssl=1 150w, https:\/\/i0.wp.com\/www.manquepierda.com\/historiarealbetis\/files\/2013\/03\/1957-RBB.jpg?resize=50%2C50&amp;ssl=1 50w\" sizes=\"auto, (max-width: 154px) 100vw, 154px\" \/><\/a><em><strong>REAL BETIS BALOMPI\u00c9-2 GOLES.<\/strong><\/em><\/p>\n<p style=\"text-align: center\">CLASIFICACI\u00d3N DE JUGADORES POR \u00abIGARFE\u00bb:<\/p>\n<p style=\"text-align: center\"><img data-recalc-dims=\"1\" loading=\"lazy\" decoding=\"async\" class=\"aligncenter size-thumbnail wp-image-48315\" src=\"https:\/\/i0.wp.com\/www.manquepierda.com\/historiarealbetis\/files\/2013\/03\/PEP%C3%8DN-1.jpg?resize=143%2C220&#038;ssl=1\" alt=\"PEP\u00cdN\" width=\"143\" height=\"220\" srcset=\"https:\/\/i0.wp.com\/www.manquepierda.com\/historiarealbetis\/files\/2013\/03\/PEP%C3%8DN-1.jpg?resize=143%2C220&amp;ssl=1 143w, https:\/\/i0.wp.com\/www.manquepierda.com\/historiarealbetis\/files\/2013\/03\/PEP%C3%8DN-1.jpg?w=206&amp;ssl=1 206w\" sizes=\"auto, (max-width: 143px) 100vw, 143px\" \/><\/p>\n<p style=\"text-align: justify\"><strong>1-Guardameta (-2-).-Imbatido marco verdiblanco.-Jos\u00e9 Casas Gris (a) \u00abPEP\u00cdN\u00bb (32 a\u00f1os+4 meses menos 1 d\u00eda)-Natural de Valencia, lunes 16 de Noviembre de 1931.-Obituario en Las Palmas de Gran Canaria, martes 12 de Octubre de 2010 (78 A\u00f1os+11 meses menos 4 d\u00edas) D. E. P.<\/strong><\/p>\n<p style=\"text-align: center\"><strong>Zagueros:<\/strong><\/p>\n<p style=\"text-align: justify\"><strong>2-Lateral Diestro (-2-).-Julio Santaella Ben\u00edtez (a) \u00abCOLO\u00bb.<\/strong><\/p>\n<p style=\"text-align: justify\"><strong>5-Central (-2-).-Eusebio R\u00cdOS Fern\u00e1ndez.<\/strong><\/p>\n<p style=\"text-align: justify\"><strong>3-Lateral Zurdo (-2-).-Francisco Faleato Ochoantesana (a) \u00abPAQUITO\u00bb.<\/strong><\/p>\n<p style=\"text-align: center\"><strong>Medios:<\/strong><\/p>\n<p style=\"text-align: justify\"><strong>4-Diestro (-1-).-Jos\u00e9 Miguel MART\u00cdNEZ Febrer.<\/strong><\/p>\n<p style=\"text-align: center\"><img data-recalc-dims=\"1\" loading=\"lazy\" decoding=\"async\" class=\"aligncenter size-thumbnail wp-image-48316\" src=\"https:\/\/i0.wp.com\/www.manquepierda.com\/historiarealbetis\/files\/2013\/03\/1964-Lasa-Carranza-1.jpg?resize=172%2C220&#038;ssl=1\" alt=\"1964-Lasa Carranza\" width=\"172\" height=\"220\" srcset=\"https:\/\/i0.wp.com\/www.manquepierda.com\/historiarealbetis\/files\/2013\/03\/1964-Lasa-Carranza-1.jpg?resize=172%2C220&amp;ssl=1 172w, https:\/\/i0.wp.com\/www.manquepierda.com\/historiarealbetis\/files\/2013\/03\/1964-Lasa-Carranza-1.jpg?w=210&amp;ssl=1 210w\" sizes=\"auto, (max-width: 172px) 100vw, 172px\" \/><\/p>\n<p style=\"text-align: justify\"><em><strong>\u00abEl veterano capit\u00e1n verdiblanco, muy seguido de cerca por la oscura pero eficaz labor de Pallar\u00e9s, viene una vez m\u00e1s a este espacio por su labor creadora y ordenadora de centro-campo. <\/strong><\/em><strong>Para \u00e9l, la copa de \u00abFundador\u00bb-<em>Domecq, <\/em>el co\u00f1ac que esta \u00a1como nunca\u00a1<\/strong><\/p>\n<p style=\"text-align: justify\"><strong>6-Zurdo (-3-).-Le\u00f3n LASA M\u00fajica (31 a\u00f1os+1 mes menos 2 d\u00edas)-Natural de Beasain (Guip\u00fazcoa), viernes 17 de Febrero de 1933.-Obituario en Sevilla, mi\u00e9rcoles 18 de Junio de 2003 (70 A\u00f1os+4 meses+1 d\u00eda) D. E. P.<\/strong><\/p>\n<p style=\"text-align: center\"><strong>Delanteros:<\/strong><\/p>\n<p style=\"text-align: justify\"><strong>7-Extremo Diestro (-1-).-Antonio CRUZ P\u00e9rez.<\/strong><\/p>\n<p style=\"text-align: center\"><img data-recalc-dims=\"1\" loading=\"lazy\" decoding=\"async\" class=\"aligncenter size-thumbnail wp-image-48317\" src=\"https:\/\/i0.wp.com\/www.manquepierda.com\/historiarealbetis\/files\/2013\/03\/LU%C3%8DSaragon%C3%A9sSu%C3%A1rez.jpg?resize=168%2C220&#038;ssl=1\" alt=\"LU\u00cdSaragon\u00e9sSu\u00e1rez\" width=\"168\" height=\"220\" srcset=\"https:\/\/i0.wp.com\/www.manquepierda.com\/historiarealbetis\/files\/2013\/03\/LU%C3%8DSaragon%C3%A9sSu%C3%A1rez.jpg?resize=168%2C220&amp;ssl=1 168w, https:\/\/i0.wp.com\/www.manquepierda.com\/historiarealbetis\/files\/2013\/03\/LU%C3%8DSaragon%C3%A9sSu%C3%A1rez.jpg?resize=459%2C600&amp;ssl=1 459w, https:\/\/i0.wp.com\/www.manquepierda.com\/historiarealbetis\/files\/2013\/03\/LU%C3%8DSaragon%C3%A9sSu%C3%A1rez.jpg?w=519&amp;ssl=1 519w\" sizes=\"auto, (max-width: 168px) 100vw, 168px\" \/><\/p>\n<p style=\"text-align: justify\"><em><strong>*2-1.-75 minutos (golazo).-\u00abLu\u00eds Aragon\u00e9s penetra y cede a Fernando Ansola, \u00e9ste le devuelve el bal\u00f3n con la cabeza y el \u00ab8\u00bb b\u00e9tico sobre la marcha chuta cruzado el cuero besando las mallas defendidas por Pedro Calvo\u00bb.<\/strong><\/em><\/p>\n<p style=\"text-align: justify\"><strong>8-Interior Diestro (-2-).-Jos\u00e9-LU\u00cdS-Aragon\u00e9s Su\u00e1rez-Mart\u00ednez (25 a\u00f1os+8 meses menos 13 d\u00edas)-Natural de Hortaleza (Madrid), jueves 28 de Julio de 1938.-Obituario en Madrid-madrugada-s\u00e1bado 1\u00ba de Febrero de 2014 (75 A\u00f1os+7 meses menos 27 d\u00edas) D. E. P.<\/strong><\/p>\n<p style=\"text-align: justify\"><a href=\"https:\/\/i0.wp.com\/www.manquepierda.com\/historiarealbetis\/files\/2013\/03\/1964-Ansola-Carranza1.jpg?ssl=1\"><img data-recalc-dims=\"1\" loading=\"lazy\" decoding=\"async\" class=\"aligncenter size-full wp-image-27917\" src=\"https:\/\/i0.wp.com\/www.manquepierda.com\/historiarealbetis\/files\/2013\/03\/1964-Ansola-Carranza1.jpg?resize=208%2C269&#038;ssl=1\" alt=\"1964-Ansola Carranza\" width=\"208\" height=\"269\" \/><\/a><strong>9-Centro Delantero-Ariete (-1-).-Fernando ANSOLA Sanmart\u00edn (24 a\u00f1os+2 meses menos 12 d\u00edas)-Natural de Elgoibar (Guip\u00fazcoa), s\u00e1bado 27 de Enero de 1940.-\u00cddem, lunes 30 de Junio de 1986 (46 A\u00f1os+5 meses+3 d\u00edas) D. E. P.<br \/>\n<\/strong><\/p>\n<p style=\"text-align: justify\"><em><strong>*1-0.-36 minutos.-\u00abJugada de Cruz, tira Ansola, y Calvo hace un parad\u00f3n a c\u00f3rner. Lanzado \u00e9ste, Fernando con la cabeza, remata el esf\u00e9rico hacia abajo y fusila al meta ma\u00f1o\u00bb.<\/strong><\/em><\/p>\n<p style=\"text-align: center\"><img data-recalc-dims=\"1\" loading=\"lazy\" decoding=\"async\" class=\"aligncenter size-medium wp-image-48318\" src=\"https:\/\/i0.wp.com\/www.manquepierda.com\/historiarealbetis\/files\/2013\/03\/19640317abcSerrano.jpg?resize=680%2C297&#038;ssl=1\" alt=\"19640317abcSerrano\" width=\"680\" height=\"297\" srcset=\"https:\/\/i0.wp.com\/www.manquepierda.com\/historiarealbetis\/files\/2013\/03\/19640317abcSerrano.jpg?resize=680%2C297&amp;ssl=1 680w, https:\/\/i0.wp.com\/www.manquepierda.com\/historiarealbetis\/files\/2013\/03\/19640317abcSerrano.jpg?resize=220%2C96&amp;ssl=1 220w, https:\/\/i0.wp.com\/www.manquepierda.com\/historiarealbetis\/files\/2013\/03\/19640317abcSerrano.jpg?resize=768%2C336&amp;ssl=1 768w, https:\/\/i0.wp.com\/www.manquepierda.com\/historiarealbetis\/files\/2013\/03\/19640317abcSerrano.jpg?resize=960%2C420&amp;ssl=1 960w, https:\/\/i0.wp.com\/www.manquepierda.com\/historiarealbetis\/files\/2013\/03\/19640317abcSerrano.jpg?w=1734&amp;ssl=1 1734w\" sizes=\"auto, (max-width: 680px) 100vw, 680px\" \/><\/p>\n<p style=\"text-align: justify\"><em>\u00abDOS NUEVOS PUNTOS PARA EL BETIS\u00bb.-\u00abEl cuadro verdiblanco sum\u00f3 nueva victoria en el torneo liguero. En esta oportunidad a costa del \u00abcolista\u00bb Valladolid, que realiz\u00f3 un f\u00fatbol de calidad impropio de un equipo condenado al descenso. Dos goles se\u00f1alaron la diferencia favorable del cuadro sevillano. <strong>El primero&#8211;obtenido por Ansola a la salida de un c\u00f3rner&#8211;es el reproducido\u00bb.-<\/strong><\/em><strong>Foto Serrano-ABC 19640317-Martes.<\/strong><\/p>\n<p style=\"text-align: justify\"><strong>10-Interior Zurdo (-2-).-Antonio PALLAR\u00c9S Huertas.<\/strong><\/p>\n<p style=\"text-align: justify\"><strong>11-Extremo Zurdo (-2-).-Andr\u00e9s MOLINA Soler.<\/strong><\/p>\n<p style=\"text-align: center\">VS.<\/p>\n<p style=\"text-align: justify\">16\u00ba CLASIFICADO CON 13 PUNTOS Y MENOS 11-NEGATIVOS (4ganados+5empatados+15perdidos) 21-43 TANTOS FAVOR-CONTRA.<\/p>\n<p style=\"text-align: center\">1961-1965.-Presidente don Jos\u00e9 Miguel ARRARTE AYESTAR\u00c1N.<\/p>\n<p style=\"text-align: justify\">1963-1964.-Entrenador Francisco LESMES BOBED (40 a\u00f1os+11 d\u00edas)-Natural de Ceuta, martes 04 de Marzo de 1924.<\/p>\n<p style=\"text-align: justify\">\u00abOPINAN LOS ENTRENADORES\u00bb por BORMUJO.-\u00abHOJA DEL LUNES\u00bb-SEVILLA, 16 DE MARZO DE 1964:<\/p>\n<p style=\"text-align: center\"><strong>\u00abEN F\u00daTBOL, ESTAMOS MUY BIEN, EN GOLES NO ENTRA UNO\u00bb dice Lesmes.<\/strong><\/p>\n<p style=\"text-align: center\"><img data-recalc-dims=\"1\" loading=\"lazy\" decoding=\"async\" class=\"aligncenter size-large wp-image-48324\" src=\"https:\/\/i0.wp.com\/www.manquepierda.com\/historiarealbetis\/files\/2013\/03\/LESMES.jpg?resize=376%2C700&#038;ssl=1\" alt=\"LESMES\" width=\"376\" height=\"700\" srcset=\"https:\/\/i0.wp.com\/www.manquepierda.com\/historiarealbetis\/files\/2013\/03\/LESMES.jpg?resize=376%2C700&amp;ssl=1 376w, https:\/\/i0.wp.com\/www.manquepierda.com\/historiarealbetis\/files\/2013\/03\/LESMES.jpg?resize=118%2C220&amp;ssl=1 118w, https:\/\/i0.wp.com\/www.manquepierda.com\/historiarealbetis\/files\/2013\/03\/LESMES.jpg?resize=322%2C600&amp;ssl=1 322w, https:\/\/i0.wp.com\/www.manquepierda.com\/historiarealbetis\/files\/2013\/03\/LESMES.jpg?resize=768%2C1430&amp;ssl=1 768w, https:\/\/i0.wp.com\/www.manquepierda.com\/historiarealbetis\/files\/2013\/03\/LESMES.jpg?w=784&amp;ssl=1 784w\" sizes=\"auto, (max-width: 376px) 100vw, 376px\" \/><\/p>\n<p style=\"text-align: center\"><strong>El\u00e1stica Violeta, calz\u00f3n Azul.-REAL VALLADOLID CLUB DEPORTIVO-0 Tantos.<\/strong><\/p>\n<p style=\"text-align: center\"><img data-recalc-dims=\"1\" loading=\"lazy\" decoding=\"async\" class=\"aligncenter size-thumbnail wp-image-48325\" src=\"https:\/\/i0.wp.com\/www.manquepierda.com\/historiarealbetis\/files\/2013\/03\/RV.jpeg?resize=209%2C220&#038;ssl=1\" alt=\"RV\" width=\"209\" height=\"220\" srcset=\"https:\/\/i0.wp.com\/www.manquepierda.com\/historiarealbetis\/files\/2013\/03\/RV.jpeg?resize=209%2C220&amp;ssl=1 209w, https:\/\/i0.wp.com\/www.manquepierda.com\/historiarealbetis\/files\/2013\/03\/RV.jpeg?w=219&amp;ssl=1 219w\" sizes=\"auto, (max-width: 209px) 100vw, 209px\" \/><\/p>\n<p style=\"text-align: justify\">CLASIFICACI\u00d3N DE JUGADORES POR IGNACIO GARC\u00cdA FERREIRA-\u00abHOJA DEL LUNES\u00bb-SEVILLA 16 DE MARZO DE 1964:<\/p>\n<p style=\"text-align: center\"><img data-recalc-dims=\"1\" loading=\"lazy\" decoding=\"async\" class=\"aligncenter size-full wp-image-48326\" src=\"https:\/\/i0.wp.com\/www.manquepierda.com\/historiarealbetis\/files\/2013\/03\/calvo1.jpg?resize=142%2C171&#038;ssl=1\" alt=\"calvo1\" width=\"142\" height=\"171\" \/><\/p>\n<p style=\"text-align: justify\">1-Portero (-3-).-Pedro CALVO Ib\u00e1\u00f1ez (26 a\u00f1os+7 meses+6 d\u00edas)-Natural de Balmaseda (Vizcaya), lunes 09 de Agosto de 1937.-<strong>2 goles encajados.<\/strong><\/p>\n<p style=\"text-align: justify\">2-Juan Antonio EALO Bustinza (-1-).-5&#8211;Jos\u00e9 MART\u00cdNEZ Garc\u00eda (-1-).-3-Jos\u00e9 PINTO Rosas (-2-); 4-Carlos RAM\u00cdREZ Zancas (-3-).-6-Manuel SANCH\u00cdS Mart\u00ednez (-2-); 7-Jos\u00e9 Ram\u00f3n FUERTES Roces (-1-).-8-Capit\u00e1n-Emilio MOROLL\u00d3N Est\u00e9banez (-1-).-9-Manuel HARO Ruiz (-2-).-10-Jos\u00e9 Mar\u00eda S\u00e1nchez RODILLA (-1-).-11-Jos\u00e9 Dom\u00ednguez Garrochena (a) \u00abJOSEL\u00cdN\u00bb (-2-).<\/p>\n<p style=\"text-align: center\"><img data-recalc-dims=\"1\" loading=\"lazy\" decoding=\"async\" class=\"aligncenter size-large wp-image-48327\" src=\"https:\/\/i0.wp.com\/www.manquepierda.com\/historiarealbetis\/files\/2013\/03\/VF19640316.jpg?resize=391%2C700&#038;ssl=1\" alt=\"VF19640316\" width=\"391\" height=\"700\" srcset=\"https:\/\/i0.wp.com\/www.manquepierda.com\/historiarealbetis\/files\/2013\/03\/VF19640316.jpg?resize=391%2C700&amp;ssl=1 391w, https:\/\/i0.wp.com\/www.manquepierda.com\/historiarealbetis\/files\/2013\/03\/VF19640316.jpg?resize=123%2C220&amp;ssl=1 123w, https:\/\/i0.wp.com\/www.manquepierda.com\/historiarealbetis\/files\/2013\/03\/VF19640316.jpg?w=756&amp;ssl=1 756w\" sizes=\"auto, (max-width: 391px) 100vw, 391px\" \/><\/p>\n<p style=\"text-align: justify\"><strong>VI\u00d1ETA VICENTE FLORES.-\u00abHOJA DEL LUNES\u00bb-SEVILLA 16 DE MARZO DE 1964.-Y CLASIFICACI\u00d3N GENERAL POR EQUIPOS DESPU\u00c9S DE LA VIG\u00c9SIMA CUARTA JORNADA PRIMERA DIVISI\u00d3N-TEMPORADA 1963-1964:<\/strong><\/p>\n<p style=\"text-align: center\">\n<p style=\"text-align: right\"><a href=\"https:\/\/i0.wp.com\/www.manquepierda.com\/historiarealbetis\/files\/2013\/03\/19640315P16364.jpg?ssl=1\"><img data-recalc-dims=\"1\" loading=\"lazy\" decoding=\"async\" class=\"aligncenter size-full wp-image-27922\" src=\"https:\/\/i0.wp.com\/www.manquepierda.com\/historiarealbetis\/files\/2013\/03\/19640315P16364.jpg?resize=746%2C873&#038;ssl=1\" alt=\"19640315P16364\" width=\"746\" height=\"873\" srcset=\"https:\/\/i0.wp.com\/www.manquepierda.com\/historiarealbetis\/files\/2013\/03\/19640315P16364.jpg?w=746&amp;ssl=1 746w, https:\/\/i0.wp.com\/www.manquepierda.com\/historiarealbetis\/files\/2013\/03\/19640315P16364.jpg?resize=256%2C300&amp;ssl=1 256w, https:\/\/i0.wp.com\/www.manquepierda.com\/historiarealbetis\/files\/2013\/03\/19640315P16364.jpg?resize=427%2C500&amp;ssl=1 427w\" sizes=\"auto, (max-width: 746px) 100vw, 746px\" \/><\/a><\/p>\n<p style=\"text-align: left\">\n","protected":false},"excerpt":{"rendered":"<p>XXXIII EDICI\u00d3N-CAMPEONATO NACIONAL LIGA PRIMERA DIVISI\u00d3N-TEMPORADA 1963-1964 DESDE DOMINGO 15 DE SEPTIEMBRE DE 1963 HASTA DOMINGO 26 DE ABRIL DE 1964-AMBAS FECHAS INCLUSIVE. \u00abAs\u00ed remat\u00f3 Ansola una de las veces, pero Calvo se encarg\u00f3 de neutralizar la jugada\u00bb.-Foto SERAF\u00cdN-\u00abHOJA DEL LUNES\u00bb-SEVILLA, 16 DE MARZO DE 1964. 1964-MARZO 15-DOMINGO-16&#8217;30 HORAS ESTADIO BENITO VILLAMAR\u00cdN-10\u00ba PARTIDO DE ABONO-24\u00aa&#8230;<\/p>\n","protected":false},"author":48,"featured_media":48308,"comment_status":"open","ping_status":"open","sticky":false,"template":"","format":"standard","meta":{"_kad_post_transparent":"","_kad_post_title":"","_kad_post_layout":"","_kad_post_sidebar_id":"","_kad_post_content_style":"","_kad_post_vertical_padding":"","_kad_post_feature":"","_kad_post_feature_position":"","_kad_post_header":false,"_kad_post_footer":false,"_kad_post_classname":"","_jetpack_memberships_contains_paid_content":false,"footnotes":"","jetpack_publicize_message":"","jetpack_publicize_feature_enabled":true,"jetpack_social_post_already_shared":true,"jetpack_social_options":{"image_generator_settings":{"template":"highway","default_image_id":0,"font":"","enabled":false},"version":2}},"categories":[902,1],"tags":[5078,4033,17829,1359],"class_list":["post-27914","post","type-post","status-publish","format-standard","has-post-thumbnail","hentry","category-1960-1969","category-portada","tag-1963-64","tag-4033","tag-liga-primera-1963-64","tag-real-valladolid"],"jetpack_publicize_connections":[],"jetpack_featured_media_url":"https:\/\/i0.wp.com\/www.manquepierda.com\/historiarealbetis\/files\/2013\/03\/19640315SERAF%C3%8DN.jpg?fit=1475%2C867&ssl=1","jetpack_sharing_enabled":true,"jetpack_shortlink":"https:\/\/wp.me\/p1ij08-7ge","jetpack-related-posts":[],"_links":{"self":[{"href":"https:\/\/www.manquepierda.com\/historiarealbetis\/wp-json\/wp\/v2\/posts\/27914","targetHints":{"allow":["GET"]}}],"collection":[{"href":"https:\/\/www.manquepierda.com\/historiarealbetis\/wp-json\/wp\/v2\/posts"}],"about":[{"href":"https:\/\/www.manquepierda.com\/historiarealbetis\/wp-json\/wp\/v2\/types\/post"}],"author":[{"embeddable":true,"href":"https:\/\/www.manquepierda.com\/historiarealbetis\/wp-json\/wp\/v2\/users\/48"}],"replies":[{"embeddable":true,"href":"https:\/\/www.manquepierda.com\/historiarealbetis\/wp-json\/wp\/v2\/comments?post=27914"}],"version-history":[{"count":1,"href":"https:\/\/www.manquepierda.com\/historiarealbetis\/wp-json\/wp\/v2\/posts\/27914\/revisions"}],"predecessor-version":[{"id":94127,"href":"https:\/\/www.manquepierda.com\/historiarealbetis\/wp-json\/wp\/v2\/posts\/27914\/revisions\/94127"}],"wp:featuredmedia":[{"embeddable":true,"href":"https:\/\/www.manquepierda.com\/historiarealbetis\/wp-json\/wp\/v2\/media\/48308"}],"wp:attachment":[{"href":"https:\/\/www.manquepierda.com\/historiarealbetis\/wp-json\/wp\/v2\/media?parent=27914"}],"wp:term":[{"taxonomy":"category","embeddable":true,"href":"https:\/\/www.manquepierda.com\/historiarealbetis\/wp-json\/wp\/v2\/categories?post=27914"},{"taxonomy":"post_tag","embeddable":true,"href":"https:\/\/www.manquepierda.com\/historiarealbetis\/wp-json\/wp\/v2\/tags?post=27914"}],"curies":[{"name":"wp","href":"https:\/\/api.w.org\/{rel}","templated":true}]}}