{"id":27929,"date":"2013-03-14T20:57:21","date_gmt":"2013-03-14T19:57:21","guid":{"rendered":"http:\/\/www.manquepierda.com\/historiarealbetis\/?p=27929"},"modified":"2024-09-10T06:57:03","modified_gmt":"2024-09-10T04:57:03","slug":"1953-marzo-15-tercera-division-grupo-vi-real-betis-balompie-3-vs-recreativo-granada-0","status":"publish","type":"post","link":"https:\/\/www.manquepierda.com\/historiarealbetis\/1953-marzo-15-tercera-division-grupo-vi-real-betis-balompie-3-vs-recreativo-granada-0\/","title":{"rendered":"1953-Marzo 15-Tercera Divisi\u00f3n-Grupo VI: Real Betis Balompi\u00e9-3 vs. Club Recreativo Granada-0."},"content":{"rendered":"<p><a href=\"https:\/\/i0.wp.com\/www.manquepierda.com\/historiarealbetis\/files\/2013\/03\/EstadioMunicipalHeli%C3%B3polis19512.jpg?ssl=1\"><img data-recalc-dims=\"1\" loading=\"lazy\" decoding=\"async\" class=\"aligncenter size-medium wp-image-27930\" alt=\"EstadioMunicipalHeli\u00f3polis1951\" src=\"https:\/\/i0.wp.com\/www.manquepierda.com\/historiarealbetis\/files\/2013\/03\/EstadioMunicipalHeli%C3%B3polis19512.jpg?resize=300%2C141&#038;ssl=1\" width=\"300\" height=\"141\" srcset=\"https:\/\/i0.wp.com\/www.manquepierda.com\/historiarealbetis\/files\/2013\/03\/EstadioMunicipalHeli%C3%B3polis19512.jpg?resize=300%2C141&amp;ssl=1 300w, https:\/\/i0.wp.com\/www.manquepierda.com\/historiarealbetis\/files\/2013\/03\/EstadioMunicipalHeli%C3%B3polis19512.jpg?resize=1024%2C483&amp;ssl=1 1024w, https:\/\/i0.wp.com\/www.manquepierda.com\/historiarealbetis\/files\/2013\/03\/EstadioMunicipalHeli%C3%B3polis19512.jpg?resize=500%2C236&amp;ssl=1 500w\" sizes=\"auto, (max-width: 300px) 100vw, 300px\" \/><\/a><em><strong>1953-Marzo 15.-Domingo en la \u00abCiudad del Betis\u00bb: Estadio Municipal de HELI\u00d3POLIS (\u00abCiudad del Sol\u00bb).-Parte de la afici\u00f3n b\u00e9tica mostr\u00f3 con protestas,\u00a0 de desagrado por el encuentro perdido el domingo anterior en el estadio de La Rosaleda: Club Atl\u00e9tico Malague\u00f1o-2 vs. Real Betis Balompi\u00e9-0.<br \/>\n<\/strong><\/em><\/p>\n<p style=\"text-align: center\"><em><strong>XXIV JORNADA LIGA TERCERA DIVISI\u00d3N-GRUPO SEXTO-TEMPORADA 1952-1953.<\/strong><\/em><\/p>\n<p style=\"text-align: left\"><strong>Arbitr\u00f3 el colegiado Mendoza Bravo, comenz\u00f3 bien pero se fue desdibujando,\u00a0 perdiendo en la segunda parte toda la resoluci\u00f3n de que hab\u00eda hecho gala en la primera.\u00a0 <\/strong><\/p>\n<p style=\"text-align: left\"><strong>El juez deportivo y sus \u00absegundos\u00bb ostentaron brazaletes blancos en se\u00f1al de duelo por el fallecimiento del quien fue en vida el magn\u00edfico \u00e1rbitro Pl\u00e1cido Gonz\u00e1lez D\u00edaz.<br \/>\n<\/strong><\/p>\n<p style=\"text-align: center\"><em><strong>INCIDENCIAS:<\/strong><\/em><\/p>\n<p style=\"text-align: left\"><em><strong>07 Minutos.-El Betis Balompi\u00e9 se qued\u00f3 con 10 hombres sobre el terreno de juego.\u00a0 EUGENIO V\u00e1zquez L\u00f3pez cay\u00f3 aparatosamente,\u00a0 zancadilleado en el aire,\u00a0 y tuvo la desgracia de sufrir la fractura de clav\u00edcula.<\/strong><\/em><\/p>\n<p style=\"text-align: left\"><strong>Inmediatemente de marcar Pe\u00f1afuerte de penalti por manos de Mart\u00edn,\u00a0 se produjo una confusa situaci\u00f3n en el terreno de juego,\u00a0 agredi\u00e9ndose algunos granadinos\u00a0 y\u00a0 acabando el triste espect\u00e1culo&#8211;rara vez perceptible&#8211;,\u00a0 siendo enviado a los vestuarios el \u00ab8\u00bb Mart\u00edn entre protestas y con la intervenci\u00f3n del preparador del Club Recreativo Granada, desde este momento en igualdad n\u00famerica ambas escuadras.<\/strong><\/p>\n<p style=\"text-align: center\"><strong>Aline\u00f3 \u00e1:<\/strong><\/p>\n<p style=\"text-align: center\"><a href=\"https:\/\/i0.wp.com\/www.manquepierda.com\/historiarealbetis\/files\/2013\/03\/1941-RBB.jpg?ssl=1\"><img data-recalc-dims=\"1\" loading=\"lazy\" decoding=\"async\" class=\"aligncenter size-full wp-image-27529\" alt=\"1941-RBB\" src=\"https:\/\/i0.wp.com\/www.manquepierda.com\/historiarealbetis\/files\/2013\/03\/1941-RBB.jpg?resize=154%2C154&#038;ssl=1\" width=\"154\" height=\"154\" srcset=\"https:\/\/i0.wp.com\/www.manquepierda.com\/historiarealbetis\/files\/2013\/03\/1941-RBB.jpg?w=154&amp;ssl=1 154w, https:\/\/i0.wp.com\/www.manquepierda.com\/historiarealbetis\/files\/2013\/03\/1941-RBB.jpg?resize=150%2C150&amp;ssl=1 150w, https:\/\/i0.wp.com\/www.manquepierda.com\/historiarealbetis\/files\/2013\/03\/1941-RBB.jpg?resize=50%2C50&amp;ssl=1 50w\" sizes=\"auto, (max-width: 154px) 100vw, 154px\" \/><\/a><em><strong>3er. Clasificado.-REAL BETIS BALOMPI\u00c9-3 GOLES.<\/strong><\/em><\/p>\n<p style=\"text-align: center\"><em><strong>MARCARON:<\/strong><\/em><\/p>\n<p style=\"text-align: center\"><a href=\"https:\/\/i0.wp.com\/www.manquepierda.com\/historiarealbetis\/files\/2013\/03\/Jos%C3%A9PE%C3%91AFUERTEruiz.jpg?ssl=1\"><img data-recalc-dims=\"1\" loading=\"lazy\" decoding=\"async\" class=\"aligncenter size-medium wp-image-27892\" alt=\"Jos\u00e9PE\u00d1AFUERTEruiz\" src=\"https:\/\/i0.wp.com\/www.manquepierda.com\/historiarealbetis\/files\/2013\/03\/Jos%C3%A9PE%C3%91AFUERTEruiz-165x300.jpg?resize=165%2C300&#038;ssl=1\" width=\"165\" height=\"300\" srcset=\"https:\/\/i0.wp.com\/www.manquepierda.com\/historiarealbetis\/files\/2013\/03\/Jos%C3%A9PE%C3%91AFUERTEruiz.jpg?resize=165%2C300&amp;ssl=1 165w, https:\/\/i0.wp.com\/www.manquepierda.com\/historiarealbetis\/files\/2013\/03\/Jos%C3%A9PE%C3%91AFUERTEruiz.jpg?resize=566%2C1024&amp;ssl=1 566w, https:\/\/i0.wp.com\/www.manquepierda.com\/historiarealbetis\/files\/2013\/03\/Jos%C3%A9PE%C3%91AFUERTEruiz.jpg?resize=276%2C500&amp;ssl=1 276w, https:\/\/i0.wp.com\/www.manquepierda.com\/historiarealbetis\/files\/2013\/03\/Jos%C3%A9PE%C3%91AFUERTEruiz.jpg?zoom=2&amp;resize=165%2C300&amp;ssl=1 330w, https:\/\/i0.wp.com\/www.manquepierda.com\/historiarealbetis\/files\/2013\/03\/Jos%C3%A9PE%C3%91AFUERTEruiz.jpg?zoom=3&amp;resize=165%2C300&amp;ssl=1 495w\" sizes=\"auto, (max-width: 165px) 100vw, 165px\" \/><\/a><\/p>\n<p style=\"text-align: center\"><em><strong>1-0.-Penalti\u00a0 por manos de Mart\u00edn, bien ejecutado por PE\u00d1AFUERTE batiendo al meta Julio.<\/strong><\/em><\/p>\n<p style=\"text-align: center\"><em><strong>2-0.-LUISITO rematando espl\u00e9ndidamente de cabeza un c\u00f3rner.<\/strong><\/em><\/p>\n<p style=\"text-align: center\"><em><strong>3-0.-Buena incursi\u00f3n del debutante Calle,\u00a0 que desde el ala derecha centr\u00f3 muy bien para que L\u00d3PEZ enviara el bal\u00f3n al fondo de la meta de Julio.<\/strong><\/em><\/p>\n<p style=\"text-align: center\"><em><strong>OBITUARIOS REAL BETIS BALOMPI\u00c9.<\/strong><\/em><\/p>\n<p style=\"text-align: center\"><em><strong>Los jugadores verdiblancos sacaron brazaletes negros por el fallecimiento de la madre del Secretario del Club, don Evaristo P\u00e9rez Cortes, D. E. P.<\/strong><\/em><\/p>\n<p style=\"text-align: center\"><em><strong>GUARDAMETA:<\/strong><\/em><\/p>\n<p style=\"text-align: left\"><em><strong>-01-Santiago PREGO Gonz\u00e1lez.-\u00bfLeyenda Viva B\u00e9tica? No localizadas ciudades y fechas nacimiento-fallecimiento si ha lugar**<\/strong><\/em><\/p>\n<p style=\"text-align: center\"><em><strong>ZAGUEROS:<\/strong><\/em><\/p>\n<p style=\"text-align: left\"><em><strong>-02-M\u00c1XIMO Benito Velasco (32).-ARRIGORRIAGA (Vizcaya), Lunes 12-Abril-1920.-\u00cdDEM, Viernes 12-Abril-1985.-65 A\u00f1os.-D. E. P.-Leyenda Verdiblanca.<\/strong><\/em><\/p>\n<p style=\"text-align: left\"><em><strong>-03-Aurelio CAMPA Serrano (19).-MADRID, Mi\u00e9rcoles 10-Mayo-1933.-\u00bf79 A\u00f1os: Leyenda Viva B\u00e9tica?<\/strong><\/em><\/p>\n<p style=\"text-align: left\"><em><strong>-04-Manuel VILCHES Gil (24).-M\u00c1LAGA, Jueves 28-Junio-1928.-\u00bf84 A\u00f1os: Leyenda Viva B\u00e9tica?<\/strong><\/em><\/p>\n<p style=\"text-align: center\"><em><strong>MEDIOS:<\/strong><\/em><\/p>\n<p style=\"text-align: left\"><em><strong>-05-Jos\u00e9 PE\u00d1AFUERTE Ruiz (20).-SEVILLA, Lunes 20-Junio-1932.-\u00cdDEM, Viernes 05-Abril-1996.-63 A\u00f1os.-D. E. P.-Leyenda Verdiblanca ilustre.<\/strong><\/em><\/p>\n<p style=\"text-align: left\"><em><strong>-06-LUISITO.-\u00bfLeyenda Viva B\u00e9tica? No localizadas ciudades y fechas nacimiento-fallecimiento si ha lugar**<\/strong><\/em><\/p>\n<p style=\"text-align: center\"><em><strong>DELANTEROS:<\/strong><\/em><\/p>\n<p style=\"text-align: left\"><em><strong>-07-Juan CEDR\u00c9S Cabrera (25).-LAS PALMAS DE GRAN CANARIA, Domingo 15-Agosto-1926.-\u00cdDEM, Martes 03-Abril-1979.-52 A\u00f1os.-D. E. P.-Leyenda B\u00e9tica.<\/strong><\/em><\/p>\n<p style=\"text-align: left\"><em><strong>-08-EUGENIO V\u00e1zquez L\u00f3pez (21).-ALCAL\u00c1 DE GUADAIRA (Sevilla), Lunes 15-Febrero-1932.-\u00cdDEM, Martes 06-Febrero-1990.-58 A\u00f1os.-D. E. P.-Leyenda B\u00e9tica.<\/strong><\/em><\/p>\n<p style=\"text-align: left\"><em><strong>-09-Debut\u00f3.-Jos\u00e9 CALLE Villalba (21).-SEVILLA, Jueves 11-Febrero-1932.-\u00bf81 A\u00f1os: Leyenda Viva B\u00e9tica?<\/strong><\/em><\/p>\n<p style=\"text-align: left\"><em><strong>-10-Pedro P\u00e9rez L\u00d3PEZ (29).-\u00cdLLORA (Granada), S\u00e1bado 21-Abril-1923.-SEVILLA, Viernes 23-Abril-1976.-53 A\u00f1os.-D. E. P.-Leyenda B\u00e9tica.<\/strong><\/em><\/p>\n<p style=\"text-align: left\"><em><strong>-11-Segundo ARZA \u00cd\u00f1igo (a) \u00abARZA II\u00bb (26).-ESTRELLA (Navarra), 00-03-1926.-SEVILLA, Viernes 23-Noviembre-1990.-64 A\u00f1os.-D. E. P.-Leyenda B\u00e9tica.<\/strong><\/em><\/p>\n<p style=\"text-align: left\"><a href=\"https:\/\/i0.wp.com\/www.manquepierda.com\/historiarealbetis\/files\/2013\/03\/M%C3%A1ximoBenitoVelasco1.jpg?ssl=1\"><img data-recalc-dims=\"1\" loading=\"lazy\" decoding=\"async\" class=\"aligncenter size-medium wp-image-27932\" alt=\"M\u00e1ximoBenitoVelasco\" src=\"https:\/\/i0.wp.com\/www.manquepierda.com\/historiarealbetis\/files\/2013\/03\/M%C3%A1ximoBenitoVelasco1.jpg?resize=219%2C300&#038;ssl=1\" width=\"219\" height=\"300\" srcset=\"https:\/\/i0.wp.com\/www.manquepierda.com\/historiarealbetis\/files\/2013\/03\/M%C3%A1ximoBenitoVelasco1.jpg?resize=219%2C300&amp;ssl=1 219w, https:\/\/i0.wp.com\/www.manquepierda.com\/historiarealbetis\/files\/2013\/03\/M%C3%A1ximoBenitoVelasco1.jpg?resize=365%2C500&amp;ssl=1 365w, https:\/\/i0.wp.com\/www.manquepierda.com\/historiarealbetis\/files\/2013\/03\/M%C3%A1ximoBenitoVelasco1.jpg?w=400&amp;ssl=1 400w\" sizes=\"auto, (max-width: 219px) 100vw, 219px\" \/><\/a><\/p>\n<p style=\"text-align: center\"><em><strong>JUGADOR-ENTRENADOR-Temporada 1952-1953.-M\u00c1XIMO BENITO VELASO.-(Sustituyendo a Manuel OLIVARES Lape\u00f1a).<\/strong><\/em><\/p>\n<p style=\"text-align: center\"><a href=\"https:\/\/i0.wp.com\/www.manquepierda.com\/historiarealbetis\/files\/2013\/03\/ManuelRuizRodr%C3%ADguez2.jpg?ssl=1\"><img data-recalc-dims=\"1\" loading=\"lazy\" decoding=\"async\" class=\"aligncenter size-medium wp-image-27902\" alt=\"ManuelRuizRodr\u00edguez\" src=\"https:\/\/i0.wp.com\/www.manquepierda.com\/historiarealbetis\/files\/2013\/03\/ManuelRuizRodr%C3%ADguez2.jpg?resize=194%2C300&#038;ssl=1\" width=\"194\" height=\"300\" srcset=\"https:\/\/i0.wp.com\/www.manquepierda.com\/historiarealbetis\/files\/2013\/03\/ManuelRuizRodr%C3%ADguez2.jpg?resize=194%2C300&amp;ssl=1 194w, https:\/\/i0.wp.com\/www.manquepierda.com\/historiarealbetis\/files\/2013\/03\/ManuelRuizRodr%C3%ADguez2.jpg?resize=323%2C500&amp;ssl=1 323w, https:\/\/i0.wp.com\/www.manquepierda.com\/historiarealbetis\/files\/2013\/03\/ManuelRuizRodr%C3%ADguez2.jpg?w=553&amp;ssl=1 553w\" sizes=\"auto, (max-width: 194px) 100vw, 194px\" \/><\/a><\/p>\n<p style=\"text-align: left\"><em><strong>XXXVIII PRESIDENTE REAL BETIS BALOMPI\u00c9-Temporada 1952-1953: DON MANUEL RUIZ RODR\u00cdGUEZ (54 A\u00f1os.-Industrial).-CORIA DEL R\u00cdO (Sevilla), S\u00e1bado 18-Marzo-1899.-SEVILLA, Martes 09-Octubre-1956.-57 A\u00f1os.-D. E. P.-Leyenda Verdiblanca ilustre.<\/strong><\/em><\/p>\n<p style=\"text-align: center\">VS.<\/p>\n<p style=\"text-align: center\">Octavo Clasificado.-CLUB RECREATIVO GRANADA-0 Tantos.<\/p>\n<p style=\"text-align: center\">JULIO.-REQUENA I-TAPIA (debut\u00f3)-HUETE.-RIVERA-FERN\u00c1NDEZ.-LOPERA-MART\u00cdN-REQUENA II-TOTO\u00a0 y\u00a0 D\u00cdAZ-CARA.<\/p>\n<p style=\"text-align: left\"><a href=\"https:\/\/i0.wp.com\/www.manquepierda.com\/historiarealbetis\/files\/2013\/03\/19530315T3G6-2.jpg?ssl=1\"><img data-recalc-dims=\"1\" loading=\"lazy\" decoding=\"async\" class=\"aligncenter size-full wp-image-27935\" alt=\"19530315T3G6-2\" src=\"https:\/\/i0.wp.com\/www.manquepierda.com\/historiarealbetis\/files\/2013\/03\/19530315T3G6-2.jpg?resize=721%2C737&#038;ssl=1\" width=\"721\" height=\"737\" srcset=\"https:\/\/i0.wp.com\/www.manquepierda.com\/historiarealbetis\/files\/2013\/03\/19530315T3G6-2.jpg?w=721&amp;ssl=1 721w, https:\/\/i0.wp.com\/www.manquepierda.com\/historiarealbetis\/files\/2013\/03\/19530315T3G6-2.jpg?resize=293%2C300&amp;ssl=1 293w, https:\/\/i0.wp.com\/www.manquepierda.com\/historiarealbetis\/files\/2013\/03\/19530315T3G6-2.jpg?resize=50%2C50&amp;ssl=1 50w, https:\/\/i0.wp.com\/www.manquepierda.com\/historiarealbetis\/files\/2013\/03\/19530315T3G6-2.jpg?resize=489%2C500&amp;ssl=1 489w\" sizes=\"auto, (max-width: 721px) 100vw, 721px\" \/><\/a>13\u00ba Clasificado.-Uni\u00f3n Deportiva Sevillana de T\u00e1nger-21 Puntos y 1-negativo.-23 jugados:\u00a0 10g-1e-12p.-47-61 Goles Favor-Contra.<\/p>\n<p style=\"text-align: left\">14\u00ba Clasificado.-\u00dabeda Club de F\u00fatbol-18 Puntos y 5-negativos.-24 Jugados:\u00a0 9g-0e-15p.-40-64 Tantos Favor-Contra.<\/p>\n<p style=\"text-align: left\">15\u00ba Clasificado.-Club Deportivo Utrera-14 Puntos y 8-negativos.-24 Jugados:\u00a0 6g-2e-16p.-33-76 Goles F-C.<\/p>\n<p style=\"text-align: left\">16\u00ba.-Club Atl\u00e9tico Malague\u00f1o-07 Puntos y 17-negativos.-24 Jugados:\u00a0 2g-3e-19p.-26-82 Tantos Favor-Contra.<\/p>\n<p style=\"text-align: left\">Colecci\u00f3n Personal.<\/p>\n<p style=\"text-align: left\">ABC-SE-19530317.-Extracto cr\u00f3nica de ELIDO.-Alineaciones.-Resultados y Clasificaci\u00f3n general.<\/p>\n<p style=\"text-align: center\">\n","protected":false},"excerpt":{"rendered":"<p>1953-Marzo 15.-Domingo en la \u00abCiudad del Betis\u00bb: Estadio Municipal de HELI\u00d3POLIS (\u00abCiudad del Sol\u00bb).-Parte de la afici\u00f3n b\u00e9tica mostr\u00f3 con protestas,\u00a0 de desagrado por el encuentro perdido el domingo anterior en el estadio de La Rosaleda: Club Atl\u00e9tico Malague\u00f1o-2 vs. Real Betis Balompi\u00e9-0. XXIV JORNADA LIGA TERCERA DIVISI\u00d3N-GRUPO SEXTO-TEMPORADA 1952-1953. Arbitr\u00f3 el colegiado Mendoza Bravo,&#8230;<\/p>\n","protected":false},"author":48,"featured_media":27930,"comment_status":"open","ping_status":"open","sticky":false,"template":"","format":"standard","meta":{"_kad_post_transparent":"","_kad_post_title":"","_kad_post_layout":"","_kad_post_sidebar_id":"","_kad_post_content_style":"","_kad_post_vertical_padding":"","_kad_post_feature":"","_kad_post_feature_position":"","_kad_post_header":false,"_kad_post_footer":false,"_kad_post_classname":"","_jetpack_memberships_contains_paid_content":false,"footnotes":"","jetpack_publicize_message":"","jetpack_publicize_feature_enabled":true,"jetpack_social_post_already_shared":true,"jetpack_social_options":{"image_generator_settings":{"template":"highway","default_image_id":0,"font":"","enabled":false},"version":2}},"categories":[901,1],"tags":[9495,1316,17022,17926],"class_list":["post-27929","post","type-post","status-publish","format-standard","has-post-thumbnail","hentry","category-1950-1959","category-portada","tag-1952-53","tag-1316","tag-club-recreativo-granada","tag-liga-tercera-1952-53"],"jetpack_publicize_connections":[],"jetpack_featured_media_url":"https:\/\/i0.wp.com\/www.manquepierda.com\/historiarealbetis\/files\/2013\/03\/EstadioMunicipalHeli%C3%B3polis19512.jpg?fit=2296%2C1084&ssl=1","jetpack_sharing_enabled":true,"jetpack_shortlink":"https:\/\/wp.me\/p1ij08-7gt","jetpack-related-posts":[],"_links":{"self":[{"href":"https:\/\/www.manquepierda.com\/historiarealbetis\/wp-json\/wp\/v2\/posts\/27929","targetHints":{"allow":["GET"]}}],"collection":[{"href":"https:\/\/www.manquepierda.com\/historiarealbetis\/wp-json\/wp\/v2\/posts"}],"about":[{"href":"https:\/\/www.manquepierda.com\/historiarealbetis\/wp-json\/wp\/v2\/types\/post"}],"author":[{"embeddable":true,"href":"https:\/\/www.manquepierda.com\/historiarealbetis\/wp-json\/wp\/v2\/users\/48"}],"replies":[{"embeddable":true,"href":"https:\/\/www.manquepierda.com\/historiarealbetis\/wp-json\/wp\/v2\/comments?post=27929"}],"version-history":[{"count":1,"href":"https:\/\/www.manquepierda.com\/historiarealbetis\/wp-json\/wp\/v2\/posts\/27929\/revisions"}],"predecessor-version":[{"id":99019,"href":"https:\/\/www.manquepierda.com\/historiarealbetis\/wp-json\/wp\/v2\/posts\/27929\/revisions\/99019"}],"wp:featuredmedia":[{"embeddable":true,"href":"https:\/\/www.manquepierda.com\/historiarealbetis\/wp-json\/wp\/v2\/media\/27930"}],"wp:attachment":[{"href":"https:\/\/www.manquepierda.com\/historiarealbetis\/wp-json\/wp\/v2\/media?parent=27929"}],"wp:term":[{"taxonomy":"category","embeddable":true,"href":"https:\/\/www.manquepierda.com\/historiarealbetis\/wp-json\/wp\/v2\/categories?post=27929"},{"taxonomy":"post_tag","embeddable":true,"href":"https:\/\/www.manquepierda.com\/historiarealbetis\/wp-json\/wp\/v2\/tags?post=27929"}],"curies":[{"name":"wp","href":"https:\/\/api.w.org\/{rel}","templated":true}]}}