{"id":27933,"date":"2013-03-19T07:21:22","date_gmt":"2013-03-19T06:21:22","guid":{"rendered":"http:\/\/www.manquepierda.com\/historiarealbetis\/?p=27933"},"modified":"2024-08-09T12:25:13","modified_gmt":"2024-08-09T10:25:13","slug":"betis-mestalla-liga-1968","status":"publish","type":"post","link":"https:\/\/www.manquepierda.com\/historiarealbetis\/betis-mestalla-liga-1968\/","title":{"rendered":"Betis-Mestalla Liga 1968"},"content":{"rendered":"<figure id=\"attachment_27934\" aria-describedby=\"caption-attachment-27934\" style=\"width: 730px\" class=\"wp-caption aligncenter\"><a href=\"https:\/\/i0.wp.com\/www.manquepierda.com\/historiarealbetis\/files\/2013\/03\/Marzo-21-Betis-Mestalla-Liga-196718-NMP-Oiga-12-11-1968.jpg?ssl=1\"><img data-recalc-dims=\"1\" loading=\"lazy\" decoding=\"async\" class=\" wp-image-27934 \" src=\"https:\/\/i0.wp.com\/www.manquepierda.com\/historiarealbetis\/files\/2013\/03\/Marzo-21-Betis-Mestalla-Liga-196718-NMP-Oiga-12-11-1968.jpg?resize=730%2C458&#038;ssl=1\" alt=\"Fuente: Oiga 12 de noviembre de 1968\" width=\"730\" height=\"458\" srcset=\"https:\/\/i0.wp.com\/www.manquepierda.com\/historiarealbetis\/files\/2013\/03\/Marzo-21-Betis-Mestalla-Liga-196718-NMP-Oiga-12-11-1968.jpg?w=913&amp;ssl=1 913w, https:\/\/i0.wp.com\/www.manquepierda.com\/historiarealbetis\/files\/2013\/03\/Marzo-21-Betis-Mestalla-Liga-196718-NMP-Oiga-12-11-1968.jpg?resize=300%2C187&amp;ssl=1 300w, https:\/\/i0.wp.com\/www.manquepierda.com\/historiarealbetis\/files\/2013\/03\/Marzo-21-Betis-Mestalla-Liga-196718-NMP-Oiga-12-11-1968.jpg?resize=500%2C313&amp;ssl=1 500w\" sizes=\"auto, (max-width: 730px) 100vw, 730px\" \/><\/a><figcaption id=\"caption-attachment-27934\" class=\"wp-caption-text\">Fuente: Oiga 12 de noviembre de 1968<\/figcaption><\/figure>\n<p>&nbsp;<\/p>\n<p>10 de noviembre de 1968 en el Benito Villamar\u00edn\u00a0 Betis 3\u00a0 Mestalla 4; jornada\u00a0 9\u00a0 del Campeonato de Liga de Segunda Divisi\u00f3n.<\/p>\n<p>En la imagen el portero b\u00e9tico Irure contempla como entra en su meta uno de los tantos del filial valencianista. La imagen es en la porter\u00eda de Gol Norte, en su esquina con Fondo, donde se ubicaba el marcador simult\u00e1neo caracter\u00edstico de la \u00e9poca patrocinado por diversas marcas comerciales.<\/p>\n<p>Quino marc\u00f3 los 3 goles del Betis, mientras que Nebot, quien a\u00f1os despu\u00e9s ser\u00eda jugador b\u00e9tico, hizo otros 3 y Carbonell el cuarto valencianista.<\/p>\n<p>Con esta derrota en casa el cr\u00e9dito del entrenador Sabino Barinaga se agot\u00f3, siendo destituido tras el partido.<\/p>\n<p>Sabino Barinaga entrenaba al Betis y Rogelio Santiago \u00abLel\u00e9\u00bb al Mestalla.<\/p>\n<p>&nbsp;<\/p>\n","protected":false},"excerpt":{"rendered":"<p>&nbsp; 10 de noviembre de 1968 en el Benito Villamar\u00edn\u00a0 Betis 3\u00a0 Mestalla 4; jornada\u00a0 9\u00a0 del Campeonato de Liga de Segunda Divisi\u00f3n. En la imagen el portero b\u00e9tico Irure contempla como entra en su meta uno de los tantos del filial valencianista. La imagen es en la porter\u00eda de Gol Norte, en su esquina&#8230;<\/p>\n","protected":false},"author":5,"featured_media":27934,"comment_status":"open","ping_status":"open","sticky":false,"template":"","format":"standard","meta":{"_kad_post_transparent":"","_kad_post_title":"","_kad_post_layout":"","_kad_post_sidebar_id":"","_kad_post_content_style":"","_kad_post_vertical_padding":"","_kad_post_feature":"","_kad_post_feature_position":"","_kad_post_header":false,"_kad_post_footer":false,"_kad_post_classname":"","_jetpack_memberships_contains_paid_content":false,"footnotes":"","jetpack_publicize_message":"","jetpack_publicize_feature_enabled":true,"jetpack_social_post_already_shared":true,"jetpack_social_options":{"image_generator_settings":{"template":"highway","default_image_id":0,"font":"","enabled":false},"version":2}},"categories":[902,1],"tags":[2083,4202,17792,7951],"class_list":["post-27933","post","type-post","status-publish","format-standard","has-post-thumbnail","hentry","category-1960-1969","category-portada","tag-2083","tag-1968-69","tag-liga-segunda-1968-69","tag-mestalla-cf"],"jetpack_publicize_connections":[],"jetpack_featured_media_url":"https:\/\/i0.wp.com\/www.manquepierda.com\/historiarealbetis\/files\/2013\/03\/Marzo-21-Betis-Mestalla-Liga-196718-NMP-Oiga-12-11-1968.jpg?fit=913%2C572&ssl=1","jetpack_sharing_enabled":true,"jetpack_shortlink":"https:\/\/wp.me\/p1ij08-7gx","jetpack-related-posts":[],"_links":{"self":[{"href":"https:\/\/www.manquepierda.com\/historiarealbetis\/wp-json\/wp\/v2\/posts\/27933","targetHints":{"allow":["GET"]}}],"collection":[{"href":"https:\/\/www.manquepierda.com\/historiarealbetis\/wp-json\/wp\/v2\/posts"}],"about":[{"href":"https:\/\/www.manquepierda.com\/historiarealbetis\/wp-json\/wp\/v2\/types\/post"}],"author":[{"embeddable":true,"href":"https:\/\/www.manquepierda.com\/historiarealbetis\/wp-json\/wp\/v2\/users\/5"}],"replies":[{"embeddable":true,"href":"https:\/\/www.manquepierda.com\/historiarealbetis\/wp-json\/wp\/v2\/comments?post=27933"}],"version-history":[{"count":1,"href":"https:\/\/www.manquepierda.com\/historiarealbetis\/wp-json\/wp\/v2\/posts\/27933\/revisions"}],"predecessor-version":[{"id":95701,"href":"https:\/\/www.manquepierda.com\/historiarealbetis\/wp-json\/wp\/v2\/posts\/27933\/revisions\/95701"}],"wp:featuredmedia":[{"embeddable":true,"href":"https:\/\/www.manquepierda.com\/historiarealbetis\/wp-json\/wp\/v2\/media\/27934"}],"wp:attachment":[{"href":"https:\/\/www.manquepierda.com\/historiarealbetis\/wp-json\/wp\/v2\/media?parent=27933"}],"wp:term":[{"taxonomy":"category","embeddable":true,"href":"https:\/\/www.manquepierda.com\/historiarealbetis\/wp-json\/wp\/v2\/categories?post=27933"},{"taxonomy":"post_tag","embeddable":true,"href":"https:\/\/www.manquepierda.com\/historiarealbetis\/wp-json\/wp\/v2\/tags?post=27933"}],"curies":[{"name":"wp","href":"https:\/\/api.w.org\/{rel}","templated":true}]}}