{"id":28085,"date":"2013-03-28T09:05:49","date_gmt":"2013-03-28T08:05:49","guid":{"rendered":"http:\/\/www.manquepierda.com\/historiarealbetis\/?p=28085"},"modified":"2020-07-15T20:34:41","modified_gmt":"2020-07-15T18:34:41","slug":"cesar-rodriguez","status":"publish","type":"post","link":"https:\/\/www.manquepierda.com\/historiarealbetis\/cesar-rodriguez\/","title":{"rendered":"C\u00e9sar Rodr\u00edguez"},"content":{"rendered":"<p><a href=\"https:\/\/i0.wp.com\/www.manquepierda.com\/historiarealbetis\/files\/2013\/03\/C%C3%A9sar-Rodr%C3%ADguez.jpg?ssl=1\"><img data-recalc-dims=\"1\" loading=\"lazy\" decoding=\"async\" class=\"aligncenter size-full wp-image-28086\" src=\"https:\/\/i0.wp.com\/www.manquepierda.com\/historiarealbetis\/files\/2013\/03\/C%C3%A9sar-Rodr%C3%ADguez.jpg?resize=126%2C172&#038;ssl=1\" alt=\"C\u00e9sar Rodr\u00edguez\" width=\"126\" height=\"172\" \/><\/a><\/p>\n<p><strong>C\u00e9sar Rodr\u00edguez Alvarez, <\/strong>nacido el 29 de junio de 1920 en Le\u00f3n y fallecido en Barcelona el 1 de marzo de 1995.<\/p>\n<p>Como jugador perteneci\u00f3 al FC Barcelona, que lo cedi\u00f3 al Sabadell y Granada entre 1939 y 1942, para volver al club azulgrana y permanecer en \u00e9l hasta 1955. En estos\u00a0 13 a\u00f1os se convirti\u00f3 en el m\u00e1ximo goleador de la historia blaugrana, puesto del que fue destronado recientemente por Leo Messi. Trasl el Bar\u00e7a, jug\u00f3 1 a\u00f1o en el club de su ciudad natal, la Cultural Leonesa, uno en el Perpi\u00f1\u00e1n franc\u00e9s, y tres en el Elche, donde de retir\u00f3 en 1960.<\/p>\n<p>En estos 3 a\u00f1os en el Elche fue jugador y entrenador a la vez, cogiendo al equipo en Tercera Divisi\u00f3n y subi\u00e9ndolo a Primera en 2 temporadas consecutivas. A partir de ah\u00ed comenz\u00f3 una carrera en los banquillos que lo llev\u00f3 a Zaragoza (1960-1963), Barcelona (1963-1964), Mallorca (1964-1966), Celta (1966-67) y Betis (1967-68). Posteriormente entrenar\u00eda al Zaragoza, H\u00e9rcules, Mallorca y San Andr\u00e9s.<\/p>\n<p>Al Betis lleg\u00f3 en el verano de 1967 y de una forma sorpresiva. Antonio Barrios hab\u00eda subido al Betis una vez m\u00e1s a Primera y, cuando todo apuntaba a su renovaci\u00f3n por el club verdiblanco, sorprendentemente cruz\u00f3 la orilla y se march\u00f3 al otro equipo de la ciudad.<\/p>\n<p>Esto dej\u00f3 totalmente descolocados a los directivos b\u00e9ticos, que tuvieron que iniciar la b\u00fasqueda de un nuevo entrenador. C\u00e9sar Rodr\u00edguez fue el elegido, quien estaba libre tras haber sido cesado la temporada anterior en la jornada 24 en el Celta en Segunda Divisi\u00f3n.<\/p>\n<p>Firm\u00f3 por el Betis el 22 de julio de 1967 y el 3 de agosto dieron comienzos los entrenamientos. En sus primeras declaraciones se\u00f1ala el objetivo de la permanencia, l\u00f3gico en un equipo reci\u00e9n ascendido, y la confianza en el plantel de jugadores aunque con el problema de la inexperiencia dada la juventud de la plantilla.<\/p>\n<p>Sin embargo su proyecto no cuaj\u00f3, y fue cesado en la jornada 7 tras una derrota en casa frente al Pontevedra que situaba al equipo en la \u00faltima posici\u00f3n de la tabla. En el partido, jugado el 5 de noviembre de 1967, la afici\u00f3n mostr\u00f3 disconformidad con el juego del equipo y la direcci\u00f3n t\u00e9cnica del mismo.<\/p>\n<p>La nota facilitada por la directiva b\u00e9tica fue la siguiente:<\/p>\n<p>\u00ab<em>En la noche de ayer, la Junta Directiva del Real Betis Balompi\u00e9 sostuvo entrevista, como ha venido siendo habitual, con el t\u00e9cnico don C\u00e9sar Rodr\u00edguez Alvarez sobre la marcha del equipo y circunstancias que rodean su actual clasificaci\u00f3n. Dicho t\u00e9cnico,\u00a0 con la delicadeza que siempre le ha caracterizado, perfilada a\u00fan m\u00e1s por la ilusi\u00f3n que ha puesto en este caso en la direcci\u00f3n de la plantilla profesional de nuestro club para llevarla al \u00e9xito, ha estimado, despu\u00e9s del natural cambio de impresiones con la Directiva, concluir sus relaciones deportivas con el Real Betis Balompi\u00e9, sin perjuicio de que sus relaciones continuar\u00e1n siempre en el plano de la amistad m\u00e1s entra\u00f1able a que se presta el esp\u00edritu cordial, comprensivo y gran caballerosidad demostrados por don C\u00e9sar Rodr\u00edguez mientras ha estado con nosotros, de una manera muy particular en la reuni\u00f3n a la que se ha llegado al acuerdo a que antes nos refer\u00edamos.<\/em><\/p>\n<p><em>Don Jos\u00e9 Valera se har\u00e1 cargo de la responsabilidad de dirigir los entrenamientos y el planteamiento de los partidos, mientras no se toma otra determinaci\u00f3n al respecto.\u00a0 Sevilla, 8 de noviembre de 1967. La Junta Directiva\u00bb<\/em><\/p>\n<p>C\u00e9sar Rodr\u00edguez dirigi\u00f3 al Betis en 7 partidos de Liga (2 victorias y 5 derrotas) y 8 amistosos (5 victorias, 1 empate y 2 derrotas)<\/p>\n<p>&nbsp;<\/p>\n","protected":false},"excerpt":{"rendered":"<p>C\u00e9sar Rodr\u00edguez Alvarez, nacido el 29 de junio de 1920 en Le\u00f3n y fallecido en Barcelona el 1 de marzo de 1995. Como jugador perteneci\u00f3 al FC Barcelona, que lo cedi\u00f3 al Sabadell y Granada entre 1939 y 1942, para volver al club azulgrana y permanecer en \u00e9l hasta 1955. En estos\u00a0 13 a\u00f1os se&#8230;<\/p>\n","protected":false},"author":5,"featured_media":28086,"comment_status":"open","ping_status":"open","sticky":false,"template":"","format":"standard","meta":{"_kad_post_transparent":"","_kad_post_title":"","_kad_post_layout":"","_kad_post_sidebar_id":"","_kad_post_content_style":"","_kad_post_vertical_padding":"","_kad_post_feature":"","_kad_post_feature_position":"","_kad_post_header":false,"_kad_post_footer":false,"_kad_post_classname":"","_jetpack_memberships_contains_paid_content":false,"footnotes":"","jetpack_publicize_message":"","jetpack_publicize_feature_enabled":true,"jetpack_social_post_already_shared":true,"jetpack_social_options":{"image_generator_settings":{"template":"highway","default_image_id":0,"font":"","enabled":false},"version":2}},"categories":[892,1],"tags":[1390],"class_list":["post-28085","post","type-post","status-publish","format-standard","has-post-thumbnail","hentry","category-entrenadores-temas","category-portada","tag-cesar-rodriguez"],"jetpack_publicize_connections":[],"jetpack_featured_media_url":"https:\/\/i0.wp.com\/www.manquepierda.com\/historiarealbetis\/files\/2013\/03\/C%C3%A9sar-Rodr%C3%ADguez.jpg?fit=126%2C172&ssl=1","jetpack_sharing_enabled":true,"jetpack_shortlink":"https:\/\/wp.me\/p1ij08-7iZ","jetpack-related-posts":[],"_links":{"self":[{"href":"https:\/\/www.manquepierda.com\/historiarealbetis\/wp-json\/wp\/v2\/posts\/28085","targetHints":{"allow":["GET"]}}],"collection":[{"href":"https:\/\/www.manquepierda.com\/historiarealbetis\/wp-json\/wp\/v2\/posts"}],"about":[{"href":"https:\/\/www.manquepierda.com\/historiarealbetis\/wp-json\/wp\/v2\/types\/post"}],"author":[{"embeddable":true,"href":"https:\/\/www.manquepierda.com\/historiarealbetis\/wp-json\/wp\/v2\/users\/5"}],"replies":[{"embeddable":true,"href":"https:\/\/www.manquepierda.com\/historiarealbetis\/wp-json\/wp\/v2\/comments?post=28085"}],"version-history":[{"count":0,"href":"https:\/\/www.manquepierda.com\/historiarealbetis\/wp-json\/wp\/v2\/posts\/28085\/revisions"}],"wp:featuredmedia":[{"embeddable":true,"href":"https:\/\/www.manquepierda.com\/historiarealbetis\/wp-json\/wp\/v2\/media\/28086"}],"wp:attachment":[{"href":"https:\/\/www.manquepierda.com\/historiarealbetis\/wp-json\/wp\/v2\/media?parent=28085"}],"wp:term":[{"taxonomy":"category","embeddable":true,"href":"https:\/\/www.manquepierda.com\/historiarealbetis\/wp-json\/wp\/v2\/categories?post=28085"},{"taxonomy":"post_tag","embeddable":true,"href":"https:\/\/www.manquepierda.com\/historiarealbetis\/wp-json\/wp\/v2\/tags?post=28085"}],"curies":[{"name":"wp","href":"https:\/\/api.w.org\/{rel}","templated":true}]}}