{"id":28189,"date":"2013-04-06T08:32:40","date_gmt":"2013-04-06T07:32:40","guid":{"rendered":"http:\/\/www.manquepierda.com\/historiarealbetis\/?p=28189"},"modified":"2024-09-12T18:59:52","modified_gmt":"2024-09-12T16:59:52","slug":"alineacion-oviedo-betis-liga-1931","status":"publish","type":"post","link":"https:\/\/www.manquepierda.com\/historiarealbetis\/alineacion-oviedo-betis-liga-1931\/","title":{"rendered":"Alineaci\u00f3n Oviedo-Betis Liga 1931"},"content":{"rendered":"<figure id=\"attachment_28190\" aria-describedby=\"caption-attachment-28190\" style=\"width: 717px\" class=\"wp-caption aligncenter\"><a href=\"https:\/\/i0.wp.com\/www.manquepierda.com\/historiarealbetis\/files\/2013\/03\/Alineaci%C3%B3n-Oviedo-Betis-Liga-1931-NMP-El-Carbay%C3%B3n-27-01-1931.jpg?ssl=1\"><img data-recalc-dims=\"1\" loading=\"lazy\" decoding=\"async\" class=\" wp-image-28190 \" src=\"https:\/\/i0.wp.com\/www.manquepierda.com\/historiarealbetis\/files\/2013\/03\/Alineaci%C3%B3n-Oviedo-Betis-Liga-1931-NMP-El-Carbay%C3%B3n-27-01-1931.jpg?resize=717%2C502&#038;ssl=1\" alt=\"Fuente: El Carbay\u00f3n 27 de enero de 1931\" width=\"717\" height=\"502\" srcset=\"https:\/\/i0.wp.com\/www.manquepierda.com\/historiarealbetis\/files\/2013\/03\/Alineaci%C3%B3n-Oviedo-Betis-Liga-1931-NMP-El-Carbay%C3%B3n-27-01-1931.jpg?resize=1024%2C717&amp;ssl=1 1024w, https:\/\/i0.wp.com\/www.manquepierda.com\/historiarealbetis\/files\/2013\/03\/Alineaci%C3%B3n-Oviedo-Betis-Liga-1931-NMP-El-Carbay%C3%B3n-27-01-1931.jpg?resize=300%2C210&amp;ssl=1 300w, https:\/\/i0.wp.com\/www.manquepierda.com\/historiarealbetis\/files\/2013\/03\/Alineaci%C3%B3n-Oviedo-Betis-Liga-1931-NMP-El-Carbay%C3%B3n-27-01-1931.jpg?resize=500%2C350&amp;ssl=1 500w, https:\/\/i0.wp.com\/www.manquepierda.com\/historiarealbetis\/files\/2013\/03\/Alineaci%C3%B3n-Oviedo-Betis-Liga-1931-NMP-El-Carbay%C3%B3n-27-01-1931.jpg?w=1191&amp;ssl=1 1191w\" sizes=\"auto, (max-width: 717px) 100vw, 717px\" \/><\/a><figcaption id=\"caption-attachment-28190\" class=\"wp-caption-text\">Fuente: El Carbay\u00f3n 27 de enero de 1931<\/figcaption><\/figure>\n<p>25 de enero de 1931 en Teatinos Oviedo 2 Betis 2; jornada 8 del Campeonato de Liga de Segunda Divisi\u00f3n.<\/p>\n<p>En la imagen arriba: Pedrosa, Soladrero, Adolfo, Mart\u00edn, Tondo, Carre\u00f1o, Peral, Enrique, Aranda y Sanz; abajo: Timimi y Jes\u00fas.<\/p>\n<p>Curiosa la nota que acompa\u00f1a a la imagen de el diario asturiano El Carbay\u00f3n:\u00a0 \u00abEl Betis F.C. de Sevilla, que el domingo empat\u00f3 con el Real Oviedo en Teatinos. En la foto aparece la mascota del club, un simp\u00e1tico negrito que acompa\u00f1a al equipo a todas partes\u00bb.<\/p>\n<p>Y, efectivamente, le podemos ver entre Timimi y Jes\u00fas.<\/p>\n<p>No hemos localizado ninguna otra referencia a este ni\u00f1o de color que se dice \u00abacompa\u00f1a al equipo a todas partes\u00bb.<\/p>\n<p>Gallart marc\u00f3 los tantos del Oviedo y Carre\u00f1o y Timimi por el Betis.<\/p>\n<p>Patrick O\u00b4Connell entrenaba al Oviedo\u00a0 y Emilio Sampere al Betis.<\/p>\n","protected":false},"excerpt":{"rendered":"<p>25 de enero de 1931 en Teatinos Oviedo 2 Betis 2; jornada 8 del Campeonato de Liga de Segunda Divisi\u00f3n. En la imagen arriba: Pedrosa, Soladrero, Adolfo, Mart\u00edn, Tondo, Carre\u00f1o, Peral, Enrique, Aranda y Sanz; abajo: Timimi y Jes\u00fas. Curiosa la nota que acompa\u00f1a a la imagen de el diario asturiano El Carbay\u00f3n:\u00a0 \u00abEl Betis&#8230;<\/p>\n","protected":false},"author":5,"featured_media":28190,"comment_status":"open","ping_status":"open","sticky":false,"template":"","format":"standard","meta":{"_kad_post_transparent":"","_kad_post_title":"","_kad_post_layout":"","_kad_post_sidebar_id":"","_kad_post_content_style":"","_kad_post_vertical_padding":"","_kad_post_feature":"","_kad_post_feature_position":"","_kad_post_header":false,"_kad_post_footer":false,"_kad_post_classname":"","_jetpack_memberships_contains_paid_content":false,"footnotes":"","jetpack_publicize_message":"","jetpack_publicize_feature_enabled":true,"jetpack_social_post_already_shared":true,"jetpack_social_options":{"image_generator_settings":{"template":"highway","default_image_id":0,"font":"","enabled":false},"version":2}},"categories":[899,1],"tags":[2925,1029,7758,106,3011,2707,337,1473,17913,3593,493,18000,4132,1113,4757,14171],"class_list":["post-28189","post","type-post","status-publish","format-standard","has-post-thumbnail","hentry","category-1930-1939","category-portada","tag-1930-31","tag-1029","tag-adolfo-martin","tag-andres-aranda","tag-antonio-carreno","tag-enrique-garrido","tag-enrique-soladrero","tag-jesus-bernaldez","tag-jose-suarez-peral","tag-juan-martin","tag-juan-rafael-pedrosa","tag-liga-segunda-1930-31","tag-lorenzo-tondo","tag-pedro-gonzalez-timimi","tag-rafael-sans","tag-real-oviedo-cf"],"jetpack_publicize_connections":[],"jetpack_featured_media_url":"https:\/\/i0.wp.com\/www.manquepierda.com\/historiarealbetis\/files\/2013\/03\/Alineaci%C3%B3n-Oviedo-Betis-Liga-1931-NMP-El-Carbay%C3%B3n-27-01-1931.jpg?fit=1191%2C834&ssl=1","jetpack_sharing_enabled":true,"jetpack_shortlink":"https:\/\/wp.me\/p1ij08-7kF","jetpack-related-posts":[],"_links":{"self":[{"href":"https:\/\/www.manquepierda.com\/historiarealbetis\/wp-json\/wp\/v2\/posts\/28189","targetHints":{"allow":["GET"]}}],"collection":[{"href":"https:\/\/www.manquepierda.com\/historiarealbetis\/wp-json\/wp\/v2\/posts"}],"about":[{"href":"https:\/\/www.manquepierda.com\/historiarealbetis\/wp-json\/wp\/v2\/types\/post"}],"author":[{"embeddable":true,"href":"https:\/\/www.manquepierda.com\/historiarealbetis\/wp-json\/wp\/v2\/users\/5"}],"replies":[{"embeddable":true,"href":"https:\/\/www.manquepierda.com\/historiarealbetis\/wp-json\/wp\/v2\/comments?post=28189"}],"version-history":[{"count":1,"href":"https:\/\/www.manquepierda.com\/historiarealbetis\/wp-json\/wp\/v2\/posts\/28189\/revisions"}],"predecessor-version":[{"id":96724,"href":"https:\/\/www.manquepierda.com\/historiarealbetis\/wp-json\/wp\/v2\/posts\/28189\/revisions\/96724"}],"wp:featuredmedia":[{"embeddable":true,"href":"https:\/\/www.manquepierda.com\/historiarealbetis\/wp-json\/wp\/v2\/media\/28190"}],"wp:attachment":[{"href":"https:\/\/www.manquepierda.com\/historiarealbetis\/wp-json\/wp\/v2\/media?parent=28189"}],"wp:term":[{"taxonomy":"category","embeddable":true,"href":"https:\/\/www.manquepierda.com\/historiarealbetis\/wp-json\/wp\/v2\/categories?post=28189"},{"taxonomy":"post_tag","embeddable":true,"href":"https:\/\/www.manquepierda.com\/historiarealbetis\/wp-json\/wp\/v2\/tags?post=28189"}],"curies":[{"name":"wp","href":"https:\/\/api.w.org\/{rel}","templated":true}]}}