{"id":28231,"date":"2013-03-21T23:23:10","date_gmt":"2013-03-21T22:23:10","guid":{"rendered":"http:\/\/www.manquepierda.com\/historiarealbetis\/?p=28231"},"modified":"2024-08-14T12:05:01","modified_gmt":"2024-08-14T10:05:01","slug":"1942-marzo-22-fase-final-segunda-division-real-betis-balompie-1-vs-real-zaragoza-0","status":"publish","type":"post","link":"https:\/\/www.manquepierda.com\/historiarealbetis\/1942-marzo-22-fase-final-segunda-division-real-betis-balompie-1-vs-real-zaragoza-0\/","title":{"rendered":"1942-Marzo 22-Fase Final2D-8Jda.-Real Betis Balompi\u00e9-1 Zaragoza Cf-0.-Recortes Prensa."},"content":{"rendered":"<p style=\"text-align: left\">ONCEAVA EDICI\u00d3N-CAMPEONATO NACIONAL LIGA SEGUNDA DIVISI\u00d3N TEMPORADA 1941-1942: domingo 28-Septiembre-1941 hasta domingo 05-Abril-1942, ambas fechas inclusive.<\/p>\n<p style=\"text-align: center\"><img data-recalc-dims=\"1\" loading=\"lazy\" decoding=\"async\" class=\"aligncenter size-large wp-image-64436\" src=\"https:\/\/i0.wp.com\/www.manquepierda.com\/historiarealbetis\/files\/2013\/03\/Stadium-Exposici%C3%B3n-1929-03-17-1.jpg?resize=587%2C700&#038;ssl=1\" alt=\"\" width=\"587\" height=\"700\" srcset=\"https:\/\/i0.wp.com\/www.manquepierda.com\/historiarealbetis\/files\/2013\/03\/Stadium-Exposici%C3%B3n-1929-03-17-1.jpg?resize=587%2C700&amp;ssl=1 587w, https:\/\/i0.wp.com\/www.manquepierda.com\/historiarealbetis\/files\/2013\/03\/Stadium-Exposici%C3%B3n-1929-03-17-1.jpg?resize=184%2C220&amp;ssl=1 184w, https:\/\/i0.wp.com\/www.manquepierda.com\/historiarealbetis\/files\/2013\/03\/Stadium-Exposici%C3%B3n-1929-03-17-1.jpg?resize=503%2C600&amp;ssl=1 503w, https:\/\/i0.wp.com\/www.manquepierda.com\/historiarealbetis\/files\/2013\/03\/Stadium-Exposici%C3%B3n-1929-03-17-1.jpg?w=720&amp;ssl=1 720w\" sizes=\"auto, (max-width: 587px) 100vw, 587px\" \/><\/p>\n<p style=\"text-align: left\"><em><strong>1942-MARZO 22-DOMINGO 22 DE MARZO DE 1942.-OCTAVA JORNADA-FASE FINAL ASCENSO-PRIMERA DIVISI\u00d3N.-ESTADIO MUNICIPAL DE HELI\u00d3POLIS.<\/strong><\/em><\/p>\n<p style=\"text-align: left\">\u00abEl partido fue radiado a Zaragoza.\u00a0 Y el gobernador civil y jefe provincial del Movimiento,\u00a0 Francisco Rivas y Jord\u00e1n de Urri\u00e9s,\u00a0 dirigi\u00f3 al p\u00fablico aragon\u00e9s un cordial saludo por el micr\u00f3fono\u00bb.<\/p>\n<p style=\"text-align: center\"><img data-recalc-dims=\"1\" loading=\"lazy\" decoding=\"async\" class=\"aligncenter size-medium wp-image-64443\" src=\"https:\/\/i0.wp.com\/www.manquepierda.com\/historiarealbetis\/files\/2013\/03\/22-1942-Betis-1-Zaragoza-0.jpg?resize=680%2C433&#038;ssl=1\" alt=\"\" width=\"680\" height=\"433\" srcset=\"https:\/\/i0.wp.com\/www.manquepierda.com\/historiarealbetis\/files\/2013\/03\/22-1942-Betis-1-Zaragoza-0.jpg?w=680&amp;ssl=1 680w, https:\/\/i0.wp.com\/www.manquepierda.com\/historiarealbetis\/files\/2013\/03\/22-1942-Betis-1-Zaragoza-0.jpg?resize=220%2C140&amp;ssl=1 220w\" sizes=\"auto, (max-width: 680px) 100vw, 680px\" \/><\/p>\n<p style=\"text-align: center\"><em><strong>VIII JORNADA-SEGUNDA DIVISI\u00d3N-FASE FINAL ASCENSO-TEMPORADA 1941-1942.<\/strong><\/em><\/p>\n<p style=\"text-align: center\"><a href=\"https:\/\/i0.wp.com\/www.manquepierda.com\/historiarealbetis\/files\/2013\/03\/Agust%C3%ADnVilaltaBars.jpg?ssl=1\"><img data-recalc-dims=\"1\" loading=\"lazy\" decoding=\"async\" class=\"aligncenter size-thumbnail wp-image-28233\" src=\"https:\/\/i0.wp.com\/www.manquepierda.com\/historiarealbetis\/files\/2013\/03\/Agust%C3%ADnVilaltaBars.jpg?resize=150%2C150&#038;ssl=1\" alt=\"Agust\u00ednVilaltaBars\" width=\"150\" height=\"150\" srcset=\"https:\/\/i0.wp.com\/www.manquepierda.com\/historiarealbetis\/files\/2013\/03\/Agust%C3%ADnVilaltaBars.jpg?resize=150%2C150&amp;ssl=1 150w, https:\/\/i0.wp.com\/www.manquepierda.com\/historiarealbetis\/files\/2013\/03\/Agust%C3%ADnVilaltaBars.jpg?resize=50%2C50&amp;ssl=1 50w\" sizes=\"auto, (max-width: 150px) 100vw, 150px\" \/><\/a><strong>Arbitr\u00f3 el colegiado catal\u00e1n Agust\u00edn Vilalta Bars.-Buena labor en justicia.<\/strong><\/p>\n<p style=\"text-align: center\"><img data-recalc-dims=\"1\" loading=\"lazy\" decoding=\"async\" class=\"aligncenter size-full wp-image-64437\" src=\"https:\/\/i0.wp.com\/www.manquepierda.com\/historiarealbetis\/files\/2013\/03\/Ram%C3%B3n-POL-Carbonell.jpg?resize=128%2C220&#038;ssl=1\" alt=\"\" width=\"128\" height=\"220\" \/><\/p>\n<p><em><strong>29\u00baPresidente Real Betis Balompi\u00e9, don Ram\u00f3n POL CARBONELL-Industrial (42 a\u00f1os, 2 meses, 6 d\u00edas)-Natural de Barcelona, martes 16-Enero-1900.-Obituario en Sevilla, viernes 08-Abril-1977 (77 A\u00f1os, 3 meses menos 12 d\u00edas) D. E. P.<\/strong><\/em><\/p>\n<p style=\"text-align: center\"><img data-recalc-dims=\"1\" loading=\"lazy\" decoding=\"async\" class=\"aligncenter size-thumbnail wp-image-64440\" src=\"https:\/\/i0.wp.com\/www.manquepierda.com\/historiarealbetis\/files\/2013\/03\/Patrick-Joseph-OCONNELL-01.jpg?resize=125%2C220&#038;ssl=1\" alt=\"\" width=\"125\" height=\"220\" srcset=\"https:\/\/i0.wp.com\/www.manquepierda.com\/historiarealbetis\/files\/2013\/03\/Patrick-Joseph-OCONNELL-01.jpg?resize=125%2C220&amp;ssl=1 125w, https:\/\/i0.wp.com\/www.manquepierda.com\/historiarealbetis\/files\/2013\/03\/Patrick-Joseph-OCONNELL-01.jpg?resize=340%2C600&amp;ssl=1 340w, https:\/\/i0.wp.com\/www.manquepierda.com\/historiarealbetis\/files\/2013\/03\/Patrick-Joseph-OCONNELL-01.jpg?resize=768%2C1354&amp;ssl=1 768w, https:\/\/i0.wp.com\/www.manquepierda.com\/historiarealbetis\/files\/2013\/03\/Patrick-Joseph-OCONNELL-01.jpg?resize=397%2C700&amp;ssl=1 397w, https:\/\/i0.wp.com\/www.manquepierda.com\/historiarealbetis\/files\/2013\/03\/Patrick-Joseph-OCONNELL-01.jpg?w=1455&amp;ssl=1 1455w\" sizes=\"auto, (max-width: 125px) 100vw, 125px\" \/><\/p>\n<p><strong>Entrenador Patrick Joseph O&#8217;CONNELL (55 a\u00f1os, 14 d\u00edas)-Natural de Drucomdra-Dublin-Republic of Ireland, martes 08-Marzo-1887.-Obituario en St Pancras-Condado Cavem-Distrito Kilburn-Cementery-London (England), viernes 27-Febrero-1959 (71 A\u00f1os, 11 meses, 19 d\u00edas) D. E. P.<\/strong><\/p>\n<p style=\"text-align: left\"><a href=\"https:\/\/i0.wp.com\/www.manquepierda.com\/historiarealbetis\/files\/2013\/03\/1941-RBB1.jpg?ssl=1\"><img data-recalc-dims=\"1\" loading=\"lazy\" decoding=\"async\" class=\"aligncenter size-full wp-image-28104\" src=\"https:\/\/i0.wp.com\/www.manquepierda.com\/historiarealbetis\/files\/2013\/03\/1941-RBB1.jpg?resize=154%2C154&#038;ssl=1\" alt=\"1941-RBB\" width=\"154\" height=\"154\" srcset=\"https:\/\/i0.wp.com\/www.manquepierda.com\/historiarealbetis\/files\/2013\/03\/1941-RBB1.jpg?w=154&amp;ssl=1 154w, https:\/\/i0.wp.com\/www.manquepierda.com\/historiarealbetis\/files\/2013\/03\/1941-RBB1.jpg?resize=150%2C150&amp;ssl=1 150w, https:\/\/i0.wp.com\/www.manquepierda.com\/historiarealbetis\/files\/2013\/03\/1941-RBB1.jpg?resize=50%2C50&amp;ssl=1 50w\" sizes=\"auto, (max-width: 154px) 100vw, 154px\" \/><\/a><em><strong>1er. Clasificado con 14 Puntos (7-Ganados, 0-Empatados, 1-Perdido) 19-Goles \u00e1 Favor y 9-Tantos en Contra.<br \/>\n<\/strong><\/em><\/p>\n<p style=\"text-align: center\"><em><strong>REAL BETIS BALOMPI\u00c9-1 GOL.<\/strong><\/em><\/p>\n<p style=\"text-align: center\"><em><strong>Guardameta:<\/strong><\/em><\/p>\n<p style=\"text-align: center\"><a href=\"https:\/\/i0.wp.com\/www.manquepierda.com\/historiarealbetis\/files\/2013\/03\/FranciscoCarmonaReinaPaquillo.jpg?ssl=1\"><img data-recalc-dims=\"1\" loading=\"lazy\" decoding=\"async\" class=\"aligncenter size-full wp-image-28235\" src=\"https:\/\/i0.wp.com\/www.manquepierda.com\/historiarealbetis\/files\/2013\/03\/FranciscoCarmonaReinaPaquillo.jpg?resize=157%2C224&#038;ssl=1\" alt=\"FranciscoCarmonaReinaPaquillo\" width=\"157\" height=\"224\" \/><\/a><\/p>\n<p style=\"text-align: left\"><em><strong>-1-Francisco CARMONA Reina (a) \u00abPAQUILLO\u00bb (19).<br \/>\n<\/strong><\/em><\/p>\n<p style=\"text-align: center\"><em><strong>Zagueros:<\/strong><\/em><\/p>\n<p style=\"text-align: center\"><img data-recalc-dims=\"1\" loading=\"lazy\" decoding=\"async\" class=\"aligncenter size-full wp-image-64420\" src=\"https:\/\/i0.wp.com\/www.manquepierda.com\/historiarealbetis\/files\/2013\/03\/Jos%C3%A9-PARDO-Montoya-1.jpg?resize=143%2C207&#038;ssl=1\" alt=\"\" width=\"143\" height=\"207\" \/><\/p>\n<p style=\"text-align: left\"><em><strong>-2-Jos\u00e9 PARDO Montoya (28).<br \/>\n<\/strong><\/em><\/p>\n<p style=\"text-align: center\"><img data-recalc-dims=\"1\" loading=\"lazy\" decoding=\"async\" class=\"aligncenter size-full wp-image-64422\" src=\"https:\/\/i0.wp.com\/www.manquepierda.com\/historiarealbetis\/files\/2013\/03\/CABEZA-LuisGarc%C3%ADaPulido-1.jpg?resize=144%2C202&#038;ssl=1\" alt=\"\" width=\"144\" height=\"202\" \/><\/p>\n<p style=\"text-align: left\"><em><strong>-3-LU\u00cdS Garc\u00eda PULIDO (a) \u00abCABEZA\u00bb (23).<br \/>\n<\/strong><\/em><\/p>\n<p style=\"text-align: center\"><em><strong>Medios:<\/strong><\/em><\/p>\n<p style=\"text-align: center\"><img data-recalc-dims=\"1\" loading=\"lazy\" decoding=\"async\" class=\"aligncenter size-full wp-image-64423\" src=\"https:\/\/i0.wp.com\/www.manquepierda.com\/historiarealbetis\/files\/2013\/03\/Francisco-ANT%C3%9ANEZ-Espada-01-2.png?resize=191%2C223&#038;ssl=1\" alt=\"\" width=\"191\" height=\"223\" srcset=\"https:\/\/i0.wp.com\/www.manquepierda.com\/historiarealbetis\/files\/2013\/03\/Francisco-ANT%C3%9ANEZ-Espada-01-2.png?w=191&amp;ssl=1 191w, https:\/\/i0.wp.com\/www.manquepierda.com\/historiarealbetis\/files\/2013\/03\/Francisco-ANT%C3%9ANEZ-Espada-01-2.png?resize=188%2C220&amp;ssl=1 188w\" sizes=\"auto, (max-width: 191px) 100vw, 191px\" \/><\/p>\n<p style=\"text-align: left\"><em><strong>-4-Francisco ANT\u00daNEZ Espada (19).<br \/>\n<\/strong><\/em><\/p>\n<p style=\"text-align: center\"><img data-recalc-dims=\"1\" loading=\"lazy\" decoding=\"async\" class=\"aligncenter size-full wp-image-64424\" src=\"https:\/\/i0.wp.com\/www.manquepierda.com\/historiarealbetis\/files\/2013\/03\/Francisco-G%C3%93MEZ-Vicente-1.jpg?resize=135%2C200&#038;ssl=1\" alt=\"\" width=\"135\" height=\"200\" \/><\/p>\n<p style=\"text-align: left\"><em><strong>-5-Francisco G\u00d3MEZ Vicente (31).<br \/>\n<\/strong><\/em><\/p>\n<p style=\"text-align: center\"><img data-recalc-dims=\"1\" loading=\"lazy\" decoding=\"async\" class=\"aligncenter size-full wp-image-64425\" src=\"https:\/\/i0.wp.com\/www.manquepierda.com\/historiarealbetis\/files\/2013\/03\/Guillermo-COLL-Munar-02.jpg?resize=148%2C206&#038;ssl=1\" alt=\"\" width=\"148\" height=\"206\" \/><\/p>\n<p style=\"text-align: left\"><em><strong>-6-Guillermo COLL Munar (23).<br \/>\n<\/strong><\/em><\/p>\n<p style=\"text-align: center\"><em><strong>Delanteros:<\/strong><\/em><\/p>\n<p style=\"text-align: center\"><img data-recalc-dims=\"1\" loading=\"lazy\" decoding=\"async\" class=\"aligncenter size-full wp-image-64426\" src=\"https:\/\/i0.wp.com\/www.manquepierda.com\/historiarealbetis\/files\/2013\/03\/SARO-%C3%81ngel-Mart%C3%ADn-Rodr%C3%ADguez-01.png?resize=188%2C220&#038;ssl=1\" alt=\"\" width=\"188\" height=\"220\" \/><\/p>\n<p style=\"text-align: left\"><em><strong>-7-\u00c1ngel Mart\u00edn Rodr\u00edguez (a) \u00abSARO\u00bb (33).<br \/>\n<\/strong><\/em><\/p>\n<p style=\"text-align: left\"><a href=\"https:\/\/i0.wp.com\/www.manquepierda.com\/historiarealbetis\/files\/2013\/03\/vf11.jpg?ssl=1\"><img data-recalc-dims=\"1\" loading=\"lazy\" decoding=\"async\" class=\"aligncenter size-full wp-image-28242\" src=\"https:\/\/i0.wp.com\/www.manquepierda.com\/historiarealbetis\/files\/2013\/03\/vf11.jpg?resize=313%2C687&#038;ssl=1\" alt=\"vf1\" width=\"313\" height=\"687\" srcset=\"https:\/\/i0.wp.com\/www.manquepierda.com\/historiarealbetis\/files\/2013\/03\/vf11.jpg?w=313&amp;ssl=1 313w, https:\/\/i0.wp.com\/www.manquepierda.com\/historiarealbetis\/files\/2013\/03\/vf11.jpg?resize=136%2C300&amp;ssl=1 136w\" sizes=\"auto, (max-width: 313px) 100vw, 313px\" \/><\/a><em><strong>-8-Enrique BESC\u00d3S Mambrona (23).<br \/>\n<\/strong><\/em><\/p>\n<p style=\"text-align: center\"><img data-recalc-dims=\"1\" loading=\"lazy\" decoding=\"async\" class=\"aligncenter size-full wp-image-64427\" src=\"https:\/\/i0.wp.com\/www.manquepierda.com\/historiarealbetis\/files\/2013\/03\/PAQUIRRI-Francisco-Gonz%C3%A1lez-Rodriguez-05.jpg?resize=143%2C220&#038;ssl=1\" alt=\"\" width=\"143\" height=\"220\" \/><\/p>\n<p style=\"text-align: left\"><em><strong>-9-Ariete-Francisco Gonz\u00e1lez Rodr\u00edguez (a) \u00abPAQUIRRI\u00bb (28): 1-0.-63 minutos.-Gran internada de Besc\u00f3s, y el centro delantero verdiblanco recepciona el bal\u00f3n, lanz\u00f3 un chut archisuperior fusilando al guardameta ma\u00f1o Guillermo.<br \/>\n<\/strong><\/em><\/p>\n<p style=\"text-align: center\"><img data-recalc-dims=\"1\" loading=\"lazy\" decoding=\"async\" class=\"aligncenter size-full wp-image-64430\" src=\"https:\/\/i0.wp.com\/www.manquepierda.com\/historiarealbetis\/files\/2013\/03\/ADOLFO-II-AdolfoMart%C3%ADnGonz%C3%A1lez-1.jpg?resize=186%2C348&#038;ssl=1\" alt=\"\" width=\"186\" height=\"348\" srcset=\"https:\/\/i0.wp.com\/www.manquepierda.com\/historiarealbetis\/files\/2013\/03\/ADOLFO-II-AdolfoMart%C3%ADnGonz%C3%A1lez-1.jpg?w=186&amp;ssl=1 186w, https:\/\/i0.wp.com\/www.manquepierda.com\/historiarealbetis\/files\/2013\/03\/ADOLFO-II-AdolfoMart%C3%ADnGonz%C3%A1lez-1.jpg?resize=118%2C220&amp;ssl=1 118w\" sizes=\"auto, (max-width: 186px) 100vw, 186px\" \/><\/p>\n<p style=\"text-align: left\"><em><strong>-10-ADOLFO Mart\u00edn Gonz\u00e1lez (a) \u00abADOLFO II\u00bb (31).<br \/>\n<\/strong><\/em><\/p>\n<p style=\"text-align: left\"><em><strong>-11-Rogelio BEN\u00cdTEZ.-\u00bf? No localizadas ciudades y fechas nacimiento-fallecimiento.-D. E. P.-Leyenda B\u00e9tica.<\/strong><\/em><\/p>\n<p style=\"text-align: center\">VS.<\/p>\n<p>S\u00e1bado 17-V-1941 \u00e1 domingo 21-II-1943.-Presidente, don Francisco CABALLERO Ib\u00e1\u00f1ez.<\/p>\n<p>Entrenador.-Jacinto Francisco Fern\u00e1ndez De QUINCOCES L\u00f3pez de Arbina<\/p>\n<p style=\"text-align: center\"><img data-recalc-dims=\"1\" loading=\"lazy\" decoding=\"async\" class=\"aligncenter size-thumbnail wp-image-64441\" src=\"https:\/\/i0.wp.com\/www.manquepierda.com\/historiarealbetis\/files\/2013\/03\/ZaragozaCF1941.jpg?resize=160%2C220&#038;ssl=1\" alt=\"\" width=\"160\" height=\"220\" srcset=\"https:\/\/i0.wp.com\/www.manquepierda.com\/historiarealbetis\/files\/2013\/03\/ZaragozaCF1941.jpg?resize=160%2C220&amp;ssl=1 160w, https:\/\/i0.wp.com\/www.manquepierda.com\/historiarealbetis\/files\/2013\/03\/ZaragozaCF1941.jpg?resize=436%2C600&amp;ssl=1 436w, https:\/\/i0.wp.com\/www.manquepierda.com\/historiarealbetis\/files\/2013\/03\/ZaragozaCF1941.jpg?resize=509%2C700&amp;ssl=1 509w, https:\/\/i0.wp.com\/www.manquepierda.com\/historiarealbetis\/files\/2013\/03\/ZaragozaCF1941.jpg?w=512&amp;ssl=1 512w\" sizes=\"auto, (max-width: 160px) 100vw, 160px\" \/><\/p>\n<p style=\"text-align: left\">2\u00ba Clasificado con 10 Puntos (5-ganados, 0-empatados, 3-perdidos) 10-10 Tantos Favor-Contra.<\/p>\n<p style=\"text-align: center\">ZARAGOZA CLUB DE F\u00daTBOL-0 Tantos.<\/p>\n<p style=\"text-align: center\"><img data-recalc-dims=\"1\" loading=\"lazy\" decoding=\"async\" class=\"aligncenter size-thumbnail wp-image-64442\" src=\"https:\/\/i0.wp.com\/www.manquepierda.com\/historiarealbetis\/files\/2013\/03\/GRG.jpg?resize=141%2C220&#038;ssl=1\" alt=\"\" width=\"141\" height=\"220\" srcset=\"https:\/\/i0.wp.com\/www.manquepierda.com\/historiarealbetis\/files\/2013\/03\/GRG.jpg?resize=141%2C220&amp;ssl=1 141w, https:\/\/i0.wp.com\/www.manquepierda.com\/historiarealbetis\/files\/2013\/03\/GRG.jpg?w=204&amp;ssl=1 204w\" sizes=\"auto, (max-width: 141px) 100vw, 141px\" \/><\/p>\n<p style=\"text-align: left\">1-GUILLERMO Rodr\u00edguez G\u00f3mez.<\/p>\n<p>2-Julio URIARTE Garc\u00eda.-3-Lloren\u00e7 CARITG Capalleras.<\/p>\n<p>4-Gregorio AMEZTOY Querejeta.-5-Jes\u00fas REY Mart\u00ednez.-6-Antonio SABADELL Querol.<\/p>\n<p>7-Juan RUIZ Cambra.-8-Juan ZAPATA S\u00e1nchez.-9-Vicente MART\u00cdNEZ Catal\u00e1.-10-Julio Gonsalvo Falc\u00f3n (a) \u00abGONSALVO I\u00bb.-11-Josep Gonsalvo Falc\u00f3n (a) \u00abGONSALVO II\u00bb.<\/p>\n<p>&nbsp;<\/p>\n<p style=\"text-align: center\"><a href=\"https:\/\/i0.wp.com\/www.manquepierda.com\/historiarealbetis\/files\/2013\/03\/19420322fasd.jpg?ssl=1\"><img data-recalc-dims=\"1\" loading=\"lazy\" decoding=\"async\" class=\"aligncenter size-full wp-image-28241\" src=\"https:\/\/i0.wp.com\/www.manquepierda.com\/historiarealbetis\/files\/2013\/03\/19420322fasd.jpg?resize=714%2C346&#038;ssl=1\" alt=\"19420322fasd\" width=\"714\" height=\"346\" srcset=\"https:\/\/i0.wp.com\/www.manquepierda.com\/historiarealbetis\/files\/2013\/03\/19420322fasd.jpg?w=714&amp;ssl=1 714w, https:\/\/i0.wp.com\/www.manquepierda.com\/historiarealbetis\/files\/2013\/03\/19420322fasd.jpg?resize=300%2C145&amp;ssl=1 300w, https:\/\/i0.wp.com\/www.manquepierda.com\/historiarealbetis\/files\/2013\/03\/19420322fasd.jpg?resize=500%2C242&amp;ssl=1 500w\" sizes=\"auto, (max-width: 714px) 100vw, 714px\" \/><\/a><\/p>\n<p style=\"text-align: left\">ABC-SE-19420324.-Extracto cr\u00f3nica DISC\u00d3BOLO (Gil G\u00f3mez Bajuelo).-Resultados.-Clasificaci\u00f3n General.-Dibujos Vicente Flores.<\/p>\n<p>&nbsp;<\/p>\n<p style=\"text-align: left\"><a href=\"https:\/\/i0.wp.com\/www.manquepierda.com\/historiarealbetis\/files\/2013\/03\/vf21.jpg?ssl=1\"><img data-recalc-dims=\"1\" loading=\"lazy\" decoding=\"async\" class=\"size-medium wp-image-28243 aligncenter\" src=\"https:\/\/i0.wp.com\/www.manquepierda.com\/historiarealbetis\/files\/2013\/03\/vf21.jpg?resize=165%2C300&#038;ssl=1\" alt=\"vf2\" width=\"165\" height=\"300\" srcset=\"https:\/\/i0.wp.com\/www.manquepierda.com\/historiarealbetis\/files\/2013\/03\/vf21.jpg?resize=165%2C300&amp;ssl=1 165w, https:\/\/i0.wp.com\/www.manquepierda.com\/historiarealbetis\/files\/2013\/03\/vf21.jpg?resize=275%2C500&amp;ssl=1 275w, https:\/\/i0.wp.com\/www.manquepierda.com\/historiarealbetis\/files\/2013\/03\/vf21.jpg?w=360&amp;ssl=1 360w\" sizes=\"auto, (max-width: 165px) 100vw, 165px\" \/><\/a><\/p>\n<p style=\"text-align: center\"><em><strong>\u00abEl Real Betis Balompi\u00e9 asegur\u00f3 con su victoria el ingreso en <\/strong><\/em><em><strong>Primera Divisi\u00f3n\u00bb.<\/strong><\/em><\/p>\n","protected":false},"excerpt":{"rendered":"<p>ONCEAVA EDICI\u00d3N-CAMPEONATO NACIONAL LIGA SEGUNDA DIVISI\u00d3N TEMPORADA 1941-1942: domingo 28-Septiembre-1941 hasta domingo 05-Abril-1942, ambas fechas inclusive. 1942-MARZO 22-DOMINGO 22 DE MARZO DE 1942.-OCTAVA JORNADA-FASE FINAL ASCENSO-PRIMERA DIVISI\u00d3N.-ESTADIO MUNICIPAL DE HELI\u00d3POLIS. \u00abEl partido fue radiado a Zaragoza.\u00a0 Y el gobernador civil y jefe provincial del Movimiento,\u00a0 Francisco Rivas y Jord\u00e1n de Urri\u00e9s,\u00a0 dirigi\u00f3 al p\u00fablico aragon\u00e9s&#8230;<\/p>\n","protected":false},"author":48,"featured_media":64436,"comment_status":"open","ping_status":"open","sticky":false,"template":"","format":"standard","meta":{"_kad_post_transparent":"","_kad_post_title":"","_kad_post_layout":"","_kad_post_sidebar_id":"","_kad_post_content_style":"","_kad_post_vertical_padding":"","_kad_post_feature":"","_kad_post_feature_position":"","_kad_post_header":false,"_kad_post_footer":false,"_kad_post_classname":"","_jetpack_memberships_contains_paid_content":false,"footnotes":"","jetpack_publicize_message":"","jetpack_publicize_feature_enabled":true,"jetpack_social_post_already_shared":true,"jetpack_social_options":{"image_generator_settings":{"template":"highway","default_image_id":0,"font":"","enabled":false},"version":2}},"categories":[900,1],"tags":[2222,50,17934,719],"class_list":["post-28231","post","type-post","status-publish","format-standard","has-post-thumbnail","hentry","category-1940-1949","category-portada","tag-1941-42","tag-50","tag-liga-segunda-1941-42","tag-real-zaragoza"],"jetpack_publicize_connections":[],"jetpack_featured_media_url":"https:\/\/i0.wp.com\/www.manquepierda.com\/historiarealbetis\/files\/2013\/03\/Stadium-Exposici%C3%B3n-1929-03-17-1.jpg?fit=720%2C859&ssl=1","jetpack_sharing_enabled":true,"jetpack_shortlink":"https:\/\/wp.me\/p1ij08-7ll","jetpack-related-posts":[],"_links":{"self":[{"href":"https:\/\/www.manquepierda.com\/historiarealbetis\/wp-json\/wp\/v2\/posts\/28231","targetHints":{"allow":["GET"]}}],"collection":[{"href":"https:\/\/www.manquepierda.com\/historiarealbetis\/wp-json\/wp\/v2\/posts"}],"about":[{"href":"https:\/\/www.manquepierda.com\/historiarealbetis\/wp-json\/wp\/v2\/types\/post"}],"author":[{"embeddable":true,"href":"https:\/\/www.manquepierda.com\/historiarealbetis\/wp-json\/wp\/v2\/users\/48"}],"replies":[{"embeddable":true,"href":"https:\/\/www.manquepierda.com\/historiarealbetis\/wp-json\/wp\/v2\/comments?post=28231"}],"version-history":[{"count":1,"href":"https:\/\/www.manquepierda.com\/historiarealbetis\/wp-json\/wp\/v2\/posts\/28231\/revisions"}],"predecessor-version":[{"id":96636,"href":"https:\/\/www.manquepierda.com\/historiarealbetis\/wp-json\/wp\/v2\/posts\/28231\/revisions\/96636"}],"wp:featuredmedia":[{"embeddable":true,"href":"https:\/\/www.manquepierda.com\/historiarealbetis\/wp-json\/wp\/v2\/media\/64436"}],"wp:attachment":[{"href":"https:\/\/www.manquepierda.com\/historiarealbetis\/wp-json\/wp\/v2\/media?parent=28231"}],"wp:term":[{"taxonomy":"category","embeddable":true,"href":"https:\/\/www.manquepierda.com\/historiarealbetis\/wp-json\/wp\/v2\/categories?post=28231"},{"taxonomy":"post_tag","embeddable":true,"href":"https:\/\/www.manquepierda.com\/historiarealbetis\/wp-json\/wp\/v2\/tags?post=28231"}],"curies":[{"name":"wp","href":"https:\/\/api.w.org\/{rel}","templated":true}]}}