{"id":28248,"date":"2013-03-22T19:17:47","date_gmt":"2013-03-22T18:17:47","guid":{"rendered":"http:\/\/www.manquepierda.com\/historiarealbetis\/?p=28248"},"modified":"2024-09-02T18:55:49","modified_gmt":"2024-09-02T16:55:49","slug":"1964-marzo-22-primera-division-real-betis-balompie-3-goles-vs-pontevedra-cf-0","status":"publish","type":"post","link":"https:\/\/www.manquepierda.com\/historiarealbetis\/1964-marzo-22-primera-division-real-betis-balompie-3-goles-vs-pontevedra-cf-0\/","title":{"rendered":"1964-Marzo 22-Domingo Ramos-Primera.-Real Betis Balompi\u00e9-3 Pontevedra Cf-0.-52Aniversario."},"content":{"rendered":"<p style=\"text-align: justify\">XXXIII-EDICI\u00d3N CAMPEONATO NACIONAL LIGA PRIMERA DIVISI\u00d3N-TEMPORADA 1963-1964 DESDE DOMINGO 15 DE SEPTIEMBRE DE 1963 HASTA DOMINGO 26 DE ABRIL DE 1964-AMBAS FECHAS INCLUSIVE.<\/p>\n<figure id=\"attachment_48509\" aria-describedby=\"caption-attachment-48509\" style=\"width: 940px\" class=\"wp-caption alignnone\"><img data-recalc-dims=\"1\" loading=\"lazy\" decoding=\"async\" class=\"size-large wp-image-48509\" src=\"https:\/\/i0.wp.com\/www.manquepierda.com\/historiarealbetis\/files\/2013\/03\/19640322CPFS314.jpg?resize=940%2C700&#038;ssl=1\" alt=\"MMMM\" width=\"940\" height=\"700\" srcset=\"https:\/\/i0.wp.com\/www.manquepierda.com\/historiarealbetis\/files\/2013\/03\/19640322CPFS314.jpg?resize=940%2C700&amp;ssl=1 940w, https:\/\/i0.wp.com\/www.manquepierda.com\/historiarealbetis\/files\/2013\/03\/19640322CPFS314.jpg?resize=220%2C164&amp;ssl=1 220w, https:\/\/i0.wp.com\/www.manquepierda.com\/historiarealbetis\/files\/2013\/03\/19640322CPFS314.jpg?resize=680%2C507&amp;ssl=1 680w, https:\/\/i0.wp.com\/www.manquepierda.com\/historiarealbetis\/files\/2013\/03\/19640322CPFS314.jpg?resize=768%2C572&amp;ssl=1 768w\" sizes=\"auto, (max-width: 940px) 100vw, 940px\" \/><figcaption id=\"caption-attachment-48509\" class=\"wp-caption-text\"><em><strong>\u00abQUINO\u00bb EN ACCI\u00d3N-PARTIDO REAL BETIS BALOMPI\u00c9 VS. PONTEVEDRA CLUB DE F\u00daTBOL\u00bb.-CPFS314-Fot\u00f3grafo Rafael CUBILES L\u00d3PEZ.<\/strong><\/em><\/figcaption><\/figure>\n<p style=\"text-align: justify\"><strong>1964-MARZO 22-DOMINGO \u00abDE RAMOS\u00bb.-16&#8217;00 HORAS ESTADIO \u00abBENITO VILLAMAR\u00cdN\u00bb-VIG\u00c9SIMA SEXTA JORNADA.-CLAVE MARCADOR SIMULT\u00c1NEO \u00abDARDO\u00bb: <em>\u00abbitter CINZANO soda\u00bb.<\/em><\/strong><\/p>\n<p style=\"text-align: justify\"><strong>En el palco presidencial,\u00a0 con el alcalde de Sevilla 1963-1966 (Jos\u00e9 Hern\u00e1ndez D\u00edaz), estaba el de Pontevedra, Xos\u00e9 Fernando Filgueira Valverde,\u00a0 que ha venido con su esposa a ver la Semana Santa.<\/strong><\/p>\n<p style=\"text-align: justify\"><strong>Los equipos fueron recibidos con aplausos,\u00a0 y hubo el detalle simp\u00e1tico de un grupo de pontevedreses,\u00a0 con gaitas y panderetas,\u00a0 que animaron a los muchachos de Rafael Yunta.<\/strong><\/p>\n<p style=\"text-align: center\"><img data-recalc-dims=\"1\" loading=\"lazy\" decoding=\"async\" class=\"aligncenter size-thumbnail wp-image-48510\" src=\"https:\/\/i0.wp.com\/www.manquepierda.com\/historiarealbetis\/files\/2013\/03\/JRA.jpg?resize=151%2C220&#038;ssl=1\" alt=\"JRA\" width=\"151\" height=\"220\" srcset=\"https:\/\/i0.wp.com\/www.manquepierda.com\/historiarealbetis\/files\/2013\/03\/JRA.jpg?resize=151%2C220&amp;ssl=1 151w, https:\/\/i0.wp.com\/www.manquepierda.com\/historiarealbetis\/files\/2013\/03\/JRA.jpg?w=182&amp;ssl=1 182w\" sizes=\"auto, (max-width: 151px) 100vw, 151px\" \/><\/p>\n<p style=\"text-align: center\">Arbitr\u00f3 el colegiado Agust\u00edn RUIZ ALCITURRI.-Natural de Santander (Cantabria)-1928.<\/p>\n<p style=\"text-align: justify\"><em>\u00abHizo un arbitraje sencillo y sin exceso de pitidos. Se\u00f1al\u00f3 justa e imparcialmente las faltas, que no fueron muchas, ya que los 22 jugadores disputaron el bal\u00f3n con nobleza. Sigui\u00f3 el juego de cerca y aplic\u00f3 con exactitud la ley de la ventaja\u00bb.<\/em><\/p>\n<p style=\"text-align: justify\"><em>\u00abNo hubo, por tanto, nada desagradable en el transcurso del juego ni por el p\u00fablico, ni por el \u00e1rbitro, ni por los jugadores. Fue un choque muy disputado, pero totalmente dentro de los cauces reglamentarios\u00bb.<\/em><\/p>\n<p style=\"text-align: justify\"><em><strong>Le\u00f3n Lasa M\u00fajica-capit\u00e1n del Real Betis Balompi\u00e9-entreg\u00f3 un bander\u00edn de recuerdo- a su hom\u00f3nimo CHOLO-Eduardo Da Pena Lis.<\/strong><\/em><\/p>\n<p style=\"text-align: justify\"><strong>TERCER CLASIFICADO CON 33 PUNTOS Y +7-POSITIVOS (13-GANADOS+7-EMPATADOS+6-PERDIDOS) 37-GOLES A FAVOR Y 26-TANTOS EN CONTRA.<\/strong><\/p>\n<p style=\"text-align: justify\"><em><strong><img data-recalc-dims=\"1\" loading=\"lazy\" decoding=\"async\" class=\"alignleft size-thumbnail wp-image-48511\" src=\"https:\/\/i0.wp.com\/www.manquepierda.com\/historiarealbetis\/files\/2013\/03\/Villamar%C3%ADn-exportadorAceitunas-300x225-1.jpg?resize=220%2C165&#038;ssl=1\" alt=\"Villamar\u00edn-exportadorAceitunas-300x225\" width=\"220\" height=\"165\" srcset=\"https:\/\/i0.wp.com\/www.manquepierda.com\/historiarealbetis\/files\/2013\/03\/Villamar%C3%ADn-exportadorAceitunas-300x225-1.jpg?resize=220%2C165&amp;ssl=1 220w, https:\/\/i0.wp.com\/www.manquepierda.com\/historiarealbetis\/files\/2013\/03\/Villamar%C3%ADn-exportadorAceitunas-300x225-1.jpg?w=300&amp;ssl=1 300w\" sizes=\"auto, (max-width: 220px) 100vw, 220px\" \/>39\u00ba PRESIDENTE (desde s\u00e1bado 21 de Mayo de 1955 hasta el martes 07 de<img data-recalc-dims=\"1\" loading=\"lazy\" decoding=\"async\" class=\"alignright size-thumbnail wp-image-48512\" src=\"https:\/\/i0.wp.com\/www.manquepierda.com\/historiarealbetis\/files\/2013\/03\/Dimisi%C3%B3n-de-Benito-Villamar%C3%ADn-1965-NMP-AGA-2.jpg?resize=131%2C220&#038;ssl=1\" alt=\"Dimisi\u00f3n-de-Benito-Villamar\u00edn-1965-NMP-AGA\" width=\"131\" height=\"220\" srcset=\"https:\/\/i0.wp.com\/www.manquepierda.com\/historiarealbetis\/files\/2013\/03\/Dimisi%C3%B3n-de-Benito-Villamar%C3%ADn-1965-NMP-AGA-2.jpg?resize=131%2C220&amp;ssl=1 131w, https:\/\/i0.wp.com\/www.manquepierda.com\/historiarealbetis\/files\/2013\/03\/Dimisi%C3%B3n-de-Benito-Villamar%C3%ADn-1965-NMP-AGA-2.jpg?w=215&amp;ssl=1 215w\" sizes=\"auto, (max-width: 131px) 100vw, 131px\" \/> Diciembre de 1965-en que present\u00f3 su carta de dimisi\u00f3n por\u00a0 fuerza mayor de su grave enfermedad de c\u00e1ncer de pulm\u00f3n-despidi\u00e9ndose de sus compa\u00f1eros directivos y a trav\u00e9s de ellos de la gran Familia Verdiblanca.-1er. Presidente Perpetuo y \u00fanico elegido democr\u00e1ticamente por la afici\u00f3n b\u00e9tica.<\/strong><\/em><\/p>\n<p style=\"text-align: justify\"><em><strong>Don Benito VILLAMAR\u00cdN PRIETO (47 a\u00f1os+7 meses+1 d\u00eda)-Natural de Puga-To\u00e9n (Ourense), lunes 21 de Agosto de 1916.-Obituario en Sevilla, lunes 15 de Agosto de 1966 (50 A\u00f1os menos 6 d\u00edas).-Efem\u00e9rides: *Centenario de su nacimiento (Domingo 21-Agosto 2016) y 50\u00ba Aniversario de su fallecimiento (15-Agosto 2016)*<\/strong><\/em><\/p>\n<p style=\"text-align: center\">\u00abOPINAN LOS ENTRENADORES\u00bb-por BORMUJO-\u00abHOJA DEL LUNES\u00bb-Sevilla 23-03-1964:<\/p>\n<p style=\"text-align: center\"><img data-recalc-dims=\"1\" loading=\"lazy\" decoding=\"async\" class=\"aligncenter size-large wp-image-48513\" src=\"https:\/\/i0.wp.com\/www.manquepierda.com\/historiarealbetis\/files\/2013\/03\/BALMANYA19640323.jpg?resize=727%2C700&#038;ssl=1\" alt=\"BALMANYA19640323\" width=\"727\" height=\"700\" srcset=\"https:\/\/i0.wp.com\/www.manquepierda.com\/historiarealbetis\/files\/2013\/03\/BALMANYA19640323.jpg?resize=727%2C700&amp;ssl=1 727w, https:\/\/i0.wp.com\/www.manquepierda.com\/historiarealbetis\/files\/2013\/03\/BALMANYA19640323.jpg?resize=220%2C212&amp;ssl=1 220w, https:\/\/i0.wp.com\/www.manquepierda.com\/historiarealbetis\/files\/2013\/03\/BALMANYA19640323.jpg?resize=623%2C600&amp;ssl=1 623w, https:\/\/i0.wp.com\/www.manquepierda.com\/historiarealbetis\/files\/2013\/03\/BALMANYA19640323.jpg?resize=768%2C739&amp;ssl=1 768w, https:\/\/i0.wp.com\/www.manquepierda.com\/historiarealbetis\/files\/2013\/03\/BALMANYA19640323.jpg?w=1543&amp;ssl=1 1543w\" sizes=\"auto, (max-width: 727px) 100vw, 727px\" \/><\/p>\n<p style=\"text-align: justify\"><strong><img data-recalc-dims=\"1\" loading=\"lazy\" decoding=\"async\" class=\"alignleft size-thumbnail wp-image-48514\" src=\"https:\/\/i0.wp.com\/www.manquepierda.com\/historiarealbetis\/files\/2013\/03\/DomingoBalmanyaPerera-1.jpg?resize=161%2C220&#038;ssl=1\" alt=\"DomingoBalmanyaPerera\" width=\"161\" height=\"220\" srcset=\"https:\/\/i0.wp.com\/www.manquepierda.com\/historiarealbetis\/files\/2013\/03\/DomingoBalmanyaPerera-1.jpg?resize=161%2C220&amp;ssl=1 161w, https:\/\/i0.wp.com\/www.manquepierda.com\/historiarealbetis\/files\/2013\/03\/DomingoBalmanyaPerera-1.jpg?w=375&amp;ssl=1 375w\" sizes=\"auto, (max-width: 161px) 100vw, 161px\" \/>1963-1964 Entrenador Domingo BALMANYA PERERA (49 a\u00f1os+3 meses menos 7 d\u00edas)-Natural de Gerona, martes 29 de Diciembre de 1914.-Obituario en Barcelona, jueves 14 de Febrero de 2002 (87 A\u00f1os+2 meses menos 15 d\u00edas) D. E. P.<\/strong><\/p>\n<p style=\"text-align: justify\">\u00bfQUIEN ESTUVO COMO NUNCA? AYER EN EL ESTADIO \u00abBENITO VILLAMAR\u00cdN\u00bb.-CLASIFICACI\u00d3N DE JUGADORES POR IGNACIO GARC\u00cdA FERREIRA.-\u00abHOJA DEL LUNES\u00bb-SEVILLA 23-03-1964:<\/p>\n<p style=\"text-align: justify\"><em>\u00abEL MEJOR GOL LOCAL\u00bb.-<strong>El primero, por la habilidad mostrada por Molina, al aprovechar el fallo de Azcueta, para quedarse solo ante Gato y colocar el bal\u00f3n lejos de su alcance\u00bb.<\/strong><\/em><\/p>\n<p style=\"text-align: justify\"><em>\u00abLA MEJOR JUGADA LOCAL\u00bb.-<strong>La del minuto 37, en que Molina puso el esf\u00e9rico a la altura del remate de Pallar\u00e9s; \u00e9ste tir\u00f3 espl\u00e9ndidamente y Gato respondi\u00f3 con una gran parada\u00bb.<\/strong><\/em><\/p>\n<p style=\"text-align: justify\"><em>\u00abLO MEJOR DEL EQUIPO LOCAL\u00bb.-<strong>El f\u00fatbol creador de Pallar\u00e9s y Lasa, a veces bien apoyado por Lu\u00eds y otras veces por Montaner, aunque \u00e9ste no estuvo a la altura de otras tardes\u00bb.<\/strong><\/em><\/p>\n<p style=\"text-align: center\"><a href=\"https:\/\/i0.wp.com\/www.manquepierda.com\/historiarealbetis\/files\/2013\/03\/Escudo-RealBetisBalompi%C3%A91960.jpg?ssl=1\"><img data-recalc-dims=\"1\" loading=\"lazy\" decoding=\"async\" class=\"aligncenter size-medium wp-image-28043\" src=\"https:\/\/i0.wp.com\/www.manquepierda.com\/historiarealbetis\/files\/2013\/03\/Escudo-RealBetisBalompi%C3%A91960.jpg?resize=300%2C235&#038;ssl=1\" alt=\"Escudo RealBetisBalompi\u00e91960'\" width=\"300\" height=\"235\" srcset=\"https:\/\/i0.wp.com\/www.manquepierda.com\/historiarealbetis\/files\/2013\/03\/Escudo-RealBetisBalompi%C3%A91960.jpg?resize=300%2C235&amp;ssl=1 300w, https:\/\/i0.wp.com\/www.manquepierda.com\/historiarealbetis\/files\/2013\/03\/Escudo-RealBetisBalompi%C3%A91960.jpg?resize=500%2C391&amp;ssl=1 500w, https:\/\/i0.wp.com\/www.manquepierda.com\/historiarealbetis\/files\/2013\/03\/Escudo-RealBetisBalompi%C3%A91960.jpg?w=600&amp;ssl=1 600w\" sizes=\"auto, (max-width: 300px) 100vw, 300px\" \/><\/a><em><strong>REAL BETIS BALOMPI\u00c9 (Camisolines Verdiblancos y Calzonas Blancas)-3 GOLES.<\/strong><\/em><\/p>\n<p style=\"text-align: center\"><img data-recalc-dims=\"1\" loading=\"lazy\" decoding=\"async\" class=\"aligncenter size-thumbnail wp-image-48515\" src=\"https:\/\/i0.wp.com\/www.manquepierda.com\/historiarealbetis\/files\/2013\/03\/Pep%C3%ADn.jpg?resize=220%2C147&#038;ssl=1\" alt=\"Pep\u00edn\" width=\"220\" height=\"147\" srcset=\"https:\/\/i0.wp.com\/www.manquepierda.com\/historiarealbetis\/files\/2013\/03\/Pep%C3%ADn.jpg?resize=220%2C147&amp;ssl=1 220w, https:\/\/i0.wp.com\/www.manquepierda.com\/historiarealbetis\/files\/2013\/03\/Pep%C3%ADn.jpg?w=420&amp;ssl=1 420w\" sizes=\"auto, (max-width: 220px) 100vw, 220px\" \/><\/p>\n<p style=\"text-align: justify\"><strong>1-Guardameta (-1-).-Imbatido Jos\u00e9 Casa<em>s <\/em>Gris (a) \u00abPEP\u00cdN\u00bb (32 a\u00f1os+3 meses+6 d\u00edas)-Natural de Valencia, lunes 16 de Noviembre de 1931.-Obituario en Las Palmas de Gran Canaria, martes 12 de Octubre de 2010 (78 A\u00f1os+11 meses menos 4 d\u00edas) D. E. P.<br \/>\n<\/strong><\/p>\n<p style=\"text-align: center\"><strong>Zagueros:<\/strong><\/p>\n<p style=\"text-align: justify\"><strong>2-Lateral Diestro (-2-).-Julio Santaella Ben\u00edtez (a) \u00abCOLO\u00bb.<\/strong><\/p>\n<p style=\"text-align: justify\"><strong>5-Central (-2-).-Eusebio R\u00cdOS Fern\u00e1ndez.<\/strong><\/p>\n<p style=\"text-align: center\"><img data-recalc-dims=\"1\" loading=\"lazy\" decoding=\"async\" class=\"aligncenter size-thumbnail wp-image-48516\" src=\"https:\/\/i0.wp.com\/www.manquepierda.com\/historiarealbetis\/files\/2013\/03\/PAQUITO-FranciscoFaleatoOchoantesana.jpg?resize=153%2C220&#038;ssl=1\" alt=\"PAQUITO-FranciscoFaleatoOchoantesana\" width=\"153\" height=\"220\" srcset=\"https:\/\/i0.wp.com\/www.manquepierda.com\/historiarealbetis\/files\/2013\/03\/PAQUITO-FranciscoFaleatoOchoantesana.jpg?resize=153%2C220&amp;ssl=1 153w, https:\/\/i0.wp.com\/www.manquepierda.com\/historiarealbetis\/files\/2013\/03\/PAQUITO-FranciscoFaleatoOchoantesana.jpg?resize=416%2C600&amp;ssl=1 416w, https:\/\/i0.wp.com\/www.manquepierda.com\/historiarealbetis\/files\/2013\/03\/PAQUITO-FranciscoFaleatoOchoantesana.jpg?resize=768%2C1107&amp;ssl=1 768w, https:\/\/i0.wp.com\/www.manquepierda.com\/historiarealbetis\/files\/2013\/03\/PAQUITO-FranciscoFaleatoOchoantesana.jpg?resize=486%2C700&amp;ssl=1 486w, https:\/\/i0.wp.com\/www.manquepierda.com\/historiarealbetis\/files\/2013\/03\/PAQUITO-FranciscoFaleatoOchoantesana.jpg?w=1623&amp;ssl=1 1623w\" sizes=\"auto, (max-width: 153px) 100vw, 153px\" \/><\/p>\n<p style=\"text-align: justify\"><strong>3-Lateral Zurdo (-3-).-Francisco Faleato Ochoantesana (a) \u00abPAQUITO\u00bb.-\u00ab<em>Una jornada m\u00e1s ha sido el defensa r\u00e1pido y decidido, que une a una facilidad extraordinaria en el corte, su gran visi\u00f3n del contraataque, haciendo internadas por la izquierda, espl\u00e9ndidas. <\/em><\/strong><\/p>\n<p style=\"text-align: justify\">Hoy le adjudicamos la copa de \u00abFundador\u00bb-<em>Domecq, <\/em>el co\u00f1ac que \u00a1est\u00e1 como nunca\u00a1<strong><em>, aunque tambi\u00e9n Pallar\u00e9s lo estuvo muy cerca en la calificaci\u00f3n\u00bb.<\/em><\/strong><\/p>\n<p style=\"text-align: center\"><strong>Medios:<\/strong><\/p>\n<p style=\"text-align: justify\"><strong>4-Diestro (-1-).-Jos\u00e9 Mar\u00eda Garc\u00eda MONTANER.<\/strong><\/p>\n<p style=\"text-align: justify\"><strong>6-Zurdo (-2-).-Le\u00f3n LASA M\u00fajica (Capit\u00e1n).<\/strong><\/p>\n<p style=\"text-align: center\"><strong>Delanteros:<\/strong><\/p>\n<p style=\"text-align: center\"><img data-recalc-dims=\"1\" loading=\"lazy\" decoding=\"async\" class=\"aligncenter size-full wp-image-48520\" src=\"https:\/\/i0.wp.com\/www.manquepierda.com\/historiarealbetis\/files\/2013\/03\/3-23-Betis-Pontevedra-imagen-3.jpg?resize=669%2C576&#038;ssl=1\" alt=\"3-23-Betis-Pontevedra-imagen-3\" width=\"669\" height=\"576\" srcset=\"https:\/\/i0.wp.com\/www.manquepierda.com\/historiarealbetis\/files\/2013\/03\/3-23-Betis-Pontevedra-imagen-3.jpg?w=669&amp;ssl=1 669w, https:\/\/i0.wp.com\/www.manquepierda.com\/historiarealbetis\/files\/2013\/03\/3-23-Betis-Pontevedra-imagen-3.jpg?resize=220%2C189&amp;ssl=1 220w\" sizes=\"auto, (max-width: 669px) 100vw, 669px\" \/><\/p>\n<p style=\"text-align: center\"><em><strong>\u00abDEBUTANTE.-Fuente \u00abSevilla\u00bb diario de la tarde-lunes 23 de Marzo de 1964.<\/strong><\/em><\/p>\n<figure id=\"attachment_48517\" aria-describedby=\"caption-attachment-48517\" style=\"width: 680px\" class=\"wp-caption aligncenter\"><img data-recalc-dims=\"1\" loading=\"lazy\" decoding=\"async\" class=\"size-medium wp-image-48517\" src=\"https:\/\/i0.wp.com\/www.manquepierda.com\/historiarealbetis\/files\/2013\/03\/19640323QUINO.jpg?resize=680%2C378&#038;ssl=1\" alt=\"MMMM\" width=\"680\" height=\"378\" srcset=\"https:\/\/i0.wp.com\/www.manquepierda.com\/historiarealbetis\/files\/2013\/03\/19640323QUINO.jpg?resize=680%2C378&amp;ssl=1 680w, https:\/\/i0.wp.com\/www.manquepierda.com\/historiarealbetis\/files\/2013\/03\/19640323QUINO.jpg?resize=220%2C122&amp;ssl=1 220w, https:\/\/i0.wp.com\/www.manquepierda.com\/historiarealbetis\/files\/2013\/03\/19640323QUINO.jpg?resize=768%2C427&amp;ssl=1 768w, https:\/\/i0.wp.com\/www.manquepierda.com\/historiarealbetis\/files\/2013\/03\/19640323QUINO.jpg?resize=960%2C534&amp;ssl=1 960w, https:\/\/i0.wp.com\/www.manquepierda.com\/historiarealbetis\/files\/2013\/03\/19640323QUINO.jpg?w=1485&amp;ssl=1 1485w\" sizes=\"auto, (max-width: 680px) 100vw, 680px\" \/><figcaption id=\"caption-attachment-48517\" class=\"wp-caption-text\"><em>\u00abEl internacional juvenil \u00abQUINO\u00bb en una internada que hubo de ser frenada por Calleja con una falta\u00bb.-Foto Seraf\u00edn-\u00abHoja del Lunes\u00bb-Sevilla 23 de Marzo de 1964.<\/em><\/figcaption><\/figure>\n<p style=\"text-align: justify\"><strong>7-Extremo Diestro (-1-).-Joaqu\u00edn Sierra Vallejo (a) \u00abQUINO\u00bb.<br \/>\n<\/strong><\/p>\n<p style=\"text-align: justify\"><strong>8-Interior Diestro (-2-).-Jos\u00e9-LU\u00cdS-Aragon\u00e9s Su\u00e1rez-Mart\u00ednez.<\/strong><\/p>\n<figure id=\"attachment_48518\" aria-describedby=\"caption-attachment-48518\" style=\"width: 931px\" class=\"wp-caption alignnone\"><img data-recalc-dims=\"1\" loading=\"lazy\" decoding=\"async\" class=\"size-large wp-image-48518\" src=\"https:\/\/i0.wp.com\/www.manquepierda.com\/historiarealbetis\/files\/2013\/03\/19640322CPFS304.jpg?resize=931%2C700&#038;ssl=1\" alt=\"MMMM\" width=\"931\" height=\"700\" srcset=\"https:\/\/i0.wp.com\/www.manquepierda.com\/historiarealbetis\/files\/2013\/03\/19640322CPFS304.jpg?resize=931%2C700&amp;ssl=1 931w, https:\/\/i0.wp.com\/www.manquepierda.com\/historiarealbetis\/files\/2013\/03\/19640322CPFS304.jpg?resize=220%2C165&amp;ssl=1 220w, https:\/\/i0.wp.com\/www.manquepierda.com\/historiarealbetis\/files\/2013\/03\/19640322CPFS304.jpg?resize=680%2C511&amp;ssl=1 680w, https:\/\/i0.wp.com\/www.manquepierda.com\/historiarealbetis\/files\/2013\/03\/19640322CPFS304.jpg?resize=768%2C577&amp;ssl=1 768w\" sizes=\"auto, (max-width: 931px) 100vw, 931px\" \/><figcaption id=\"caption-attachment-48518\" class=\"wp-caption-text\"><em><strong>\u00abREMATE DE ANSOLA Y A LA ESPECTATIVA LU\u00cdS Aragon\u00e9s Y A SU LADO \u00abQUINO\u00bb.-CPFS304-Fot\u00f3grafo Rafael Cubiles L\u00f3pez.<\/strong><\/em><\/figcaption><\/figure>\n<p style=\"text-align: justify\"><strong>9-Centro Delantero-Ariete (-2-).-Fernando ANSOLA Sanmart\u00edn.<\/strong><\/p>\n<p style=\"text-align: center\"><img data-recalc-dims=\"1\" loading=\"lazy\" decoding=\"async\" class=\"aligncenter size-full wp-image-48521\" src=\"https:\/\/i0.wp.com\/www.manquepierda.com\/historiarealbetis\/files\/2013\/03\/Antonio-PALLAR%C3%89S-Huertas-1.jpg?resize=200%2C298&#038;ssl=1\" alt=\"Antonio PALLAR\u00c9S Huertas\" width=\"200\" height=\"298\" srcset=\"https:\/\/i0.wp.com\/www.manquepierda.com\/historiarealbetis\/files\/2013\/03\/Antonio-PALLAR%C3%89S-Huertas-1.jpg?w=200&amp;ssl=1 200w, https:\/\/i0.wp.com\/www.manquepierda.com\/historiarealbetis\/files\/2013\/03\/Antonio-PALLAR%C3%89S-Huertas-1.jpg?resize=148%2C220&amp;ssl=1 148w\" sizes=\"auto, (max-width: 200px) 100vw, 200px\" \/><\/p>\n<p style=\"text-align: justify\"><em><strong>*3-0.-57 minutos.-\u00abFalta sacada por Lu\u00eds el bal\u00f3n rebota en la barrera y Antonio lo env\u00eda al fondo de las mallas defendidas por Javier Gato, logrando el marcador final\u00bb.<\/strong><\/em><\/p>\n<p style=\"text-align: justify\"><strong>10-Interior Zurdo (-2-).-Antonio PALLAR\u00c9S Huertas (23 a\u00f1os+3 meses+17 d\u00edas)-Natural de Alicante, jueves 05 de Diciembre de 1940.-<em>Leyenda Viva Verdiblanca Ilustre (75 A\u00f1os+3 meses+17 d\u00edas)*<\/em><\/strong><\/p>\n<p style=\"text-align: center\"><img data-recalc-dims=\"1\" loading=\"lazy\" decoding=\"async\" class=\"aligncenter size-thumbnail wp-image-48522\" src=\"https:\/\/i0.wp.com\/www.manquepierda.com\/historiarealbetis\/files\/2013\/03\/Andr%C3%A9sMOLINAsoler-2.jpg?resize=111%2C220&#038;ssl=1\" alt=\"Andr\u00e9sMOLINAsoler\" width=\"111\" height=\"220\" srcset=\"https:\/\/i0.wp.com\/www.manquepierda.com\/historiarealbetis\/files\/2013\/03\/Andr%C3%A9sMOLINAsoler-2.jpg?resize=111%2C220&amp;ssl=1 111w, https:\/\/i0.wp.com\/www.manquepierda.com\/historiarealbetis\/files\/2013\/03\/Andr%C3%A9sMOLINAsoler-2.jpg?resize=302%2C600&amp;ssl=1 302w, https:\/\/i0.wp.com\/www.manquepierda.com\/historiarealbetis\/files\/2013\/03\/Andr%C3%A9sMOLINAsoler-2.jpg?resize=352%2C700&amp;ssl=1 352w, https:\/\/i0.wp.com\/www.manquepierda.com\/historiarealbetis\/files\/2013\/03\/Andr%C3%A9sMOLINAsoler-2.jpg?w=388&amp;ssl=1 388w\" sizes=\"auto, (max-width: 111px) 100vw, 111px\" \/><\/p>\n<p style=\"text-align: justify\"><em><strong>*1-0.-44 minutos.-\u00abAndr\u00e9s en jugada personal, burla sucesivamente a Jos\u00e9 Lu\u00eds Azcueta y Javier Gato, inaugurando el marcador \u00abEl Palomar\u00bb,<\/strong><\/em><\/p>\n<p style=\"text-align: justify\"><em><strong>*2-0.-50 minutos.-\u00abLu\u00eds adelanta el esf\u00e9rico, saltan Javier Gato y Andr\u00e9s, el primero cae y pierde la pelota, y Molina logra su doblete\u00bb.<\/strong><\/em><\/p>\n<p style=\"text-align: justify\"><strong>11-Extremo Zurdo (-2-).-Andr\u00e9s MOLINA Soler (24 a\u00f1os+8 d\u00edas)-Natural de Elche (Alicante), jueves 14 de Marzo de 1940.-<em>Leyenda Viva Verdiblanca (76 A\u00f1os+8 d\u00edas)*<\/em><\/strong><\/p>\n<p style=\"text-align: center\">VS.<\/p>\n<p style=\"text-align: justify\">13\u00ba CLASIFICADO CON 21 PUNTOS Y MENOS 3 NEGATIVOS (8ganados+6empatados+12 perdidos) 28-39 TANTOS FAVOR-CONTRA.<\/p>\n<p style=\"text-align: center\">1963-1970.-Presidente don Miguel OTERO RODR\u00cdGUEZ.<\/p>\n<p style=\"text-align: justify\">\u00abOPINAN LOS ENTRENADORES\u00bb POR BORMUJO.-\u00abHOJA DEL LUNES\u00bb-SEVILLA 23 DE MARZO DE 1964.<\/p>\n<p style=\"text-align: justify\"><strong>Rafael YUNTA NAVARRO (43 a\u00f1os+11 meses+18 d\u00edas)-Natural de Oca\u00f1a (Toledo), domingo 04 de Abril de 1920.<\/strong><\/p>\n<p style=\"text-align: center\"><img data-recalc-dims=\"1\" loading=\"lazy\" decoding=\"async\" class=\"aligncenter size-medium wp-image-48523\" src=\"https:\/\/i0.wp.com\/www.manquepierda.com\/historiarealbetis\/files\/2013\/03\/19640323RAFA-1.jpg?resize=369%2C600&#038;ssl=1\" alt=\"19640323RAFA-1\" width=\"369\" height=\"600\" srcset=\"https:\/\/i0.wp.com\/www.manquepierda.com\/historiarealbetis\/files\/2013\/03\/19640323RAFA-1.jpg?resize=369%2C600&amp;ssl=1 369w, https:\/\/i0.wp.com\/www.manquepierda.com\/historiarealbetis\/files\/2013\/03\/19640323RAFA-1.jpg?resize=135%2C220&amp;ssl=1 135w, https:\/\/i0.wp.com\/www.manquepierda.com\/historiarealbetis\/files\/2013\/03\/19640323RAFA-1.jpg?resize=768%2C1249&amp;ssl=1 768w, https:\/\/i0.wp.com\/www.manquepierda.com\/historiarealbetis\/files\/2013\/03\/19640323RAFA-1.jpg?resize=430%2C700&amp;ssl=1 430w, https:\/\/i0.wp.com\/www.manquepierda.com\/historiarealbetis\/files\/2013\/03\/19640323RAFA-1.jpg?w=781&amp;ssl=1 781w\" sizes=\"auto, (max-width: 369px) 100vw, 369px\" \/><\/p>\n<p style=\"text-align: center\"><img data-recalc-dims=\"1\" loading=\"lazy\" decoding=\"async\" class=\"aligncenter size-large wp-image-48524\" src=\"https:\/\/i0.wp.com\/www.manquepierda.com\/historiarealbetis\/files\/2013\/03\/19640323RAFA-2.jpg?resize=407%2C700&#038;ssl=1\" alt=\"19640323RAFA-2\" width=\"407\" height=\"700\" srcset=\"https:\/\/i0.wp.com\/www.manquepierda.com\/historiarealbetis\/files\/2013\/03\/19640323RAFA-2.jpg?resize=407%2C700&amp;ssl=1 407w, https:\/\/i0.wp.com\/www.manquepierda.com\/historiarealbetis\/files\/2013\/03\/19640323RAFA-2.jpg?resize=128%2C220&amp;ssl=1 128w, https:\/\/i0.wp.com\/www.manquepierda.com\/historiarealbetis\/files\/2013\/03\/19640323RAFA-2.jpg?resize=348%2C600&amp;ssl=1 348w, https:\/\/i0.wp.com\/www.manquepierda.com\/historiarealbetis\/files\/2013\/03\/19640323RAFA-2.jpg?resize=768%2C1322&amp;ssl=1 768w, https:\/\/i0.wp.com\/www.manquepierda.com\/historiarealbetis\/files\/2013\/03\/19640323RAFA-2.jpg?w=780&amp;ssl=1 780w\" sizes=\"auto, (max-width: 407px) 100vw, 407px\" \/><\/p>\n<p style=\"text-align: center\">PONTEVEDRA CLUB DE F\u00daTBOL (El\u00e1stica granate con calz\u00f3n azul)-0 Tantos.<\/p>\n<p style=\"text-align: center\"><img data-recalc-dims=\"1\" loading=\"lazy\" decoding=\"async\" class=\"aligncenter size-full wp-image-48525\" src=\"https:\/\/i0.wp.com\/www.manquepierda.com\/historiarealbetis\/files\/2013\/03\/Ptvdra.jpeg?resize=180%2C180&#038;ssl=1\" alt=\"Ptvdra\" width=\"180\" height=\"180\" \/><\/p>\n<p style=\"text-align: justify\"><strong>\u00abLO MEJOR\u00bb.-Su juego de conjunto y especialmente el control de la zona ancha,\u00a0 ejercido por Mart\u00edn-Esperanza,\u00a0 Vallejo\u00a0 y Cerezuela.<\/strong><\/p>\n<p style=\"text-align: justify\">CLASIFICACI\u00d3N DE JUGADORES POR IGARFE-\u00abHOJA DEL LUNES\u00bb-SEVILLA 23 DE MARZO DE 1964:<\/p>\n<p style=\"text-align: center\"><img data-recalc-dims=\"1\" loading=\"lazy\" decoding=\"async\" class=\"aligncenter size-full wp-image-48526\" src=\"https:\/\/i0.wp.com\/www.manquepierda.com\/historiarealbetis\/files\/2013\/03\/Gato.jpg?resize=89%2C131&#038;ssl=1\" alt=\"Gato\" width=\"89\" height=\"131\" \/><\/p>\n<p style=\"text-align: center\">01-Portero (-2-).-Javier GATO \u00cd\u00f1iguez <em><strong>(3 goles encajados).<\/strong><\/em><\/p>\n<p style=\"text-align: justify\">02-<em><strong>Jos\u00e9<\/strong><\/em><strong><em> Lu\u00eds AZCUETA<\/em><\/strong> <em><strong>Uriarte (-1-<\/strong><\/em>).-05-Manuel BATALLA Jord\u00e1 (-2-).-03-Eduardo Dapena L\u00eds (a) \u00abCHOLO\u00bb-Capit\u00e1n (-2-) .<\/p>\n<p style=\"text-align: left\"><em>04-<strong>Ignacio<\/strong><strong> MART\u00cdN-ESPERANZA Tejada<\/strong> (-3-).-06-<\/em>Eduardo Chicharro CALLEJA (-2-).<\/p>\n<p style=\"text-align: justify\">07-Pablo RECALDE Barasategui (-1-).-08-Rafael CEREZUELA Fr\u00edas (-2-).-09-Jos\u00e9 Jorge MART\u00cdNEZ L\u00f3pez (-0-).-10-Jos\u00e9 VALLEJO Rodr\u00edguez (-2-).-11-Lu\u00eds RIBADA Mart\u00edn (-1-).<\/p>\n<p style=\"text-align: center\"><a href=\"https:\/\/i0.wp.com\/www.manquepierda.com\/historiarealbetis\/files\/2013\/03\/1D26J19640322.jpg?ssl=1\"><img data-recalc-dims=\"1\" loading=\"lazy\" decoding=\"async\" class=\"aligncenter size-full wp-image-28257\" src=\"https:\/\/i0.wp.com\/www.manquepierda.com\/historiarealbetis\/files\/2013\/03\/1D26J19640322.jpg?resize=718%2C872&#038;ssl=1\" alt=\"1D26J19640322\" width=\"718\" height=\"872\" srcset=\"https:\/\/i0.wp.com\/www.manquepierda.com\/historiarealbetis\/files\/2013\/03\/1D26J19640322.jpg?w=718&amp;ssl=1 718w, https:\/\/i0.wp.com\/www.manquepierda.com\/historiarealbetis\/files\/2013\/03\/1D26J19640322.jpg?resize=247%2C300&amp;ssl=1 247w, https:\/\/i0.wp.com\/www.manquepierda.com\/historiarealbetis\/files\/2013\/03\/1D26J19640322.jpg?resize=411%2C500&amp;ssl=1 411w\" sizes=\"auto, (max-width: 718px) 100vw, 718px\" \/><\/a><\/p>\n","protected":false},"excerpt":{"rendered":"<p>XXXIII-EDICI\u00d3N CAMPEONATO NACIONAL LIGA PRIMERA DIVISI\u00d3N-TEMPORADA 1963-1964 DESDE DOMINGO 15 DE SEPTIEMBRE DE 1963 HASTA DOMINGO 26 DE ABRIL DE 1964-AMBAS FECHAS INCLUSIVE. 1964-MARZO 22-DOMINGO \u00abDE RAMOS\u00bb.-16&#8217;00 HORAS ESTADIO \u00abBENITO VILLAMAR\u00cdN\u00bb-VIG\u00c9SIMA SEXTA JORNADA.-CLAVE MARCADOR SIMULT\u00c1NEO \u00abDARDO\u00bb: \u00abbitter CINZANO soda\u00bb. En el palco presidencial,\u00a0 con el alcalde de Sevilla 1963-1966 (Jos\u00e9 Hern\u00e1ndez D\u00edaz), estaba el de&#8230;<\/p>\n","protected":false},"author":48,"featured_media":48509,"comment_status":"open","ping_status":"open","sticky":false,"template":"","format":"standard","meta":{"_kad_post_transparent":"","_kad_post_title":"","_kad_post_layout":"","_kad_post_sidebar_id":"","_kad_post_content_style":"","_kad_post_vertical_padding":"","_kad_post_feature":"","_kad_post_feature_position":"","_kad_post_header":false,"_kad_post_footer":false,"_kad_post_classname":"","_jetpack_memberships_contains_paid_content":false,"footnotes":"","jetpack_publicize_message":"","jetpack_publicize_feature_enabled":true,"jetpack_social_post_already_shared":true,"jetpack_social_options":{"image_generator_settings":{"template":"highway","default_image_id":0,"font":"","enabled":false},"version":2}},"categories":[902,906,1],"tags":[5078,4033,17829,2370],"class_list":["post-28248","post","type-post","status-publish","format-standard","has-post-thumbnail","hentry","category-1960-1969","category-investigacion-temas","category-portada","tag-1963-64","tag-4033","tag-liga-primera-1963-64","tag-pontevedra-cf"],"jetpack_publicize_connections":[],"jetpack_featured_media_url":"https:\/\/i0.wp.com\/www.manquepierda.com\/historiarealbetis\/files\/2013\/03\/19640322CPFS314.jpg?fit=2317%2C1726&ssl=1","jetpack_sharing_enabled":true,"jetpack_shortlink":"https:\/\/wp.me\/p1ij08-7lC","jetpack-related-posts":[],"_links":{"self":[{"href":"https:\/\/www.manquepierda.com\/historiarealbetis\/wp-json\/wp\/v2\/posts\/28248","targetHints":{"allow":["GET"]}}],"collection":[{"href":"https:\/\/www.manquepierda.com\/historiarealbetis\/wp-json\/wp\/v2\/posts"}],"about":[{"href":"https:\/\/www.manquepierda.com\/historiarealbetis\/wp-json\/wp\/v2\/types\/post"}],"author":[{"embeddable":true,"href":"https:\/\/www.manquepierda.com\/historiarealbetis\/wp-json\/wp\/v2\/users\/48"}],"replies":[{"embeddable":true,"href":"https:\/\/www.manquepierda.com\/historiarealbetis\/wp-json\/wp\/v2\/comments?post=28248"}],"version-history":[{"count":1,"href":"https:\/\/www.manquepierda.com\/historiarealbetis\/wp-json\/wp\/v2\/posts\/28248\/revisions"}],"predecessor-version":[{"id":98484,"href":"https:\/\/www.manquepierda.com\/historiarealbetis\/wp-json\/wp\/v2\/posts\/28248\/revisions\/98484"}],"wp:featuredmedia":[{"embeddable":true,"href":"https:\/\/www.manquepierda.com\/historiarealbetis\/wp-json\/wp\/v2\/media\/48509"}],"wp:attachment":[{"href":"https:\/\/www.manquepierda.com\/historiarealbetis\/wp-json\/wp\/v2\/media?parent=28248"}],"wp:term":[{"taxonomy":"category","embeddable":true,"href":"https:\/\/www.manquepierda.com\/historiarealbetis\/wp-json\/wp\/v2\/categories?post=28248"},{"taxonomy":"post_tag","embeddable":true,"href":"https:\/\/www.manquepierda.com\/historiarealbetis\/wp-json\/wp\/v2\/tags?post=28248"}],"curies":[{"name":"wp","href":"https:\/\/api.w.org\/{rel}","templated":true}]}}