{"id":28298,"date":"2013-03-24T16:20:13","date_gmt":"2013-03-24T15:20:13","guid":{"rendered":"http:\/\/www.manquepierda.com\/historiarealbetis\/?p=28298"},"modified":"2024-08-17T21:27:16","modified_gmt":"2024-08-17T19:27:16","slug":"1957-marzo-24-segunda-division-grupo-ii-alicante-cf-1-vs-real-betis-balompie-3-goles","status":"publish","type":"post","link":"https:\/\/www.manquepierda.com\/historiarealbetis\/1957-marzo-24-segunda-division-grupo-ii-alicante-cf-1-vs-real-betis-balompie-3-goles\/","title":{"rendered":"1957-Marzo 24-Segunda Divisi\u00f3n-Grupo II: Alicante Cf-1 vs. Real Betis Balompi\u00e9-3 goles."},"content":{"rendered":"<p style=\"text-align: center\"><a href=\"https:\/\/i0.wp.com\/www.manquepierda.com\/historiarealbetis\/files\/2013\/03\/bardinfondonorte001.jpg?ssl=1\"><img data-recalc-dims=\"1\" loading=\"lazy\" decoding=\"async\" class=\"alignleft size-medium wp-image-28299\" src=\"https:\/\/i0.wp.com\/www.manquepierda.com\/historiarealbetis\/files\/2013\/03\/bardinfondonorte001.jpg?resize=300%2C205&#038;ssl=1\" alt=\"bardinfondonorte001\" width=\"300\" height=\"205\" srcset=\"https:\/\/i0.wp.com\/www.manquepierda.com\/historiarealbetis\/files\/2013\/03\/bardinfondonorte001.jpg?resize=300%2C205&amp;ssl=1 300w, https:\/\/i0.wp.com\/www.manquepierda.com\/historiarealbetis\/files\/2013\/03\/bardinfondonorte001.jpg?resize=500%2C343&amp;ssl=1 500w, https:\/\/i0.wp.com\/www.manquepierda.com\/historiarealbetis\/files\/2013\/03\/bardinfondonorte001.jpg?w=800&amp;ssl=1 800w\" sizes=\"auto, (max-width: 300px) 100vw, 300px\" \/><\/a><\/p>\n<p style=\"text-align: center\"><em><strong>1957-Marzo 24.-Domingo en Alicante:\u00a0 Campo de F\u00fatbol BARD\u00cdN.<\/strong><\/em><\/p>\n<p style=\"text-align: center\"><em><strong>XXVII JORNADA LIGA SEGUNDA DIVISI\u00d3N-SEGUNDO GRUPO-TEMPORADA 1956-1957.<\/strong><\/em><\/p>\n<p>&nbsp;<\/p>\n<p style=\"text-align: center\">Arbitr\u00f3 el colegiado catal\u00e1n Lu\u00eds Vilalta Planas<\/p>\n<p style=\"text-align: center\"><em><strong>Aline\u00f3 \u00e1:<\/strong><\/em><\/p>\n<p style=\"text-align: center\"><a href=\"https:\/\/i0.wp.com\/www.manquepierda.com\/historiarealbetis\/files\/2013\/03\/Escudo-RealBetisBalompi%C3%A91960.jpg?ssl=1\"><img data-recalc-dims=\"1\" loading=\"lazy\" decoding=\"async\" class=\"aligncenter size-medium wp-image-28043\" src=\"https:\/\/i0.wp.com\/www.manquepierda.com\/historiarealbetis\/files\/2013\/03\/Escudo-RealBetisBalompi%C3%A91960.jpg?resize=300%2C235&#038;ssl=1\" alt=\"Escudo RealBetisBalompi\u00e91960'\" width=\"300\" height=\"235\" srcset=\"https:\/\/i0.wp.com\/www.manquepierda.com\/historiarealbetis\/files\/2013\/03\/Escudo-RealBetisBalompi%C3%A91960.jpg?resize=300%2C235&amp;ssl=1 300w, https:\/\/i0.wp.com\/www.manquepierda.com\/historiarealbetis\/files\/2013\/03\/Escudo-RealBetisBalompi%C3%A91960.jpg?resize=500%2C391&amp;ssl=1 500w, https:\/\/i0.wp.com\/www.manquepierda.com\/historiarealbetis\/files\/2013\/03\/Escudo-RealBetisBalompi%C3%A91960.jpg?w=600&amp;ssl=1 600w\" sizes=\"auto, (max-width: 300px) 100vw, 300px\" \/><\/a><em><strong>07\u00ba Clasificado.-REAL BETIS BALOMPI\u00c9-3 GOLES.<\/strong><\/em><\/p>\n<p style=\"text-align: center\"><em><strong>MARCARON:<\/strong><\/em><\/p>\n<p style=\"text-align: center\"><a href=\"https:\/\/i0.wp.com\/www.manquepierda.com\/historiarealbetis\/files\/2013\/03\/Lu%C3%ADsDEL-SOLcascajares-77SSPando2.jpg?ssl=1\"><img data-recalc-dims=\"1\" loading=\"lazy\" decoding=\"async\" class=\"aligncenter size-medium wp-image-28308\" src=\"https:\/\/i0.wp.com\/www.manquepierda.com\/historiarealbetis\/files\/2013\/03\/Lu%C3%ADsDEL-SOLcascajares-77SSPando2.jpg?resize=241%2C300&#038;ssl=1\" alt=\"Lu\u00edsDEL SOLcascajares-77SSPando\" width=\"241\" height=\"300\" srcset=\"https:\/\/i0.wp.com\/www.manquepierda.com\/historiarealbetis\/files\/2013\/03\/Lu%C3%ADsDEL-SOLcascajares-77SSPando2.jpg?resize=241%2C300&amp;ssl=1 241w, https:\/\/i0.wp.com\/www.manquepierda.com\/historiarealbetis\/files\/2013\/03\/Lu%C3%ADsDEL-SOLcascajares-77SSPando2.jpg?resize=825%2C1024&amp;ssl=1 825w, https:\/\/i0.wp.com\/www.manquepierda.com\/historiarealbetis\/files\/2013\/03\/Lu%C3%ADsDEL-SOLcascajares-77SSPando2.jpg?resize=1024%2C1269&amp;ssl=1 1024w, https:\/\/i0.wp.com\/www.manquepierda.com\/historiarealbetis\/files\/2013\/03\/Lu%C3%ADsDEL-SOLcascajares-77SSPando2.jpg?resize=403%2C500&amp;ssl=1 403w, https:\/\/i0.wp.com\/www.manquepierda.com\/historiarealbetis\/files\/2013\/03\/Lu%C3%ADsDEL-SOLcascajares-77SSPando2.jpg?w=1832&amp;ssl=1 1832w\" sizes=\"auto, (max-width: 241px) 100vw, 241px\" \/><\/a><\/p>\n<p style=\"text-align: center\"><em><strong>1-1.-49 Minutos:\u00a0 Avanza Mundo por el centro y descoloca a la defensa,\u00a0 cediendo a DEL SOL,\u00a0 quien,\u00a0 solo ante la meta bate a Rubio.<\/strong><\/em><\/p>\n<p style=\"text-align: center\"><a href=\"https:\/\/i0.wp.com\/www.manquepierda.com\/historiarealbetis\/files\/2013\/03\/Luis-Peri%C3%B1%C3%A1n-Linares-jugador-del-Betis.jpg?ssl=1\"><img data-recalc-dims=\"1\" loading=\"lazy\" decoding=\"async\" class=\"aligncenter size-full wp-image-28305\" src=\"https:\/\/i0.wp.com\/www.manquepierda.com\/historiarealbetis\/files\/2013\/03\/Luis-Peri%C3%B1%C3%A1n-Linares-jugador-del-Betis.jpg?resize=79%2C111&#038;ssl=1\" alt=\"Luis Peri\u00f1\u00e1n Linares (jugador del Betis)\" width=\"79\" height=\"111\" \/><\/a><\/p>\n<p style=\"text-align: center\"><em><strong>1-2.-70 Minutos:\u00a0 PERI\u00d1\u00c1N marc\u00f3 de forma espectacular al recibir un pase adelantado de Lasa.<\/strong><\/em><\/p>\n<p style=\"text-align: center\"><a href=\"https:\/\/i0.wp.com\/www.manquepierda.com\/historiarealbetis\/files\/2013\/03\/Le%C3%B3nLASAm%C3%BAjica1.jpg?ssl=1\"><img data-recalc-dims=\"1\" loading=\"lazy\" decoding=\"async\" class=\"aligncenter size-medium wp-image-28309\" src=\"https:\/\/i0.wp.com\/www.manquepierda.com\/historiarealbetis\/files\/2013\/03\/Le%C3%B3nLASAm%C3%BAjica1.jpg?resize=188%2C300&#038;ssl=1\" alt=\"Le\u00f3nLASAm\u00fajica\" width=\"188\" height=\"300\" srcset=\"https:\/\/i0.wp.com\/www.manquepierda.com\/historiarealbetis\/files\/2013\/03\/Le%C3%B3nLASAm%C3%BAjica1.jpg?resize=188%2C300&amp;ssl=1 188w, https:\/\/i0.wp.com\/www.manquepierda.com\/historiarealbetis\/files\/2013\/03\/Le%C3%B3nLASAm%C3%BAjica1.jpg?resize=643%2C1024&amp;ssl=1 643w, https:\/\/i0.wp.com\/www.manquepierda.com\/historiarealbetis\/files\/2013\/03\/Le%C3%B3nLASAm%C3%BAjica1.jpg?resize=1024%2C1630&amp;ssl=1 1024w, https:\/\/i0.wp.com\/www.manquepierda.com\/historiarealbetis\/files\/2013\/03\/Le%C3%B3nLASAm%C3%BAjica1.jpg?resize=314%2C500&amp;ssl=1 314w, https:\/\/i0.wp.com\/www.manquepierda.com\/historiarealbetis\/files\/2013\/03\/Le%C3%B3nLASAm%C3%BAjica1.jpg?w=1926&amp;ssl=1 1926w\" sizes=\"auto, (max-width: 188px) 100vw, 188px\" \/><\/a><\/p>\n<p style=\"text-align: left\"><em><strong>1-3.-74 Minutos:\u00a0 Jugada colosal en la que interviene toda la delantera verdiblanca.\u00a0 Del Sol avanza hasta encontrarse solo ante Rubio.\u00a0 Al iniciar \u00e9ste la salida,\u00a0 cede el esf\u00e9rico a LASA, que no tiene m\u00e1s que empujarlo al fondo de las mallas alicantina.<\/strong><\/em><\/p>\n<p style=\"text-align: center\"><em><strong>Obituarios REAL BETIS BALOMPI\u00c9.<\/strong><\/em><\/p>\n<p style=\"text-align: center\"><em><strong>Guardameta:<\/strong><\/em><\/p>\n<p style=\"text-align: center\"><a href=\"https:\/\/i0.wp.com\/www.manquepierda.com\/historiarealbetis\/files\/2013\/03\/EUGENIORuizP%C3%A9rez.jpg?ssl=1\"><img data-recalc-dims=\"1\" loading=\"lazy\" decoding=\"async\" class=\"aligncenter size-medium wp-image-28300\" src=\"https:\/\/i0.wp.com\/www.manquepierda.com\/historiarealbetis\/files\/2013\/03\/EUGENIORuizP%C3%A9rez.jpg?resize=243%2C300&#038;ssl=1\" alt=\"EUGENIORuizP\u00e9rez\" width=\"243\" height=\"300\" srcset=\"https:\/\/i0.wp.com\/www.manquepierda.com\/historiarealbetis\/files\/2013\/03\/EUGENIORuizP%C3%A9rez.jpg?resize=243%2C300&amp;ssl=1 243w, https:\/\/i0.wp.com\/www.manquepierda.com\/historiarealbetis\/files\/2013\/03\/EUGENIORuizP%C3%A9rez.jpg?resize=831%2C1024&amp;ssl=1 831w, https:\/\/i0.wp.com\/www.manquepierda.com\/historiarealbetis\/files\/2013\/03\/EUGENIORuizP%C3%A9rez.jpg?resize=1024%2C1260&amp;ssl=1 1024w, https:\/\/i0.wp.com\/www.manquepierda.com\/historiarealbetis\/files\/2013\/03\/EUGENIORuizP%C3%A9rez.jpg?resize=406%2C500&amp;ssl=1 406w, https:\/\/i0.wp.com\/www.manquepierda.com\/historiarealbetis\/files\/2013\/03\/EUGENIORuizP%C3%A9rez.jpg?w=1893&amp;ssl=1 1893w\" sizes=\"auto, (max-width: 243px) 100vw, 243px\" \/><\/a><\/p>\n<p style=\"text-align: left\"><em><strong>-1-EUGENIO Ruiz P\u00e9rez (21).-SEVILLA, Viernes 06-Marzo-1936.-77 A\u00f1os.-Leyenda Verdiblanca viva.<\/strong><\/em><\/p>\n<p style=\"text-align: center\"><em><strong>Zagueros:<\/strong><\/em><\/p>\n<p style=\"text-align: center\"><a href=\"https:\/\/i0.wp.com\/www.manquepierda.com\/historiarealbetis\/files\/2013\/03\/PORTUjos%C3%A9besteirofari%C3%B1as.jpg?ssl=1\"><img data-recalc-dims=\"1\" loading=\"lazy\" decoding=\"async\" class=\"aligncenter size-thumbnail wp-image-28301\" src=\"https:\/\/i0.wp.com\/www.manquepierda.com\/historiarealbetis\/files\/2013\/03\/PORTUjos%C3%A9besteirofari%C3%B1as.jpg?resize=150%2C150&#038;ssl=1\" alt=\"PORTUjos\u00e9besteirofari\u00f1as\" width=\"150\" height=\"150\" srcset=\"https:\/\/i0.wp.com\/www.manquepierda.com\/historiarealbetis\/files\/2013\/03\/PORTUjos%C3%A9besteirofari%C3%B1as.jpg?resize=150%2C150&amp;ssl=1 150w, https:\/\/i0.wp.com\/www.manquepierda.com\/historiarealbetis\/files\/2013\/03\/PORTUjos%C3%A9besteirofari%C3%B1as.jpg?resize=50%2C50&amp;ssl=1 50w, https:\/\/i0.wp.com\/www.manquepierda.com\/historiarealbetis\/files\/2013\/03\/PORTUjos%C3%A9besteirofari%C3%B1as.jpg?zoom=2&amp;resize=150%2C150&amp;ssl=1 300w, https:\/\/i0.wp.com\/www.manquepierda.com\/historiarealbetis\/files\/2013\/03\/PORTUjos%C3%A9besteirofari%C3%B1as.jpg?zoom=3&amp;resize=150%2C150&amp;ssl=1 450w\" sizes=\"auto, (max-width: 150px) 100vw, 150px\" \/><\/a><\/p>\n<p style=\"text-align: left\"><em><strong>-2-Jos\u00e9 Besteiro Fari\u00f1as (27) \u00abPORTU\u00bb.-LA ESTRADA (Pontevedra), Domingo 23-Marzo-1930.-ALCAL\u00c1 DE GUADAIRA (Sevilla), Jueves 29-Noviembre-2007.-77 A\u00f1os.-D. E. P.-Leyenda Verdiblanca ilustre.<\/strong><\/em><\/p>\n<p style=\"text-align: center\"><a href=\"https:\/\/i0.wp.com\/www.manquepierda.com\/historiarealbetis\/files\/2013\/03\/LUIS%C3%8DNluisgonz%C3%A1lezl%C3%B3pez.jpg?ssl=1\"><img data-recalc-dims=\"1\" loading=\"lazy\" decoding=\"async\" class=\"aligncenter size-thumbnail wp-image-28302\" src=\"https:\/\/i0.wp.com\/www.manquepierda.com\/historiarealbetis\/files\/2013\/03\/LUIS%C3%8DNluisgonz%C3%A1lezl%C3%B3pez-150x150.jpg?resize=150%2C150&#038;ssl=1\" alt=\"LUIS\u00cdNluisgonz\u00e1lezl\u00f3pez\" width=\"150\" height=\"150\" srcset=\"https:\/\/i0.wp.com\/www.manquepierda.com\/historiarealbetis\/files\/2013\/03\/LUIS%C3%8DNluisgonz%C3%A1lezl%C3%B3pez.jpg?resize=150%2C150&amp;ssl=1 150w, https:\/\/i0.wp.com\/www.manquepierda.com\/historiarealbetis\/files\/2013\/03\/LUIS%C3%8DNluisgonz%C3%A1lezl%C3%B3pez.jpg?resize=50%2C50&amp;ssl=1 50w, https:\/\/i0.wp.com\/www.manquepierda.com\/historiarealbetis\/files\/2013\/03\/LUIS%C3%8DNluisgonz%C3%A1lezl%C3%B3pez.jpg?zoom=2&amp;resize=150%2C150&amp;ssl=1 300w, https:\/\/i0.wp.com\/www.manquepierda.com\/historiarealbetis\/files\/2013\/03\/LUIS%C3%8DNluisgonz%C3%A1lezl%C3%B3pez.jpg?zoom=3&amp;resize=150%2C150&amp;ssl=1 450w\" sizes=\"auto, (max-width: 150px) 100vw, 150px\" \/><\/a><\/p>\n<p style=\"text-align: left\"><em><strong>-5-Lu\u00eds Gonz\u00e1lez L\u00f3pez (24) \u00abLUIS\u00cdN\u00bb.-PRAVIA (Asturias), Lunes 27-Febrero-1933.-80 A\u00f1os \u00bfLeyenda B\u00e9tica viva?<\/strong><\/em><\/p>\n<p style=\"text-align: left\"><em><strong>-3-FELIPE Alberto Lu\u00eds (20) SANTA CRUZ DE SANTIAGO (Tenerife), Domingo 13-Diciembre-1936.-TENERIFE, Lunes 27-Febrero-1989.-52 A\u00f1os.-D. E. P.-Leyenda B\u00e9tica.<\/strong><\/em><\/p>\n<p style=\"text-align: center\"><em><strong>Medios:<\/strong><\/em><a href=\"https:\/\/i0.wp.com\/www.manquepierda.com\/historiarealbetis\/files\/2013\/03\/LOLImanuelg%C3%B3mezdom%C3%ADnguez.jpg?ssl=1\"><img data-recalc-dims=\"1\" loading=\"lazy\" decoding=\"async\" class=\"aligncenter size-medium wp-image-28303\" src=\"https:\/\/i0.wp.com\/www.manquepierda.com\/historiarealbetis\/files\/2013\/03\/LOLImanuelg%C3%B3mezdom%C3%ADnguez.jpg?resize=153%2C300&#038;ssl=1\" alt=\"LOLImanuelg\u00f3mezdom\u00ednguez\" width=\"153\" height=\"300\" srcset=\"https:\/\/i0.wp.com\/www.manquepierda.com\/historiarealbetis\/files\/2013\/03\/LOLImanuelg%C3%B3mezdom%C3%ADnguez.jpg?resize=153%2C300&amp;ssl=1 153w, https:\/\/i0.wp.com\/www.manquepierda.com\/historiarealbetis\/files\/2013\/03\/LOLImanuelg%C3%B3mezdom%C3%ADnguez.jpg?resize=522%2C1024&amp;ssl=1 522w, https:\/\/i0.wp.com\/www.manquepierda.com\/historiarealbetis\/files\/2013\/03\/LOLImanuelg%C3%B3mezdom%C3%ADnguez.jpg?resize=1024%2C2005&amp;ssl=1 1024w, https:\/\/i0.wp.com\/www.manquepierda.com\/historiarealbetis\/files\/2013\/03\/LOLImanuelg%C3%B3mezdom%C3%ADnguez.jpg?resize=255%2C500&amp;ssl=1 255w, https:\/\/i0.wp.com\/www.manquepierda.com\/historiarealbetis\/files\/2013\/03\/LOLImanuelg%C3%B3mezdom%C3%ADnguez.jpg?w=1572&amp;ssl=1 1572w\" sizes=\"auto, (max-width: 153px) 100vw, 153px\" \/><\/a><\/p>\n<p style=\"text-align: left\"><em><strong>-4-Manuel G\u00f3mez Dom\u00ednguez (30) \u00abLOLI\u00bb.-ALGECIRAS (C\u00e1diz), Domingo 22-Mayo-1927.-86 A\u00f1os.-Leyenda B\u00e9tica viva en Torremolinos (M\u00e1laga).<\/strong><\/em><\/p>\n<p style=\"text-align: center\"><a href=\"https:\/\/i0.wp.com\/www.manquepierda.com\/historiarealbetis\/files\/2013\/03\/ESPEJ%C3%8DNram%C3%B3np%C3%A9rezmesa.jpg?ssl=1\"><img data-recalc-dims=\"1\" loading=\"lazy\" decoding=\"async\" class=\"aligncenter size-medium wp-image-28304\" src=\"https:\/\/i0.wp.com\/www.manquepierda.com\/historiarealbetis\/files\/2013\/03\/ESPEJ%C3%8DNram%C3%B3np%C3%A9rezmesa-173x300.jpg?resize=173%2C300&#038;ssl=1\" alt=\"ESPEJ\u00cdNram\u00f3np\u00e9rezmesa\" width=\"173\" height=\"300\" srcset=\"https:\/\/i0.wp.com\/www.manquepierda.com\/historiarealbetis\/files\/2013\/03\/ESPEJ%C3%8DNram%C3%B3np%C3%A9rezmesa.jpg?resize=173%2C300&amp;ssl=1 173w, https:\/\/i0.wp.com\/www.manquepierda.com\/historiarealbetis\/files\/2013\/03\/ESPEJ%C3%8DNram%C3%B3np%C3%A9rezmesa.jpg?resize=592%2C1024&amp;ssl=1 592w, https:\/\/i0.wp.com\/www.manquepierda.com\/historiarealbetis\/files\/2013\/03\/ESPEJ%C3%8DNram%C3%B3np%C3%A9rezmesa.jpg?resize=1024%2C1768&amp;ssl=1 1024w, https:\/\/i0.wp.com\/www.manquepierda.com\/historiarealbetis\/files\/2013\/03\/ESPEJ%C3%8DNram%C3%B3np%C3%A9rezmesa.jpg?resize=289%2C500&amp;ssl=1 289w, https:\/\/i0.wp.com\/www.manquepierda.com\/historiarealbetis\/files\/2013\/03\/ESPEJ%C3%8DNram%C3%B3np%C3%A9rezmesa.jpg?w=1666&amp;ssl=1 1666w\" sizes=\"auto, (max-width: 173px) 100vw, 173px\" \/><\/a><\/p>\n<p style=\"text-align: left\"><em><strong>-6-Ram\u00f3n P\u00e9rez Mesa (24) \u00abESPEJ\u00cdN\u00bb.-SANTA CRUZ DE SANTIAGO (Tenerife), Domingo 03-Diciembre-1933.-79 A\u00f1os.-Leyenda B\u00e9tica viva (encamado por culpa de un ictus cerebral).<\/strong><\/em><\/p>\n<p style=\"text-align: center\"><em><strong>Delanteros:<\/strong><\/em><\/p>\n<p style=\"text-align: left\"><em><strong>-7-Lu\u00eds PERI\u00d1\u00c1N Linares (25).-SAN FERNANDO (C\u00e1diz), Martes 10-Noviembre-1931.-\u00cdDEM, Martes 19-Agosto-2008.-76 A\u00f1os.-D. E. P.-Leyenda B\u00e9tica.<\/strong><\/em><\/p>\n<p style=\"text-align: center\"><a href=\"https:\/\/i0.wp.com\/www.manquepierda.com\/historiarealbetis\/files\/2013\/03\/PAQUIfranciscog%C3%B3mezl%C3%B3pez.jpg?ssl=1\"><img data-recalc-dims=\"1\" loading=\"lazy\" decoding=\"async\" class=\"aligncenter size-thumbnail wp-image-28306\" src=\"https:\/\/i0.wp.com\/www.manquepierda.com\/historiarealbetis\/files\/2013\/03\/PAQUIfranciscog%C3%B3mezl%C3%B3pez.jpg?resize=150%2C150&#038;ssl=1\" alt=\"PAQUIfranciscog\u00f3mezl\u00f3pez\" width=\"150\" height=\"150\" srcset=\"https:\/\/i0.wp.com\/www.manquepierda.com\/historiarealbetis\/files\/2013\/03\/PAQUIfranciscog%C3%B3mezl%C3%B3pez.jpg?resize=150%2C150&amp;ssl=1 150w, https:\/\/i0.wp.com\/www.manquepierda.com\/historiarealbetis\/files\/2013\/03\/PAQUIfranciscog%C3%B3mezl%C3%B3pez.jpg?resize=50%2C50&amp;ssl=1 50w, https:\/\/i0.wp.com\/www.manquepierda.com\/historiarealbetis\/files\/2013\/03\/PAQUIfranciscog%C3%B3mezl%C3%B3pez.jpg?zoom=2&amp;resize=150%2C150&amp;ssl=1 300w, https:\/\/i0.wp.com\/www.manquepierda.com\/historiarealbetis\/files\/2013\/03\/PAQUIfranciscog%C3%B3mezl%C3%B3pez.jpg?zoom=3&amp;resize=150%2C150&amp;ssl=1 450w\" sizes=\"auto, (max-width: 150px) 100vw, 150px\" \/><\/a><\/p>\n<p style=\"text-align: left\"><em><strong>-8-Framcisco G\u00f3mez L\u00f3pez (23) \u00abPAQUI\u00bb.-VALDILECHA (Madrid), Viernes 21-Abril-1933.-ALICANTE, Martes 26-Febrero-2013.-79 A\u00f1os.-D. E. P.-Leyenda B\u00e9tica.<\/strong><\/em><\/p>\n<p style=\"text-align: center\"><a href=\"https:\/\/i0.wp.com\/www.manquepierda.com\/historiarealbetis\/files\/2013\/03\/VistreMUNDOcarreteroEnse%C3%B1at.jpg?ssl=1\"><img data-recalc-dims=\"1\" loading=\"lazy\" decoding=\"async\" class=\"aligncenter size-thumbnail wp-image-28307\" src=\"https:\/\/i0.wp.com\/www.manquepierda.com\/historiarealbetis\/files\/2013\/03\/VistreMUNDOcarreteroEnse%C3%B1at.jpg?resize=150%2C150&#038;ssl=1\" alt=\"VistreMUNDOcarreteroEnse\u00f1at\" width=\"150\" height=\"150\" srcset=\"https:\/\/i0.wp.com\/www.manquepierda.com\/historiarealbetis\/files\/2013\/03\/VistreMUNDOcarreteroEnse%C3%B1at.jpg?resize=150%2C150&amp;ssl=1 150w, https:\/\/i0.wp.com\/www.manquepierda.com\/historiarealbetis\/files\/2013\/03\/VistreMUNDOcarreteroEnse%C3%B1at.jpg?resize=50%2C50&amp;ssl=1 50w, https:\/\/i0.wp.com\/www.manquepierda.com\/historiarealbetis\/files\/2013\/03\/VistreMUNDOcarreteroEnse%C3%B1at.jpg?zoom=2&amp;resize=150%2C150&amp;ssl=1 300w, https:\/\/i0.wp.com\/www.manquepierda.com\/historiarealbetis\/files\/2013\/03\/VistreMUNDOcarreteroEnse%C3%B1at.jpg?zoom=3&amp;resize=150%2C150&amp;ssl=1 450w\" sizes=\"auto, (max-width: 150px) 100vw, 150px\" \/><\/a><\/p>\n<p style=\"text-align: left\"><em><strong>-9-Ariete-Vistremundo Carretero Ense\u00f1at (23) \u00abMUNDO\u00bb.-ES CASTELL (Islas Baleares), Jueves 22-Febrero-1934.-79 A\u00f1os.-\u00bfLeyenda B\u00e9tica viva?.<\/strong><\/em><\/p>\n<p style=\"text-align: left\"><em><strong>-10-Le\u00f3n LASA M\u00fajica (24).-BEASA\u00cdN (Guip\u00fazcoa), Viernes 17-Febrero-1933.-SEVILLA, Mi\u00e9rcoles 18-Junio-2003.-70 A\u00f1os.-D. E. P.-Leyenda Verdiblanca ilustre jugador y entrenador.<\/strong><\/em><\/p>\n<p style=\"text-align: left\"><em><strong>-11-Lu\u00eds DEL SOL Cascajares (21).-ARCOS DEL JAL\u00d3N (Soria), S\u00e1bado 06-Abril-1935.-77 A\u00f1os.-Leyenda Verdiblanca ilustre jugador y entrenador.<\/strong><\/em><\/p>\n<p style=\"text-align: left\"><em><strong><a href=\"https:\/\/i0.wp.com\/www.manquepierda.com\/historiarealbetis\/files\/2013\/03\/CarlosITURRASPECuevas-Entrenador.jpg?ssl=1\"><img data-recalc-dims=\"1\" loading=\"lazy\" decoding=\"async\" class=\"alignleft size-full wp-image-28310\" src=\"https:\/\/i0.wp.com\/www.manquepierda.com\/historiarealbetis\/files\/2013\/03\/CarlosITURRASPECuevas-Entrenador.jpg?resize=79%2C125&#038;ssl=1\" alt=\"CarlosITURRASPECuevas-Entrenador\" width=\"79\" height=\"125\" \/><\/a>ENTRENADOR BETIS BALOMPI\u00c9-Temporada 1956-1957.-CARLOS ITURRASPE CUEVAS (46 a\u00f1os).-SAN SEBASTI\u00c1N (Guip\u00facoa), Viernes 10-Junio-1910.<\/strong><\/em><\/p>\n<p style=\"text-align: left\"><em><strong>XXXIX PRESIDENTE REAL BETIS BALOMPI\u00c9-Temporada 1956-1957.-DON BENITO VILLAMAR\u00cdN PRIETO (38 A\u00f1os.-Industrial).-PUGA-Toen (Ourense), Mi\u00e9rcoles 21-Agosto-1918.-SEVILLA-\u00abCiudad del Betis\u00bb-Lunes 15-Agosto-1966.-48 A\u00f1os.-D. E. P.<\/strong><\/em><\/p>\n<p style=\"text-align: center\"><a href=\"https:\/\/i0.wp.com\/www.manquepierda.com\/historiarealbetis\/files\/2013\/03\/Benito-Villamar%C3%ADn-061.jpg?ssl=1\"><img data-recalc-dims=\"1\" loading=\"lazy\" decoding=\"async\" class=\"aligncenter size-medium wp-image-28311\" src=\"https:\/\/i0.wp.com\/www.manquepierda.com\/historiarealbetis\/files\/2013\/03\/Benito-Villamar%C3%ADn-061.jpg?resize=174%2C300&#038;ssl=1\" alt=\"Benito Villamar\u00edn-06\" width=\"174\" height=\"300\" srcset=\"https:\/\/i0.wp.com\/www.manquepierda.com\/historiarealbetis\/files\/2013\/03\/Benito-Villamar%C3%ADn-061.jpg?resize=174%2C300&amp;ssl=1 174w, https:\/\/i0.wp.com\/www.manquepierda.com\/historiarealbetis\/files\/2013\/03\/Benito-Villamar%C3%ADn-061.jpg?resize=595%2C1024&amp;ssl=1 595w, https:\/\/i0.wp.com\/www.manquepierda.com\/historiarealbetis\/files\/2013\/03\/Benito-Villamar%C3%ADn-061.jpg?resize=290%2C500&amp;ssl=1 290w, https:\/\/i0.wp.com\/www.manquepierda.com\/historiarealbetis\/files\/2013\/03\/Benito-Villamar%C3%ADn-061.jpg?w=688&amp;ssl=1 688w\" sizes=\"auto, (max-width: 174px) 100vw, 174px\" \/><\/a><\/p>\n<p style=\"text-align: center\"><a href=\"https:\/\/i0.wp.com\/www.manquepierda.com\/historiarealbetis\/files\/2013\/03\/Villamar%C3%ADn-exportadorAceitunas.jpg?ssl=1\"><img data-recalc-dims=\"1\" loading=\"lazy\" decoding=\"async\" class=\"alignleft size-medium wp-image-28115\" src=\"https:\/\/i0.wp.com\/www.manquepierda.com\/historiarealbetis\/files\/2013\/03\/Villamar%C3%ADn-exportadorAceitunas-300x225.jpg?resize=300%2C225&#038;ssl=1\" alt=\"Villamar\u00edn-exportadorAceitunas\" width=\"300\" height=\"225\" srcset=\"https:\/\/i0.wp.com\/www.manquepierda.com\/historiarealbetis\/files\/2013\/03\/Villamar%C3%ADn-exportadorAceitunas.jpg?resize=300%2C225&amp;ssl=1 300w, https:\/\/i0.wp.com\/www.manquepierda.com\/historiarealbetis\/files\/2013\/03\/Villamar%C3%ADn-exportadorAceitunas.jpg?resize=500%2C376&amp;ssl=1 500w, https:\/\/i0.wp.com\/www.manquepierda.com\/historiarealbetis\/files\/2013\/03\/Villamar%C3%ADn-exportadorAceitunas.jpg?w=720&amp;ssl=1 720w\" sizes=\"auto, (max-width: 300px) 100vw, 300px\" \/><\/a><\/p>\n<p style=\"text-align: left\"><em><strong>1er. Presidente Perpetuo del Balompi\u00e9 Betis Real y Centenario-\u00fanico elegido democr\u00e1ticamente-, \u00a0 su\u00a0 mecenazgo fue muy brillante,\u00a0 con el destino final de situarlo institucionalmente, socialmente y deportivamente en la \u00e9lite nacional,\u00a0 m\u00e1ximas temporadas posibles y factibles que no pudo hacerlo realidad debido a la grav\u00edsima enfermedad que padeci\u00f3.<\/strong><\/em><\/p>\n<p style=\"text-align: center\">VS.<\/p>\n<p style=\"text-align: left\"><a href=\"https:\/\/i0.wp.com\/www.manquepierda.com\/historiarealbetis\/files\/2013\/03\/Alicante-CF.jpeg?ssl=1\"><img data-recalc-dims=\"1\" loading=\"lazy\" decoding=\"async\" class=\"aligncenter size-full wp-image-28312\" src=\"https:\/\/i0.wp.com\/www.manquepierda.com\/historiarealbetis\/files\/2013\/03\/Alicante-CF.jpeg?resize=119%2C160&#038;ssl=1\" alt=\"Alicante CF\" width=\"119\" height=\"160\" \/><\/a>18\u00ba Clasificado.-ALICANTE CLUB DE F\u00daTBOL-1 Tanto (1-0.-34 minutos:\u00a0 Queralt rebasa la defensa b\u00e9tica y,\u00a0 ante la salida de Eugenio,\u00a0 cede a Romero,\u00a0 quien,\u00a0 a puerta batida, fusila el \u00fanico gol).<\/p>\n<p style=\"text-align: center\">RUBIO.-MU\u00d1OZ-BARDAJ\u00cd-MAN\u00cdN.-PINA-BLANCO.-MAG\u00c1N-MANOLET-QUERALT-ROMERO-MARROG.<\/p>\n<p style=\"text-align: center\"><a href=\"https:\/\/i0.wp.com\/www.manquepierda.com\/historiarealbetis\/files\/2013\/03\/19570324d2g2.jpg?ssl=1\"><img data-recalc-dims=\"1\" loading=\"lazy\" decoding=\"async\" class=\"aligncenter size-full wp-image-28313\" src=\"https:\/\/i0.wp.com\/www.manquepierda.com\/historiarealbetis\/files\/2013\/03\/19570324d2g2.jpg?resize=648%2C955&#038;ssl=1\" alt=\"19570324d2g2\" width=\"648\" height=\"955\" srcset=\"https:\/\/i0.wp.com\/www.manquepierda.com\/historiarealbetis\/files\/2013\/03\/19570324d2g2.jpg?w=648&amp;ssl=1 648w, https:\/\/i0.wp.com\/www.manquepierda.com\/historiarealbetis\/files\/2013\/03\/19570324d2g2.jpg?resize=203%2C300&amp;ssl=1 203w, https:\/\/i0.wp.com\/www.manquepierda.com\/historiarealbetis\/files\/2013\/03\/19570324d2g2.jpg?resize=339%2C500&amp;ssl=1 339w\" sizes=\"auto, (max-width: 648px) 100vw, 648px\" \/><\/a><\/p>\n<p style=\"text-align: left\">-Colecci\u00f3n Personal.<\/p>\n<p style=\"text-align: left\">\u00abEl Alicante no pudo neutralizar el gran juego realizado por el Real Betis Balompi\u00e9,\u00a0 que gan\u00f3 espl\u00e9ndidamente el encuentro.-DEL SOL,\u00a0 PERI\u00d1\u00c1N\u00a0 Y LASA marcaron los tres goles en el segundo tiempo\u00bb (Mencheta.-ABC-SE-19570326).-Resultados y Clasificaci\u00f3n general.<\/p>\n","protected":false},"excerpt":{"rendered":"<p>1957-Marzo 24.-Domingo en Alicante:\u00a0 Campo de F\u00fatbol BARD\u00cdN. XXVII JORNADA LIGA SEGUNDA DIVISI\u00d3N-SEGUNDO GRUPO-TEMPORADA 1956-1957. &nbsp; Arbitr\u00f3 el colegiado catal\u00e1n Lu\u00eds Vilalta Planas Aline\u00f3 \u00e1: 07\u00ba Clasificado.-REAL BETIS BALOMPI\u00c9-3 GOLES. MARCARON: 1-1.-49 Minutos:\u00a0 Avanza Mundo por el centro y descoloca a la defensa,\u00a0 cediendo a DEL SOL,\u00a0 quien,\u00a0 solo ante la meta bate a Rubio&#8230;.<\/p>\n","protected":false},"author":48,"featured_media":28299,"comment_status":"open","ping_status":"open","sticky":false,"template":"","format":"standard","meta":{"_kad_post_transparent":"","_kad_post_title":"","_kad_post_layout":"","_kad_post_sidebar_id":"","_kad_post_content_style":"","_kad_post_vertical_padding":"","_kad_post_feature":"","_kad_post_feature_position":"","_kad_post_header":false,"_kad_post_footer":false,"_kad_post_classname":"","_jetpack_memberships_contains_paid_content":false,"footnotes":"","jetpack_publicize_message":"","jetpack_publicize_feature_enabled":true,"jetpack_social_post_already_shared":true,"jetpack_social_options":{"image_generator_settings":{"template":"highway","default_image_id":0,"font":"","enabled":false},"version":2}},"categories":[901,1],"tags":[4330,4331,9747,17938],"class_list":["post-28298","post","type-post","status-publish","format-standard","has-post-thumbnail","hentry","category-1950-1959","category-portada","tag-1956-57","tag-4331","tag-alicante-cf","tag-liga-segunda-1956-57"],"jetpack_publicize_connections":[],"jetpack_featured_media_url":"https:\/\/i0.wp.com\/www.manquepierda.com\/historiarealbetis\/files\/2013\/03\/bardinfondonorte001.jpg?fit=800%2C549&ssl=1","jetpack_sharing_enabled":true,"jetpack_shortlink":"https:\/\/wp.me\/p1ij08-7mq","jetpack-related-posts":[],"_links":{"self":[{"href":"https:\/\/www.manquepierda.com\/historiarealbetis\/wp-json\/wp\/v2\/posts\/28298","targetHints":{"allow":["GET"]}}],"collection":[{"href":"https:\/\/www.manquepierda.com\/historiarealbetis\/wp-json\/wp\/v2\/posts"}],"about":[{"href":"https:\/\/www.manquepierda.com\/historiarealbetis\/wp-json\/wp\/v2\/types\/post"}],"author":[{"embeddable":true,"href":"https:\/\/www.manquepierda.com\/historiarealbetis\/wp-json\/wp\/v2\/users\/48"}],"replies":[{"embeddable":true,"href":"https:\/\/www.manquepierda.com\/historiarealbetis\/wp-json\/wp\/v2\/comments?post=28298"}],"version-history":[{"count":1,"href":"https:\/\/www.manquepierda.com\/historiarealbetis\/wp-json\/wp\/v2\/posts\/28298\/revisions"}],"predecessor-version":[{"id":97009,"href":"https:\/\/www.manquepierda.com\/historiarealbetis\/wp-json\/wp\/v2\/posts\/28298\/revisions\/97009"}],"wp:featuredmedia":[{"embeddable":true,"href":"https:\/\/www.manquepierda.com\/historiarealbetis\/wp-json\/wp\/v2\/media\/28299"}],"wp:attachment":[{"href":"https:\/\/www.manquepierda.com\/historiarealbetis\/wp-json\/wp\/v2\/media?parent=28298"}],"wp:term":[{"taxonomy":"category","embeddable":true,"href":"https:\/\/www.manquepierda.com\/historiarealbetis\/wp-json\/wp\/v2\/categories?post=28298"},{"taxonomy":"post_tag","embeddable":true,"href":"https:\/\/www.manquepierda.com\/historiarealbetis\/wp-json\/wp\/v2\/tags?post=28298"}],"curies":[{"name":"wp","href":"https:\/\/api.w.org\/{rel}","templated":true}]}}