{"id":28645,"date":"2013-04-03T20:05:39","date_gmt":"2013-04-03T19:05:39","guid":{"rendered":"http:\/\/www.manquepierda.com\/historiarealbetis\/?p=28645"},"modified":"2024-08-14T10:00:37","modified_gmt":"2024-08-14T08:00:37","slug":"1960-abril-03-primera-division-real-valladolid-deportivo-0-vs-real-betis-balompie-1","status":"publish","type":"post","link":"https:\/\/www.manquepierda.com\/historiarealbetis\/1960-abril-03-primera-division-real-valladolid-deportivo-0-vs-real-betis-balompie-1\/","title":{"rendered":"1960-Abril 03-Primera Divisi\u00f3n: Real Valladolid Deportivo-0 vs. Real Betis Balompi\u00e9-1."},"content":{"rendered":"<p style=\"text-align: center\"><a href=\"https:\/\/i0.wp.com\/www.manquepierda.com\/historiarealbetis\/files\/2013\/04\/estadiozorrillaantiguo.jpg?ssl=1\"><img data-recalc-dims=\"1\" loading=\"lazy\" decoding=\"async\" class=\"alignleft size-medium wp-image-28646\" alt=\"estadiozorrillaantiguo\" src=\"https:\/\/i0.wp.com\/www.manquepierda.com\/historiarealbetis\/files\/2013\/04\/estadiozorrillaantiguo.jpg?resize=300%2C227&#038;ssl=1\" width=\"300\" height=\"227\" srcset=\"https:\/\/i0.wp.com\/www.manquepierda.com\/historiarealbetis\/files\/2013\/04\/estadiozorrillaantiguo.jpg?resize=300%2C227&amp;ssl=1 300w, https:\/\/i0.wp.com\/www.manquepierda.com\/historiarealbetis\/files\/2013\/04\/estadiozorrillaantiguo.jpg?w=400&amp;ssl=1 400w\" sizes=\"auto, (max-width: 300px) 100vw, 300px\" \/><\/a><em><strong>1960-Abril 03.-Domingo en VALLADOLID:\u00a0<\/strong><\/em><\/p>\n<p><em><strong> ESTADIO MUNICIPAL \u00abJOS\u00c9 ZORRILLA\u00bb.-XXVIII JORNADA LIGA PRIMERA DIVISI\u00d3N-TEMPORADA 1959-1960.<\/strong><\/em><\/p>\n<p style=\"text-align: center\"><a href=\"https:\/\/i0.wp.com\/www.manquepierda.com\/historiarealbetis\/files\/2013\/04\/RLC.jpg?ssl=1\"><img data-recalc-dims=\"1\" loading=\"lazy\" decoding=\"async\" class=\"aligncenter size-full wp-image-28647\" alt=\"RLC\" src=\"https:\/\/i0.wp.com\/www.manquepierda.com\/historiarealbetis\/files\/2013\/04\/RLC.jpg?resize=164%2C239&#038;ssl=1\" width=\"164\" height=\"239\" \/><\/a><\/p>\n<p style=\"text-align: center\">Arbitr\u00f3 Ricardo Lacambra Canela.-Mal.<\/p>\n<p style=\"text-align: center\"><strong>Aline\u00f3 \u00e1:<\/strong><\/p>\n<p style=\"text-align: center\"><a href=\"https:\/\/i0.wp.com\/www.manquepierda.com\/historiarealbetis\/files\/2013\/04\/1957-RBB.jpg?ssl=1\"><img data-recalc-dims=\"1\" loading=\"lazy\" decoding=\"async\" class=\"aligncenter size-full wp-image-28648\" alt=\"1957-RBB\" src=\"https:\/\/i0.wp.com\/www.manquepierda.com\/historiarealbetis\/files\/2013\/04\/1957-RBB.jpg?resize=154%2C154&#038;ssl=1\" width=\"154\" height=\"154\" srcset=\"https:\/\/i0.wp.com\/www.manquepierda.com\/historiarealbetis\/files\/2013\/04\/1957-RBB.jpg?w=154&amp;ssl=1 154w, https:\/\/i0.wp.com\/www.manquepierda.com\/historiarealbetis\/files\/2013\/04\/1957-RBB.jpg?resize=150%2C150&amp;ssl=1 150w, https:\/\/i0.wp.com\/www.manquepierda.com\/historiarealbetis\/files\/2013\/04\/1957-RBB.jpg?resize=50%2C50&amp;ssl=1 50w\" sizes=\"auto, (max-width: 154px) 100vw, 154px\" \/><\/a><em><strong>Sexto Clasificado.-REAL BETIS BALOMPI\u00c9-1 GOL.<\/strong><\/em><\/p>\n<p style=\"text-align: center\"><em><strong>MARC\u00d3:<\/strong><\/em><\/p>\n<p style=\"text-align: center\"><a href=\"https:\/\/i0.wp.com\/www.manquepierda.com\/historiarealbetis\/files\/2013\/04\/JanosKUSZMANNErwin.jpg?ssl=1\"><img data-recalc-dims=\"1\" loading=\"lazy\" decoding=\"async\" class=\"aligncenter size-medium wp-image-28649\" alt=\"JanosKUSZMANNErwin\" src=\"https:\/\/i0.wp.com\/www.manquepierda.com\/historiarealbetis\/files\/2013\/04\/JanosKUSZMANNErwin.jpg?resize=246%2C300&#038;ssl=1\" width=\"246\" height=\"300\" srcset=\"https:\/\/i0.wp.com\/www.manquepierda.com\/historiarealbetis\/files\/2013\/04\/JanosKUSZMANNErwin.jpg?resize=246%2C300&amp;ssl=1 246w, https:\/\/i0.wp.com\/www.manquepierda.com\/historiarealbetis\/files\/2013\/04\/JanosKUSZMANNErwin.jpg?resize=841%2C1024&amp;ssl=1 841w, https:\/\/i0.wp.com\/www.manquepierda.com\/historiarealbetis\/files\/2013\/04\/JanosKUSZMANNErwin.jpg?resize=1024%2C1245&amp;ssl=1 1024w, https:\/\/i0.wp.com\/www.manquepierda.com\/historiarealbetis\/files\/2013\/04\/JanosKUSZMANNErwin.jpg?resize=410%2C500&amp;ssl=1 410w, https:\/\/i0.wp.com\/www.manquepierda.com\/historiarealbetis\/files\/2013\/04\/JanosKUSZMANNErwin.jpg?w=1616&amp;ssl=1 1616w\" sizes=\"auto, (max-width: 246px) 100vw, 246px\" \/><\/a><em><strong>0-1.-49 Minutos:\u00a0 KUSZMANN.<\/strong><\/em><\/p>\n<p style=\"text-align: center\"><strong>Obituarios <em>REAL BETIS BALOMPI\u00c9.<\/em><\/strong><\/p>\n<p style=\"text-align: center\"><em><strong>GUARDAMETA:<\/strong><\/em><\/p>\n<p style=\"text-align: left\"><em><strong>-1-Juan Ignacio OTERO Couceiro (30).-A CORU\u00d1A, S\u00e1bado 01-Junio-1929.-83 A\u00f1os.-\u00bfLeyenda B\u00e9tica viva?<\/strong><\/em><\/p>\n<p style=\"text-align: center\"><em><strong>ZAGUEROS:<\/strong><\/em><\/p>\n<p style=\"text-align: left\"><a href=\"https:\/\/i0.wp.com\/www.manquepierda.com\/historiarealbetis\/files\/2013\/04\/Jos%C3%A9Lu%C3%ADsAZCUETAuriarte.jpg?ssl=1\"><img data-recalc-dims=\"1\" loading=\"lazy\" decoding=\"async\" class=\"aligncenter size-medium wp-image-28651\" alt=\"Jos\u00e9Lu\u00edsAZCUETAuriarte\" src=\"https:\/\/i0.wp.com\/www.manquepierda.com\/historiarealbetis\/files\/2013\/04\/Jos%C3%A9Lu%C3%ADsAZCUETAuriarte.jpg?resize=161%2C300&#038;ssl=1\" width=\"161\" height=\"300\" srcset=\"https:\/\/i0.wp.com\/www.manquepierda.com\/historiarealbetis\/files\/2013\/04\/Jos%C3%A9Lu%C3%ADsAZCUETAuriarte.jpg?resize=161%2C300&amp;ssl=1 161w, https:\/\/i0.wp.com\/www.manquepierda.com\/historiarealbetis\/files\/2013\/04\/Jos%C3%A9Lu%C3%ADsAZCUETAuriarte.jpg?resize=269%2C500&amp;ssl=1 269w, https:\/\/i0.wp.com\/www.manquepierda.com\/historiarealbetis\/files\/2013\/04\/Jos%C3%A9Lu%C3%ADsAZCUETAuriarte.jpg?w=306&amp;ssl=1 306w\" sizes=\"auto, (max-width: 161px) 100vw, 161px\" \/><\/a><em><strong>-2-Jos\u00e9 Lu\u00eds AZCUETA Uriarte (23).-GALD\u00c1CANO (Vizcaya), Martes 13-Octubre-1936.-76 A\u00f1os \u00bfLeyenda B\u00e9tica viva?<\/strong><\/em><\/p>\n<p style=\"text-align: left\"><a href=\"https:\/\/i0.wp.com\/www.manquepierda.com\/historiarealbetis\/files\/2013\/04\/FernandoSANTOSserna.1.jpg?ssl=1\"><img data-recalc-dims=\"1\" loading=\"lazy\" decoding=\"async\" class=\"aligncenter size-medium wp-image-28652\" alt=\"FernandoSANTOSserna.1\" src=\"https:\/\/i0.wp.com\/www.manquepierda.com\/historiarealbetis\/files\/2013\/04\/FernandoSANTOSserna.1.jpg?resize=198%2C300&#038;ssl=1\" width=\"198\" height=\"300\" srcset=\"https:\/\/i0.wp.com\/www.manquepierda.com\/historiarealbetis\/files\/2013\/04\/FernandoSANTOSserna.1.jpg?resize=198%2C300&amp;ssl=1 198w, https:\/\/i0.wp.com\/www.manquepierda.com\/historiarealbetis\/files\/2013\/04\/FernandoSANTOSserna.1.jpg?resize=677%2C1024&amp;ssl=1 677w, https:\/\/i0.wp.com\/www.manquepierda.com\/historiarealbetis\/files\/2013\/04\/FernandoSANTOSserna.1.jpg?resize=1024%2C1546&amp;ssl=1 1024w, https:\/\/i0.wp.com\/www.manquepierda.com\/historiarealbetis\/files\/2013\/04\/FernandoSANTOSserna.1.jpg?resize=330%2C500&amp;ssl=1 330w, https:\/\/i0.wp.com\/www.manquepierda.com\/historiarealbetis\/files\/2013\/04\/FernandoSANTOSserna.1.jpg?w=1490&amp;ssl=1 1490w\" sizes=\"auto, (max-width: 198px) 100vw, 198px\" \/><\/a><em><strong>-5-Central.-Fernando SANTOS Serna (27).-ALBATERA (Alicante), S\u00e1bado 20-Agosto-1932.-80 A\u00f1os.-\u00bfLeyenda B\u00e9tica viva?<\/strong><\/em><\/p>\n<p style=\"text-align: left\"><a href=\"https:\/\/i0.wp.com\/www.manquepierda.com\/historiarealbetis\/files\/2013\/04\/FranciscoGRAUpla.png?ssl=1\"><img data-recalc-dims=\"1\" loading=\"lazy\" decoding=\"async\" class=\"aligncenter size-full wp-image-28653\" alt=\"FranciscoGRAUpla\" src=\"https:\/\/i0.wp.com\/www.manquepierda.com\/historiarealbetis\/files\/2013\/04\/FranciscoGRAUpla.png?resize=191%2C223&#038;ssl=1\" width=\"191\" height=\"223\" \/><\/a><em><strong>-3-Francisco GRAU Pl\u00e1 (24).-LA GARRIGA (Barcelona), Lunes 23-Diciembre-1935.-77 A\u00f1os.-Leyenda B\u00e9tica viva.<\/strong><\/em><\/p>\n<p style=\"text-align: center\"><em><strong>MEDIOS:<\/strong><\/em><\/p>\n<p style=\"text-align: left\"><a href=\"https:\/\/i0.wp.com\/www.manquepierda.com\/historiarealbetis\/files\/2013\/03\/Andr%C3%A9s-Bosch2.jpg?ssl=1\"><img data-recalc-dims=\"1\" loading=\"lazy\" decoding=\"async\" class=\"aligncenter size-medium wp-image-28347\" alt=\"Andr\u00e9s-Bosch\" src=\"https:\/\/i0.wp.com\/www.manquepierda.com\/historiarealbetis\/files\/2013\/03\/Andr%C3%A9s-Bosch2.jpg?resize=225%2C300&#038;ssl=1\" width=\"225\" height=\"300\" srcset=\"https:\/\/i0.wp.com\/www.manquepierda.com\/historiarealbetis\/files\/2013\/03\/Andr%C3%A9s-Bosch2.jpg?resize=225%2C300&amp;ssl=1 225w, https:\/\/i0.wp.com\/www.manquepierda.com\/historiarealbetis\/files\/2013\/03\/Andr%C3%A9s-Bosch2.jpg?resize=375%2C500&amp;ssl=1 375w, https:\/\/i0.wp.com\/www.manquepierda.com\/historiarealbetis\/files\/2013\/03\/Andr%C3%A9s-Bosch2.jpg?w=559&amp;ssl=1 559w\" sizes=\"auto, (max-width: 225px) 100vw, 225px\" \/><\/a><em><strong>-4-Andr\u00e9s BOSCH Pujol (29).-BARCELONA-Barriada Poble Neu-Mi\u00e9rcoles 22-Abril-1931.-MOLLET DEL VALL\u00c9S (Barcelona), Viernes 17-Diciembre-2004.-73 A\u00f1os.-D. E. P.\u00a0 Leyenda Verdiblanca ilustre jugador internacional.<\/strong><\/em><\/p>\n<p style=\"text-align: left\"><a href=\"https:\/\/i0.wp.com\/www.manquepierda.com\/historiarealbetis\/files\/2013\/04\/Jos%C3%A9VALDERASrumi.1.jpg?ssl=1\"><img data-recalc-dims=\"1\" loading=\"lazy\" decoding=\"async\" class=\"aligncenter size-medium wp-image-28654\" alt=\"Jos\u00e9VALDERASrumi.1\" src=\"https:\/\/i0.wp.com\/www.manquepierda.com\/historiarealbetis\/files\/2013\/04\/Jos%C3%A9VALDERASrumi.1.jpg?resize=181%2C300&#038;ssl=1\" width=\"181\" height=\"300\" srcset=\"https:\/\/i0.wp.com\/www.manquepierda.com\/historiarealbetis\/files\/2013\/04\/Jos%C3%A9VALDERASrumi.1.jpg?resize=181%2C300&amp;ssl=1 181w, https:\/\/i0.wp.com\/www.manquepierda.com\/historiarealbetis\/files\/2013\/04\/Jos%C3%A9VALDERASrumi.1.jpg?resize=618%2C1024&amp;ssl=1 618w, https:\/\/i0.wp.com\/www.manquepierda.com\/historiarealbetis\/files\/2013\/04\/Jos%C3%A9VALDERASrumi.1.jpg?resize=1024%2C1694&amp;ssl=1 1024w, https:\/\/i0.wp.com\/www.manquepierda.com\/historiarealbetis\/files\/2013\/04\/Jos%C3%A9VALDERASrumi.1.jpg?resize=302%2C500&amp;ssl=1 302w, https:\/\/i0.wp.com\/www.manquepierda.com\/historiarealbetis\/files\/2013\/04\/Jos%C3%A9VALDERASrumi.1.jpg?w=1442&amp;ssl=1 1442w\" sizes=\"auto, (max-width: 181px) 100vw, 181px\" \/><\/a><em><strong>-6-Jos\u00e9 VALDERAS Rum\u00ed (24).-GERENA (Sevilla), Mi\u00e9rcoles 25-Septiembre-1935.-77 A\u00f1os.-Leyenda Verdiblanca viva.<\/strong><\/em><\/p>\n<p style=\"text-align: center\"><em><strong>DELANTEROS:<\/strong><\/em><\/p>\n<p style=\"text-align: left\"><a href=\"https:\/\/i0.wp.com\/www.manquepierda.com\/historiarealbetis\/files\/2013\/03\/Le%C3%B3nLASAm%C3%BAjica2.jpg?ssl=1\"><img data-recalc-dims=\"1\" loading=\"lazy\" decoding=\"async\" class=\"aligncenter size-medium wp-image-28516\" alt=\"Le\u00f3nLASAm\u00fajica\" src=\"https:\/\/i0.wp.com\/www.manquepierda.com\/historiarealbetis\/files\/2013\/03\/Le%C3%B3nLASAm%C3%BAjica2.jpg?resize=188%2C300&#038;ssl=1\" width=\"188\" height=\"300\" srcset=\"https:\/\/i0.wp.com\/www.manquepierda.com\/historiarealbetis\/files\/2013\/03\/Le%C3%B3nLASAm%C3%BAjica2.jpg?resize=188%2C300&amp;ssl=1 188w, https:\/\/i0.wp.com\/www.manquepierda.com\/historiarealbetis\/files\/2013\/03\/Le%C3%B3nLASAm%C3%BAjica2.jpg?resize=643%2C1024&amp;ssl=1 643w, https:\/\/i0.wp.com\/www.manquepierda.com\/historiarealbetis\/files\/2013\/03\/Le%C3%B3nLASAm%C3%BAjica2.jpg?resize=1024%2C1630&amp;ssl=1 1024w, https:\/\/i0.wp.com\/www.manquepierda.com\/historiarealbetis\/files\/2013\/03\/Le%C3%B3nLASAm%C3%BAjica2.jpg?resize=314%2C500&amp;ssl=1 314w, https:\/\/i0.wp.com\/www.manquepierda.com\/historiarealbetis\/files\/2013\/03\/Le%C3%B3nLASAm%C3%BAjica2.jpg?w=1926&amp;ssl=1 1926w\" sizes=\"auto, (max-width: 188px) 100vw, 188px\" \/><\/a><em><strong>-7-Le\u00f3n LASA M\u00fajica (27).-BEASA\u00cdN (Guip\u00fazcoa), Viernes 17-Febrero-1933.-SEVILLA, Mi\u00e9rcoles 18-Junio-2003.-70 A\u00f1os.-D. E. P.\u00a0 Leyenda Verdiblanca ilustre jugador.-Entrenador 1978-1980.<\/strong><\/em><\/p>\n<p style=\"text-align: left\"><a href=\"https:\/\/i0.wp.com\/www.manquepierda.com\/historiarealbetis\/files\/2013\/04\/ISIDROs%C3%A1nchezGarc%C3%ADaFigueras.jpg?ssl=1\"><img data-recalc-dims=\"1\" loading=\"lazy\" decoding=\"async\" class=\"aligncenter size-medium wp-image-28655\" alt=\"ISIDROs\u00e1nchezGarc\u00edaFigueras\" src=\"https:\/\/i0.wp.com\/www.manquepierda.com\/historiarealbetis\/files\/2013\/04\/ISIDROs%C3%A1nchezGarc%C3%ADaFigueras.jpg?resize=204%2C300&#038;ssl=1\" width=\"204\" height=\"300\" srcset=\"https:\/\/i0.wp.com\/www.manquepierda.com\/historiarealbetis\/files\/2013\/04\/ISIDROs%C3%A1nchezGarc%C3%ADaFigueras.jpg?resize=204%2C300&amp;ssl=1 204w, https:\/\/i0.wp.com\/www.manquepierda.com\/historiarealbetis\/files\/2013\/04\/ISIDROs%C3%A1nchezGarc%C3%ADaFigueras.jpg?resize=697%2C1024&amp;ssl=1 697w, https:\/\/i0.wp.com\/www.manquepierda.com\/historiarealbetis\/files\/2013\/04\/ISIDROs%C3%A1nchezGarc%C3%ADaFigueras.jpg?resize=1024%2C1504&amp;ssl=1 1024w, https:\/\/i0.wp.com\/www.manquepierda.com\/historiarealbetis\/files\/2013\/04\/ISIDROs%C3%A1nchezGarc%C3%ADaFigueras.jpg?resize=340%2C500&amp;ssl=1 340w, https:\/\/i0.wp.com\/www.manquepierda.com\/historiarealbetis\/files\/2013\/04\/ISIDROs%C3%A1nchezGarc%C3%ADaFigueras.jpg?w=1910&amp;ssl=1 1910w\" sizes=\"auto, (max-width: 204px) 100vw, 204px\" \/><\/a><em><strong>-8-ISIDRO S\u00c1NCHEZ Garc\u00eda-Figueras (23).-JEREZ DE LA FRONTERA (C\u00e1diz), Jueves 17-Diciembre-1936.-76 A\u00f1os.-Leyenda Verdiblanca viva.<\/strong><\/em><\/p>\n<p style=\"text-align: left\"><a href=\"https:\/\/i0.wp.com\/www.manquepierda.com\/historiarealbetis\/files\/2013\/04\/Caricatura-Kusczman.jpg?ssl=1\"><img data-recalc-dims=\"1\" loading=\"lazy\" decoding=\"async\" class=\"aligncenter size-medium wp-image-28656\" alt=\"Caricatura Kusczman\" src=\"https:\/\/i0.wp.com\/www.manquepierda.com\/historiarealbetis\/files\/2013\/04\/Caricatura-Kusczman.jpg?resize=180%2C300&#038;ssl=1\" width=\"180\" height=\"300\" srcset=\"https:\/\/i0.wp.com\/www.manquepierda.com\/historiarealbetis\/files\/2013\/04\/Caricatura-Kusczman.jpg?resize=180%2C300&amp;ssl=1 180w, https:\/\/i0.wp.com\/www.manquepierda.com\/historiarealbetis\/files\/2013\/04\/Caricatura-Kusczman.jpg?resize=300%2C500&amp;ssl=1 300w, https:\/\/i0.wp.com\/www.manquepierda.com\/historiarealbetis\/files\/2013\/04\/Caricatura-Kusczman.jpg?w=385&amp;ssl=1 385w\" sizes=\"auto, (max-width: 180px) 100vw, 180px\" \/><\/a><em><strong>-9-Ariete.-Janos KUSZMANN Erwin (21).-BUDAPEST (Hungr\u00eda), S\u00e1bado 03-Diciembre-1938.-74 A\u00f1os \u00bfLeyenda B\u00e9tica viva?<\/strong><\/em><\/p>\n<p style=\"text-align: left\"><a href=\"https:\/\/i0.wp.com\/www.manquepierda.com\/historiarealbetis\/files\/2013\/04\/AlfredoHUGOROJASDelinge.jpg?ssl=1\"><img data-recalc-dims=\"1\" loading=\"lazy\" decoding=\"async\" class=\"aligncenter size-medium wp-image-28659\" alt=\"AlfredoHUGOROJASDelinge\" src=\"https:\/\/i0.wp.com\/www.manquepierda.com\/historiarealbetis\/files\/2013\/04\/AlfredoHUGOROJASDelinge.jpg?resize=221%2C300&#038;ssl=1\" width=\"221\" height=\"300\" srcset=\"https:\/\/i0.wp.com\/www.manquepierda.com\/historiarealbetis\/files\/2013\/04\/AlfredoHUGOROJASDelinge.jpg?resize=221%2C300&amp;ssl=1 221w, https:\/\/i0.wp.com\/www.manquepierda.com\/historiarealbetis\/files\/2013\/04\/AlfredoHUGOROJASDelinge.jpg?resize=369%2C500&amp;ssl=1 369w, https:\/\/i0.wp.com\/www.manquepierda.com\/historiarealbetis\/files\/2013\/04\/AlfredoHUGOROJASDelinge.jpg?w=469&amp;ssl=1 469w\" sizes=\"auto, (max-width: 221px) 100vw, 221px\" \/><\/a><em><strong>-10-Alfredo Hugo ROJAS Delinge (23) \u00abEl Tanque\u00bb.-LAN\u00daS-Buenos Aires (Argentina), S\u00e1bado 20-Febrero-1937.-76 A\u00f1os \u00bfLeyenda B\u00e9tica viva?<\/strong><\/em><\/p>\n<p style=\"text-align: left\"><a href=\"https:\/\/i0.wp.com\/www.manquepierda.com\/historiarealbetis\/files\/2013\/04\/ARETAII-EstebanAretaV%C3%A9lez.jpg?ssl=1\"><img data-recalc-dims=\"1\" loading=\"lazy\" decoding=\"async\" class=\"aligncenter size-medium wp-image-28660\" alt=\"ARETAII-EstebanAretaV\u00e9lez\" src=\"https:\/\/i0.wp.com\/www.manquepierda.com\/historiarealbetis\/files\/2013\/04\/ARETAII-EstebanAretaV%C3%A9lez.jpg?resize=225%2C300&#038;ssl=1\" width=\"225\" height=\"300\" srcset=\"https:\/\/i0.wp.com\/www.manquepierda.com\/historiarealbetis\/files\/2013\/04\/ARETAII-EstebanAretaV%C3%A9lez.jpg?resize=225%2C300&amp;ssl=1 225w, https:\/\/i0.wp.com\/www.manquepierda.com\/historiarealbetis\/files\/2013\/04\/ARETAII-EstebanAretaV%C3%A9lez.jpg?resize=771%2C1024&amp;ssl=1 771w, https:\/\/i0.wp.com\/www.manquepierda.com\/historiarealbetis\/files\/2013\/04\/ARETAII-EstebanAretaV%C3%A9lez.jpg?resize=1024%2C1359&amp;ssl=1 1024w, https:\/\/i0.wp.com\/www.manquepierda.com\/historiarealbetis\/files\/2013\/04\/ARETAII-EstebanAretaV%C3%A9lez.jpg?resize=376%2C500&amp;ssl=1 376w, https:\/\/i0.wp.com\/www.manquepierda.com\/historiarealbetis\/files\/2013\/04\/ARETAII-EstebanAretaV%C3%A9lez.jpg?w=2034&amp;ssl=1 2034w\" sizes=\"auto, (max-width: 225px) 100vw, 225px\" \/><\/a><em><strong>-11-ESTEBAN ARETA V\u00e9lez (28) \u00abARETA II\u00bb.-PAMPLONA (Navarra), Jueves 14-Abril-1932.-SEVILLA, Lunes 09-Julio-2007.-75 A\u00f1os.-D. E. P.\u00a0 Leyenda Verdiblanca ilustre jugador internacional.-Entrenador 1971-1972.-Segundo entrenador con Lu\u00eds Bell\u00f3 Mart\u00ednez (1966-1967).-Entrenador del Equipo Filial Real Betis-Temporada 1973-1974.<\/strong><\/em><\/p>\n<p style=\"text-align: center\"><em><strong>ENTRENADOR BETIS BALOMPI\u00c9-Desde la 11\u00aa hasta la 30\u00aa Jornadas-Temporada 1959-1960:\u00a0<\/strong><\/em><\/p>\n<p style=\"text-align: center\"><a href=\"https:\/\/i0.wp.com\/www.manquepierda.com\/historiarealbetis\/files\/2013\/04\/Sabino-Barinaga.jpg?ssl=1\"><img data-recalc-dims=\"1\" loading=\"lazy\" decoding=\"async\" class=\"aligncenter size-full wp-image-28663\" alt=\"Sabino-Barinaga\" src=\"https:\/\/i0.wp.com\/www.manquepierda.com\/historiarealbetis\/files\/2013\/04\/Sabino-Barinaga.jpg?resize=220%2C207&#038;ssl=1\" width=\"220\" height=\"207\" \/><\/a><\/p>\n<p style=\"text-align: left\"><em><strong> SABINO BARINAGA ALBERDI (37 A\u00f1os) \u00abEl Ingl\u00e9s de DURANGO (Vizcaya), Martes 15-Agosto-1922.-MADRID, S\u00e1bado 19-Marzo-1988.-65 A\u00f1os.-D. E. P.\u00a0 Leyenda B\u00e9tica:\u00a0 jugador 1953-1954 y 1954-1955.-M\u00edster 1959-1960;\u00a0 1967-1968;\u00a0 1968-1969.<\/strong><\/em><\/p>\n<p style=\"text-align: center\">ENTREVISTA:<\/p>\n<p style=\"text-align: left\"><a href=\"https:\/\/i0.wp.com\/www.manquepierda.com\/historiarealbetis\/files\/2013\/03\/Lu%C3%ADsDEL-SOLcascajares-77SSPando3.jpg?ssl=1\"><img data-recalc-dims=\"1\" loading=\"lazy\" decoding=\"async\" class=\"aligncenter size-medium wp-image-28497\" alt=\"Lu\u00edsDEL SOLcascajares-77SSPando\" src=\"https:\/\/i0.wp.com\/www.manquepierda.com\/historiarealbetis\/files\/2013\/03\/Lu%C3%ADsDEL-SOLcascajares-77SSPando3.jpg?resize=241%2C300&#038;ssl=1\" width=\"241\" height=\"300\" srcset=\"https:\/\/i0.wp.com\/www.manquepierda.com\/historiarealbetis\/files\/2013\/03\/Lu%C3%ADsDEL-SOLcascajares-77SSPando3.jpg?resize=241%2C300&amp;ssl=1 241w, https:\/\/i0.wp.com\/www.manquepierda.com\/historiarealbetis\/files\/2013\/03\/Lu%C3%ADsDEL-SOLcascajares-77SSPando3.jpg?resize=825%2C1024&amp;ssl=1 825w, https:\/\/i0.wp.com\/www.manquepierda.com\/historiarealbetis\/files\/2013\/03\/Lu%C3%ADsDEL-SOLcascajares-77SSPando3.jpg?resize=1024%2C1269&amp;ssl=1 1024w, https:\/\/i0.wp.com\/www.manquepierda.com\/historiarealbetis\/files\/2013\/03\/Lu%C3%ADsDEL-SOLcascajares-77SSPando3.jpg?resize=403%2C500&amp;ssl=1 403w, https:\/\/i0.wp.com\/www.manquepierda.com\/historiarealbetis\/files\/2013\/03\/Lu%C3%ADsDEL-SOLcascajares-77SSPando3.jpg?w=1832&amp;ssl=1 1832w\" sizes=\"auto, (max-width: 241px) 100vw, 241px\" \/><\/a><em><strong>&#8211;Ten\u00edamos la obligaci\u00f3n de ganar este partido.\u00a0 Despu\u00e9s del traspaso de Lu\u00eds Del Sol (al Real Madrid Cf: viernes 01-Abril-1960),\u00a0 y con las cosas que ocurren por all\u00e1,\u00a0 por Sevilla,\u00a0 nosotros ten\u00edamos que responder y ofrecer al presidente del Club,\u00a0 a quien todo se lo debemos,\u00a0 esta satisfacci\u00f3n.<\/strong><\/em><\/p>\n<p style=\"text-align: left\">&#8211;\u00bfY no crees que se han empleado con excesivo entusiasmo a pesar de todo?<\/p>\n<p style=\"text-align: left\"><em><strong>&#8211;Ya te digo que era una cosa para nosotros de obligaci\u00f3n,\u00a0 por lo que se pod\u00eda decir,\u00a0 y lo que se dec\u00eda all\u00ed.<\/strong><\/em><\/p>\n<p style=\"text-align: left\">&#8211;\u00bfY crees que el resultado ha sido justo?<\/p>\n<p style=\"text-align: left\"><em><strong>&#8211;Pues s\u00ed:\u00a0 yo creo que la victoria,\u00a0 por lo menos,\u00a0 s\u00ed.\u00a0 Y el resultado no se puede decir,\u00a0 porque nadie lo ignora,\u00a0 y\u00a0 vosotros lo hab\u00e9is visto que hemos tenido bastantes oportunidades&#8211;tres o cuatro:\u00a0 por lo menos&#8211;para aumentar el tanteo.<\/strong><\/em><\/p>\n<p style=\"text-align: left\">&#8211;\u00bfY a qu\u00e9 achacas esta victoria,\u00a0 o,\u00a0 mejor,\u00a0 como has encontrado al Valladolid en este partido?<\/p>\n<p style=\"text-align: left\"><em><strong>&#8211;Creo que el triunfo lo hemos ganado a pulso.\u00a0 Al Real Valladolid lo hemos encontrado bien conjuntado,\u00a0 pero nervioso;\u00a0 se ve\u00eda que se jugaba una carta decisiva.<\/strong><\/em><\/p>\n<p style=\"text-align: left\">&#8211;\u00bfY en la segunda parte en que el Valladolid tuvo sus oportunidades?<\/p>\n<p style=\"text-align: left\"><em><strong>&#8211;En la segunda parte el Real Betis Balompi\u00e9 tal vez haya tenido menos serenidad,\u00a0 pero el Real Valladolid Deportivo no ha sabido aprovecharse de esto.<\/strong><\/em><\/p>\n<p style=\"text-align: left\">&#8211;\u00bfAlguno especialmente que te haya gustado en el Valladolid?<\/p>\n<p style=\"text-align: left\"><em><strong>&#8211;El n\u00famero 4.\u00a0 Creedme que lo siento extraordinariamente por el Real Valladolid Deportivo,\u00a0 en el que he jugado,\u00a0 y de cuya ciudad tengo imborrables y gratos recuerdos;\u00a0 pero yo estaba obligado,\u00a0 por deportividad,\u00a0 por \u00e9tica y por esas otras razones que he dicho,\u00a0 a intentar,\u00a0 por todos los medios l\u00edcitos y deportivos ganar este encuentro\u00bb.<\/strong><\/em><\/p>\n<p style=\"text-align: center\"><em><strong>XXXIX PRESIDENTE REAL BETIS BALOMPI\u00c9-Quinta Temporada desde 1955-1956 hasta 1965-1966:<\/strong><\/em><\/p>\n<p style=\"text-align: center\"><a href=\"https:\/\/i0.wp.com\/www.manquepierda.com\/historiarealbetis\/files\/2013\/04\/BenitoVILLAMAR%C3%8DNPrieto1956.jpg?ssl=1\"><img data-recalc-dims=\"1\" loading=\"lazy\" decoding=\"async\" class=\"aligncenter size-medium wp-image-28664\" alt=\"BenitoVILLAMAR\u00cdNPrieto1956\" src=\"https:\/\/i0.wp.com\/www.manquepierda.com\/historiarealbetis\/files\/2013\/04\/BenitoVILLAMAR%C3%8DNPrieto1956-125x300.jpg?resize=125%2C300&#038;ssl=1\" width=\"125\" height=\"300\" srcset=\"https:\/\/i0.wp.com\/www.manquepierda.com\/historiarealbetis\/files\/2013\/04\/BenitoVILLAMAR%C3%8DNPrieto1956.jpg?resize=125%2C300&amp;ssl=1 125w, https:\/\/i0.wp.com\/www.manquepierda.com\/historiarealbetis\/files\/2013\/04\/BenitoVILLAMAR%C3%8DNPrieto1956.jpg?resize=208%2C500&amp;ssl=1 208w, https:\/\/i0.wp.com\/www.manquepierda.com\/historiarealbetis\/files\/2013\/04\/BenitoVILLAMAR%C3%8DNPrieto1956.jpg?w=334&amp;ssl=1 334w\" sizes=\"auto, (max-width: 125px) 100vw, 125px\" \/><\/a><em><strong><\/strong><\/em><\/p>\n<p style=\"text-align: left\"><a href=\"https:\/\/i0.wp.com\/www.manquepierda.com\/historiarealbetis\/files\/2013\/03\/Villamar%C3%ADn-exportadorAceitunas.jpg?ssl=1\"><img data-recalc-dims=\"1\" loading=\"lazy\" decoding=\"async\" class=\"alignleft size-medium wp-image-28115\" alt=\"Villamar\u00edn-exportadorAceitunas\" src=\"https:\/\/i0.wp.com\/www.manquepierda.com\/historiarealbetis\/files\/2013\/03\/Villamar%C3%ADn-exportadorAceitunas-300x225.jpg?resize=300%2C225&#038;ssl=1\" width=\"300\" height=\"225\" srcset=\"https:\/\/i0.wp.com\/www.manquepierda.com\/historiarealbetis\/files\/2013\/03\/Villamar%C3%ADn-exportadorAceitunas.jpg?resize=300%2C225&amp;ssl=1 300w, https:\/\/i0.wp.com\/www.manquepierda.com\/historiarealbetis\/files\/2013\/03\/Villamar%C3%ADn-exportadorAceitunas.jpg?resize=500%2C376&amp;ssl=1 500w, https:\/\/i0.wp.com\/www.manquepierda.com\/historiarealbetis\/files\/2013\/03\/Villamar%C3%ADn-exportadorAceitunas.jpg?w=720&amp;ssl=1 720w\" sizes=\"auto, (max-width: 300px) 100vw, 300px\" \/><\/a><em><strong>Don BENITO VILLAMAR\u00cdN PRIETO (41 A\u00f1os.-Industrial<a href=\"https:\/\/i0.wp.com\/www.manquepierda.com\/historiarealbetis\/files\/2013\/03\/CartaDespedidaBenitoVillamar%C3%ADnPrieto.jpg?ssl=1\"><img data-recalc-dims=\"1\" loading=\"lazy\" decoding=\"async\" class=\"alignright size-medium wp-image-28500\" alt=\"CartaDespedidaBenitoVillamar\u00ednPrieto\" src=\"https:\/\/i0.wp.com\/www.manquepierda.com\/historiarealbetis\/files\/2013\/03\/CartaDespedidaBenitoVillamar%C3%ADnPrieto.jpg?resize=251%2C300&#038;ssl=1\" width=\"251\" height=\"300\" srcset=\"https:\/\/i0.wp.com\/www.manquepierda.com\/historiarealbetis\/files\/2013\/03\/CartaDespedidaBenitoVillamar%C3%ADnPrieto.jpg?resize=251%2C300&amp;ssl=1 251w, https:\/\/i0.wp.com\/www.manquepierda.com\/historiarealbetis\/files\/2013\/03\/CartaDespedidaBenitoVillamar%C3%ADnPrieto.jpg?resize=858%2C1024&amp;ssl=1 858w, https:\/\/i0.wp.com\/www.manquepierda.com\/historiarealbetis\/files\/2013\/03\/CartaDespedidaBenitoVillamar%C3%ADnPrieto.jpg?resize=1024%2C1222&amp;ssl=1 1024w, https:\/\/i0.wp.com\/www.manquepierda.com\/historiarealbetis\/files\/2013\/03\/CartaDespedidaBenitoVillamar%C3%ADnPrieto.jpg?resize=418%2C500&amp;ssl=1 418w\" sizes=\"auto, (max-width: 251px) 100vw, 251px\" \/><\/a>).-PUGA-Toen (Ourense), Mi\u00e9rcoles 21-Agosto-1918.-SEVILLA-Ciudad del Betis-Lunes 15-Agosto-1966.-D. E. P.\u00a0 <\/strong><\/em><\/p>\n<p style=\"text-align: left\"><em><strong>Primer Presidente Perpetuo ilustre gestor que engrandeci\u00f3 en vida al Real Betis Balompi\u00e9 siendo su preocupaci\u00f3n principal el asentamiento definitivo en la \u00e9lite del f\u00fatbol espa\u00f1ol-Divisi\u00f3n de Honor.<\/strong><\/em><\/p>\n<p style=\"text-align: center\"><strong>VS.<\/strong><\/p>\n<p style=\"text-align: center\"><strong>12\u00ba Clasificado.-REAL VALLADOLID DEPORTIVO-0 Tantos.<\/strong><\/p>\n<p style=\"text-align: left\"><strong>Pedro ESTREMS Navarra.-Rom\u00e1n MATITO Dom\u00ednguez-Juan Miguel SOL\u00c9 Pe\u00f1alosa-MIRLO (Jos\u00e9 Grande Garrido).-Carlos RAM\u00cdREZ Zancas-Juan Jos\u00e9 GARC\u00cdA Elorduy.-JOSEL\u00cdN (Jos\u00e9 Dom\u00ednguez Garrochena)-Emilio MOROLL\u00d3N Est\u00e1banez-Janos BEKE Radenkowics-Eduardo Bibiano END\u00c9RIZ Artajona-H\u00e9ctor Ricardo ARAMENDI Rueda.<\/strong><\/p>\n<p style=\"text-align: left\"><strong>Entrenador, Jos\u00e9 Lu\u00eds SASO Vega.<\/strong><\/p>\n<p style=\"text-align: center\"><a href=\"https:\/\/i0.wp.com\/www.manquepierda.com\/historiarealbetis\/files\/2013\/04\/1D19600403.jpg?ssl=1\"><img data-recalc-dims=\"1\" loading=\"lazy\" decoding=\"async\" class=\"aligncenter size-full wp-image-28668\" alt=\"1D19600403\" src=\"https:\/\/i0.wp.com\/www.manquepierda.com\/historiarealbetis\/files\/2013\/04\/1D19600403.jpg?resize=620%2C764&#038;ssl=1\" width=\"620\" height=\"764\" srcset=\"https:\/\/i0.wp.com\/www.manquepierda.com\/historiarealbetis\/files\/2013\/04\/1D19600403.jpg?w=620&amp;ssl=1 620w, https:\/\/i0.wp.com\/www.manquepierda.com\/historiarealbetis\/files\/2013\/04\/1D19600403.jpg?resize=243%2C300&amp;ssl=1 243w, https:\/\/i0.wp.com\/www.manquepierda.com\/historiarealbetis\/files\/2013\/04\/1D19600403.jpg?resize=405%2C500&amp;ssl=1 405w\" sizes=\"auto, (max-width: 620px) 100vw, 620px\" \/><\/a><\/p>\n<p style=\"text-align: center\"><a href=\"https:\/\/i0.wp.com\/www.manquepierda.com\/historiarealbetis\/files\/2013\/04\/1x2.jpg?ssl=1\"><img data-recalc-dims=\"1\" loading=\"lazy\" decoding=\"async\" class=\"aligncenter size-medium wp-image-28669\" alt=\"1x2\" src=\"https:\/\/i0.wp.com\/www.manquepierda.com\/historiarealbetis\/files\/2013\/04\/1x2.jpg?resize=252%2C300&#038;ssl=1\" width=\"252\" height=\"300\" srcset=\"https:\/\/i0.wp.com\/www.manquepierda.com\/historiarealbetis\/files\/2013\/04\/1x2.jpg?resize=252%2C300&amp;ssl=1 252w, https:\/\/i0.wp.com\/www.manquepierda.com\/historiarealbetis\/files\/2013\/04\/1x2.jpg?resize=420%2C500&amp;ssl=1 420w, https:\/\/i0.wp.com\/www.manquepierda.com\/historiarealbetis\/files\/2013\/04\/1x2.jpg?w=595&amp;ssl=1 595w\" sizes=\"auto, (max-width: 252px) 100vw, 252px\" \/><\/a><\/p>\n<p>Colecci\u00f3n Personal.<\/p>\n<p style=\"text-align: center\">Dibujos-caricaturas.-Janos Kuszmann Erwin;\u00a0 Isidro S\u00e1nchez Garc\u00eda-Figueras;\u00a0 Jos\u00e9 Valderas Rum\u00ed;\u00a0 pintado a mano por Joaqu\u00edn Real Rodr\u00edguez:<\/p>\n<p><a href=\"https:\/\/i0.wp.com\/www.manquepierda.com\/historiarealbetis\/files\/2013\/04\/Caricatura-ISGP.jpg?ssl=1\"><img data-recalc-dims=\"1\" loading=\"lazy\" decoding=\"async\" class=\"alignleft size-medium wp-image-28657\" alt=\"Caricatura ISGP\" src=\"https:\/\/i0.wp.com\/www.manquepierda.com\/historiarealbetis\/files\/2013\/04\/Caricatura-ISGP.jpg?resize=172%2C300&#038;ssl=1\" width=\"172\" height=\"300\" srcset=\"https:\/\/i0.wp.com\/www.manquepierda.com\/historiarealbetis\/files\/2013\/04\/Caricatura-ISGP.jpg?resize=172%2C300&amp;ssl=1 172w, https:\/\/i0.wp.com\/www.manquepierda.com\/historiarealbetis\/files\/2013\/04\/Caricatura-ISGP.jpg?resize=286%2C500&amp;ssl=1 286w, https:\/\/i0.wp.com\/www.manquepierda.com\/historiarealbetis\/files\/2013\/04\/Caricatura-ISGP.jpg?w=367&amp;ssl=1 367w\" sizes=\"auto, (max-width: 172px) 100vw, 172px\" \/><\/a><\/p>\n<p style=\"text-align: center\"><a href=\"https:\/\/i0.wp.com\/www.manquepierda.com\/historiarealbetis\/files\/2013\/04\/Caricatura-Valderas.jpg?ssl=1\"><img data-recalc-dims=\"1\" loading=\"lazy\" decoding=\"async\" class=\"aligncenter size-medium wp-image-28658\" alt=\"Caricatura Valderas\" src=\"https:\/\/i0.wp.com\/www.manquepierda.com\/historiarealbetis\/files\/2013\/04\/Caricatura-Valderas.jpg?resize=182%2C300&#038;ssl=1\" width=\"182\" height=\"300\" srcset=\"https:\/\/i0.wp.com\/www.manquepierda.com\/historiarealbetis\/files\/2013\/04\/Caricatura-Valderas.jpg?resize=182%2C300&amp;ssl=1 182w, https:\/\/i0.wp.com\/www.manquepierda.com\/historiarealbetis\/files\/2013\/04\/Caricatura-Valderas.jpg?w=193&amp;ssl=1 193w\" sizes=\"auto, (max-width: 182px) 100vw, 182px\" \/><\/a><\/p>\n<p>\u00a0ABC-SE-19600405-Martes: \u00abLa victoria del Betis en Zorrilla debi\u00f3 ser m\u00e1s abultada.-Kuszmann logr\u00f3 el \u00fanico tanto del encuentro\u00bb.-\u00abGran actuaci\u00f3n de Otero\u00bb.-\u00abUn error de alineaci\u00f3n en el Valladolid\u00bb.Declaraciones de Barinaga.-Cr\u00f3nica telef\u00f3nica y entrevista de Carmelo Sabater.-Resultados y Clasificaci\u00f3n General.-El Boleto Ganador.<\/p>\n<p>bdfutbol.com<\/p>\n<p>\u00abEl viejo estadio Jos\u00e9 Zorrilla\u00bb.-vallisoletvm.blogspot.com.es<\/p>\n","protected":false},"excerpt":{"rendered":"<p>1960-Abril 03.-Domingo en VALLADOLID:\u00a0 ESTADIO MUNICIPAL \u00abJOS\u00c9 ZORRILLA\u00bb.-XXVIII JORNADA LIGA PRIMERA DIVISI\u00d3N-TEMPORADA 1959-1960. Arbitr\u00f3 Ricardo Lacambra Canela.-Mal. Aline\u00f3 \u00e1: Sexto Clasificado.-REAL BETIS BALOMPI\u00c9-1 GOL. MARC\u00d3: 0-1.-49 Minutos:\u00a0 KUSZMANN. Obituarios REAL BETIS BALOMPI\u00c9. GUARDAMETA: -1-Juan Ignacio OTERO Couceiro (30).-A CORU\u00d1A, S\u00e1bado 01-Junio-1929.-83 A\u00f1os.-\u00bfLeyenda B\u00e9tica viva? ZAGUEROS: -2-Jos\u00e9 Lu\u00eds AZCUETA Uriarte (23).-GALD\u00c1CANO (Vizcaya), Martes 13-Octubre-1936.-76 A\u00f1os \u00bfLeyenda&#8230;<\/p>\n","protected":false},"author":48,"featured_media":28646,"comment_status":"open","ping_status":"open","sticky":false,"template":"","format":"standard","meta":{"_kad_post_transparent":"","_kad_post_title":"","_kad_post_layout":"","_kad_post_sidebar_id":"","_kad_post_content_style":"","_kad_post_vertical_padding":"","_kad_post_feature":"","_kad_post_feature_position":"","_kad_post_header":false,"_kad_post_footer":false,"_kad_post_classname":"","_jetpack_memberships_contains_paid_content":false,"footnotes":"","jetpack_publicize_message":"","jetpack_publicize_feature_enabled":true,"jetpack_social_post_already_shared":true,"jetpack_social_options":{"image_generator_settings":{"template":"highway","default_image_id":0,"font":"","enabled":false},"version":2}},"categories":[902,1],"tags":[2377,1246,17852,1359],"class_list":["post-28645","post","type-post","status-publish","format-standard","has-post-thumbnail","hentry","category-1960-1969","category-portada","tag-1959-60","tag-1246","tag-liga-primera-1959-60","tag-real-valladolid"],"jetpack_publicize_connections":[],"jetpack_featured_media_url":"https:\/\/i0.wp.com\/www.manquepierda.com\/historiarealbetis\/files\/2013\/04\/estadiozorrillaantiguo.jpg?fit=400%2C303&ssl=1","jetpack_sharing_enabled":true,"jetpack_shortlink":"https:\/\/wp.me\/p1ij08-7s1","jetpack-related-posts":[],"_links":{"self":[{"href":"https:\/\/www.manquepierda.com\/historiarealbetis\/wp-json\/wp\/v2\/posts\/28645","targetHints":{"allow":["GET"]}}],"collection":[{"href":"https:\/\/www.manquepierda.com\/historiarealbetis\/wp-json\/wp\/v2\/posts"}],"about":[{"href":"https:\/\/www.manquepierda.com\/historiarealbetis\/wp-json\/wp\/v2\/types\/post"}],"author":[{"embeddable":true,"href":"https:\/\/www.manquepierda.com\/historiarealbetis\/wp-json\/wp\/v2\/users\/48"}],"replies":[{"embeddable":true,"href":"https:\/\/www.manquepierda.com\/historiarealbetis\/wp-json\/wp\/v2\/comments?post=28645"}],"version-history":[{"count":1,"href":"https:\/\/www.manquepierda.com\/historiarealbetis\/wp-json\/wp\/v2\/posts\/28645\/revisions"}],"predecessor-version":[{"id":96570,"href":"https:\/\/www.manquepierda.com\/historiarealbetis\/wp-json\/wp\/v2\/posts\/28645\/revisions\/96570"}],"wp:featuredmedia":[{"embeddable":true,"href":"https:\/\/www.manquepierda.com\/historiarealbetis\/wp-json\/wp\/v2\/media\/28646"}],"wp:attachment":[{"href":"https:\/\/www.manquepierda.com\/historiarealbetis\/wp-json\/wp\/v2\/media?parent=28645"}],"wp:term":[{"taxonomy":"category","embeddable":true,"href":"https:\/\/www.manquepierda.com\/historiarealbetis\/wp-json\/wp\/v2\/categories?post=28645"},{"taxonomy":"post_tag","embeddable":true,"href":"https:\/\/www.manquepierda.com\/historiarealbetis\/wp-json\/wp\/v2\/tags?post=28645"}],"curies":[{"name":"wp","href":"https:\/\/api.w.org\/{rel}","templated":true}]}}