{"id":28929,"date":"2013-04-08T19:40:48","date_gmt":"2013-04-08T18:40:48","guid":{"rendered":"http:\/\/www.manquepierda.com\/historiarealbetis\/?p=28929"},"modified":"2024-08-19T09:48:52","modified_gmt":"2024-08-19T07:48:52","slug":"1945-abril-08-segunda-division-real-betis-balompie-3-vs-club-baracaldo-altos-hornos-1","status":"publish","type":"post","link":"https:\/\/www.manquepierda.com\/historiarealbetis\/1945-abril-08-segunda-division-real-betis-balompie-3-vs-club-baracaldo-altos-hornos-1\/","title":{"rendered":"1945-Abril 08-Segunda Divisi\u00f3n: Real Betis Balompi\u00e9-3 vs. Club Baracaldo Altos Hornos-1."},"content":{"rendered":"<p><a href=\"https:\/\/i0.wp.com\/www.manquepierda.com\/historiarealbetis\/files\/2013\/04\/Heli%C3%B3polis19401958.jpg?ssl=1\"><img data-recalc-dims=\"1\" loading=\"lazy\" decoding=\"async\" class=\"alignleft size-medium wp-image-28930\" alt=\"Heli\u00f3polis19401958\" src=\"https:\/\/i0.wp.com\/www.manquepierda.com\/historiarealbetis\/files\/2013\/04\/Heli%C3%B3polis19401958.jpg?resize=300%2C191&#038;ssl=1\" width=\"300\" height=\"191\" srcset=\"https:\/\/i0.wp.com\/www.manquepierda.com\/historiarealbetis\/files\/2013\/04\/Heli%C3%B3polis19401958.jpg?resize=300%2C191&amp;ssl=1 300w, https:\/\/i0.wp.com\/www.manquepierda.com\/historiarealbetis\/files\/2013\/04\/Heli%C3%B3polis19401958.jpg?resize=1024%2C655&amp;ssl=1 1024w, https:\/\/i0.wp.com\/www.manquepierda.com\/historiarealbetis\/files\/2013\/04\/Heli%C3%B3polis19401958.jpg?resize=500%2C319&amp;ssl=1 500w\" sizes=\"auto, (max-width: 300px) 100vw, 300px\" \/><\/a><em><strong>XXII JORNADA LIGA SEGUNDA DIVISI\u00d3N EN LA CIUDAD DEL BETIS-ESTADIO MUNICIPAL DE HELI\u00d3POLIS (\u00abCiudad del Sol\u00bb), DOMINGO 08 DE ABRIL DE 1945.<\/strong><\/em><\/p>\n<p style=\"text-align: center\">Arbitr\u00f3 el colegiado Ricardo Galende Pascual.-Aline\u00f3 \u00e1:<\/p>\n<p style=\"text-align: center\"><a href=\"https:\/\/i0.wp.com\/www.manquepierda.com\/historiarealbetis\/files\/2013\/04\/1941-RBB.jpg?ssl=1\"><img data-recalc-dims=\"1\" loading=\"lazy\" decoding=\"async\" class=\"aligncenter size-full wp-image-28773\" alt=\"1941-RBB\" src=\"https:\/\/i0.wp.com\/www.manquepierda.com\/historiarealbetis\/files\/2013\/04\/1941-RBB.jpg?resize=154%2C154&#038;ssl=1\" width=\"154\" height=\"154\" srcset=\"https:\/\/i0.wp.com\/www.manquepierda.com\/historiarealbetis\/files\/2013\/04\/1941-RBB.jpg?w=154&amp;ssl=1 154w, https:\/\/i0.wp.com\/www.manquepierda.com\/historiarealbetis\/files\/2013\/04\/1941-RBB.jpg?resize=150%2C150&amp;ssl=1 150w, https:\/\/i0.wp.com\/www.manquepierda.com\/historiarealbetis\/files\/2013\/04\/1941-RBB.jpg?resize=50%2C50&amp;ssl=1 50w\" sizes=\"auto, (max-width: 154px) 100vw, 154px\" \/><\/a><em><strong>Octavo Clasificado.-REAL BETIS BALOMPI\u00c9-3 GOLES.<\/strong><\/em><\/p>\n<p style=\"text-align: center\"><strong><em>MARCARON:<\/em><\/strong><\/p>\n<p style=\"text-align: center\"><a href=\"https:\/\/i0.wp.com\/www.manquepierda.com\/historiarealbetis\/files\/2013\/04\/Guillermo-COLL-Munar.png?ssl=1\"><img data-recalc-dims=\"1\" loading=\"lazy\" decoding=\"async\" class=\"aligncenter size-full wp-image-28782\" alt=\"Guillermo COLL Munar\" src=\"https:\/\/i0.wp.com\/www.manquepierda.com\/historiarealbetis\/files\/2013\/04\/Guillermo-COLL-Munar.png?resize=191%2C223&#038;ssl=1\" width=\"191\" height=\"223\" \/><\/a><em><strong>1-COLL.<\/strong><\/em><\/p>\n<p style=\"text-align: center\"><a href=\"https:\/\/i0.wp.com\/www.manquepierda.com\/historiarealbetis\/files\/2013\/04\/Rold%C3%A1nRam%C3%B3nBlancoJim%C3%A9nez.jpg?ssl=1\"><img data-recalc-dims=\"1\" loading=\"lazy\" decoding=\"async\" class=\"aligncenter size-full wp-image-28935\" alt=\"Rold\u00e1nRam\u00f3nBlancoJim\u00e9nez\" src=\"https:\/\/i0.wp.com\/www.manquepierda.com\/historiarealbetis\/files\/2013\/04\/Rold%C3%A1nRam%C3%B3nBlancoJim%C3%A9nez.jpg?resize=202%2C284&#038;ssl=1\" width=\"202\" height=\"284\" \/><\/a><em><strong>1-\u00abPollito ROLD\u00c1N\u00bb.<\/strong><\/em><\/p>\n<p style=\"text-align: center\"><a href=\"https:\/\/i0.wp.com\/www.manquepierda.com\/historiarealbetis\/files\/2013\/02\/Jos%C3%A9BOTELLAram%C3%B3n.jpg?ssl=1\"><img data-recalc-dims=\"1\" loading=\"lazy\" decoding=\"async\" class=\"aligncenter size-medium wp-image-26761\" alt=\"Jos\u00e9BOTELLAram\u00f3n\" src=\"https:\/\/i0.wp.com\/www.manquepierda.com\/historiarealbetis\/files\/2013\/02\/Jos%C3%A9BOTELLAram%C3%B3n.jpg?resize=300%2C241&#038;ssl=1\" width=\"300\" height=\"241\" srcset=\"https:\/\/i0.wp.com\/www.manquepierda.com\/historiarealbetis\/files\/2013\/02\/Jos%C3%A9BOTELLAram%C3%B3n.jpg?resize=300%2C241&amp;ssl=1 300w, https:\/\/i0.wp.com\/www.manquepierda.com\/historiarealbetis\/files\/2013\/02\/Jos%C3%A9BOTELLAram%C3%B3n.jpg?w=512&amp;ssl=1 512w\" sizes=\"auto, (max-width: 300px) 100vw, 300px\" \/><\/a><em><strong>1.-BOTELLA.<\/strong><\/em><\/p>\n<p style=\"text-align: center\"><strong>Obituarios REAL BETIS BALOMPI\u00c9.<\/strong><\/p>\n<p style=\"text-align: center\"><em><strong>GUARDAMETA:<\/strong><\/em><\/p>\n<p style=\"text-align: center\"><a href=\"https:\/\/i0.wp.com\/www.manquepierda.com\/historiarealbetis\/files\/2013\/04\/AlfredoGr%C3%A9usLozano.jpeg?ssl=1\"><img data-recalc-dims=\"1\" loading=\"lazy\" decoding=\"async\" class=\"aligncenter size-full wp-image-28931\" alt=\"AlfredoGr\u00e9usLozano\" src=\"https:\/\/i0.wp.com\/www.manquepierda.com\/historiarealbetis\/files\/2013\/04\/AlfredoGr%C3%A9usLozano.jpeg?resize=176%2C286&#038;ssl=1\" width=\"176\" height=\"286\" \/><\/a><\/p>\n<p style=\"text-align: left\"><em><strong>-1-Alfredo GREUS Lozano (20).-ALGINET (Valencia), S\u00e1bado 29-Noviembre-1924.-88 A\u00f1os.-Leyenda B\u00e9tica.-Vive en su ciudad natal.-Industrial-Ferreter\u00eda.<\/strong><\/em><\/p>\n<p style=\"text-align: center\"><em><strong>ZAGUEROS:<\/strong><\/em><\/p>\n<p style=\"text-align: center\"><a href=\"https:\/\/i0.wp.com\/www.manquepierda.com\/historiarealbetis\/files\/2013\/04\/ISIDRO-Reguera.jpg?ssl=1\"><img data-recalc-dims=\"1\" loading=\"lazy\" decoding=\"async\" class=\"aligncenter size-medium wp-image-28932\" alt=\"ISIDRO Reguera\" src=\"https:\/\/i0.wp.com\/www.manquepierda.com\/historiarealbetis\/files\/2013\/04\/ISIDRO-Reguera.jpg?resize=205%2C300&#038;ssl=1\" width=\"205\" height=\"300\" srcset=\"https:\/\/i0.wp.com\/www.manquepierda.com\/historiarealbetis\/files\/2013\/04\/ISIDRO-Reguera.jpg?resize=205%2C300&amp;ssl=1 205w, https:\/\/i0.wp.com\/www.manquepierda.com\/historiarealbetis\/files\/2013\/04\/ISIDRO-Reguera.jpg?resize=342%2C500&amp;ssl=1 342w, https:\/\/i0.wp.com\/www.manquepierda.com\/historiarealbetis\/files\/2013\/04\/ISIDRO-Reguera.jpg?w=470&amp;ssl=1 470w\" sizes=\"auto, (max-width: 205px) 100vw, 205px\" \/><\/a><\/p>\n<p style=\"text-align: left\"><em><strong>-2-ISIDRO Reguera Sivianes (23).-CAMAS (Sevilla), Mi\u00e9rcoles 22-Febrero-1922.-GINES (Sevilla), Viernes 18-Enero-2002.-79 A\u00f1os.-D. E. P.\u00a0 Leyenda Verdiblanca ilustre.<\/strong><\/em><\/p>\n<p style=\"text-align: center\"><a href=\"https:\/\/i0.wp.com\/www.manquepierda.com\/historiarealbetis\/files\/2013\/04\/FranciscoANT%C3%9ANEZEspada.png?ssl=1\"><img data-recalc-dims=\"1\" loading=\"lazy\" decoding=\"async\" class=\"aligncenter size-full wp-image-28780\" alt=\"FranciscoANT\u00daNEZEspada\" src=\"https:\/\/i0.wp.com\/www.manquepierda.com\/historiarealbetis\/files\/2013\/04\/FranciscoANT%C3%9ANEZEspada.png?resize=191%2C223&#038;ssl=1\" width=\"191\" height=\"223\" \/><\/a><\/p>\n<p style=\"text-align: left\"><em><strong>-3-Destacado.-Francisco ANT\u00daNEZ Espada (22).-SEVILLA, Mi\u00e9rcoles 01-Noviembre-1922.-\u00cdDEM, Martes 16-Agosto-1994.-71 A\u00f1os.-D. E. P.\u00a0 Leyenda B\u00e9tica.<\/strong><\/em><\/p>\n<p style=\"text-align: center\"><em><strong>MEDIOS:<\/strong><\/em><\/p>\n<p style=\"text-align: left\"><a href=\"https:\/\/i0.wp.com\/www.manquepierda.com\/historiarealbetis\/files\/2013\/04\/MORITA-Antonio-Mora-%C3%81lvarez.jpg?ssl=1\"><img data-recalc-dims=\"1\" loading=\"lazy\" decoding=\"async\" class=\"aligncenter size-medium wp-image-28933\" alt=\"MORITA-Antonio Mora \u00c1lvarez\" src=\"https:\/\/i0.wp.com\/www.manquepierda.com\/historiarealbetis\/files\/2013\/04\/MORITA-Antonio-Mora-%C3%81lvarez-195x300.jpg?resize=195%2C300&#038;ssl=1\" width=\"195\" height=\"300\" srcset=\"https:\/\/i0.wp.com\/www.manquepierda.com\/historiarealbetis\/files\/2013\/04\/MORITA-Antonio-Mora-%C3%81lvarez.jpg?resize=195%2C300&amp;ssl=1 195w, https:\/\/i0.wp.com\/www.manquepierda.com\/historiarealbetis\/files\/2013\/04\/MORITA-Antonio-Mora-%C3%81lvarez.jpg?resize=325%2C500&amp;ssl=1 325w, https:\/\/i0.wp.com\/www.manquepierda.com\/historiarealbetis\/files\/2013\/04\/MORITA-Antonio-Mora-%C3%81lvarez.jpg?w=464&amp;ssl=1 464w\" sizes=\"auto, (max-width: 195px) 100vw, 195px\" \/><\/a><em><strong>-4-Antonio Mora \u00c1lvarez (24) \u00abMORITA\u00bb.-SEVILLA, Mi\u00e9rcoles 11-Agosto-1920.-\u00cdDEM, Domingo 25-Junio-2000.-79 A\u00f1os.-D. E. P.\u00a0 Leyenda B\u00e9tica.<\/strong><\/em><\/p>\n<p style=\"text-align: left\"><a href=\"https:\/\/i0.wp.com\/www.manquepierda.com\/historiarealbetis\/files\/2013\/03\/Jos%C3%A9RUIZL%C3%93PEZ-2.jpg?ssl=1\"><img data-recalc-dims=\"1\" loading=\"lazy\" decoding=\"async\" class=\"aligncenter size-medium wp-image-28472\" alt=\"Jos\u00e9RUIZL\u00d3PEZ-2\" src=\"https:\/\/i0.wp.com\/www.manquepierda.com\/historiarealbetis\/files\/2013\/03\/Jos%C3%A9RUIZL%C3%93PEZ-2-205x300.jpg?resize=205%2C300&#038;ssl=1\" width=\"205\" height=\"300\" srcset=\"https:\/\/i0.wp.com\/www.manquepierda.com\/historiarealbetis\/files\/2013\/03\/Jos%C3%A9RUIZL%C3%93PEZ-2.jpg?resize=205%2C300&amp;ssl=1 205w, https:\/\/i0.wp.com\/www.manquepierda.com\/historiarealbetis\/files\/2013\/03\/Jos%C3%A9RUIZL%C3%93PEZ-2.jpg?resize=342%2C500&amp;ssl=1 342w, https:\/\/i0.wp.com\/www.manquepierda.com\/historiarealbetis\/files\/2013\/03\/Jos%C3%A9RUIZL%C3%93PEZ-2.jpg?w=388&amp;ssl=1 388w\" sizes=\"auto, (max-width: 205px) 100vw, 205px\" \/><\/a><em><strong>-5-Centro.-Destacado.-Jos\u00e9 RUIZ L\u00d3PEZ.-No localizadas ciudades y fechas nacimiento-fallecimiento.-Leyenda Verdiblanca.<\/strong><\/em><\/p>\n<p style=\"text-align: left\"><em><strong>-6-Guillermo COLL Munar (26).-INCA (Islas Baleares), Domingo 30-Enero-1919.-\u00cdDEM, 29-Marzo-1976.-57 A\u00f1os.-D. E. P.\u00a0 Leyenda B\u00e9tica.<\/strong><\/em><\/p>\n<p style=\"text-align: center\"><em><strong>DELANTEROS:<\/strong><\/em><\/p>\n<p style=\"text-align: left\"><a href=\"https:\/\/i0.wp.com\/www.manquepierda.com\/historiarealbetis\/files\/2013\/04\/%C3%81ngelMart%C3%ADnRodr%C3%ADguezSARO.png?ssl=1\"><img data-recalc-dims=\"1\" loading=\"lazy\" decoding=\"async\" class=\"aligncenter size-full wp-image-28776\" alt=\"\u00c1ngelMart\u00ednRodr\u00edguezSARO\" src=\"https:\/\/i0.wp.com\/www.manquepierda.com\/historiarealbetis\/files\/2013\/04\/%C3%81ngelMart%C3%ADnRodr%C3%ADguezSARO.png?resize=191%2C223&#038;ssl=1\" width=\"191\" height=\"223\" \/><\/a><em><strong>-7-\u00c1ngel Mart\u00edn Rodr\u00edguez (26) \u00abSARO\u00bb.-VALLADOLID, Lunes 01-Marzo-1909.-No localizada ciudad y fecha fallecimiento.-D. E. P.\u00a0 Leyenda Verdiblanca.<\/strong><\/em><\/p>\n<p style=\"text-align: left\"><em><strong>-8-Ram\u00f3n Blanco Jim\u00e9nez (23) \u00abEl Pollito ROLD\u00c1N\u00bb.-PUERTO REAL (C\u00e1diz), Viernes 23-Diciembre-1921.-C\u00c1DIZ, Martes 27-Julio-2004.-82 A\u00f1os.-D. E. P.\u00a0 Leyenda B\u00e9tica.<\/strong><\/em><\/p>\n<p style=\"text-align: left\"><em><strong>-9-Ariete.-Sobresali\u00f3.-Jos\u00e9 BOTELLA Ram\u00f3n (20).-ALGINET (Valencia), Jueves 30-Abril-1925.-\u00cdDEM, Viernes 19-Septiembre-1986.-61 A\u00f1os.-D. E. P.\u00a0 Leyenda B\u00e9tica.<\/strong><\/em><\/p>\n<p style=\"text-align: left\"><a href=\"https:\/\/i0.wp.com\/www.manquepierda.com\/historiarealbetis\/files\/2013\/04\/Antonio-PE%C3%91A-Romero.jpg?ssl=1\"><img data-recalc-dims=\"1\" loading=\"lazy\" decoding=\"async\" class=\"aligncenter size-medium wp-image-28937\" alt=\"Antonio PE\u00d1A Romero\" src=\"https:\/\/i0.wp.com\/www.manquepierda.com\/historiarealbetis\/files\/2013\/04\/Antonio-PE%C3%91A-Romero-233x300.jpg?resize=233%2C300&#038;ssl=1\" width=\"233\" height=\"300\" srcset=\"https:\/\/i0.wp.com\/www.manquepierda.com\/historiarealbetis\/files\/2013\/04\/Antonio-PE%C3%91A-Romero.jpg?resize=233%2C300&amp;ssl=1 233w, https:\/\/i0.wp.com\/www.manquepierda.com\/historiarealbetis\/files\/2013\/04\/Antonio-PE%C3%91A-Romero.jpg?resize=388%2C500&amp;ssl=1 388w, https:\/\/i0.wp.com\/www.manquepierda.com\/historiarealbetis\/files\/2013\/04\/Antonio-PE%C3%91A-Romero.jpg?w=516&amp;ssl=1 516w\" sizes=\"auto, (max-width: 233px) 100vw, 233px\" \/><\/a><em><strong>-10-Antonio PE\u00d1A Romero (22).-SEVILLA, Lunes 01-Enero-1923.-\u00cdDEM, Jueves 12-Diciembre-1991.-67 A\u00f1os.-D. E. P.\u00a0 Leyenda Verdiblanca.<\/strong><\/em><\/p>\n<p style=\"text-align: left\"><a href=\"https:\/\/i0.wp.com\/www.manquepierda.com\/historiarealbetis\/files\/2013\/04\/VALENT%C3%8DN-Gar%C3%ADa-Mart%C3%ADnez.jpg?ssl=1\"><img data-recalc-dims=\"1\" loading=\"lazy\" decoding=\"async\" class=\"aligncenter size-medium wp-image-28938\" alt=\"VALENT\u00cdN Gar\u00eda Mart\u00ednez\" src=\"https:\/\/i0.wp.com\/www.manquepierda.com\/historiarealbetis\/files\/2013\/04\/VALENT%C3%8DN-Gar%C3%ADa-Mart%C3%ADnez-220x300.jpg?resize=220%2C300&#038;ssl=1\" width=\"220\" height=\"300\" srcset=\"https:\/\/i0.wp.com\/www.manquepierda.com\/historiarealbetis\/files\/2013\/04\/VALENT%C3%8DN-Gar%C3%ADa-Mart%C3%ADnez.jpg?resize=220%2C300&amp;ssl=1 220w, https:\/\/i0.wp.com\/www.manquepierda.com\/historiarealbetis\/files\/2013\/04\/VALENT%C3%8DN-Gar%C3%ADa-Mart%C3%ADnez.jpg?resize=754%2C1024&amp;ssl=1 754w, https:\/\/i0.wp.com\/www.manquepierda.com\/historiarealbetis\/files\/2013\/04\/VALENT%C3%8DN-Gar%C3%ADa-Mart%C3%ADnez.jpg?resize=1024%2C1390&amp;ssl=1 1024w, https:\/\/i0.wp.com\/www.manquepierda.com\/historiarealbetis\/files\/2013\/04\/VALENT%C3%8DN-Gar%C3%ADa-Mart%C3%ADnez.jpg?resize=368%2C500&amp;ssl=1 368w, https:\/\/i0.wp.com\/www.manquepierda.com\/historiarealbetis\/files\/2013\/04\/VALENT%C3%8DN-Gar%C3%ADa-Mart%C3%ADnez.jpg?w=1771&amp;ssl=1 1771w\" sizes=\"auto, (max-width: 220px) 100vw, 220px\" \/><\/a><em><strong>-11-VALENT\u00cdN Garc\u00eda Mart\u00ednez (22 A\u00d1OS).-LEJONA (Vizcaya),\u00a0 00-00-1922.-SEVILLA-Hospital Militar-Mi\u00e9rcoles 25-Julio-1945.-D. E. P. Leyenda B\u00e9tica.<\/strong><\/em><\/p>\n<p style=\"text-align: center\"><a href=\"https:\/\/i0.wp.com\/www.manquepierda.com\/historiarealbetis\/files\/2013\/04\/Valent%C3%ADn-Garc%C3%ADa-Mart%C3%ADnez-DEP1945.jpg?ssl=1\"><img data-recalc-dims=\"1\" loading=\"lazy\" decoding=\"async\" class=\"aligncenter size-full wp-image-28939\" alt=\"Valent\u00edn Garc\u00eda Mart\u00ednez DEP1945\" src=\"https:\/\/i0.wp.com\/www.manquepierda.com\/historiarealbetis\/files\/2013\/04\/Valent%C3%ADn-Garc%C3%ADa-Mart%C3%ADnez-DEP1945.jpg?resize=659%2C818&#038;ssl=1\" width=\"659\" height=\"818\" srcset=\"https:\/\/i0.wp.com\/www.manquepierda.com\/historiarealbetis\/files\/2013\/04\/Valent%C3%ADn-Garc%C3%ADa-Mart%C3%ADnez-DEP1945.jpg?w=659&amp;ssl=1 659w, https:\/\/i0.wp.com\/www.manquepierda.com\/historiarealbetis\/files\/2013\/04\/Valent%C3%ADn-Garc%C3%ADa-Mart%C3%ADnez-DEP1945.jpg?resize=241%2C300&amp;ssl=1 241w, https:\/\/i0.wp.com\/www.manquepierda.com\/historiarealbetis\/files\/2013\/04\/Valent%C3%ADn-Garc%C3%ADa-Mart%C3%ADnez-DEP1945.jpg?resize=402%2C500&amp;ssl=1 402w\" sizes=\"auto, (max-width: 659px) 100vw, 659px\" \/><\/a><\/p>\n<p style=\"text-align: left\"><em><strong>ENTRENADOR BETIS BALOMPI\u00c9-TEMPORADA 1944-1945:\u00a0 JOS\u00c9 SU\u00c1REZ GONZ\u00c1LEZ (a) \u00abPERAL\u00bb (34 A\u00f1os).-SEVILLA, Lunes 10-Abril-1911.-\u00cdDEM, 28-Mayo-1967.-56 A\u00f1os.-D. E. P.\u00a0 Leyenda Verdiblanca ilustre zaguero y medio-Temporadas 1929-1930 \u00e1 1935-1936;\u00a0 1938-1939 \u00e1 1943-1944, ambas inclusives.<\/strong><\/em><\/p>\n<p style=\"text-align: left\"><a href=\"https:\/\/i0.wp.com\/www.manquepierda.com\/historiarealbetis\/files\/2013\/04\/PERAL-Entrenador.jpg?ssl=1\"><img data-recalc-dims=\"1\" loading=\"lazy\" decoding=\"async\" class=\"aligncenter size-full wp-image-28940\" alt=\"PERAL-Entrenador\" src=\"https:\/\/i0.wp.com\/www.manquepierda.com\/historiarealbetis\/files\/2013\/04\/PERAL-Entrenador.jpg?resize=187%2C283&#038;ssl=1\" width=\"187\" height=\"283\" \/><\/a><em><strong><\/strong><\/em><em><strong>XXXII PRESIDENTE REAL BETIS BALOMPI\u00c9-TEMPORADA 1944-1945: DON EDUARDO BENJUMEA V\u00c1ZQUEZ-ARMERO (43 A\u00f1os).-ABOGADO.-SEVILLA, Mi\u00e9rcoles 27-Noviembre-1901.-ZESTOA (Guip\u00fazcoa), Domingo 30-Julio-1961.-59 A\u00f1os.-D. E. P.\u00a0\u00a0<\/strong><\/em><\/p>\n<p style=\"text-align: center\"><a href=\"https:\/\/i0.wp.com\/www.manquepierda.com\/historiarealbetis\/files\/2013\/04\/EduardoBENJUMEAV%C3%A1zquezArmero1944-1945.jpg?ssl=1\"><img data-recalc-dims=\"1\" loading=\"lazy\" decoding=\"async\" class=\"aligncenter size-medium wp-image-28941\" alt=\"EduardoBENJUMEAV\u00e1zquezArmero1944-1945\" src=\"https:\/\/i0.wp.com\/www.manquepierda.com\/historiarealbetis\/files\/2013\/04\/EduardoBENJUMEAV%C3%A1zquezArmero1944-1945.jpg?resize=300%2C295&#038;ssl=1\" width=\"300\" height=\"295\" srcset=\"https:\/\/i0.wp.com\/www.manquepierda.com\/historiarealbetis\/files\/2013\/04\/EduardoBENJUMEAV%C3%A1zquezArmero1944-1945.jpg?resize=300%2C295&amp;ssl=1 300w, https:\/\/i0.wp.com\/www.manquepierda.com\/historiarealbetis\/files\/2013\/04\/EduardoBENJUMEAV%C3%A1zquezArmero1944-1945.jpg?resize=1024%2C1009&amp;ssl=1 1024w, https:\/\/i0.wp.com\/www.manquepierda.com\/historiarealbetis\/files\/2013\/04\/EduardoBENJUMEAV%C3%A1zquezArmero1944-1945.jpg?resize=50%2C50&amp;ssl=1 50w, https:\/\/i0.wp.com\/www.manquepierda.com\/historiarealbetis\/files\/2013\/04\/EduardoBENJUMEAV%C3%A1zquezArmero1944-1945.jpg?resize=500%2C492&amp;ssl=1 500w, https:\/\/i0.wp.com\/www.manquepierda.com\/historiarealbetis\/files\/2013\/04\/EduardoBENJUMEAV%C3%A1zquezArmero1944-1945.jpg?w=1328&amp;ssl=1 1328w\" sizes=\"auto, (max-width: 300px) 100vw, 300px\" \/><\/a><\/p>\n<p style=\"text-align: center\">VS.<\/p>\n<p style=\"text-align: center\"><a href=\"https:\/\/i0.wp.com\/www.manquepierda.com\/historiarealbetis\/files\/2013\/04\/barakaldoescu0.gif?ssl=1\"><img data-recalc-dims=\"1\" loading=\"lazy\" decoding=\"async\" class=\"aligncenter size-full wp-image-28943\" alt=\"barakaldoescu0\" src=\"https:\/\/i0.wp.com\/www.manquepierda.com\/historiarealbetis\/files\/2013\/04\/barakaldoescu0.gif?resize=100%2C134&#038;ssl=1\" width=\"100\" height=\"134\" \/><\/a><\/p>\n<p style=\"text-align: center\">14\u00ba Clasificado.-CLUB BARACALDO ALTOS HORNOS-1 TANTO.<\/p>\n<p style=\"text-align: left\">ABEIJ\u00d3N.-FERN\u00c1NDEZ-URCELAY.-JUSTINO-PALACIO-LECUE.-SOLACHE-MIRANDA (2-1, segundo tiempo, sorprendiendo al descolocado Gr\u00e9us)-G\u00c1RATE-TORI-ORCASITA.<\/p>\n<p style=\"text-align: center\"><a href=\"https:\/\/i0.wp.com\/www.manquepierda.com\/historiarealbetis\/files\/2013\/04\/2d19450408.jpg?ssl=1\"><img data-recalc-dims=\"1\" loading=\"lazy\" decoding=\"async\" class=\"aligncenter size-full wp-image-28944\" alt=\"2d19450408\" src=\"https:\/\/i0.wp.com\/www.manquepierda.com\/historiarealbetis\/files\/2013\/04\/2d19450408.jpg?resize=688%2C535&#038;ssl=1\" width=\"688\" height=\"535\" srcset=\"https:\/\/i0.wp.com\/www.manquepierda.com\/historiarealbetis\/files\/2013\/04\/2d19450408.jpg?w=688&amp;ssl=1 688w, https:\/\/i0.wp.com\/www.manquepierda.com\/historiarealbetis\/files\/2013\/04\/2d19450408.jpg?resize=300%2C233&amp;ssl=1 300w, https:\/\/i0.wp.com\/www.manquepierda.com\/historiarealbetis\/files\/2013\/04\/2d19450408.jpg?resize=500%2C388&amp;ssl=1 500w\" sizes=\"auto, (max-width: 688px) 100vw, 688px\" \/><\/a><\/p>\n<p style=\"text-align: left\">-Coleccci\u00f3n Personal.-Necrol\u00f3gica Valent\u00edn Garc\u00eda Mart\u00ednez.<\/p>\n<p style=\"text-align: center\">ABC-Sevilla, martes 10-04-1945.-Cr\u00f3nica de \u00abDisc\u00f3bolo\u00bb (Gil G\u00f3mez Bajuelo):<\/p>\n<p style=\"text-align: left\"><strong><em>\u00abPrimer Tiempo:\u00a0 1-0 marcado gracias a la codicia de BOTELLA,\u00a0 que impidi\u00f3 que el guardameta se hiciese del bal\u00f3n enviado por Valent\u00edn\u00bb. <\/em><\/strong><\/p>\n<p style=\"text-align: left\"><em><strong>\u00abPrimer Tiempo:\u00a0 2-0 de gran tiro esquinado de ROLD\u00c1N,\u00a0 en jugada individual de \u00e9ste\u00bb.<\/strong><\/em><\/p>\n<p style=\"text-align: left\"><em><strong>\u00abSegundo Tiempo:\u00a0 3-1 BOTELLA aprovech\u00f3 con su constante acoso un fallo del defensa,\u00a0 para adentrarse con tranquilidad hacia la puerta y burlar la salida del portero con un remate colocado al palo contrario\u00bb.<\/strong><\/em><\/p>\n","protected":false},"excerpt":{"rendered":"<p>XXII JORNADA LIGA SEGUNDA DIVISI\u00d3N EN LA CIUDAD DEL BETIS-ESTADIO MUNICIPAL DE HELI\u00d3POLIS (\u00abCiudad del Sol\u00bb), DOMINGO 08 DE ABRIL DE 1945. Arbitr\u00f3 el colegiado Ricardo Galende Pascual.-Aline\u00f3 \u00e1: Octavo Clasificado.-REAL BETIS BALOMPI\u00c9-3 GOLES. MARCARON: 1-COLL. 1-\u00abPollito ROLD\u00c1N\u00bb. 1.-BOTELLA. Obituarios REAL BETIS BALOMPI\u00c9. GUARDAMETA: -1-Alfredo GREUS Lozano (20).-ALGINET (Valencia), S\u00e1bado 29-Noviembre-1924.-88 A\u00f1os.-Leyenda B\u00e9tica.-Vive en su&#8230;<\/p>\n","protected":false},"author":48,"featured_media":28930,"comment_status":"open","ping_status":"open","sticky":false,"template":"","format":"standard","meta":{"_kad_post_transparent":"","_kad_post_title":"","_kad_post_layout":"","_kad_post_sidebar_id":"","_kad_post_content_style":"","_kad_post_vertical_padding":"","_kad_post_feature":"","_kad_post_feature_position":"","_kad_post_header":false,"_kad_post_footer":false,"_kad_post_classname":"","_jetpack_memberships_contains_paid_content":false,"footnotes":"","jetpack_publicize_message":"","jetpack_publicize_feature_enabled":true,"jetpack_social_post_already_shared":true,"jetpack_social_options":{"image_generator_settings":{"template":"highway","default_image_id":0,"font":"","enabled":false},"version":2}},"categories":[900,1],"tags":[2626,1222,2564,17904],"class_list":["post-28929","post","type-post","status-publish","format-standard","has-post-thumbnail","hentry","category-1940-1949","category-portada","tag-1944-45","tag-1222","tag-baracaldo-cf","tag-liga-segunda-1944-45"],"jetpack_publicize_connections":[],"jetpack_featured_media_url":"https:\/\/i0.wp.com\/www.manquepierda.com\/historiarealbetis\/files\/2013\/04\/Heli%C3%B3polis19401958.jpg?fit=2183%2C1397&ssl=1","jetpack_sharing_enabled":true,"jetpack_shortlink":"https:\/\/wp.me\/p1ij08-7wB","jetpack-related-posts":[],"_links":{"self":[{"href":"https:\/\/www.manquepierda.com\/historiarealbetis\/wp-json\/wp\/v2\/posts\/28929","targetHints":{"allow":["GET"]}}],"collection":[{"href":"https:\/\/www.manquepierda.com\/historiarealbetis\/wp-json\/wp\/v2\/posts"}],"about":[{"href":"https:\/\/www.manquepierda.com\/historiarealbetis\/wp-json\/wp\/v2\/types\/post"}],"author":[{"embeddable":true,"href":"https:\/\/www.manquepierda.com\/historiarealbetis\/wp-json\/wp\/v2\/users\/48"}],"replies":[{"embeddable":true,"href":"https:\/\/www.manquepierda.com\/historiarealbetis\/wp-json\/wp\/v2\/comments?post=28929"}],"version-history":[{"count":1,"href":"https:\/\/www.manquepierda.com\/historiarealbetis\/wp-json\/wp\/v2\/posts\/28929\/revisions"}],"predecessor-version":[{"id":97133,"href":"https:\/\/www.manquepierda.com\/historiarealbetis\/wp-json\/wp\/v2\/posts\/28929\/revisions\/97133"}],"wp:featuredmedia":[{"embeddable":true,"href":"https:\/\/www.manquepierda.com\/historiarealbetis\/wp-json\/wp\/v2\/media\/28930"}],"wp:attachment":[{"href":"https:\/\/www.manquepierda.com\/historiarealbetis\/wp-json\/wp\/v2\/media?parent=28929"}],"wp:term":[{"taxonomy":"category","embeddable":true,"href":"https:\/\/www.manquepierda.com\/historiarealbetis\/wp-json\/wp\/v2\/categories?post=28929"},{"taxonomy":"post_tag","embeddable":true,"href":"https:\/\/www.manquepierda.com\/historiarealbetis\/wp-json\/wp\/v2\/tags?post=28929"}],"curies":[{"name":"wp","href":"https:\/\/api.w.org\/{rel}","templated":true}]}}