{"id":28951,"date":"2020-08-03T13:30:29","date_gmt":"2020-08-03T11:30:29","guid":{"rendered":"http:\/\/www.manquepierda.com\/historiarealbetis\/?p=28951"},"modified":"2020-07-22T19:46:18","modified_gmt":"2020-07-22T17:46:18","slug":"entrevista-manuel-ruiz-1954","status":"publish","type":"post","link":"https:\/\/www.manquepierda.com\/historiarealbetis\/entrevista-manuel-ruiz-1954\/","title":{"rendered":"Entrevista Manuel Ruiz 1954"},"content":{"rendered":"<p style=\"text-align: center\"><a href=\"https:\/\/i0.wp.com\/www.manquepierda.com\/historiarealbetis\/files\/2013\/04\/F-01044-00027-002.jpg?ssl=1\"><img data-recalc-dims=\"1\" decoding=\"async\" class=\" wp-image-28952 aligncenter\" src=\"https:\/\/i0.wp.com\/www.manquepierda.com\/historiarealbetis\/files\/2013\/04\/F-01044-00027-002.jpg?w=680&#038;ssl=1\" alt=\"Manuel Ru\u00edz\"  srcset=\"https:\/\/i0.wp.com\/www.manquepierda.com\/historiarealbetis\/files\/2013\/04\/F-01044-00027-002.jpg?resize=1024%2C750&amp;ssl=1 1024w, https:\/\/i0.wp.com\/www.manquepierda.com\/historiarealbetis\/files\/2013\/04\/F-01044-00027-002.jpg?resize=300%2C219&amp;ssl=1 300w, https:\/\/i0.wp.com\/www.manquepierda.com\/historiarealbetis\/files\/2013\/04\/F-01044-00027-002.jpg?resize=500%2C366&amp;ssl=1 500w, https:\/\/i0.wp.com\/www.manquepierda.com\/historiarealbetis\/files\/2013\/04\/F-01044-00027-002.jpg?w=1385&amp;ssl=1 1385w\" sizes=\"(max-width: 1024px) 100vw, 1024px\" \/><\/a><\/p>\n<p style=\"text-align: left\">Manuel Ruiz fue el presidente que en 1954 sac\u00f3 al Betis del pozo de la Tercera Divisi\u00f3n, tras los siete a\u00f1os pasado en la categor\u00eda de bronce del f\u00fatbol espa\u00f1ol.<\/p>\n<p style=\"text-align: left\">La campa\u00f1a 1954-55 se prepar\u00f3 por el club b\u00e9tico con toda la ilusi\u00f3n del momento y con un \u00fanico objetivo: volver cuanto antes a la Primera Divisi\u00f3n.<\/p>\n<p style=\"text-align: left\">Esta entrevista publicada en el diario deportivo Marca el 11 de septiembre de 1954, el d\u00eda anterior al inicio de la temporada en Heli\u00f3polis frente al Xerez Deportivo, repasa la actualidad verdiblanca a trav\u00e9s de una entrevista con Manuel Ruiz y en la que nos desvela algunos aspectos poco conocidos del Betis de esa \u00e9poca, como\u00a0 el n\u00famero de socios con que contaba la entidad verdiblanca, las reformas emprendidas en Heli\u00f3polis, las m\u00e1s importantes que se realizaban desde su inauguraci\u00f3n en 1929, los primeros rumores acerca de la intenci\u00f3n del club de adquirir Heli\u00f3polis en propiedad o el fuerte desembolso econ\u00f3mico realizado con el fin de reforzar el equipo.<\/p>\n<p><span style=\"color: #008000\"><i>El Betis, reincorporado a la Segunda Divisi\u00f3n, prepara desde hace tiempo la pr\u00f3xima campa\u00f1a con sumo cuidado. Las aspiraciones blanquiverdes\u00a0 vienen a ser en consonancia a la solera y al historial del famoso Club sevillano. Con su reincorporaci\u00f3n a la Segunda, el Betis no ve un anhelo satisfecho, sino un plazo m\u00e1s cumplido hacia el destino deseado: militar nuevamente en la Divisi\u00f3n de Honor. Es decir, que el Betis acometer\u00e1 este a\u00f1o la Segunda Divisi\u00f3n como camino de tr\u00e1nsito hacia el punto culminante de sus deseos. <\/i><\/span><\/p>\n<p><span style=\"color: #008000\"><i>El camino a recorrer es arduo y dificultoso; de ah\u00ed que los de Heli\u00f3polis se apresten a salvarlo con las mayores ventajas t\u00e9cnicas, y, por tanto, con la mayor cantidad de garant\u00edas. Por eso los directivos blanquiverdes madrugaron para reajustar el cuadro titular con la adquisici\u00f3n de aquellos jugadores precisos, que por su clase y veteran\u00eda en lides superiores, tan necesarios les eran. Las huestes b\u00e9ticas, para evitar fallos imprevistos,\u00a0 han acometido los preparativos casi desde el principio de agosto. Preparaci\u00f3n eficient\u00edsima, bajo la orientaci\u00f3n y direcci\u00f3n \u00fanica del entrenador G\u00f3mez, autor pr\u00e1ctico del ascenso.<\/i><\/span><\/p>\n<p><span style=\"color: #008000\"><i>El Betis debutar\u00e1 esta temporada en Heli\u00f3polis, en cuyo campo, al tiempo que se lleva a cabo la preparaci\u00f3n general de los jugadores, se rematan las nuevas instalaciones para el p\u00fablico, reci\u00e9n edificadas y de las que ya tratamos en su d\u00eda.<\/i><\/span><\/p>\n<p><span style=\"color: #008000\"><i>En activo los jugadores, y en avanzado estado las obras ampliatorias del Estadio, cre\u00edmos interesante abordar al presidente b\u00e9tico, don Manuel Ruiz. Acometimos la entrevista, indagando del se\u00f1or Ruiz su opini\u00f3n sobre el plantel de jugadores conseguidos para la pr\u00f3xima campa\u00f1a.<\/i><\/span><\/p>\n<p><span style=\"color: #008000\">&#8211;\u00a0\u00a0\u00a0\u00a0\u00a0\u00a0\u00a0\u00a0\u00a0 <i>Francamente satisfecho\u2014repuso. Por los antecedentes de cada cual\u00a0 y por cuanto estamos apreciando en estos preliminares de la pretemporada. El entrenador se halla muy contento del rendimiento individual de los chicos, porque en ellos se vislumbran cosas buenas.<\/i><\/span><\/p>\n<p><span style=\"color: #008000\">&#8211;\u00a0\u00a0\u00a0\u00a0\u00a0\u00a0\u00a0\u00a0\u00a0 <i>\u00bfCu\u00e1nto ha gastado el Betis este a\u00f1o en fichajes?<\/i><\/span><\/p>\n<p><span style=\"color: #008000\">&#8211;\u00a0\u00a0\u00a0\u00a0\u00a0\u00a0\u00a0\u00a0\u00a0 <i>Concretamente un mill\u00f3n doscientas veintitr\u00e9s mil pesetas.<\/i><\/span><\/p>\n<p><span style=\"color: #008000\">&#8211;\u00a0\u00a0\u00a0\u00a0\u00a0\u00a0\u00a0\u00a0\u00a0 <i>\u00a1Buen piquillo\u00a1 Y d\u00edgame, \u00bfc\u00f3mo cerr\u00f3 la \u00faltima temporada el Club?<\/i><\/span><\/p>\n<p><span style=\"color: #008000\">&#8211;\u00a0\u00a0\u00a0\u00a0\u00a0\u00a0\u00a0\u00a0\u00a0 <i>Nivelado. No hubo ni super\u00e1vit ni d\u00e9ficit. Tuvimos que hacer grandes desembolsos. Fichajes, gratificaciones \u201cextras\u201d a los que ascendieron al equipo, ampliaci\u00f3n de los grader\u00edos, etc<\/i><\/span><\/p>\n<p><span style=\"color: #008000\">&#8211;\u00a0\u00a0\u00a0\u00a0\u00a0\u00a0\u00a0\u00a0\u00a0 <i>Significa que hubo muy buenas recaudaciones\u2026<\/i><\/span><\/p>\n<p><span style=\"color: #008000\">&#8211;\u00a0\u00a0\u00a0\u00a0\u00a0\u00a0\u00a0\u00a0\u00a0 <i>No podemos quejarnos de la decidida ayuda que nos prest\u00f3 la afici\u00f3n y el p\u00fablico en general. Desde que llev\u00f3 las riendas en el Betis, tengo la satisfacci\u00f3n de anunciar que la palabra d\u00e9ficit no cuenta aqu\u00ed. Algo que hasta ahora no suced\u00eda en el Club.<\/i><\/span><\/p>\n<p><span style=\"color: #008000\">&#8211;\u00a0\u00a0\u00a0\u00a0\u00a0\u00a0\u00a0\u00a0\u00a0 <i>\u00bfA qu\u00e9 es debido?<\/i><\/span><\/p>\n<p><span style=\"color: #008000\">&#8211;\u00a0\u00a0\u00a0\u00a0\u00a0\u00a0\u00a0\u00a0\u00a0 <i>Simplemente a lo que digo: el apoyo ampl\u00edsimo del p\u00fablico<\/i><\/span><\/p>\n<p><span style=\"color: #008000\">&#8211;\u00a0\u00a0\u00a0\u00a0\u00a0\u00a0\u00a0\u00a0\u00a0 <i>Volviendo a los jugadores, \u00bfcon cu\u00e1ntos cuenta el Betis para la futura temporada?<\/i><\/span><\/p>\n<p><span style=\"color: #008000\">&#8211;\u00a0\u00a0\u00a0\u00a0\u00a0\u00a0\u00a0\u00a0\u00a0 <i>Con veintid\u00f3s, hasta este momento<\/i><\/span><\/p>\n<p><span style=\"color: #008000\">&#8211;\u00a0\u00a0\u00a0\u00a0\u00a0\u00a0\u00a0\u00a0\u00a0 <i>\u00bfVendr\u00e1n otros?<\/i><\/span><\/p>\n<p><span style=\"color: #008000\">&#8211;\u00a0\u00a0\u00a0\u00a0\u00a0\u00a0\u00a0\u00a0\u00a0 <i>Quiz\u00e1 no. Consideramos suficiente el n\u00famero para afrontar la Liga. Si surge alguna oportunidad, digna de aprovecharse, entonces, pues\u2026 \u00a1Ya ver\u00edamos\u00a1 <\/i><\/span><\/p>\n<p><span style=\"color: #008000\">&#8211;\u00a0\u00a0\u00a0\u00a0\u00a0\u00a0\u00a0\u00a0\u00a0 <i>\u00bfC\u00f3mo ve usted el Torneo de Liga \u00a0con respecto a las posibilidades de su equipo?\u00a0\u00a0\u00a0\u00a0\u00a0\u00a0\u00a0\u00a0\u00a0 <\/i><\/span><\/p>\n<p><span style=\"color: #008000\">&#8211;\u00a0\u00a0\u00a0\u00a0\u00a0\u00a0\u00a0\u00a0\u00a0 <i>Me siento francamente optimista. Espero que si la suerte nos ayuda un poquit\u00edn, el Club b\u00e9tico pueda figurar el pr\u00f3ximo a\u00f1o en la Divisi\u00f3n de Honor. Sin restarle m\u00e9ritos a los dem\u00e1s participantes del grupo, considero como adversarios temibles en la disputa del ascenso al Atl\u00e9tico de Tetu\u00e1n y al Ja\u00e9n. Entre ellos y nosotros puede que se circunscriba la cacer\u00eda por el primer puesto. Claro, lo repito, que luego el factor suerte ha de influir\u2026<\/i><\/span><\/p>\n<p><span style=\"color: #008000\">&#8211;\u00a0\u00a0\u00a0\u00a0\u00a0\u00a0\u00a0\u00a0\u00a0 <i>Definitivamente, \u00bfqu\u00e9 tipo de obras son las realizadas en Heli\u00f3polis?<\/i><\/span><\/p>\n<p><span style=\"color: #008000\">&#8211;\u00a0\u00a0\u00a0\u00a0\u00a0\u00a0\u00a0\u00a0\u00a0 <i>La principal es el acondicionamiento de la tribuna de Gol Norte para los socios, a la que se va a dar capacidad c\u00f3moda para cinco mil espectadores, con visibilidad extraordinaria. Han sido suprimidos los palcos bajos que festoneaban la tribuna de preferencia, en cuyo espacio ir\u00e1 un banco de pista por todo lo largo de la amplia localidad, y detr\u00e1s una zona para entrada de paseo, es decir, para espectadores de pie. Los asientos de tribuna baja han sido elevados para mayor comodidad de los espectadores. Los palcos altos de preferencia han sido reconstruidos, sustituyendo el viejo armaz\u00f3n de madera, que ya estaba inservible, por obra de f\u00e1brica y tubos de hierro. En fin, todo ello es parte de un proyecto ampl\u00edsimo de reformas, que seguir\u00e1n el a\u00f1o que viene, si Dios quiere.<\/i><\/span><\/p>\n<p><span style=\"color: #008000\">&#8211;\u00a0\u00a0\u00a0\u00a0\u00a0\u00a0\u00a0\u00a0\u00a0 <i>\u00bfEs cierto que el Betis pretende comprarle al Ayuntamiento de Sevilla el Estadio de Heli\u00f3polis?<\/i><\/span><\/p>\n<p><span style=\"color: #008000\">&#8211;\u00a0\u00a0\u00a0\u00a0\u00a0\u00a0\u00a0\u00a0\u00a0 <i>Hemos pensado en cuesti\u00f3n tan importante, pero, por el momento, nada se ha tratado de firme.<\/i><\/span><\/p>\n<p><span style=\"color: #008000\">&#8211;\u00a0\u00a0\u00a0\u00a0\u00a0\u00a0\u00a0\u00a0\u00a0 <i>\u00bfQu\u00e9 n\u00famero de socios tiene esta vez el Betis?<\/i><\/span><\/p>\n<p><span style=\"color: #008000\">&#8211;\u00a0\u00a0\u00a0\u00a0\u00a0\u00a0\u00a0\u00a0\u00a0 <i>Por vez primera en la historia del veterano Club sevillano, se ha llegado a la mayor cifra de socios. Hasta ahora figuran unos nueve mil, y la mayor\u00eda con abonos de asientos en localidades preferentes.<\/i><\/span><\/p>\n<p><span style=\"color: #008000\">&#8211;\u00a0\u00a0\u00a0\u00a0\u00a0\u00a0\u00a0\u00a0\u00a0 <i>\u00bfTipo de recaudaci\u00f3n media la anterior temporada?<\/i><\/span><\/p>\n<p><span style=\"color: #008000\">&#8211;\u00a0\u00a0\u00a0\u00a0\u00a0\u00a0\u00a0\u00a0\u00a0 <i>\u00a1Secreto de Estado\u00a1 Siempre estuvimos muy satisfechos de lo recaudado.<\/i><\/span><\/p>\n<p><span style=\"color: #008000\">&#8211;\u00a0\u00a0\u00a0\u00a0\u00a0\u00a0\u00a0\u00a0\u00a0 <i>Resumiendo\u2026<\/i><\/span><\/p>\n<p><span style=\"color: #008000\">&#8211;\u00a0\u00a0\u00a0\u00a0\u00a0\u00a0\u00a0\u00a0\u00a0 <i>Lo dicho: que al parecer acometemos nuestro tr\u00e1nsito por la Segunda hacia la Primera con muy buen pie. Que Dios nos ayude un poquito y el p\u00fablico contin\u00fae prest\u00e1ndonos su magn\u00edfica colaboraci\u00f3n moral y material y\u2026 \u00a1ya ver\u00e1 usted ad\u00f3nde llegamos\u00a1\u00a0 <\/i><\/span><\/p>\n<p>Fuente: Borbujo en Marca 11 de septiembre de 1954<\/p>\n","protected":false},"excerpt":{"rendered":"<p>Manuel Ruiz fue el presidente que en 1954 sac\u00f3 al Betis del pozo de la Tercera Divisi\u00f3n, tras los siete a\u00f1os pasado en la categor\u00eda de bronce del f\u00fatbol espa\u00f1ol. La campa\u00f1a 1954-55 se prepar\u00f3 por el club b\u00e9tico con toda la ilusi\u00f3n del momento y con un \u00fanico objetivo: volver cuanto antes a la&#8230;<\/p>\n","protected":false},"author":5,"featured_media":28952,"comment_status":"open","ping_status":"open","sticky":false,"template":"","format":"standard","meta":{"_kad_post_transparent":"","_kad_post_title":"","_kad_post_layout":"","_kad_post_sidebar_id":"","_kad_post_content_style":"","_kad_post_vertical_padding":"","_kad_post_feature":"","_kad_post_feature_position":"","_kad_post_header":false,"_kad_post_footer":false,"_kad_post_classname":"","_jetpack_memberships_contains_paid_content":false,"footnotes":"","jetpack_publicize_message":"","jetpack_publicize_feature_enabled":true,"jetpack_social_post_already_shared":true,"jetpack_social_options":{"image_generator_settings":{"template":"highway","default_image_id":0,"font":"","enabled":false},"version":2}},"categories":[901,891,1],"tags":[54,2561,1206],"class_list":["post-28951","post","type-post","status-publish","format-standard","has-post-thumbnail","hentry","category-1950-1959","category-directivos-temas","category-portada","tag-54","tag-1954-55","tag-manuel-ruiz"],"jetpack_publicize_connections":[],"jetpack_featured_media_url":"https:\/\/i0.wp.com\/www.manquepierda.com\/historiarealbetis\/files\/2013\/04\/F-01044-00027-002.jpg?fit=1385%2C1015&ssl=1","jetpack_sharing_enabled":true,"jetpack_shortlink":"https:\/\/wp.me\/p1ij08-7wX","jetpack-related-posts":[],"_links":{"self":[{"href":"https:\/\/www.manquepierda.com\/historiarealbetis\/wp-json\/wp\/v2\/posts\/28951","targetHints":{"allow":["GET"]}}],"collection":[{"href":"https:\/\/www.manquepierda.com\/historiarealbetis\/wp-json\/wp\/v2\/posts"}],"about":[{"href":"https:\/\/www.manquepierda.com\/historiarealbetis\/wp-json\/wp\/v2\/types\/post"}],"author":[{"embeddable":true,"href":"https:\/\/www.manquepierda.com\/historiarealbetis\/wp-json\/wp\/v2\/users\/5"}],"replies":[{"embeddable":true,"href":"https:\/\/www.manquepierda.com\/historiarealbetis\/wp-json\/wp\/v2\/comments?post=28951"}],"version-history":[{"count":0,"href":"https:\/\/www.manquepierda.com\/historiarealbetis\/wp-json\/wp\/v2\/posts\/28951\/revisions"}],"wp:featuredmedia":[{"embeddable":true,"href":"https:\/\/www.manquepierda.com\/historiarealbetis\/wp-json\/wp\/v2\/media\/28952"}],"wp:attachment":[{"href":"https:\/\/www.manquepierda.com\/historiarealbetis\/wp-json\/wp\/v2\/media?parent=28951"}],"wp:term":[{"taxonomy":"category","embeddable":true,"href":"https:\/\/www.manquepierda.com\/historiarealbetis\/wp-json\/wp\/v2\/categories?post=28951"},{"taxonomy":"post_tag","embeddable":true,"href":"https:\/\/www.manquepierda.com\/historiarealbetis\/wp-json\/wp\/v2\/tags?post=28951"}],"curies":[{"name":"wp","href":"https:\/\/api.w.org\/{rel}","templated":true}]}}