{"id":29019,"date":"2013-04-12T11:55:00","date_gmt":"2013-04-12T10:55:00","guid":{"rendered":"http:\/\/www.manquepierda.com\/historiarealbetis\/?p=29019"},"modified":"2014-11-15T16:36:03","modified_gmt":"2014-11-15T15:36:03","slug":"entrevista-grau-y-achucarro-1968","status":"publish","type":"post","link":"https:\/\/www.manquepierda.com\/historiarealbetis\/entrevista-grau-y-achucarro-1968\/","title":{"rendered":"Entrevista Grau y Ach\u00facarro 1968"},"content":{"rendered":"<figure id=\"attachment_29020\" aria-describedby=\"caption-attachment-29020\" style=\"width: 392px\" class=\"wp-caption aligncenter\"><a href=\"https:\/\/i0.wp.com\/www.manquepierda.com\/historiarealbetis\/files\/2013\/04\/Entrevista-Grau-y-Achucarro-1968-NMP-Marca-17-03-1968.jpg?ssl=1\"><img data-recalc-dims=\"1\" loading=\"lazy\" decoding=\"async\" class=\"size-full wp-image-29020\" src=\"https:\/\/i0.wp.com\/www.manquepierda.com\/historiarealbetis\/files\/2013\/04\/Entrevista-Grau-y-Achucarro-1968-NMP-Marca-17-03-1968.jpg?resize=392%2C315&#038;ssl=1\" alt=\"Fuente: Marca 17 de marzo de 1968\" width=\"392\" height=\"315\" srcset=\"https:\/\/i0.wp.com\/www.manquepierda.com\/historiarealbetis\/files\/2013\/04\/Entrevista-Grau-y-Achucarro-1968-NMP-Marca-17-03-1968.jpg?w=392&amp;ssl=1 392w, https:\/\/i0.wp.com\/www.manquepierda.com\/historiarealbetis\/files\/2013\/04\/Entrevista-Grau-y-Achucarro-1968-NMP-Marca-17-03-1968.jpg?resize=300%2C241&amp;ssl=1 300w\" sizes=\"auto, (max-width: 392px) 100vw, 392px\" \/><\/a><figcaption id=\"caption-attachment-29020\" class=\"wp-caption-text\">Fuente: Marca 17 de marzo de 1968<\/figcaption><\/figure>\n<p>&nbsp;<\/p>\n<p style=\"text-align: center\">El domingo 17 de marzo de 1968 Betis y Sevilla se enfrentan en el Villamar\u00edn en un partido dram\u00e1tico y casi decisivo.<\/p>\n<p style=\"text-align: center\">A falta de 6 jornadas para la finalizaci\u00f3n del Campeonato de Liga de Primera Divisi\u00f3n ambos se encuentran en los dos puestos de descenso autom\u00e1tico.<\/p>\n<p style=\"text-align: center\">El Betis es pen\u00faltimo,\u00a0 a un punto del C\u00f3rdoba,\u00a0 que es el objetivo verdiblanco:\u00a0 alcanzar al menos el tercer puesto por la cola,\u00a0 lo que le llevar\u00eda a jugar la promoci\u00f3n y salvarse del descenso directo.<\/p>\n<p style=\"text-align: center\">El Sevilla es \u00faltimo,\u00a0 a cuatro puntos del C\u00f3rdoba,\u00a0 y lo tiene a\u00fan m\u00e1s dif\u00edcil.<\/p>\n<p><a href=\"https:\/\/i0.wp.com\/www.manquepierda.com\/historiarealbetis\/files\/2013\/04\/Entrevista-Grau-y-Achucarro-1968-clasificaci%C3%B3n-NMP-Marca-11-03-1968.jpg?ssl=1\"><img data-recalc-dims=\"1\" loading=\"lazy\" decoding=\"async\" class=\"aligncenter size-full wp-image-29021\" src=\"https:\/\/i0.wp.com\/www.manquepierda.com\/historiarealbetis\/files\/2013\/04\/Entrevista-Grau-y-Achucarro-1968-clasificaci%C3%B3n-NMP-Marca-11-03-1968.jpg?resize=442%2C381&#038;ssl=1\" alt=\"Entrevista Grau y Achucarro 1968 clasificaci\u00f3n (NMP) Marca 11-03-1968\" width=\"442\" height=\"381\" srcset=\"https:\/\/i0.wp.com\/www.manquepierda.com\/historiarealbetis\/files\/2013\/04\/Entrevista-Grau-y-Achucarro-1968-clasificaci%C3%B3n-NMP-Marca-11-03-1968.jpg?w=442&amp;ssl=1 442w, https:\/\/i0.wp.com\/www.manquepierda.com\/historiarealbetis\/files\/2013\/04\/Entrevista-Grau-y-Achucarro-1968-clasificaci%C3%B3n-NMP-Marca-11-03-1968.jpg?resize=300%2C258&amp;ssl=1 300w\" sizes=\"auto, (max-width: 442px) 100vw, 442px\" \/><\/a><\/p>\n<p>&nbsp;<\/p>\n<p>Ambos equipos han ocupado estos puestos de descenso casi desde el inicio de la competici\u00f3n y ambos han tenido que cambiar de entrenador.<\/p>\n<p>El Betis,\u00a0 que empez\u00f3 la temporada con C\u00e9sar Rodr\u00edguez,\u00a0 lo sustituy\u00f3 por Pepe Valera en la jornada 9,\u00a0 y este fue suplido por Sabino Barianaga en la 18.<\/p>\n<p>El Sevilla en la jornada 19 ces\u00f3 a Antonio Barrios y encarg\u00f3 la direcci\u00f3n t\u00e9cnica a Juan Arza.<\/p>\n<p>El partido se presenta casi decisivo. El Betis viene de empatar a 0 en La Rosaleda y el Sevilla ha derrotado en casa 2-0 al Valencia.<\/p>\n<p>La misma jornada del partido Marca publica una entrevista con los dos capitanes: Francisco Grau, por el Betis, e Ignacio Ach\u00facarro, por el Sevilla, quienes coinciden en la importancia del partido y las ansias de victoria de los dos conjuntos.<\/p>\n<p><i>Hay muchos partidos de esta veinticuatro jornada de Liga que pueden ser decisivos.\u00a0 Pero acaso el m\u00e1s dram\u00e1tico de todos sea el Betis-Sevilla del Villamar\u00edn, sobre el que pesa el ser o no ser de ambos equipos de la capital de Andaluc\u00eda.\u00a0 En la primera vuelta gan\u00f3 el Betis a domicilio.\u00a0 Ahora los sevillistas sue\u00f1an con devolverles la pelota a sus vecinos.\u00a0 En esta ocasi\u00f3n los puntos son vitales.\u00a0 Betis y Sevilla han decidido concentrarse lejos de la ciudad.\u00a0 El ambiente es tenso. Hay una animaci\u00f3n a todo gas por las calles de Sevilla.\u00a0 Nos lo han dicho anoche desde el cuartel general de cada uno de los eternos rivales.\u00a0 El Betis se ha ido de Sevilla,\u00a0 y espera en el hotel Tartessos de Huelva la \u201chora punta\u201d.\u00a0 El Sevilla se ha marchado al Hotel Fleming,\u00a0 que est\u00e1 bastante retirado de la calle Sierpes. <\/i><\/p>\n<p><i>Los capitanes han respondido a nuestras preguntas.\u00a0 Ambos con una sola frase podr\u00edan resumir el \u201chay que ganar, sea como sea\u201d.<\/i><\/p>\n<p><i>El Betis se hab\u00eda ido a ver f\u00fatbol en la tarde del s\u00e1bado: Huelva-Levante.\u00a0 El Sevilla hab\u00eda acudido al cine Imperial.\u00a0 Dos maneras distintas de matar el tiempo.\u00a0 A la hora en que se recog\u00edan los bandos de este Betis-Sevilla,\u00a0 que llenar\u00e1 hasta los topes el Villamar\u00edn, Francisco Grau e Ignacio Ach\u00facarro,\u00a0 los dos capitanes, nos transmitieron la \u00faltima hora,\u00a0 los prop\u00f3sitos llenos de alta moral verdiblanca y blanca del todo.<\/i><\/p>\n<p><i>\u00a0<\/i><\/p>\n<p><i>Grau,\u00a0 capit\u00e1n del Betis.\u00a0 Nueve temporadas con los verdiblancos.\u00a0 Al otro lado del tel\u00e9fono, optimismo:<\/i><\/p>\n<p>&#8211;\u00a0\u00a0\u00a0\u00a0\u00a0\u00a0\u00a0\u00a0\u00a0 <i>Tenemos que ganar.\u00a0 Nos hacen mucha falta esos dos puntos\u2026<\/i><\/p>\n<p>&#8211;\u00a0\u00a0\u00a0\u00a0\u00a0\u00a0\u00a0\u00a0\u00a0 <i>Tambi\u00e9n al Sevilla \u00bfno?<\/i><\/p>\n<p>&#8211;\u00a0\u00a0\u00a0\u00a0\u00a0\u00a0\u00a0\u00a0\u00a0 <i>S\u00ed,\u00a0 pero nosotros jugamos en nuestro campo.\u00a0 Ya ganamos en la primera vuelta y en estos momentos atravesamos una inmejorable buena forma.\u00a0 Nuestra moral es muy alta.<\/i><\/p>\n<p>&#8211;\u00a0\u00a0\u00a0\u00a0\u00a0\u00a0\u00a0\u00a0\u00a0 <i>Si gana el Betis \u00bfse habr\u00e1 salvado del descenso autom\u00e1tico?<\/i><\/p>\n<p>&#8211;\u00a0\u00a0\u00a0\u00a0\u00a0\u00a0\u00a0\u00a0\u00a0 <i>Yo creo que s\u00ed,\u00a0 aunque despu\u00e9s quedar\u00e1n cinco partidos m\u00e1s.\u00a0 Nuestra victoria es imprescindible para seguir alimentando esa esperanza que tenemos todos de salvarnos.\u00a0 Pero es indiscutible que habr\u00e1 que seguir luchando\u2026<\/i><\/p>\n<p><i>\u00a0<\/i><\/p>\n<p><i>Grau se remonta a los \u00faltimos partidos y habla de esa buena preparaci\u00f3n que ha venido demostrando el Betis,\u00a0 de acuerdo con los buenos resultados que se han obtenido:<\/i><\/p>\n<p>&#8211;\u00a0\u00a0\u00a0\u00a0\u00a0\u00a0\u00a0\u00a0\u00a0 <i>Sobre todo el esp\u00edritu de compa\u00f1erismo que reina en el equipo.\u00a0 Todos somos responsables de los momentos dif\u00edciles por los que atraviesa el Betis.\u00a0 El empe\u00f1o es com\u00fan.\u00a0 Todos estamos convencidos de que este Betis-Sevilla tiene que terminar con victoria nuestra, ahora m\u00e1s que nunca.<\/i><\/p>\n<p><i>\u00a0<\/i><\/p>\n<p><i>Para Francisco Grau no hay otra idea.\u00a0 Ganar.\u00a0 Habla bien del entrenador,\u00a0 elogia l\u00ednea a l\u00ednea y adelanta que a pesar de la alta tensi\u00f3n del partido,\u00a0 en el cuartel b\u00e9tico hay ambiente de seguridad.<\/i><\/p>\n<p>&#8211;\u00a0\u00a0\u00a0\u00a0\u00a0\u00a0\u00a0\u00a0\u00a0 <i>El equipo pisa fuerte, de verdad\u2026<\/i><\/p>\n<p><i>\u00a0<\/i><\/p>\n<p><i>El capit\u00e1n sevillista lleva una temporada m\u00e1s por la Giralda que su colega \u201ceterno rival\u201d.\u00a0 Son diez los a\u00f1os que Ach\u00facarro lleva defendiendo los colores del Sevilla.<\/i><\/p>\n<p><i>-Significa mucho para m\u00ed ganar en el Villamar\u00edn.\u00a0 El Sevilla es mi vida y mi mayor ilusi\u00f3n es dejarlo en Primera.<\/i><\/p>\n<p><i>&#8211; En la primera vuelta,\u00a0 en el S\u00e1nchez Pizju\u00e1n, perdieron ustedes\u2026<\/i><\/p>\n<p><i>&#8211; S\u00ed.\u00a0 Eran otros tiempos.\u00a0 Ahora es distinto.\u00a0 Ahora hay necesidad imperiosa de los puntos.\u00a0 Adem\u00e1s,\u00a0 el Sevilla ha ganado en juego y confianza.\u00a0 Nos hemos reencontrado.<\/i><\/p>\n<p><i>&#8211; \u00bfOptimista,\u00a0 pues?<\/i><\/p>\n<p><i>&#8211; No soy pesimista,\u00a0\u00a0 desde luego. Conozco y conocemos todos las dificultades de este encuentro.\u00a0 Sobre un Sevilla-Betis cualquiera,\u00a0\u00a0 que ya est\u00e1 bien, pesa la situaci\u00f3n de los dos equipos en la tabla,\u00a0 y en pleno sprint final de la Liga,\u00a0 cuando ya no quedar\u00e1 tiempo para rectificar.\u00a0 Por eso, hay que salir dispuestos a ganar.<\/i><\/p>\n<p><i>\u00a0<\/i><\/p>\n<p><i>Tambi\u00e9n Ach\u00facarro elogia a su entrenador.\u00a0 El ambiente en el retiro sevillista es casi id\u00e9ntico al que se respira en el de sus rivales.<\/i><\/p>\n<p><i>&#8211; Aqu\u00ed no pensamos en otra cosa que no sea ganar, &#8212; termina el capit\u00e1n que&#8211;,\u00a0 por cierto, <\/i><\/p>\n<p><i>est\u00e1 muy contento de haber reaparecido tras larga ausencia en el equipo<\/i><\/p>\n<p><i>\u00a0\u00a0\u00a0\u00a0 <\/i><\/p>\n<p>&nbsp;<\/p>\n<p>Al final el partido acab\u00f3\u00a0 como empez\u00f3:\u00a0 un empate a 0 que de poco les sirvi\u00f3 a ninguno de los dos clubs.<\/p>\n","protected":false},"excerpt":{"rendered":"<p>&nbsp; El domingo 17 de marzo de 1968 Betis y Sevilla se enfrentan en el Villamar\u00edn en un partido dram\u00e1tico y casi decisivo. A falta de 6 jornadas para la finalizaci\u00f3n del Campeonato de Liga de Primera Divisi\u00f3n ambos se encuentran en los dos puestos de descenso autom\u00e1tico. El Betis es pen\u00faltimo,\u00a0 a un punto&#8230;<\/p>\n","protected":false},"author":5,"featured_media":29020,"comment_status":"open","ping_status":"open","sticky":false,"template":"","format":"standard","meta":{"_kad_post_transparent":"","_kad_post_title":"","_kad_post_layout":"","_kad_post_sidebar_id":"","_kad_post_content_style":"","_kad_post_vertical_padding":"","_kad_post_feature":"","_kad_post_feature_position":"","_kad_post_header":false,"_kad_post_footer":false,"_kad_post_classname":"","_jetpack_memberships_contains_paid_content":false,"footnotes":"","jetpack_publicize_message":"","jetpack_publicize_feature_enabled":true,"jetpack_social_post_already_shared":true,"jetpack_social_options":{"image_generator_settings":{"template":"highway","default_image_id":0,"font":"","enabled":false},"version":2}},"categories":[902,1],"tags":[2085,2083,11604],"class_list":["post-29019","post","type-post","status-publish","format-standard","has-post-thumbnail","hentry","category-1960-1969","category-portada","tag-1967-68","tag-2083","tag-ignacio-achucarro-ayala"],"jetpack_publicize_connections":[],"jetpack_featured_media_url":"https:\/\/i0.wp.com\/www.manquepierda.com\/historiarealbetis\/files\/2013\/04\/Entrevista-Grau-y-Achucarro-1968-NMP-Marca-17-03-1968.jpg?fit=392%2C315&ssl=1","jetpack_sharing_enabled":true,"jetpack_shortlink":"https:\/\/wp.me\/p1ij08-7y3","jetpack-related-posts":[],"_links":{"self":[{"href":"https:\/\/www.manquepierda.com\/historiarealbetis\/wp-json\/wp\/v2\/posts\/29019","targetHints":{"allow":["GET"]}}],"collection":[{"href":"https:\/\/www.manquepierda.com\/historiarealbetis\/wp-json\/wp\/v2\/posts"}],"about":[{"href":"https:\/\/www.manquepierda.com\/historiarealbetis\/wp-json\/wp\/v2\/types\/post"}],"author":[{"embeddable":true,"href":"https:\/\/www.manquepierda.com\/historiarealbetis\/wp-json\/wp\/v2\/users\/5"}],"replies":[{"embeddable":true,"href":"https:\/\/www.manquepierda.com\/historiarealbetis\/wp-json\/wp\/v2\/comments?post=29019"}],"version-history":[{"count":0,"href":"https:\/\/www.manquepierda.com\/historiarealbetis\/wp-json\/wp\/v2\/posts\/29019\/revisions"}],"wp:featuredmedia":[{"embeddable":true,"href":"https:\/\/www.manquepierda.com\/historiarealbetis\/wp-json\/wp\/v2\/media\/29020"}],"wp:attachment":[{"href":"https:\/\/www.manquepierda.com\/historiarealbetis\/wp-json\/wp\/v2\/media?parent=29019"}],"wp:term":[{"taxonomy":"category","embeddable":true,"href":"https:\/\/www.manquepierda.com\/historiarealbetis\/wp-json\/wp\/v2\/categories?post=29019"},{"taxonomy":"post_tag","embeddable":true,"href":"https:\/\/www.manquepierda.com\/historiarealbetis\/wp-json\/wp\/v2\/tags?post=29019"}],"curies":[{"name":"wp","href":"https:\/\/api.w.org\/{rel}","templated":true}]}}