{"id":29042,"date":"2013-04-13T07:15:39","date_gmt":"2013-04-13T06:15:39","guid":{"rendered":"http:\/\/www.manquepierda.com\/historiarealbetis\/?p=29042"},"modified":"2024-09-12T18:59:28","modified_gmt":"2024-09-12T16:59:28","slug":"alineacion-betis-sabadell-liga-1942","status":"publish","type":"post","link":"https:\/\/www.manquepierda.com\/historiarealbetis\/alineacion-betis-sabadell-liga-1942\/","title":{"rendered":"Alineaci\u00f3n Betis-Sabadell Liga 1942"},"content":{"rendered":"<p style=\"text-align: center\"><a href=\"https:\/\/i0.wp.com\/www.manquepierda.com\/historiarealbetis\/files\/2013\/04\/Alineaci%C3%B3n-Betis-Sabadell-Liga-1942-NMP-AGA.jpg?ssl=1\"><img data-recalc-dims=\"1\" loading=\"lazy\" decoding=\"async\" class=\"aligncenter wp-image-29043\" src=\"https:\/\/i0.wp.com\/www.manquepierda.com\/historiarealbetis\/files\/2013\/04\/Alineaci%C3%B3n-Betis-Sabadell-Liga-1942-NMP-AGA.jpg?resize=655%2C430&#038;ssl=1\" alt=\"Alineaci\u00f3n Betis-Sabadell Liga 1942 (NMP) AGA\" width=\"655\" height=\"430\" srcset=\"https:\/\/i0.wp.com\/www.manquepierda.com\/historiarealbetis\/files\/2013\/04\/Alineaci%C3%B3n-Betis-Sabadell-Liga-1942-NMP-AGA.jpg?resize=1024%2C672&amp;ssl=1 1024w, https:\/\/i0.wp.com\/www.manquepierda.com\/historiarealbetis\/files\/2013\/04\/Alineaci%C3%B3n-Betis-Sabadell-Liga-1942-NMP-AGA.jpg?resize=300%2C197&amp;ssl=1 300w, https:\/\/i0.wp.com\/www.manquepierda.com\/historiarealbetis\/files\/2013\/04\/Alineaci%C3%B3n-Betis-Sabadell-Liga-1942-NMP-AGA.jpg?resize=500%2C328&amp;ssl=1 500w, https:\/\/i0.wp.com\/www.manquepierda.com\/historiarealbetis\/files\/2013\/04\/Alineaci%C3%B3n-Betis-Sabadell-Liga-1942-NMP-AGA.jpg?w=1145&amp;ssl=1 1145w\" sizes=\"auto, (max-width: 655px) 100vw, 655px\" \/><\/a><\/p>\n<p style=\"text-align: center\">1 de marzo de 1942 en Heli\u00f3polis\u00a0 Betis 4\u00a0 Sabadell 2 ; jornada 6\u00a0 de la Liguilla de ascenso a Primera Divisi\u00f3n.<\/p>\n<p style=\"text-align: center\">En la imagen arriba; Paquillo, Adolfo, Jap\u00f3n, Besc\u00f3s, Ant\u00fanez, Coll y Paquirri; abajo: Cabezas, Saro, Pardo y G\u00f3mez. Los jugadores b\u00e9tico llevan brazaletes negros por la muerte del padre de su compa\u00f1ero Tomas\u00edn.<\/p>\n<p style=\"text-align: center\">Dos goles de Saro, uno de Paquirri y otro de Besc\u00f3s certificaron la victoria verdiblanca sobre el conjunto catal\u00e1n, que obtuvo sus goles por medio de Muruaga.<\/p>\n<p style=\"text-align: center\">Patrick O\u00b4Connell entrenaba al Betis y Jos\u00e9 Luis Zabala al Sabadell<\/p>\n","protected":false},"excerpt":{"rendered":"<p>1 de marzo de 1942 en Heli\u00f3polis\u00a0 Betis 4\u00a0 Sabadell 2 ; jornada 6\u00a0 de la Liguilla de ascenso a Primera Divisi\u00f3n. En la imagen arriba; Paquillo, Adolfo, Jap\u00f3n, Besc\u00f3s, Ant\u00fanez, Coll y Paquirri; abajo: Cabezas, Saro, Pardo y G\u00f3mez. Los jugadores b\u00e9tico llevan brazaletes negros por la muerte del padre de su compa\u00f1ero Tomas\u00edn&#8230;.<\/p>\n","protected":false},"author":5,"featured_media":29043,"comment_status":"open","ping_status":"open","sticky":false,"template":"","format":"standard","meta":{"_kad_post_transparent":"","_kad_post_title":"","_kad_post_layout":"","_kad_post_sidebar_id":"","_kad_post_content_style":"","_kad_post_vertical_padding":"","_kad_post_feature":"","_kad_post_feature_position":"","_kad_post_header":false,"_kad_post_footer":false,"_kad_post_classname":"","_jetpack_memberships_contains_paid_content":false,"footnotes":"","jetpack_publicize_message":"","jetpack_publicize_feature_enabled":true,"jetpack_social_post_already_shared":true,"jetpack_social_options":{"image_generator_settings":{"template":"highway","default_image_id":0,"font":"","enabled":false},"version":2}},"categories":[900,1],"tags":[2222,50,7758,1057,17047,1934,1118,1930,1170,1575,1932,1931,1463,17934,2532],"class_list":["post-29042","post","type-post","status-publish","format-standard","has-post-thumbnail","hentry","category-1940-1949","category-portada","tag-1941-42","tag-50","tag-adolfo-martin","tag-angel-martin-saro","tag-ce-sabadell","tag-enrique-bescos","tag-francisco-antunez","tag-francisco-carmona-paquillo","tag-francisco-gomez","tag-francisco-gonzalez-paquirri","tag-guillermo-coll","tag-jose-pardo","tag-jose-suarez-japon","tag-liga-segunda-1941-42","tag-luis-garcia-cabezas"],"jetpack_publicize_connections":[],"jetpack_featured_media_url":"https:\/\/i0.wp.com\/www.manquepierda.com\/historiarealbetis\/files\/2013\/04\/Alineaci%C3%B3n-Betis-Sabadell-Liga-1942-NMP-AGA.jpg?fit=1145%2C752&ssl=1","jetpack_sharing_enabled":true,"jetpack_shortlink":"https:\/\/wp.me\/p1ij08-7yq","jetpack-related-posts":[],"_links":{"self":[{"href":"https:\/\/www.manquepierda.com\/historiarealbetis\/wp-json\/wp\/v2\/posts\/29042","targetHints":{"allow":["GET"]}}],"collection":[{"href":"https:\/\/www.manquepierda.com\/historiarealbetis\/wp-json\/wp\/v2\/posts"}],"about":[{"href":"https:\/\/www.manquepierda.com\/historiarealbetis\/wp-json\/wp\/v2\/types\/post"}],"author":[{"embeddable":true,"href":"https:\/\/www.manquepierda.com\/historiarealbetis\/wp-json\/wp\/v2\/users\/5"}],"replies":[{"embeddable":true,"href":"https:\/\/www.manquepierda.com\/historiarealbetis\/wp-json\/wp\/v2\/comments?post=29042"}],"version-history":[{"count":1,"href":"https:\/\/www.manquepierda.com\/historiarealbetis\/wp-json\/wp\/v2\/posts\/29042\/revisions"}],"predecessor-version":[{"id":97848,"href":"https:\/\/www.manquepierda.com\/historiarealbetis\/wp-json\/wp\/v2\/posts\/29042\/revisions\/97848"}],"wp:featuredmedia":[{"embeddable":true,"href":"https:\/\/www.manquepierda.com\/historiarealbetis\/wp-json\/wp\/v2\/media\/29043"}],"wp:attachment":[{"href":"https:\/\/www.manquepierda.com\/historiarealbetis\/wp-json\/wp\/v2\/media?parent=29042"}],"wp:term":[{"taxonomy":"category","embeddable":true,"href":"https:\/\/www.manquepierda.com\/historiarealbetis\/wp-json\/wp\/v2\/categories?post=29042"},{"taxonomy":"post_tag","embeddable":true,"href":"https:\/\/www.manquepierda.com\/historiarealbetis\/wp-json\/wp\/v2\/tags?post=29042"}],"curies":[{"name":"wp","href":"https:\/\/api.w.org\/{rel}","templated":true}]}}