{"id":29355,"date":"2013-04-19T20:58:28","date_gmt":"2013-04-19T18:58:28","guid":{"rendered":"http:\/\/www.manquepierda.com\/historiarealbetis\/?p=29355"},"modified":"2024-08-09T11:31:07","modified_gmt":"2024-08-09T09:31:07","slug":"1958-abril-20-segunda-division-grupo-ii-alicante-cf-0-vs-real-betis-balompie-2-goles","status":"publish","type":"post","link":"https:\/\/www.manquepierda.com\/historiarealbetis\/1958-abril-20-segunda-division-grupo-ii-alicante-cf-0-vs-real-betis-balompie-2-goles\/","title":{"rendered":"1958-Abril 20-Segunda Divisi\u00f3n-Grupo II: Alicante Cf-0 vs. Real Betis Balompi\u00e9-2 goles."},"content":{"rendered":"<p><a href=\"https:\/\/www.manquepierda.com\/historiarealbetis\/29355-1958-abril-20-segunda-division-grupo-ii-alicante-cf-0-vs-real-betis-balompie-2-goles\/bardinfondonorte001-2\/\" rel=\"attachment wp-att-29356\"><img data-recalc-dims=\"1\" loading=\"lazy\" decoding=\"async\" class=\"aligncenter size-medium wp-image-29356\" alt=\"bardinfondonorte001\" src=\"https:\/\/i0.wp.com\/www.manquepierda.com\/historiarealbetis\/files\/2013\/04\/bardinfondonorte001.jpg?resize=680%2C466&#038;ssl=1\" width=\"680\" height=\"466\" srcset=\"https:\/\/i0.wp.com\/www.manquepierda.com\/historiarealbetis\/files\/2013\/04\/bardinfondonorte001.jpg?resize=680%2C466&amp;ssl=1 680w, https:\/\/i0.wp.com\/www.manquepierda.com\/historiarealbetis\/files\/2013\/04\/bardinfondonorte001.jpg?resize=220%2C150&amp;ssl=1 220w, https:\/\/i0.wp.com\/www.manquepierda.com\/historiarealbetis\/files\/2013\/04\/bardinfondonorte001.jpg?resize=500%2C343&amp;ssl=1 500w, https:\/\/i0.wp.com\/www.manquepierda.com\/historiarealbetis\/files\/2013\/04\/bardinfondonorte001.jpg?w=800&amp;ssl=1 800w\" sizes=\"auto, (max-width: 680px) 100vw, 680px\" \/><\/a><em><strong>XXVIII JORNADA LIGA SEGUNDA DIVISI\u00d3N-GRUPO SEGUNDO-TEMPORADA 1957-1958 EN ALICANTE DOMINGO 20 DE ABRIL DE 1958: ESTADIO BARD\u00cdN.<\/strong><\/em><\/p>\n<p style=\"text-align: center\"><a href=\"https:\/\/www.manquepierda.com\/historiarealbetis\/29355-1958-abril-20-segunda-division-grupo-ii-alicante-cf-0-vs-real-betis-balompie-2-goles\/tropezones-dice\/\" rel=\"attachment wp-att-29374\"><img data-recalc-dims=\"1\" loading=\"lazy\" decoding=\"async\" class=\"aligncenter size-medium wp-image-29374\" alt=\"Tropezones dice\" src=\"https:\/\/i0.wp.com\/www.manquepierda.com\/historiarealbetis\/files\/2013\/04\/Tropezones-dice.jpg?resize=340%2C600&#038;ssl=1\" width=\"340\" height=\"600\" srcset=\"https:\/\/i0.wp.com\/www.manquepierda.com\/historiarealbetis\/files\/2013\/04\/Tropezones-dice.jpg?resize=340%2C600&amp;ssl=1 340w, https:\/\/i0.wp.com\/www.manquepierda.com\/historiarealbetis\/files\/2013\/04\/Tropezones-dice.jpg?resize=124%2C220&amp;ssl=1 124w, https:\/\/i0.wp.com\/www.manquepierda.com\/historiarealbetis\/files\/2013\/04\/Tropezones-dice.jpg?resize=397%2C700&amp;ssl=1 397w, https:\/\/i0.wp.com\/www.manquepierda.com\/historiarealbetis\/files\/2013\/04\/Tropezones-dice.jpg?resize=283%2C500&amp;ssl=1 283w, https:\/\/i0.wp.com\/www.manquepierda.com\/historiarealbetis\/files\/2013\/04\/Tropezones-dice.jpg?w=485&amp;ssl=1 485w\" sizes=\"auto, (max-width: 340px) 100vw, 340px\" \/><\/a><\/p>\n<p style=\"text-align: center\">Arbitr\u00f3 Soler Llop, fue acertado juez de la contienda.-Aline\u00f3 \u00e1:<\/p>\n<p style=\"text-align: center\"><a href=\"https:\/\/www.manquepierda.com\/historiarealbetis\/29355-1958-abril-20-segunda-division-grupo-ii-alicante-cf-0-vs-real-betis-balompie-2-goles\/escudo-alicante-cf-rf_207095\/\" rel=\"attachment wp-att-29357\"><img data-recalc-dims=\"1\" loading=\"lazy\" decoding=\"async\" class=\"aligncenter size-thumbnail wp-image-29357\" alt=\"escudo-alicante-cf-rf_207095\" src=\"https:\/\/i0.wp.com\/www.manquepierda.com\/historiarealbetis\/files\/2013\/04\/escudo-alicante-cf-rf_207095.jpg?resize=155%2C220&#038;ssl=1\" width=\"155\" height=\"220\" srcset=\"https:\/\/i0.wp.com\/www.manquepierda.com\/historiarealbetis\/files\/2013\/04\/escudo-alicante-cf-rf_207095.jpg?resize=155%2C220&amp;ssl=1 155w, https:\/\/i0.wp.com\/www.manquepierda.com\/historiarealbetis\/files\/2013\/04\/escudo-alicante-cf-rf_207095.jpg?w=189&amp;ssl=1 189w\" sizes=\"auto, (max-width: 155px) 100vw, 155px\" \/><\/a><strong>17\u00ba Clasificado.-ALICANTE CLUB DE F\u00daTBOL-0 Tantos.<\/strong><\/p>\n<p style=\"text-align: left\"><strong>Jos\u00e9 Manuel PESUDO Soler.-BLANCO-Santiago BARDAJI Olloquiegui-MU\u00d1OZ.-CARDELL-DOMENECH.-MAG\u00c1N-Antonio PALLAR\u00c9S Huertas-BELL\u00d3-L\u00d3PEZ-MORA.<\/strong><\/p>\n<p style=\"text-align: left\"><strong>En el once alicantino lo m\u00e1s sobresaliente fue la combatividad del primer per\u00edodo.\u00a0 PALLAR\u00c9S\u00a0 y\u00a0 Mora hicieron algunas jugadas de calidad,\u00a0 pero no pudieron dar todo su rendimiento por el estrecho marcaje a que fueron sometidos.<\/strong><\/p>\n<p style=\"text-align: left\"><strong>Atr\u00e1s,\u00a0 el mejor de todos fue Bardaj\u00ed,\u00a0 aunque a veces denotara excesiva dureza.\u00a0 <\/strong><strong>Entrenador, Sergio Rodr\u00edguez Viera.-Presidente don Lu\u00eds Ghiloni Rosneoblet.<\/strong><\/p>\n<p style=\"text-align: center\"><em><strong>VS.<\/strong><\/em><\/p>\n<p style=\"text-align: center\"><em><strong><a href=\"https:\/\/www.manquepierda.com\/historiarealbetis\/28035-1968-marzo-17-primera-division-real-betis-balompie-0-vs-sevilla-cf-0\/escudo-realbetisbalompie1960\/\" rel=\"attachment wp-att-28043\"><img data-recalc-dims=\"1\" loading=\"lazy\" decoding=\"async\" class=\"aligncenter size-medium wp-image-28043\" alt=\"Escudo RealBetisBalompi\u00e91960'\" src=\"https:\/\/i0.wp.com\/www.manquepierda.com\/historiarealbetis\/files\/2013\/03\/Escudo-RealBetisBalompi%C3%A91960.jpg?resize=300%2C235&#038;ssl=1\" width=\"300\" height=\"235\" srcset=\"https:\/\/i0.wp.com\/www.manquepierda.com\/historiarealbetis\/files\/2013\/03\/Escudo-RealBetisBalompi%C3%A91960.jpg?resize=300%2C235&amp;ssl=1 300w, https:\/\/i0.wp.com\/www.manquepierda.com\/historiarealbetis\/files\/2013\/03\/Escudo-RealBetisBalompi%C3%A91960.jpg?resize=500%2C391&amp;ssl=1 500w, https:\/\/i0.wp.com\/www.manquepierda.com\/historiarealbetis\/files\/2013\/03\/Escudo-RealBetisBalompi%C3%A91960.jpg?w=600&amp;ssl=1 600w\" sizes=\"auto, (max-width: 300px) 100vw, 300px\" \/><\/a><\/strong><\/em><\/p>\n<p style=\"text-align: center\"><em><strong>Primer Clasificado.-REAL BETIS BALOMPI\u00c9-2 GOLES.<\/strong><\/em><\/p>\n<p style=\"text-align: left\"><a href=\"https:\/\/www.manquepierda.com\/historiarealbetis\/29355-1958-abril-20-segunda-division-grupo-ii-alicante-cf-0-vs-real-betis-balompie-2-goles\/220px-infanta_luisa_de_orleans\/\" rel=\"attachment wp-att-29358\"><img data-recalc-dims=\"1\" loading=\"lazy\" decoding=\"async\" class=\"aligncenter size-thumbnail wp-image-29358\" alt=\"220px-Infanta_Luisa_de_Orleans\" src=\"https:\/\/i0.wp.com\/www.manquepierda.com\/historiarealbetis\/files\/2013\/04\/220px-Infanta_Luisa_de_Orleans.jpg?resize=133%2C220&#038;ssl=1\" width=\"133\" height=\"220\" srcset=\"https:\/\/i0.wp.com\/www.manquepierda.com\/historiarealbetis\/files\/2013\/04\/220px-Infanta_Luisa_de_Orleans.jpg?resize=133%2C220&amp;ssl=1 133w, https:\/\/i0.wp.com\/www.manquepierda.com\/historiarealbetis\/files\/2013\/04\/220px-Infanta_Luisa_de_Orleans.jpg?w=220&amp;ssl=1 220w\" sizes=\"auto, (max-width: 133px) 100vw, 133px\" \/><\/a><em><strong>El equipo verdiblanco sac\u00f3 brazaletes negros en se\u00f1al de duelo por la muerte de la infanta de Espa\u00f1a y duquesa de Calabria:\u00a0 do\u00f1a LUISA Francisca Mar\u00eda Laura de ORLE\u00c1NS (Cannes, s\u00e1bado 04-Febrero-1882.-Sevilla, viernes 18-Abril-1958.-76 a\u00f1os.-D. E. P.<\/strong><\/em><\/p>\n<p style=\"text-align: center\"><em><strong>GOLEADORES:<br \/>\n<\/strong><\/em><\/p>\n<p style=\"text-align: left\"><a href=\"https:\/\/www.manquepierda.com\/historiarealbetis\/29355-1958-abril-20-segunda-division-grupo-ii-alicante-cf-0-vs-real-betis-balompie-2-goles\/aretaii-estebanaretavelez-3\/\" rel=\"attachment wp-att-29367\"><img data-recalc-dims=\"1\" loading=\"lazy\" decoding=\"async\" class=\"aligncenter size-thumbnail wp-image-29367\" alt=\"ARETAII-EstebanAretaV\u00e9lez\" src=\"https:\/\/i0.wp.com\/www.manquepierda.com\/historiarealbetis\/files\/2013\/04\/ARETAII-EstebanAretaV%C3%A9lez1.jpg?resize=165%2C220&#038;ssl=1\" width=\"165\" height=\"220\" srcset=\"https:\/\/i0.wp.com\/www.manquepierda.com\/historiarealbetis\/files\/2013\/04\/ARETAII-EstebanAretaV%C3%A9lez1.jpg?resize=165%2C220&amp;ssl=1 165w, https:\/\/i0.wp.com\/www.manquepierda.com\/historiarealbetis\/files\/2013\/04\/ARETAII-EstebanAretaV%C3%A9lez1.jpg?resize=451%2C600&amp;ssl=1 451w, https:\/\/i0.wp.com\/www.manquepierda.com\/historiarealbetis\/files\/2013\/04\/ARETAII-EstebanAretaV%C3%A9lez1.jpg?resize=527%2C700&amp;ssl=1 527w, https:\/\/i0.wp.com\/www.manquepierda.com\/historiarealbetis\/files\/2013\/04\/ARETAII-EstebanAretaV%C3%A9lez1.jpg?resize=1024%2C1359&amp;ssl=1 1024w, https:\/\/i0.wp.com\/www.manquepierda.com\/historiarealbetis\/files\/2013\/04\/ARETAII-EstebanAretaV%C3%A9lez1.jpg?resize=376%2C500&amp;ssl=1 376w, https:\/\/i0.wp.com\/www.manquepierda.com\/historiarealbetis\/files\/2013\/04\/ARETAII-EstebanAretaV%C3%A9lez1.jpg?w=2034&amp;ssl=1 2034w\" sizes=\"auto, (max-width: 165px) 100vw, 165px\" \/><\/a><em><strong>0-1.-52 Minutos:\u00a0 \u00abFue conseguido por ARETA II al ejecutar un penalti.\u00a0 El extremo DEL SOL fue autor de la jugada que lo provoc\u00f3 al subir un bal\u00f3n desde el c\u00edrculo central y adentrarse con \u00e9l en el \u00e1rea de puerta. \u00a0<\/strong><\/em><em><strong>En disposici\u00f3n de tiro le pusieron una zancadilla,\u00a0 pero consigui\u00f3 rehacerse y proseguir el avance.\u00a0<\/strong><\/em><\/p>\n<p style=\"text-align: left\"><em><strong> Cuando el meta Pesudo sal\u00eda a la desesperada cedi\u00f3 a VILA,\u00a0 que a puerta batida prepar\u00f3 un disparo.\u00a0 En la l\u00ednea de meta cuando el bal\u00f3n se colaba irremisiblemente,\u00a0 el defensa Mu\u00f1oz detuvo su trayectoria con las manos,\u00a0 y SOLER,\u00a0 \u00e1rbitro,\u00a0 sancion\u00f3 el claro castigo m\u00e1ximo\u00bb.<\/strong><\/em><\/p>\n<p style=\"text-align: left\"><a href=\"https:\/\/www.manquepierda.com\/historiarealbetis\/29355-1958-abril-20-segunda-division-grupo-ii-alicante-cf-0-vs-real-betis-balompie-2-goles\/heliodorocastanopedrosa-4\/\" rel=\"attachment wp-att-29365\"><img data-recalc-dims=\"1\" loading=\"lazy\" decoding=\"async\" class=\"aligncenter size-thumbnail wp-image-29365\" alt=\"HeliodoroCASTA\u00d1Opedrosa\" src=\"https:\/\/i0.wp.com\/www.manquepierda.com\/historiarealbetis\/files\/2013\/04\/HeliodoroCASTA%C3%91Opedrosa1-148x220.jpg?resize=148%2C220&#038;ssl=1\" width=\"148\" height=\"220\" srcset=\"https:\/\/i0.wp.com\/www.manquepierda.com\/historiarealbetis\/files\/2013\/04\/HeliodoroCASTA%C3%91Opedrosa1.jpg?resize=148%2C220&amp;ssl=1 148w, https:\/\/i0.wp.com\/www.manquepierda.com\/historiarealbetis\/files\/2013\/04\/HeliodoroCASTA%C3%91Opedrosa1.jpg?resize=404%2C600&amp;ssl=1 404w, https:\/\/i0.wp.com\/www.manquepierda.com\/historiarealbetis\/files\/2013\/04\/HeliodoroCASTA%C3%91Opedrosa1.jpg?resize=471%2C700&amp;ssl=1 471w, https:\/\/i0.wp.com\/www.manquepierda.com\/historiarealbetis\/files\/2013\/04\/HeliodoroCASTA%C3%91Opedrosa1.jpg?resize=1024%2C1519&amp;ssl=1 1024w, https:\/\/i0.wp.com\/www.manquepierda.com\/historiarealbetis\/files\/2013\/04\/HeliodoroCASTA%C3%91Opedrosa1.jpg?resize=337%2C500&amp;ssl=1 337w, https:\/\/i0.wp.com\/www.manquepierda.com\/historiarealbetis\/files\/2013\/04\/HeliodoroCASTA%C3%91Opedrosa1.jpg?w=1948&amp;ssl=1 1948w\" sizes=\"auto, (max-width: 148px) 100vw, 148px\" \/><\/a><em><strong>0-2.-64 Minutos:\u00a0 \u00abCASTA\u00d1O de tiro raso desde lejos al rematar un bal\u00f3n que le sirvi\u00f3 PAQUI en bandeja, despu\u00e9s de realizar una gran jugada personal\u00bb.<\/strong><\/em><\/p>\n<p style=\"text-align: center\"><em><strong>GUARDAMETA:<\/strong><\/em><\/p>\n<p style=\"text-align: left\"><a href=\"https:\/\/www.manquepierda.com\/historiarealbetis\/29355-1958-abril-20-segunda-division-grupo-ii-alicante-cf-0-vs-real-betis-balompie-2-goles\/luismenendezsanchez-3\/\" rel=\"attachment wp-att-29359\"><img data-recalc-dims=\"1\" loading=\"lazy\" decoding=\"async\" class=\"aligncenter size-thumbnail wp-image-29359\" alt=\"Lu\u00edsMEN\u00c9NDEZs\u00e1nchez\" src=\"https:\/\/i0.wp.com\/www.manquepierda.com\/historiarealbetis\/files\/2013\/04\/Lu%C3%ADsMEN%C3%89NDEZs%C3%A1nchez1-108x220.jpg?resize=108%2C220&#038;ssl=1\" width=\"108\" height=\"220\" srcset=\"https:\/\/i0.wp.com\/www.manquepierda.com\/historiarealbetis\/files\/2013\/04\/Lu%C3%ADsMEN%C3%89NDEZs%C3%A1nchez1.jpg?resize=108%2C220&amp;ssl=1 108w, https:\/\/i0.wp.com\/www.manquepierda.com\/historiarealbetis\/files\/2013\/04\/Lu%C3%ADsMEN%C3%89NDEZs%C3%A1nchez1.jpg?resize=295%2C600&amp;ssl=1 295w, https:\/\/i0.wp.com\/www.manquepierda.com\/historiarealbetis\/files\/2013\/04\/Lu%C3%ADsMEN%C3%89NDEZs%C3%A1nchez1.jpg?resize=344%2C700&amp;ssl=1 344w, https:\/\/i0.wp.com\/www.manquepierda.com\/historiarealbetis\/files\/2013\/04\/Lu%C3%ADsMEN%C3%89NDEZs%C3%A1nchez1.jpg?resize=1024%2C2081&amp;ssl=1 1024w, https:\/\/i0.wp.com\/www.manquepierda.com\/historiarealbetis\/files\/2013\/04\/Lu%C3%ADsMEN%C3%89NDEZs%C3%A1nchez1.jpg?resize=245%2C500&amp;ssl=1 245w, https:\/\/i0.wp.com\/www.manquepierda.com\/historiarealbetis\/files\/2013\/04\/Lu%C3%ADsMEN%C3%89NDEZs%C3%A1nchez1.jpg?w=1539&amp;ssl=1 1539w\" sizes=\"auto, (max-width: 108px) 100vw, 108px\" \/><\/a><em><strong>1-Destac\u00f3.-Lu\u00eds MEN\u00c9NDEZ S\u00e1nchez (27).-VALLADOLID, Viernes 09-Enero-1931.-82 A\u00f1os.-Leyenda B\u00e9tica-Temporadas 1957-1958 \u00e1 1959-1960, ambas inclusive.<\/strong><\/em><\/p>\n<p style=\"text-align: center\"><em><strong>ZAGUEROS:<\/strong><\/em><\/p>\n<p style=\"text-align: left\"><a href=\"https:\/\/www.manquepierda.com\/historiarealbetis\/29355-1958-abril-20-segunda-division-grupo-ii-alicante-cf-0-vs-real-betis-balompie-2-goles\/portu-jose-besteiro-farinas\/\" rel=\"attachment wp-att-29360\"><img data-recalc-dims=\"1\" loading=\"lazy\" decoding=\"async\" class=\"aligncenter size-thumbnail wp-image-29360\" alt=\"PORTU. Jos\u00e9 Besteiro Fari\u00f1as\" src=\"https:\/\/i0.wp.com\/www.manquepierda.com\/historiarealbetis\/files\/2013\/04\/PORTU.-Jos%C3%A9-Besteiro-Fari%C3%B1as.jpg?resize=147%2C220&#038;ssl=1\" width=\"147\" height=\"220\" srcset=\"https:\/\/i0.wp.com\/www.manquepierda.com\/historiarealbetis\/files\/2013\/04\/PORTU.-Jos%C3%A9-Besteiro-Fari%C3%B1as.jpg?resize=147%2C220&amp;ssl=1 147w, https:\/\/i0.wp.com\/www.manquepierda.com\/historiarealbetis\/files\/2013\/04\/PORTU.-Jos%C3%A9-Besteiro-Fari%C3%B1as.jpg?resize=401%2C600&amp;ssl=1 401w, https:\/\/i0.wp.com\/www.manquepierda.com\/historiarealbetis\/files\/2013\/04\/PORTU.-Jos%C3%A9-Besteiro-Fari%C3%B1as.jpg?resize=468%2C700&amp;ssl=1 468w, https:\/\/i0.wp.com\/www.manquepierda.com\/historiarealbetis\/files\/2013\/04\/PORTU.-Jos%C3%A9-Besteiro-Fari%C3%B1as.jpg?resize=334%2C500&amp;ssl=1 334w, https:\/\/i0.wp.com\/www.manquepierda.com\/historiarealbetis\/files\/2013\/04\/PORTU.-Jos%C3%A9-Besteiro-Fari%C3%B1as.jpg?w=627&amp;ssl=1 627w\" sizes=\"auto, (max-width: 147px) 100vw, 147px\" \/><\/a><em><strong>2-Descoll\u00f3.-Jos\u00e9 Besteiro Fari\u00f1as (28) \u00abPORTU\u00bb.-LA ESTRADA (Pontevedra), Domingo 23-Marzo-1930.-ALCAL\u00c1 DE GUADAIRA (Sevilla), Jueves 29-Noviembre-2007.-76 A\u00f1os.-D. E. P.\u00a0 Leyenda Verdiblanca ilustre jugador en las tres competiciones oficiales nacionales-Temporadas: 1952-1953 \u00e1 1959-1960, ambas inclusive.<\/strong><\/em><\/p>\n<p style=\"text-align: left\"><a href=\"https:\/\/www.manquepierda.com\/historiarealbetis\/29355-1958-abril-20-segunda-division-grupo-ii-alicante-cf-0-vs-real-betis-balompie-2-goles\/fernandosantos-2\/\" rel=\"attachment wp-att-29361\"><img data-recalc-dims=\"1\" loading=\"lazy\" decoding=\"async\" class=\"aligncenter size-thumbnail wp-image-29361\" alt=\"FernandoSANTOS\" src=\"https:\/\/i0.wp.com\/www.manquepierda.com\/historiarealbetis\/files\/2013\/04\/FernandoSANTOS.jpg?resize=157%2C220&#038;ssl=1\" width=\"157\" height=\"220\" srcset=\"https:\/\/i0.wp.com\/www.manquepierda.com\/historiarealbetis\/files\/2013\/04\/FernandoSANTOS.jpg?resize=157%2C220&amp;ssl=1 157w, https:\/\/i0.wp.com\/www.manquepierda.com\/historiarealbetis\/files\/2013\/04\/FernandoSANTOS.jpg?resize=429%2C600&amp;ssl=1 429w, https:\/\/i0.wp.com\/www.manquepierda.com\/historiarealbetis\/files\/2013\/04\/FernandoSANTOS.jpg?resize=500%2C700&amp;ssl=1 500w, https:\/\/i0.wp.com\/www.manquepierda.com\/historiarealbetis\/files\/2013\/04\/FernandoSANTOS.jpg?resize=1024%2C1431&amp;ssl=1 1024w, https:\/\/i0.wp.com\/www.manquepierda.com\/historiarealbetis\/files\/2013\/04\/FernandoSANTOS.jpg?resize=357%2C500&amp;ssl=1 357w, https:\/\/i0.wp.com\/www.manquepierda.com\/historiarealbetis\/files\/2013\/04\/FernandoSANTOS.jpg?w=1843&amp;ssl=1 1843w\" sizes=\"auto, (max-width: 157px) 100vw, 157px\" \/><\/a><em><strong>5-Central-Destac\u00f3.-Fernando SANTOS Serna (25).-ALBATERA (Alicante), S\u00e1bado 20-Agosto-1932.-80 A\u00f1os.-Leyenda B\u00e9tica-Temporadas: 1957-1958 \u00e1 1961-1962, ambas inclusive.<\/strong><\/em><\/p>\n<p style=\"text-align: left\"><a href=\"https:\/\/www.manquepierda.com\/historiarealbetis\/29355-1958-abril-20-segunda-division-grupo-ii-alicante-cf-0-vs-real-betis-balompie-2-goles\/isidrosamchezgarciafigueras-2\/\" rel=\"attachment wp-att-29362\"><img data-recalc-dims=\"1\" loading=\"lazy\" decoding=\"async\" class=\"aligncenter size-thumbnail wp-image-29362\" alt=\"ISIDROS\u00e1mchezGarc\u00edaFigueras\" src=\"https:\/\/i0.wp.com\/www.manquepierda.com\/historiarealbetis\/files\/2013\/04\/ISIDROS%C3%A1mchezGarc%C3%ADaFigueras.jpg?resize=145%2C220&#038;ssl=1\" width=\"145\" height=\"220\" srcset=\"https:\/\/i0.wp.com\/www.manquepierda.com\/historiarealbetis\/files\/2013\/04\/ISIDROS%C3%A1mchezGarc%C3%ADaFigueras.jpg?resize=145%2C220&amp;ssl=1 145w, https:\/\/i0.wp.com\/www.manquepierda.com\/historiarealbetis\/files\/2013\/04\/ISIDROS%C3%A1mchezGarc%C3%ADaFigueras.jpg?resize=396%2C600&amp;ssl=1 396w, https:\/\/i0.wp.com\/www.manquepierda.com\/historiarealbetis\/files\/2013\/04\/ISIDROS%C3%A1mchezGarc%C3%ADaFigueras.jpg?resize=462%2C700&amp;ssl=1 462w, https:\/\/i0.wp.com\/www.manquepierda.com\/historiarealbetis\/files\/2013\/04\/ISIDROS%C3%A1mchezGarc%C3%ADaFigueras.jpg?resize=1024%2C1550&amp;ssl=1 1024w, https:\/\/i0.wp.com\/www.manquepierda.com\/historiarealbetis\/files\/2013\/04\/ISIDROS%C3%A1mchezGarc%C3%ADaFigueras.jpg?resize=330%2C500&amp;ssl=1 330w, https:\/\/i0.wp.com\/www.manquepierda.com\/historiarealbetis\/files\/2013\/04\/ISIDROS%C3%A1mchezGarc%C3%ADaFigueras.jpg?w=2002&amp;ssl=1 2002w\" sizes=\"auto, (max-width: 145px) 100vw, 145px\" \/><\/a><em><strong>3-Descoll\u00f3.-ISIDRO S\u00e1nchez Garc\u00eda-Figueras (21).-JEREZ DE LA FRONTERA (C\u00e1diz), Jueves 17-Diciembre-1936.-76 A\u00f1os.-Leyenda Verdiblanca-Temporadas: 1957-1958 \u00e1 1960-1961, ambas inclusive.<\/strong><\/em><\/p>\n<p style=\"text-align: center\"><em><strong>MEDIOS:<\/strong><\/em><\/p>\n<p style=\"text-align: left\"><a href=\"https:\/\/www.manquepierda.com\/historiarealbetis\/29355-1958-abril-20-segunda-division-grupo-ii-alicante-cf-0-vs-real-betis-balompie-2-goles\/loli-manuelgomezdominguez\/\" rel=\"attachment wp-att-29363\"><img data-recalc-dims=\"1\" loading=\"lazy\" decoding=\"async\" class=\"aligncenter size-thumbnail wp-image-29363\" alt=\"LOLI-ManuelG\u00f3mezDom\u00ednguez\" src=\"https:\/\/i0.wp.com\/www.manquepierda.com\/historiarealbetis\/files\/2013\/04\/LOLI-ManuelG%C3%B3mezDom%C3%ADnguez.jpg?resize=171%2C220&#038;ssl=1\" width=\"171\" height=\"220\" srcset=\"https:\/\/i0.wp.com\/www.manquepierda.com\/historiarealbetis\/files\/2013\/04\/LOLI-ManuelG%C3%B3mezDom%C3%ADnguez.jpg?resize=171%2C220&amp;ssl=1 171w, https:\/\/i0.wp.com\/www.manquepierda.com\/historiarealbetis\/files\/2013\/04\/LOLI-ManuelG%C3%B3mezDom%C3%ADnguez.jpg?resize=468%2C600&amp;ssl=1 468w, https:\/\/i0.wp.com\/www.manquepierda.com\/historiarealbetis\/files\/2013\/04\/LOLI-ManuelG%C3%B3mezDom%C3%ADnguez.jpg?resize=546%2C700&amp;ssl=1 546w, https:\/\/i0.wp.com\/www.manquepierda.com\/historiarealbetis\/files\/2013\/04\/LOLI-ManuelG%C3%B3mezDom%C3%ADnguez.jpg?resize=1024%2C1310&amp;ssl=1 1024w, https:\/\/i0.wp.com\/www.manquepierda.com\/historiarealbetis\/files\/2013\/04\/LOLI-ManuelG%C3%B3mezDom%C3%ADnguez.jpg?resize=390%2C500&amp;ssl=1 390w, https:\/\/i0.wp.com\/www.manquepierda.com\/historiarealbetis\/files\/2013\/04\/LOLI-ManuelG%C3%B3mezDom%C3%ADnguez.jpg?w=1702&amp;ssl=1 1702w\" sizes=\"auto, (max-width: 171px) 100vw, 171px\" \/><\/a><em><strong>4.-Manuel G\u00f3mez Dom\u00edguez (30) \u00abLOLI\u00bb.-ALGECIRAS (C\u00e1diz), Domingo 22-Mayo-1927.-85 A\u00f1os.-Vive en Torremolinos (M\u00e1laga).-Leyenda B\u00e9tica-Temporadas: 1956-1957 y 1957-1958.<\/strong><\/em><\/p>\n<p style=\"text-align: left\"><a href=\"https:\/\/www.manquepierda.com\/historiarealbetis\/29355-1958-abril-20-segunda-division-grupo-ii-alicante-cf-0-vs-real-betis-balompie-2-goles\/josevalderasrumi-1-3\/\" rel=\"attachment wp-att-29364\"><img data-recalc-dims=\"1\" loading=\"lazy\" decoding=\"async\" class=\"aligncenter size-thumbnail wp-image-29364\" alt=\"Jos\u00e9VALDERASrumi.1\" src=\"https:\/\/i0.wp.com\/www.manquepierda.com\/historiarealbetis\/files\/2013\/04\/Jos%C3%A9VALDERASrumi.12.jpg?resize=132%2C220&#038;ssl=1\" width=\"132\" height=\"220\" srcset=\"https:\/\/i0.wp.com\/www.manquepierda.com\/historiarealbetis\/files\/2013\/04\/Jos%C3%A9VALDERASrumi.12.jpg?resize=132%2C220&amp;ssl=1 132w, https:\/\/i0.wp.com\/www.manquepierda.com\/historiarealbetis\/files\/2013\/04\/Jos%C3%A9VALDERASrumi.12.jpg?resize=362%2C600&amp;ssl=1 362w, https:\/\/i0.wp.com\/www.manquepierda.com\/historiarealbetis\/files\/2013\/04\/Jos%C3%A9VALDERASrumi.12.jpg?resize=302%2C500&amp;ssl=1 302w\" sizes=\"auto, (max-width: 132px) 100vw, 132px\" \/><\/a><em><strong>6-Destac\u00f3.-Jos\u00e9 VALDERAS Rum\u00ed (22).-GERENA (Sevilla), Mi\u00e9rcoles 25-Septiembre-1935.-85 A\u00f1os.-Leyenda Verdiblanca-Temporadas: 1957-1958 \u00e1 1960-1961, ambas inclusive.<\/strong><\/em><\/p>\n<p style=\"text-align: center\"><em><strong>DELANTEROS:<\/strong><\/em><\/p>\n<p style=\"text-align: left\"><a href=\"https:\/\/www.manquepierda.com\/historiarealbetis\/29355-1958-abril-20-segunda-division-grupo-ii-alicante-cf-0-vs-real-betis-balompie-2-goles\/caricatura-heliodoro-castano\/\" rel=\"attachment wp-att-29369\"><img data-recalc-dims=\"1\" loading=\"lazy\" decoding=\"async\" class=\"aligncenter size-thumbnail wp-image-29369\" alt=\"Caricatura Heliodoro Casta\u00f1o\" src=\"https:\/\/i0.wp.com\/www.manquepierda.com\/historiarealbetis\/files\/2013\/04\/Caricatura-Heliodoro-Casta%C3%B1o.jpg?resize=123%2C220&#038;ssl=1\" width=\"123\" height=\"220\" srcset=\"https:\/\/i0.wp.com\/www.manquepierda.com\/historiarealbetis\/files\/2013\/04\/Caricatura-Heliodoro-Casta%C3%B1o.jpg?resize=123%2C220&amp;ssl=1 123w, https:\/\/i0.wp.com\/www.manquepierda.com\/historiarealbetis\/files\/2013\/04\/Caricatura-Heliodoro-Casta%C3%B1o.jpg?resize=335%2C600&amp;ssl=1 335w, https:\/\/i0.wp.com\/www.manquepierda.com\/historiarealbetis\/files\/2013\/04\/Caricatura-Heliodoro-Casta%C3%B1o.jpg?resize=279%2C500&amp;ssl=1 279w, https:\/\/i0.wp.com\/www.manquepierda.com\/historiarealbetis\/files\/2013\/04\/Caricatura-Heliodoro-Casta%C3%B1o.jpg?w=358&amp;ssl=1 358w\" sizes=\"auto, (max-width: 123px) 100vw, 123px\" \/><\/a><em><strong>7-Descoll\u00f3.-Heliodoro CASTA\u00d1O Pedrosa (25).-ALCAZARQUIVIR (Norte Marruecos-cercana Larache), Mi\u00e9rcoles 05-Abril-1933.-Vive en Larache.-Leyenda B\u00e9tica-Temporadas: 1957-1958 \u00e1 1961-1962, ambas inclusive.-(Caricatura pintada a mano por el actual Socio N\u00ba 24: Joaqu\u00edn Real Rodr\u00edguez).<\/strong><\/em><\/p>\n<p style=\"text-align: left\"><a href=\"https:\/\/www.manquepierda.com\/historiarealbetis\/29355-1958-abril-20-segunda-division-grupo-ii-alicante-cf-0-vs-real-betis-balompie-2-goles\/paquifranciscogomezlopez-2\/\" rel=\"attachment wp-att-29366\"><img data-recalc-dims=\"1\" loading=\"lazy\" decoding=\"async\" class=\"aligncenter size-thumbnail wp-image-29366\" alt=\"PAQUIfranciscog\u00f3mezl\u00f3pez\" src=\"https:\/\/i0.wp.com\/www.manquepierda.com\/historiarealbetis\/files\/2013\/04\/PAQUIfranciscog%C3%B3mezl%C3%B3pez.jpg?resize=172%2C220&#038;ssl=1\" width=\"172\" height=\"220\" srcset=\"https:\/\/i0.wp.com\/www.manquepierda.com\/historiarealbetis\/files\/2013\/04\/PAQUIfranciscog%C3%B3mezl%C3%B3pez.jpg?resize=172%2C220&amp;ssl=1 172w, https:\/\/i0.wp.com\/www.manquepierda.com\/historiarealbetis\/files\/2013\/04\/PAQUIfranciscog%C3%B3mezl%C3%B3pez.jpg?resize=471%2C600&amp;ssl=1 471w, https:\/\/i0.wp.com\/www.manquepierda.com\/historiarealbetis\/files\/2013\/04\/PAQUIfranciscog%C3%B3mezl%C3%B3pez.jpg?resize=550%2C700&amp;ssl=1 550w, https:\/\/i0.wp.com\/www.manquepierda.com\/historiarealbetis\/files\/2013\/04\/PAQUIfranciscog%C3%B3mezl%C3%B3pez.jpg?resize=1024%2C1303&amp;ssl=1 1024w, https:\/\/i0.wp.com\/www.manquepierda.com\/historiarealbetis\/files\/2013\/04\/PAQUIfranciscog%C3%B3mezl%C3%B3pez.jpg?resize=392%2C500&amp;ssl=1 392w, https:\/\/i0.wp.com\/www.manquepierda.com\/historiarealbetis\/files\/2013\/04\/PAQUIfranciscog%C3%B3mezl%C3%B3pez.jpg?w=1574&amp;ssl=1 1574w\" sizes=\"auto, (max-width: 172px) 100vw, 172px\" \/><\/a><em><strong>8.-Francisco G\u00f3mez L\u00f3pez (25) \u00abPAQUI\u00bb.-VALDILECHA (Madrid), Viernes 21-Abril-1933.-ALICANTE, Martes 26-Febrero-2013.-79 A\u00f1os.-D. E. P.\u00a0 Leyenda B\u00e9tica-Temporadas: 1956-1957 \u00e1 1959-1960, ambas inclusive.<\/strong><\/em><\/p>\n<p style=\"text-align: left\"><em><strong>9-Ariete.-Jorge VILA Soler (28).-SANTPEDOR (Barcelona), Domingo 19-Mayo-1929.-MAH\u00d3N (Islas Baleares), Jueves 20-Enero-2011.-81 A\u00f1os.-D. E. P.\u00a0 Leyenda B\u00e9tica-Temporadas: 1957-1958 \u00e1 1959-1960, ambas inclusive.<\/strong><\/em><\/p>\n<p style=\"text-align: left\"><a href=\"https:\/\/www.manquepierda.com\/historiarealbetis\/29355-1958-abril-20-segunda-division-grupo-ii-alicante-cf-0-vs-real-betis-balompie-2-goles\/areta-velez-curiosidad\/\" rel=\"attachment wp-att-29368\"><img data-recalc-dims=\"1\" loading=\"lazy\" decoding=\"async\" class=\"aligncenter size-thumbnail wp-image-29368\" alt=\"Areta Velez, Curiosidad\" src=\"https:\/\/i0.wp.com\/www.manquepierda.com\/historiarealbetis\/files\/2013\/04\/Areta-Velez-Curiosidad.jpg?resize=220%2C216&#038;ssl=1\" width=\"220\" height=\"216\" srcset=\"https:\/\/i0.wp.com\/www.manquepierda.com\/historiarealbetis\/files\/2013\/04\/Areta-Velez-Curiosidad.jpg?resize=220%2C216&amp;ssl=1 220w, https:\/\/i0.wp.com\/www.manquepierda.com\/historiarealbetis\/files\/2013\/04\/Areta-Velez-Curiosidad.jpg?resize=608%2C600&amp;ssl=1 608w, https:\/\/i0.wp.com\/www.manquepierda.com\/historiarealbetis\/files\/2013\/04\/Areta-Velez-Curiosidad.jpg?resize=50%2C50&amp;ssl=1 50w, https:\/\/i0.wp.com\/www.manquepierda.com\/historiarealbetis\/files\/2013\/04\/Areta-Velez-Curiosidad.jpg?resize=500%2C492&amp;ssl=1 500w, https:\/\/i0.wp.com\/www.manquepierda.com\/historiarealbetis\/files\/2013\/04\/Areta-Velez-Curiosidad.jpg?w=635&amp;ssl=1 635w\" sizes=\"auto, (max-width: 220px) 100vw, 220px\" \/><\/a><em><strong>10.-ESTEBAN ARETA V\u00e9lez (26) \u00abARETA II\u00bb.-PAMPLONA (Navarra), Jueves 14-Abril-1932.-SEVILLA, Lunes 09-Julio-2007.-75 A\u00f1os.-D. E. P.\u00a0 Leyenda B\u00e9tica ilustre jugador internacional-Temporadas: 1957-1958 \u00e1 1963-1964, ambas inclusive.-Segundo Entrenador-Lu\u00eds Bell\u00f3 Mart\u00ednez (1966-1967) \u00e1 1973-1974 entrenador del filial.-Primera Plantilla 1971-1972 (Entre Antonio Barrios y Feren\u00e7 Szusza).<\/strong><\/em><\/p>\n<p style=\"text-align: center\"><a href=\"https:\/\/www.manquepierda.com\/historiarealbetis\/29355-1958-abril-20-segunda-division-grupo-ii-alicante-cf-0-vs-real-betis-balompie-2-goles\/luisdel-solcascajares-77sspando-6\/\" rel=\"attachment wp-att-29370\"><img data-recalc-dims=\"1\" loading=\"lazy\" decoding=\"async\" class=\"aligncenter size-thumbnail wp-image-29370\" alt=\"Lu\u00edsDEL SOLcascajares-77SSPando\" src=\"https:\/\/i0.wp.com\/www.manquepierda.com\/historiarealbetis\/files\/2013\/04\/Lu%C3%ADsDEL-SOLcascajares-77SSPando1.jpg?resize=177%2C220&#038;ssl=1\" width=\"177\" height=\"220\" srcset=\"https:\/\/i0.wp.com\/www.manquepierda.com\/historiarealbetis\/files\/2013\/04\/Lu%C3%ADsDEL-SOLcascajares-77SSPando1.jpg?resize=177%2C220&amp;ssl=1 177w, https:\/\/i0.wp.com\/www.manquepierda.com\/historiarealbetis\/files\/2013\/04\/Lu%C3%ADsDEL-SOLcascajares-77SSPando1.jpg?resize=483%2C600&amp;ssl=1 483w, https:\/\/i0.wp.com\/www.manquepierda.com\/historiarealbetis\/files\/2013\/04\/Lu%C3%ADsDEL-SOLcascajares-77SSPando1.jpg?resize=564%2C700&amp;ssl=1 564w, https:\/\/i0.wp.com\/www.manquepierda.com\/historiarealbetis\/files\/2013\/04\/Lu%C3%ADsDEL-SOLcascajares-77SSPando1.jpg?resize=1024%2C1269&amp;ssl=1 1024w, https:\/\/i0.wp.com\/www.manquepierda.com\/historiarealbetis\/files\/2013\/04\/Lu%C3%ADsDEL-SOLcascajares-77SSPando1.jpg?resize=403%2C500&amp;ssl=1 403w, https:\/\/i0.wp.com\/www.manquepierda.com\/historiarealbetis\/files\/2013\/04\/Lu%C3%ADsDEL-SOLcascajares-77SSPando1.jpg?w=1832&amp;ssl=1 1832w\" sizes=\"auto, (max-width: 177px) 100vw, 177px\" \/><\/a><\/p>\n<p style=\"text-align: left\"><em><strong>11-Destac\u00f3.-Lu\u00eds DEL SOL Cascajares (23).-ARCOS DEL JAL\u00d3N (Soria), S\u00e1bado 06-Abril-1985.-78 A\u00f1os.-Leyenda Verdiblanca ilustre jugador-Temporadas: 1954-1955 \u00e1 1959-1960, ambas inclusive; 1972-1973.-Secretario T\u00e9cnico.-Entrenador primera plantilla-Temporadas 1985-1986+1986-1987+2000-2001.<\/strong><\/em><\/p>\n<p style=\"text-align: center\"><em><strong><a href=\"https:\/\/www.manquepierda.com\/historiarealbetis\/29355-1958-abril-20-segunda-division-grupo-ii-alicante-cf-0-vs-real-betis-balompie-2-goles\/antonio-barrios-seoane-2\/\" rel=\"attachment wp-att-29371\"><img data-recalc-dims=\"1\" loading=\"lazy\" decoding=\"async\" class=\"alignleft size-thumbnail wp-image-29371\" alt=\"Antonio Barrios Seoane\" src=\"https:\/\/i0.wp.com\/www.manquepierda.com\/historiarealbetis\/files\/2013\/04\/Antonio-Barrios-Seoane.jpg?resize=214%2C220&#038;ssl=1\" width=\"214\" height=\"220\" srcset=\"https:\/\/i0.wp.com\/www.manquepierda.com\/historiarealbetis\/files\/2013\/04\/Antonio-Barrios-Seoane.jpg?resize=214%2C220&amp;ssl=1 214w, https:\/\/i0.wp.com\/www.manquepierda.com\/historiarealbetis\/files\/2013\/04\/Antonio-Barrios-Seoane.jpg?resize=584%2C600&amp;ssl=1 584w, https:\/\/i0.wp.com\/www.manquepierda.com\/historiarealbetis\/files\/2013\/04\/Antonio-Barrios-Seoane.jpg?resize=50%2C50&amp;ssl=1 50w, https:\/\/i0.wp.com\/www.manquepierda.com\/historiarealbetis\/files\/2013\/04\/Antonio-Barrios-Seoane.jpg?resize=487%2C500&amp;ssl=1 487w, https:\/\/i0.wp.com\/www.manquepierda.com\/historiarealbetis\/files\/2013\/04\/Antonio-Barrios-Seoane.jpg?w=608&amp;ssl=1 608w\" sizes=\"auto, (max-width: 214px) 100vw, 214px\" \/><\/a>ENTRENADOR REAL BETIS BALOMPI\u00c9-Temporada 1957-1958:<\/strong><\/em><\/p>\n<p style=\"text-align: left\"><em><strong>ANTONIO BARRIOS SEOANE (47 A\u00f1os).-GETXO (Vizcaya), S\u00e1bado 21-Mayo-1910.-SAN SEBASTI\u00c1N (Guip\u00fazcoa), Lunes 19-Agosto-2002.-92 A\u00f1os.-D. E. P.<\/strong><\/em><\/p>\n<p style=\"text-align: left\"><em><strong>Seguidamente-Temporadas 1958-1959+1966-1967+1969-1970+1970-1971 y 1971-1972.<\/strong><\/em><\/p>\n<p style=\"text-align: center\"><em><strong>XXXIX PRESIDENTE REAL BETIS BALOMPI\u00c9-Temporada 1957-1958 (Tercer mandato de Once):<\/strong><\/em><\/p>\n<p style=\"text-align: center\"><a href=\"https:\/\/www.manquepierda.com\/historiarealbetis\/29355-1958-abril-20-segunda-division-grupo-ii-alicante-cf-0-vs-real-betis-balompie-2-goles\/benito-villamarin-06-6\/\" rel=\"attachment wp-att-29372\"><img data-recalc-dims=\"1\" loading=\"lazy\" decoding=\"async\" class=\"aligncenter size-thumbnail wp-image-29372\" alt=\"Benito Villamar\u00edn-06\" src=\"https:\/\/i0.wp.com\/www.manquepierda.com\/historiarealbetis\/files\/2013\/04\/Benito-Villamar%C3%ADn-06.jpg?resize=127%2C220&#038;ssl=1\" width=\"127\" height=\"220\" srcset=\"https:\/\/i0.wp.com\/www.manquepierda.com\/historiarealbetis\/files\/2013\/04\/Benito-Villamar%C3%ADn-06.jpg?resize=127%2C220&amp;ssl=1 127w, https:\/\/i0.wp.com\/www.manquepierda.com\/historiarealbetis\/files\/2013\/04\/Benito-Villamar%C3%ADn-06.jpg?resize=348%2C600&amp;ssl=1 348w, https:\/\/i0.wp.com\/www.manquepierda.com\/historiarealbetis\/files\/2013\/04\/Benito-Villamar%C3%ADn-06.jpg?resize=406%2C700&amp;ssl=1 406w, https:\/\/i0.wp.com\/www.manquepierda.com\/historiarealbetis\/files\/2013\/04\/Benito-Villamar%C3%ADn-06.jpg?resize=290%2C500&amp;ssl=1 290w, https:\/\/i0.wp.com\/www.manquepierda.com\/historiarealbetis\/files\/2013\/04\/Benito-Villamar%C3%ADn-06.jpg?w=688&amp;ssl=1 688w\" sizes=\"auto, (max-width: 127px) 100vw, 127px\" \/><\/a><a href=\"https:\/\/www.manquepierda.com\/historiarealbetis\/28484-1958-marzo-30-segunda-division-grupo-ii-cordoba-cf-0-vs-real-betis-balompie-2-goles\/cartadespedidabenitovillamarinprieto\/\" rel=\"attachment wp-att-28500\"><img data-recalc-dims=\"1\" loading=\"lazy\" decoding=\"async\" class=\"alignright size-medium wp-image-28500\" alt=\"CartaDespedidaBenitoVillamar\u00ednPrieto\" src=\"https:\/\/i0.wp.com\/www.manquepierda.com\/historiarealbetis\/files\/2013\/03\/CartaDespedidaBenitoVillamar%C3%ADnPrieto.jpg?resize=251%2C300&#038;ssl=1\" width=\"251\" height=\"300\" srcset=\"https:\/\/i0.wp.com\/www.manquepierda.com\/historiarealbetis\/files\/2013\/03\/CartaDespedidaBenitoVillamar%C3%ADnPrieto.jpg?resize=251%2C300&amp;ssl=1 251w, https:\/\/i0.wp.com\/www.manquepierda.com\/historiarealbetis\/files\/2013\/03\/CartaDespedidaBenitoVillamar%C3%ADnPrieto.jpg?resize=858%2C1024&amp;ssl=1 858w, https:\/\/i0.wp.com\/www.manquepierda.com\/historiarealbetis\/files\/2013\/03\/CartaDespedidaBenitoVillamar%C3%ADnPrieto.jpg?resize=1024%2C1222&amp;ssl=1 1024w, https:\/\/i0.wp.com\/www.manquepierda.com\/historiarealbetis\/files\/2013\/03\/CartaDespedidaBenitoVillamar%C3%ADnPrieto.jpg?resize=418%2C500&amp;ssl=1 418w\" sizes=\"auto, (max-width: 251px) 100vw, 251px\" \/><\/a><a href=\"https:\/\/www.manquepierda.com\/historiarealbetis\/28100-1956-marzo-18-segunda-division-grupo-ii-real-betis-balompie-4-vs-ad-plus-ultra-0\/villamarin-exportadoraceitunas-2\/\" rel=\"attachment wp-att-28115\"><img data-recalc-dims=\"1\" loading=\"lazy\" decoding=\"async\" class=\"alignleft size-medium wp-image-28115\" alt=\"Villamar\u00edn-exportadorAceitunas\" src=\"https:\/\/i0.wp.com\/www.manquepierda.com\/historiarealbetis\/files\/2013\/03\/Villamar%C3%ADn-exportadorAceitunas-300x225.jpg?resize=300%2C225&#038;ssl=1\" width=\"300\" height=\"225\" srcset=\"https:\/\/i0.wp.com\/www.manquepierda.com\/historiarealbetis\/files\/2013\/03\/Villamar%C3%ADn-exportadorAceitunas.jpg?resize=300%2C225&amp;ssl=1 300w, https:\/\/i0.wp.com\/www.manquepierda.com\/historiarealbetis\/files\/2013\/03\/Villamar%C3%ADn-exportadorAceitunas.jpg?resize=500%2C376&amp;ssl=1 500w, https:\/\/i0.wp.com\/www.manquepierda.com\/historiarealbetis\/files\/2013\/03\/Villamar%C3%ADn-exportadorAceitunas.jpg?w=720&amp;ssl=1 720w\" sizes=\"auto, (max-width: 300px) 100vw, 300px\" \/><\/a><em><strong>DON BENITO VILLAMAR\u00cdN PRIETO (39 A\u00f1os).-Industrial. PUGA-Toen (Ourense), Mi\u00e9rcoles 21-Agosto-1918.-SEVILLA-\u00abCiudad del Betis\u00bb, Lunes 15-Agosto-1966.-48 a\u00f1os por enfermedad grave de c\u00e1ncer.<\/strong><\/em><\/p>\n<p style=\"text-align: center\"><em><strong>1965-Diciembre 07-Martes.<\/strong><\/em><\/p>\n<p style=\"text-align: center\"><em><strong>\u00abMis queridos compa\u00f1eros y amigos:<br \/>\n<\/strong><\/em><\/p>\n<p style=\"text-align: left\"><em><strong>Esta carta va dirigida a vosotros en particular,\u00a0 como representaci\u00f3n oficial y leg\u00edtima del Real Betis Balompi\u00e9,\u00a0 y a trav\u00e9s de vosotros a la gran afici\u00f3n verdiblanca en general. <\/strong><\/em><\/p>\n<p style=\"text-align: left\"><em><strong>He de ausentarme y permanecer fuera de Espa\u00f1a por razones familiares y de salud por un per\u00edodo de de tiempo que,\u00a0 contra mi voluntad,\u00a0 no puede ser corto.<\/strong><\/em><\/p>\n<p style=\"text-align: left\"><em><strong>Ello ocurre en momentos dif\u00edciles para el club que yo hubiera querido ver superados antes de partir.\u00a0 Dios no lo ha querido as\u00ed y heme aqu\u00ed,\u00a0 forzado a alejarme en momentos en que la nave del Betis necesita m\u00e1s que nunca de las energ\u00edas y de las esperanzas de un buen timonel.<\/strong><\/em><\/p>\n<p style=\"text-align: left\"><em><strong>Es por ello que,\u00a0 doli\u00e9ndome en el alma,\u00a0 me veo en la necesidad de considerar las posibilidades de mi sustituci\u00f3n en la ilusi\u00f3n de que se halle al hombre que sepa continuar una empresa que hace unos a\u00f1os acometimos\u00a0 con denuedo y con suerte,\u00a0 en servicio de la l\u00ednea ascendente y triunfal\u00a0 que nuestro equipo ha venido sirviendo en tantos a\u00f1os de luchas y victorias.<\/strong><\/em><\/p>\n<p style=\"text-align: left\"><em><strong>Para posibilitarlo pongo en vuestras manos el cargo con el que la afici\u00f3n b\u00e9tica me ha venido honrando en una larga y gloriosa etapa,\u00a0 en la que los colores del Betis ondearon al viento feliz de los triunfos por todos los estadios de primera magnitud.<\/strong><\/em><\/p>\n<p style=\"text-align: left\"><em><strong>Y al hacerlo sabed que dejo en la decisi\u00f3n las desgarraduras de una separaci\u00f3n que siento con la misma hondura que sent\u00ed siempre mi vinculaci\u00f3n responsable con el Betis,\u00a0 en cuya direcci\u00f3n puse todo lo que p\u00f2d\u00eda dar y en la que encontr\u00e9 siempre el aliento de una afici\u00f3n dign\u00edsima y fervorosa,\u00a0 a cuya fidelidad tengo siempre que rendir las armas de mi afecto y devoci\u00f3n incondicionales.<\/strong><\/em><\/p>\n<p style=\"text-align: left\"><em><strong>Dimito,\u00a0 pues,\u00a0 de una misi\u00f3n de la que es conveniente insuflar el aire ilusionado de la renovaci\u00f3n.\u00a0 Pero en modo alguno ello representa mi retirada de la pasi\u00f3n deportiva que hizo del Betis una bandera inenarrable\u00a0 de sevillanismo y de entusiasmo.<\/strong><\/em><\/p>\n<p style=\"text-align: center\"><em><strong>Bajo ella seguir\u00e9 siempre fiel a los ideales b\u00e9ticos,\u00a0 dispuesto a servirles donde el Betis me quiera y como quiera.<\/strong><\/em><\/p>\n<p style=\"text-align: center\"><em><strong>Para vosotros,\u00a0 y en vosotros,\u00a0 para todos los b\u00e9ticos.<\/strong><\/em><\/p>\n<p style=\"text-align: center\"><em><strong>Un abrazo.-Benito Villamar\u00edn Prieto\u00bb.<\/strong><\/em><\/p>\n<p style=\"text-align: center\"><a href=\"https:\/\/www.manquepierda.com\/historiarealbetis\/29355-1958-abril-20-segunda-division-grupo-ii-alicante-cf-0-vs-real-betis-balompie-2-goles\/19580420d2g2\/\" rel=\"attachment wp-att-29373\"><img data-recalc-dims=\"1\" loading=\"lazy\" decoding=\"async\" class=\"aligncenter size-large wp-image-29373\" alt=\"19580420D2G2\" src=\"https:\/\/i0.wp.com\/www.manquepierda.com\/historiarealbetis\/files\/2013\/04\/19580420D2G2.jpg?resize=547%2C700&#038;ssl=1\" width=\"547\" height=\"700\" srcset=\"https:\/\/i0.wp.com\/www.manquepierda.com\/historiarealbetis\/files\/2013\/04\/19580420D2G2.jpg?resize=547%2C700&amp;ssl=1 547w, https:\/\/i0.wp.com\/www.manquepierda.com\/historiarealbetis\/files\/2013\/04\/19580420D2G2.jpg?resize=172%2C220&amp;ssl=1 172w, https:\/\/i0.wp.com\/www.manquepierda.com\/historiarealbetis\/files\/2013\/04\/19580420D2G2.jpg?resize=469%2C600&amp;ssl=1 469w, https:\/\/i0.wp.com\/www.manquepierda.com\/historiarealbetis\/files\/2013\/04\/19580420D2G2.jpg?resize=391%2C500&amp;ssl=1 391w, https:\/\/i0.wp.com\/www.manquepierda.com\/historiarealbetis\/files\/2013\/04\/19580420D2G2.jpg?w=725&amp;ssl=1 725w\" sizes=\"auto, (max-width: 547px) 100vw, 547px\" \/><\/a><strong>ABC-SE-19580422-Martes.-Resultados y Clasificaci\u00f3n General.<\/strong><\/p>\n<p style=\"text-align: left\"><strong>SEVILLA-diario de tarde-Junio 1958.-N\u00famero extraordinario dedicado al regreso del Real Betis Balompi\u00e9 a Primera Divisi\u00f3n: Alicante-0 Betis-2.-<em>\u00abLa campa\u00f1a del ascenso vista por \u00abTROPEZONES\u00bb.-Dibujo \u00abBard\u00edn.-Mas la buena iniciaci\u00f3n se chaf\u00f3 en Alicante con dos kilos de turr\u00f3n que le larg\u00f3 el visitante\u00bb.<\/em><\/strong><\/p>\n<p style=\"text-align: left\"><strong>Colecci\u00f3n Personal.<\/strong><\/p>\n<p>&nbsp;<\/p>\n","protected":false},"excerpt":{"rendered":"<p>XXVIII JORNADA LIGA SEGUNDA DIVISI\u00d3N-GRUPO SEGUNDO-TEMPORADA 1957-1958 EN ALICANTE DOMINGO 20 DE ABRIL DE 1958: ESTADIO BARD\u00cdN. Arbitr\u00f3 Soler Llop, fue acertado juez de la contienda.-Aline\u00f3 \u00e1: 17\u00ba Clasificado.-ALICANTE CLUB DE F\u00daTBOL-0 Tantos. Jos\u00e9 Manuel PESUDO Soler.-BLANCO-Santiago BARDAJI Olloquiegui-MU\u00d1OZ.-CARDELL-DOMENECH.-MAG\u00c1N-Antonio PALLAR\u00c9S Huertas-BELL\u00d3-L\u00d3PEZ-MORA. En el once alicantino lo m\u00e1s sobresaliente fue la combatividad del primer per\u00edodo.\u00a0 PALLAR\u00c9S\u00a0&#8230;<\/p>\n","protected":false},"author":48,"featured_media":29356,"comment_status":"open","ping_status":"open","sticky":false,"template":"","format":"standard","meta":{"_kad_post_transparent":"","_kad_post_title":"","_kad_post_layout":"","_kad_post_sidebar_id":"","_kad_post_content_style":"","_kad_post_vertical_padding":"","_kad_post_feature":"","_kad_post_feature_position":"","_kad_post_header":false,"_kad_post_footer":false,"_kad_post_classname":"","_jetpack_memberships_contains_paid_content":false,"footnotes":"","jetpack_publicize_message":"","jetpack_publicize_feature_enabled":true,"jetpack_social_post_already_shared":true,"jetpack_social_options":{"image_generator_settings":{"template":"highway","default_image_id":0,"font":"","enabled":false},"version":2}},"categories":[901,1],"tags":[2223,1237,9747,17790],"class_list":["post-29355","post","type-post","status-publish","format-standard","has-post-thumbnail","hentry","category-1950-1959","category-portada","tag-1957-58","tag-1237","tag-alicante-cf","tag-liga-segunda-1957-58"],"jetpack_publicize_connections":[],"jetpack_featured_media_url":"https:\/\/i0.wp.com\/www.manquepierda.com\/historiarealbetis\/files\/2013\/04\/bardinfondonorte001.jpg?fit=800%2C549&ssl=1","jetpack_sharing_enabled":true,"jetpack_shortlink":"https:\/\/wp.me\/p1ij08-7Dt","jetpack-related-posts":[],"_links":{"self":[{"href":"https:\/\/www.manquepierda.com\/historiarealbetis\/wp-json\/wp\/v2\/posts\/29355","targetHints":{"allow":["GET"]}}],"collection":[{"href":"https:\/\/www.manquepierda.com\/historiarealbetis\/wp-json\/wp\/v2\/posts"}],"about":[{"href":"https:\/\/www.manquepierda.com\/historiarealbetis\/wp-json\/wp\/v2\/types\/post"}],"author":[{"embeddable":true,"href":"https:\/\/www.manquepierda.com\/historiarealbetis\/wp-json\/wp\/v2\/users\/48"}],"replies":[{"embeddable":true,"href":"https:\/\/www.manquepierda.com\/historiarealbetis\/wp-json\/wp\/v2\/comments?post=29355"}],"version-history":[{"count":1,"href":"https:\/\/www.manquepierda.com\/historiarealbetis\/wp-json\/wp\/v2\/posts\/29355\/revisions"}],"predecessor-version":[{"id":95670,"href":"https:\/\/www.manquepierda.com\/historiarealbetis\/wp-json\/wp\/v2\/posts\/29355\/revisions\/95670"}],"wp:featuredmedia":[{"embeddable":true,"href":"https:\/\/www.manquepierda.com\/historiarealbetis\/wp-json\/wp\/v2\/media\/29356"}],"wp:attachment":[{"href":"https:\/\/www.manquepierda.com\/historiarealbetis\/wp-json\/wp\/v2\/media?parent=29355"}],"wp:term":[{"taxonomy":"category","embeddable":true,"href":"https:\/\/www.manquepierda.com\/historiarealbetis\/wp-json\/wp\/v2\/categories?post=29355"},{"taxonomy":"post_tag","embeddable":true,"href":"https:\/\/www.manquepierda.com\/historiarealbetis\/wp-json\/wp\/v2\/tags?post=29355"}],"curies":[{"name":"wp","href":"https:\/\/api.w.org\/{rel}","templated":true}]}}