{"id":29484,"date":"2013-05-02T08:22:49","date_gmt":"2013-05-02T06:22:49","guid":{"rendered":"http:\/\/www.manquepierda.com\/historiarealbetis\/?p=29484"},"modified":"2024-09-04T19:32:54","modified_gmt":"2024-09-04T17:32:54","slug":"presentacion-temporada-1992-93","status":"publish","type":"post","link":"https:\/\/www.manquepierda.com\/historiarealbetis\/presentacion-temporada-1992-93\/","title":{"rendered":"Presentaci\u00f3n Temporada 1992-93"},"content":{"rendered":"<p><a href=\"https:\/\/www.manquepierda.com\/historiarealbetis\/29484-presentacion-temporada-1992-93\/presentacion-temporada-1992-93\/\" rel=\"attachment wp-att-29486\"><img data-recalc-dims=\"1\" loading=\"lazy\" decoding=\"async\" class=\"aligncenter size-medium wp-image-29486\" src=\"https:\/\/i0.wp.com\/www.manquepierda.com\/historiarealbetis\/files\/2013\/04\/Presentaci%C3%B3n-Temporada-1992-93.jpg?resize=680%2C405&#038;ssl=1\" alt=\"Presentaci\u00f3n Temporada 1992-93\" width=\"680\" height=\"405\" srcset=\"https:\/\/i0.wp.com\/www.manquepierda.com\/historiarealbetis\/files\/2013\/04\/Presentaci%C3%B3n-Temporada-1992-93.jpg?resize=680%2C405&amp;ssl=1 680w, https:\/\/i0.wp.com\/www.manquepierda.com\/historiarealbetis\/files\/2013\/04\/Presentaci%C3%B3n-Temporada-1992-93.jpg?resize=220%2C131&amp;ssl=1 220w, https:\/\/i0.wp.com\/www.manquepierda.com\/historiarealbetis\/files\/2013\/04\/Presentaci%C3%B3n-Temporada-1992-93.jpg?resize=960%2C571&amp;ssl=1 960w, https:\/\/i0.wp.com\/www.manquepierda.com\/historiarealbetis\/files\/2013\/04\/Presentaci%C3%B3n-Temporada-1992-93.jpg?resize=1024%2C610&amp;ssl=1 1024w, https:\/\/i0.wp.com\/www.manquepierda.com\/historiarealbetis\/files\/2013\/04\/Presentaci%C3%B3n-Temporada-1992-93.jpg?resize=500%2C297&amp;ssl=1 500w, https:\/\/i0.wp.com\/www.manquepierda.com\/historiarealbetis\/files\/2013\/04\/Presentaci%C3%B3n-Temporada-1992-93.jpg?w=1180&amp;ssl=1 1180w\" sizes=\"auto, (max-width: 680px) 100vw, 680px\" \/><\/a><\/p>\n<p>&nbsp;<\/p>\n<p>En la fila de arriba: Lorente, doctor Cansino, Monreal, Requena, R\u00edos, Kukleta, Julio, Gordillo, Alberto, Merino I, Monsalvete, Miguel Angel, Zafra, M\u00e1rquez, Pino, Rodolfo, Diezma, D\u00b4Alessandro y Rogelio.<\/p>\n<p>En la fila de abajo: Merino II, Juanlu, Jap\u00f3n, Ca\u00f1as, Gabino, Ure\u00f1a, Mel, Cu\u00e9llar, Loreto y Montiel.<\/p>\n<p>Se presentaba la plantilla verdiblanca con las altas de los porteros Diezma y Requena, los defensas Gordillo, Monreal y R\u00edos, los centrocampistas Merino II, Rodolfo, Alberto y Jap\u00f3n, y el delantero Del Pino.<\/p>\n<p>Como ropa deportiva las equipaciones Front Runner estrenadas ya en la campa\u00f1a anterior.<\/p>\n<p>Tambi\u00e9n se estrenaba el entrenador Jorge D\u00b4Alessandro. El objetivo era solamente uno: retornar a la Primera Divisi\u00f3n.<\/p>\n","protected":false},"excerpt":{"rendered":"<p>&nbsp; En la fila de arriba: Lorente, doctor Cansino, Monreal, Requena, R\u00edos, Kukleta, Julio, Gordillo, Alberto, Merino I, Monsalvete, Miguel Angel, Zafra, M\u00e1rquez, Pino, Rodolfo, Diezma, D\u00b4Alessandro y Rogelio. En la fila de abajo: Merino II, Juanlu, Jap\u00f3n, Ca\u00f1as, Gabino, Ure\u00f1a, Mel, Cu\u00e9llar, Loreto y Montiel. Se presentaba la plantilla verdiblanca con las altas de&#8230;<\/p>\n","protected":false},"author":5,"featured_media":29486,"comment_status":"open","ping_status":"open","sticky":false,"template":"","format":"standard","meta":{"_kad_post_transparent":"","_kad_post_title":"","_kad_post_layout":"","_kad_post_sidebar_id":"","_kad_post_content_style":"","_kad_post_vertical_padding":"","_kad_post_feature":"","_kad_post_feature_position":"","_kad_post_header":false,"_kad_post_footer":false,"_kad_post_classname":"","_jetpack_memberships_contains_paid_content":false,"footnotes":"","jetpack_publicize_message":"","jetpack_publicize_feature_enabled":true,"jetpack_social_post_already_shared":true,"jetpack_social_options":{"image_generator_settings":{"template":"highway","default_image_id":0,"font":"","enabled":false},"version":2}},"categories":[905,1],"tags":[5731,8377,8379,1309,3581,3922,9557,8380,1148,1129,1214,1074,1044,2688,5467,15494,2290,1399,1420,1417,1369,3921,2686,655,1305,2289,1354,1396,8378,1606],"class_list":["post-29484","post","type-post","status-publish","format-standard","has-post-thumbnail","hentry","category-1990-1999","category-portada","tag-5731","tag-1992-93","tag-alberto-saavedra","tag-angel-cuellar","tag-antonio-del-pino","tag-antonio-monreal","tag-estadio-benito-villamarin-presentacion","tag-fernando-japon","tag-francisco-javier-zafra","tag-gabino-rodriguez","tag-jorge-dalessandro","tag-jose-luis-diezma","tag-jose-luis-loreto","tag-jose-manuel-monsalvete","tag-jose-salvador-requena","tag-juan-antonio-urena","tag-juan-jose-canas","tag-juan-luis-bernal-juanlu","tag-juan-merino","tag-julio-garcia","tag-luis-marquez","tag-luis-merino","tag-miguel-angel-ii-martinez","tag-pepe-mel","tag-rafael-gordillo","tag-roberto-rios","tag-rodolfo-garrido","tag-rogelio-sosa","tag-roman-kukleta","tag-vicente-montiel"],"jetpack_publicize_connections":[],"jetpack_featured_media_url":"https:\/\/i0.wp.com\/www.manquepierda.com\/historiarealbetis\/files\/2013\/04\/Presentaci%C3%B3n-Temporada-1992-93.jpg?fit=1180%2C703&ssl=1","jetpack_sharing_enabled":true,"jetpack_shortlink":"https:\/\/wp.me\/p1ij08-7Fy","jetpack-related-posts":[],"_links":{"self":[{"href":"https:\/\/www.manquepierda.com\/historiarealbetis\/wp-json\/wp\/v2\/posts\/29484","targetHints":{"allow":["GET"]}}],"collection":[{"href":"https:\/\/www.manquepierda.com\/historiarealbetis\/wp-json\/wp\/v2\/posts"}],"about":[{"href":"https:\/\/www.manquepierda.com\/historiarealbetis\/wp-json\/wp\/v2\/types\/post"}],"author":[{"embeddable":true,"href":"https:\/\/www.manquepierda.com\/historiarealbetis\/wp-json\/wp\/v2\/users\/5"}],"replies":[{"embeddable":true,"href":"https:\/\/www.manquepierda.com\/historiarealbetis\/wp-json\/wp\/v2\/comments?post=29484"}],"version-history":[{"count":1,"href":"https:\/\/www.manquepierda.com\/historiarealbetis\/wp-json\/wp\/v2\/posts\/29484\/revisions"}],"predecessor-version":[{"id":98608,"href":"https:\/\/www.manquepierda.com\/historiarealbetis\/wp-json\/wp\/v2\/posts\/29484\/revisions\/98608"}],"wp:featuredmedia":[{"embeddable":true,"href":"https:\/\/www.manquepierda.com\/historiarealbetis\/wp-json\/wp\/v2\/media\/29486"}],"wp:attachment":[{"href":"https:\/\/www.manquepierda.com\/historiarealbetis\/wp-json\/wp\/v2\/media?parent=29484"}],"wp:term":[{"taxonomy":"category","embeddable":true,"href":"https:\/\/www.manquepierda.com\/historiarealbetis\/wp-json\/wp\/v2\/categories?post=29484"},{"taxonomy":"post_tag","embeddable":true,"href":"https:\/\/www.manquepierda.com\/historiarealbetis\/wp-json\/wp\/v2\/tags?post=29484"}],"curies":[{"name":"wp","href":"https:\/\/api.w.org\/{rel}","templated":true}]}}