{"id":29520,"date":"2013-05-06T18:04:28","date_gmt":"2013-05-06T16:04:28","guid":{"rendered":"http:\/\/www.manquepierda.com\/historiarealbetis\/?p=29520"},"modified":"2024-08-25T22:45:37","modified_gmt":"2024-08-25T20:45:37","slug":"1936-abril-26-copa-espana-tercera-ronda-ida-betis-balompie-3-goles-vs-cs-sabadell-0","status":"publish","type":"post","link":"https:\/\/www.manquepierda.com\/historiarealbetis\/1936-abril-26-copa-espana-tercera-ronda-ida-betis-balompie-3-goles-vs-cs-sabadell-0\/","title":{"rendered":"1936-Abril 26-CptoEspa\u00f1a-Ronda 3-Ida.-Betis Balompi\u00e9-3 vs. CS Sabadell-0.-80Aniversario."},"content":{"rendered":"<p style=\"text-align: justify\">XXXIV EDICI\u00d3N-CAMPEONATO DE ESPA\u00d1A-COPA PRESIDENTE DE LA REP\u00daBLICA-DESDE MARZO HASTA JUNIO 1936-AMBAS INCLUSIVE.<\/p>\n<p style=\"text-align: justify\"><strong>1936-ABRIL 26-DOMINGO-BARRIO \u00abEL PORVENIR\u00bb-CAMPO DEPORTES MUNICIPAL \u00abPATRONATO OBRERO\u00bb-TERCERA RONDA CLASIFICATORIA-IDA:<\/strong><\/p>\n<p style=\"text-align: justify\"><em>\u00abHoy, en el Patronato Obrero, frente al Sabadell, alinear\u00e1n los b\u00e9ticos el siguiente equipo: Urquiaga; \u00abCapesto\u00bb-Cornejo; \u00abPeral\u00bb-G\u00f3mez-Larrinoa; \u00abSaro\u00bb-Adolfo-Unamuno-Caballero-Valera.<\/em><\/p>\n<p style=\"text-align: justify\"><strong><em>\u00danicamente falta en la formaci\u00f3n verdiblanca el internacional AEDO, lo que no debe ser obst\u00e1culo para la victoria del Betis.<\/em><\/strong><\/p>\n<p style=\"text-align: justify\"><em>Durante el encuentro se ir\u00e1n dando a los aficionados <strong>noticias sobre la marcha del partido que en Praga jugar\u00e1 la selecci\u00f3n nacional de Espa\u00f1a contra la de Checoeslovaquia:<\/strong><\/em><\/p>\n<p style=\"text-align: justify\"><strong>1-Gregorio BLASCO S\u00e1nchez; 2-Ram\u00f3n ZABALO Zubiaurre.-3-<em>Seraf\u00edn AEDO Renieblas<\/em>; 4-\u00c1ngel ZUBIETA Redondo.-5-Jos\u00e9 MUGUERZA Anit\u00faa.-6-ROBERTO Echevarr\u00eda Arruti; 7-Mart\u00edn VENTOLR\u00c1 Fort.-8- Lu\u00eds REGUEIRO Pagola.-9-Isidro L\u00c1NGARA Galarraga.-10-Sim\u00f3n LECUE Andrade.-11-Guillermo GOROSTIZA Paredes.<\/strong><\/p>\n<figure id=\"attachment_49127\" aria-describedby=\"caption-attachment-49127\" style=\"width: 960px\" class=\"wp-caption alignnone\"><img data-recalc-dims=\"1\" loading=\"lazy\" decoding=\"async\" class=\"size-large wp-image-49127\" src=\"https:\/\/i0.wp.com\/www.manquepierda.com\/historiarealbetis\/files\/2013\/05\/19360426BB3CEDS1.jpg?resize=960%2C381&#038;ssl=1\" alt=\"MMMMM\" width=\"960\" height=\"381\" srcset=\"https:\/\/i0.wp.com\/www.manquepierda.com\/historiarealbetis\/files\/2013\/05\/19360426BB3CEDS1.jpg?resize=960%2C381&amp;ssl=1 960w, https:\/\/i0.wp.com\/www.manquepierda.com\/historiarealbetis\/files\/2013\/05\/19360426BB3CEDS1.jpg?resize=220%2C87&amp;ssl=1 220w, https:\/\/i0.wp.com\/www.manquepierda.com\/historiarealbetis\/files\/2013\/05\/19360426BB3CEDS1.jpg?resize=680%2C270&amp;ssl=1 680w, https:\/\/i0.wp.com\/www.manquepierda.com\/historiarealbetis\/files\/2013\/05\/19360426BB3CEDS1.jpg?resize=768%2C305&amp;ssl=1 768w, https:\/\/i0.wp.com\/www.manquepierda.com\/historiarealbetis\/files\/2013\/05\/19360426BB3CEDS1.jpg?w=1104&amp;ssl=1 1104w\" sizes=\"auto, (max-width: 960px) 100vw, 960px\" \/><figcaption id=\"caption-attachment-49127\" class=\"wp-caption-text\"><em>\u00ab<strong>UNAMUNO, rodeado de enemigos (se ve a seis sabadellenses en busca de un b\u00e9tico), se desembaraza y marca!.-<\/strong>Foto Fern\u00e1ndez.-\u00abAS\u00bb-Madrid, lunes 27-Abril-1936.<\/em><\/figcaption><\/figure>\n<p style=\"text-align: center\">Arbitr\u00f3 Juan Jos\u00e9 Cangas-Arguelles Ballesteros.-<em><strong>Bien.<\/strong><\/em><\/p>\n<p style=\"text-align: center\"><em><strong>Aline\u00f3 \u00e1:<\/strong><\/em><\/p>\n<p style=\"text-align: center\"><a href=\"https:\/\/www.manquepierda.com\/historiarealbetis\/29520-1936-abril-26-copa-espana-tercera-ronda-ida-betis-balompie-3-goles-vs-cs-sabadell-0\/1931-32bb-13\/\" rel=\"attachment wp-att-29526\"><img data-recalc-dims=\"1\" loading=\"lazy\" decoding=\"async\" class=\"aligncenter size-full wp-image-29526\" src=\"https:\/\/i0.wp.com\/www.manquepierda.com\/historiarealbetis\/files\/2013\/05\/1931-32BB.jpg?resize=154%2C154&#038;ssl=1\" alt=\"1931-32BB\" width=\"154\" height=\"154\" srcset=\"https:\/\/i0.wp.com\/www.manquepierda.com\/historiarealbetis\/files\/2013\/05\/1931-32BB.jpg?w=154&amp;ssl=1 154w, https:\/\/i0.wp.com\/www.manquepierda.com\/historiarealbetis\/files\/2013\/05\/1931-32BB.jpg?resize=50%2C50&amp;ssl=1 50w\" sizes=\"auto, (max-width: 154px) 100vw, 154px\" \/><\/a><em><strong>BETIS BALOMPI\u00c9 (Campeonato Regional Sur-Proveniente Primera Divisi\u00f3n 1935-1936 )-3 GOALS.<\/strong><\/em><\/p>\n<p style=\"text-align: center\">\n<p style=\"text-align: center\">\n<p style=\"text-align: center\"><em><strong>GUARDAMETA.<\/strong><\/em><\/p>\n<p style=\"text-align: justify\"><a href=\"https:\/\/www.manquepierda.com\/historiarealbetis\/29520-1936-abril-26-copa-espana-tercera-ronda-ida-betis-balompie-3-goles-vs-cs-sabadell-0\/joaquin-urquiaga-legarburu\/\" rel=\"attachment wp-att-29529\"><img data-recalc-dims=\"1\" loading=\"lazy\" decoding=\"async\" class=\"aligncenter size-thumbnail wp-image-29529\" src=\"https:\/\/i0.wp.com\/www.manquepierda.com\/historiarealbetis\/files\/2013\/05\/Joaqu%C3%ADn-URQUIAGA-Legarburu.png?resize=188%2C220&#038;ssl=1\" alt=\"Joaqu\u00edn URQUIAGA Legarburu\" width=\"188\" height=\"220\" srcset=\"https:\/\/i0.wp.com\/www.manquepierda.com\/historiarealbetis\/files\/2013\/05\/Joaqu%C3%ADn-URQUIAGA-Legarburu.png?resize=188%2C220&amp;ssl=1 188w, https:\/\/i0.wp.com\/www.manquepierda.com\/historiarealbetis\/files\/2013\/05\/Joaqu%C3%ADn-URQUIAGA-Legarburu.png?w=191&amp;ssl=1 191w\" sizes=\"auto, (max-width: 188px) 100vw, 188px\" \/><\/a><em><strong>1-IMBATIDO.-Joaqu\u00edn URQUIAGA Legarburu (26+1 mes menos 3 d\u00edas).-Natural de Zorrotza-Bilbao (Vizcaya), Martes 26-Marzo-1910.-Obituario en BILBAO (Vizcaya), viernes 25 de Julio de 1975 (65 A\u00f1os+4 meses menos 4 d\u00edas). D. E. P.<br \/>\n<\/strong><\/em><\/p>\n<p style=\"text-align: center\"><em><strong>ZAGUEROS:<\/strong><\/em><\/p>\n<p style=\"text-align: left\"><em><strong>2-Lateral Diestro.-Antonio CORNEJO Soria.<br \/>\n<\/strong><\/em><\/p>\n<p style=\"text-align: left\"><em><strong>3.-Lateral Zurdo.-Modesto Gonz\u00e1lez Blanco (a) \u00abCAPESTO\u00bb.<br \/>\n<\/strong><\/em><\/p>\n<p style=\"text-align: center\"><em><strong>MEDIOS:<\/strong><\/em><\/p>\n<p style=\"text-align: left\"><em><strong>4-Diestro.-Jos\u00e9 Su\u00e1rez Gonz\u00e1lez (a) \u00abPERAL\u00bb.<br \/>\n<\/strong><\/em><\/p>\n<p style=\"text-align: left\"><strong><em>5-Centro.-Francisco G\u00d3MEZ Vicente.<\/em><\/strong><em><strong><br \/>\n<\/strong><\/em><\/p>\n<p style=\"text-align: left\"><em><strong>6-Zurdo.-Rufino Fern\u00e1ndez de LARRINOA Magunaurrekoetxea.<br \/>\n<\/strong><\/em><\/p>\n<p style=\"text-align: center\"><em><strong>DELANTEROS:<\/strong><\/em><\/p>\n<p style=\"text-align: left\"><em><strong>7-Extremo Diestro.-\u00c1ngel Mart\u00edn Rodr\u00edguez (a) \u00abSARO\u00bb.<\/strong><\/em><\/p>\n<p style=\"text-align: center\">\n<p style=\"text-align: justify\"><em><strong>8-Interior Diestro.-ADOLFO Mart\u00edn Gonz\u00e1lez (a) \u00abADOLFO II\u00bb.<br \/>\n<\/strong><\/em><\/p>\n<figure id=\"attachment_49136\" aria-describedby=\"caption-attachment-49136\" style=\"width: 960px\" class=\"wp-caption alignnone\"><img data-recalc-dims=\"1\" loading=\"lazy\" decoding=\"async\" class=\"size-large wp-image-49136\" src=\"https:\/\/i0.wp.com\/www.manquepierda.com\/historiarealbetis\/files\/2013\/05\/19360426UNAMUNO.jpg?resize=960%2C416&#038;ssl=1\" alt=\"MMMM\" width=\"960\" height=\"416\" srcset=\"https:\/\/i0.wp.com\/www.manquepierda.com\/historiarealbetis\/files\/2013\/05\/19360426UNAMUNO.jpg?resize=960%2C416&amp;ssl=1 960w, https:\/\/i0.wp.com\/www.manquepierda.com\/historiarealbetis\/files\/2013\/05\/19360426UNAMUNO.jpg?resize=220%2C95&amp;ssl=1 220w, https:\/\/i0.wp.com\/www.manquepierda.com\/historiarealbetis\/files\/2013\/05\/19360426UNAMUNO.jpg?resize=680%2C294&amp;ssl=1 680w, https:\/\/i0.wp.com\/www.manquepierda.com\/historiarealbetis\/files\/2013\/05\/19360426UNAMUNO.jpg?resize=768%2C332&amp;ssl=1 768w, https:\/\/i0.wp.com\/www.manquepierda.com\/historiarealbetis\/files\/2013\/05\/19360426UNAMUNO.jpg?w=1072&amp;ssl=1 1072w\" sizes=\"auto, (max-width: 960px) 100vw, 960px\" \/><figcaption id=\"caption-attachment-49136\" class=\"wp-caption-text\"><em><strong>\u00abA PESAR DEL ESFUERZO DE FLORENZA, UNAMUNO MARCA EL TERCER TANTO\u00bb.-<\/strong>Fuente-fot\u00f3grago FERN\u00c1NDEZ.-\u00abAS\u00bb-Madrid, lunes 27 de Abril de 1936.<\/em><\/figcaption><\/figure>\n<p style=\"text-align: left\"><em><strong>*1-0.-25 minutos.-\u00abSaque de esquina lanzado por Valera que remat\u00f3 Victorio despu\u00e9s de haberse formado frente al marco de Florenza una gran mel\u00e9e\u00bb.<\/strong><\/em><\/p>\n<p style=\"text-align: left\"><em><strong>*2-0.-40 minutos.-\u00abUnamuno recogiendo un servicio de \u00abPeral\u00bb, bate de nuevo al portero sabadellense\u00bb.<\/strong><\/em><\/p>\n<p style=\"text-align: justify\"><em><strong>*3-0.-77 minutos.-\u00abEl ariete verdiblanco se escapa, y en jugada personal fusila al meta L\u00e1zaro Florenza; marcador final\u00bb.<\/strong><\/em><\/p>\n<p style=\"text-align: center\"><img data-recalc-dims=\"1\" loading=\"lazy\" decoding=\"async\" class=\"aligncenter size-thumbnail wp-image-49137\" src=\"https:\/\/i0.wp.com\/www.manquepierda.com\/historiarealbetis\/files\/2013\/05\/UNAMUNO.png?resize=180%2C220&#038;ssl=1\" alt=\"UNAMUNO\" width=\"180\" height=\"220\" srcset=\"https:\/\/i0.wp.com\/www.manquepierda.com\/historiarealbetis\/files\/2013\/05\/UNAMUNO.png?resize=180%2C220&amp;ssl=1 180w, https:\/\/i0.wp.com\/www.manquepierda.com\/historiarealbetis\/files\/2013\/05\/UNAMUNO.png?w=396&amp;ssl=1 396w\" sizes=\"auto, (max-width: 180px) 100vw, 180px\" \/><\/p>\n<p style=\"text-align: justify\"><em><strong>9-Centro Delantero-Ariete-3 GOLES.-Victorio UNAMUNO Ibarzabal (26 a\u00f1os+11 meses+5 d\u00edas)-Natural de Bergara (Guip\u00fazcoa), viernes 21 de Mayo de 1909.-Obituario en Durango (Vizcaya), viernes 20 de Mayo de 1988 (79 A\u00f1os menos 1 d\u00eda) D. E. P.<br \/>\n<\/strong><\/em><\/p>\n<p style=\"text-align: left\"><em><strong>10-Interior Zurdo.-Jos\u00e9 Gonz\u00e1lez CABALLERO.<br \/>\n<\/strong><\/em><\/p>\n<p style=\"text-align: left\"><em><strong>11-Extremo Zurdo.-Jos\u00e9 VALERA Nocera.<br \/>\n<\/strong><\/em><\/p>\n<p style=\"text-align: justify\"><em><strong><img data-recalc-dims=\"1\" loading=\"lazy\" decoding=\"async\" class=\"alignleft size-thumbnail wp-image-49139\" src=\"https:\/\/i0.wp.com\/www.manquepierda.com\/historiarealbetis\/files\/2013\/05\/AndresAranda03.jpg?resize=153%2C220&#038;ssl=1\" alt=\"AndresAranda03\" width=\"153\" height=\"220\" srcset=\"https:\/\/i0.wp.com\/www.manquepierda.com\/historiarealbetis\/files\/2013\/05\/AndresAranda03.jpg?resize=153%2C220&amp;ssl=1 153w, https:\/\/i0.wp.com\/www.manquepierda.com\/historiarealbetis\/files\/2013\/05\/AndresAranda03.jpg?w=281&amp;ssl=1 281w\" sizes=\"auto, (max-width: 153px) 100vw, 153px\" \/>ANDR\u00c9S ARANDA GUTI\u00c9RREZ (Entrenador Temporada 1935-1936 sustituyendo a Howard Charles Slade).<br \/>\n<\/strong><\/em><\/p>\n<p style=\"text-align: justify\"><em><strong>MANUEL ALONSO CUELI (XXVII Presidente Accidental-Temporada 1935-1936.-<img data-recalc-dims=\"1\" loading=\"lazy\" decoding=\"async\" class=\"alignright size-thumbnail wp-image-49140\" src=\"https:\/\/i0.wp.com\/www.manquepierda.com\/historiarealbetis\/files\/2013\/05\/ManuelAlonsoCueli-211x220-1-211x220.jpg?resize=211%2C220&#038;ssl=1\" alt=\"ManuelAlonsoCueli-211x220\" width=\"211\" height=\"220\">Vicepresidente Primero Junta Directiva doctor Francisco Navarro L\u00f3pez).<br \/>\n<\/strong><\/em><\/p>\n<p style=\"text-align: center\">Vs.<\/p>\n<p style=\"text-align: justify\"><a href=\"https:\/\/www.manquepierda.com\/historiarealbetis\/29520-1936-abril-26-copa-espana-tercera-ronda-ida-betis-balompie-3-goles-vs-cs-sabadell-0\/escut_antic_2\/\" rel=\"attachment wp-att-29540\"><img data-recalc-dims=\"1\" loading=\"lazy\" decoding=\"async\" class=\"aligncenter size-full wp-image-29540\" src=\"https:\/\/i0.wp.com\/www.manquepierda.com\/historiarealbetis\/files\/2013\/05\/escut_antic_2.jpg?resize=160%2C170&#038;ssl=1\" alt=\"escut_antic_2\" width=\"160\" height=\"170\"><\/a><strong>Centre d&#8217;Esports SABADELL Club de F\u00fatbol (Copa Catalu\u00f1a.-Provenientes Campeonatos Regionales-Grupo IV)-0 Tantos.<\/strong><\/p>\n<p style=\"text-align: justify\"><strong>&nbsp;<\/strong><\/p>\n<figure id=\"attachment_49141\" aria-describedby=\"caption-attachment-49141\" style=\"width: 146px\" class=\"wp-caption aligncenter\"><img data-recalc-dims=\"1\" loading=\"lazy\" decoding=\"async\" class=\"size-thumbnail wp-image-49141\" src=\"https:\/\/i0.wp.com\/www.manquepierda.com\/historiarealbetis\/files\/2013\/05\/LFG.jpg?resize=146%2C220&#038;ssl=1\" alt=\"3 goles encajados\" width=\"146\" height=\"220\" srcset=\"https:\/\/i0.wp.com\/www.manquepierda.com\/historiarealbetis\/files\/2013\/05\/LFG.jpg?resize=146%2C220&amp;ssl=1 146w, https:\/\/i0.wp.com\/www.manquepierda.com\/historiarealbetis\/files\/2013\/05\/LFG.jpg?w=235&amp;ssl=1 235w\" sizes=\"auto, (max-width: 146px) 100vw, 146px\" \/><figcaption id=\"caption-attachment-49141\" class=\"wp-caption-text\">3 goles encajados<\/figcaption><\/figure>\n<p style=\"text-align: center\"><strong>1.-L\u00e1zaro FLORENZA Rifa<br \/>\n<\/strong><\/p>\n<p style=\"text-align: justify\"><strong>2-MARCET.-3-BLANCHI; 4-GARC\u00cdA.-5-Valent\u00edn FONT Oller.-6-MOTA; 7-FOTH.-8-CALVET.-9-Jaime SOSPEDR\u00c1 Juli\u00e1.-10-FERN\u00c1NDEZ.-11-Manuel PARERA Penella.<br \/>\n<\/strong><\/p>\n<p style=\"text-align: center\"><em><strong>Pr\u00f3ximamente:<\/strong><\/em><\/p>\n<p style=\"text-align: center\"><em><strong>1936-Mayo 03.-Vuelta.-Domingo en Sabadell-CREU ALTA: C.&nbsp; S.&nbsp; Sabadell-1 vs. BETIS BALOMPI\u00c9-1 goal.<\/strong><\/em><\/p>\n<p style=\"text-align: left\"><strong>&nbsp;<\/strong><\/p>\n<p style=\"text-align: left\">\n","protected":false},"excerpt":{"rendered":"<p>XXXIV EDICI\u00d3N-CAMPEONATO DE ESPA\u00d1A-COPA PRESIDENTE DE LA REP\u00daBLICA-DESDE MARZO HASTA JUNIO 1936-AMBAS INCLUSIVE. 1936-ABRIL 26-DOMINGO-BARRIO \u00abEL PORVENIR\u00bb-CAMPO DEPORTES MUNICIPAL \u00abPATRONATO OBRERO\u00bb-TERCERA RONDA CLASIFICATORIA-IDA: \u00abHoy, en el Patronato Obrero, frente al Sabadell, alinear\u00e1n los b\u00e9ticos el siguiente equipo: Urquiaga; \u00abCapesto\u00bb-Cornejo; \u00abPeral\u00bb-G\u00f3mez-Larrinoa; \u00abSaro\u00bb-Adolfo-Unamuno-Caballero-Valera. \u00danicamente falta en la formaci\u00f3n verdiblanca el internacional AEDO, lo que no debe ser&#8230;<\/p>\n","protected":false},"author":48,"featured_media":49127,"comment_status":"open","ping_status":"open","sticky":false,"template":"","format":"standard","meta":{"_kad_post_transparent":"","_kad_post_title":"","_kad_post_layout":"","_kad_post_sidebar_id":"","_kad_post_content_style":"","_kad_post_vertical_padding":"","_kad_post_feature":"","_kad_post_feature_position":"","_kad_post_header":false,"_kad_post_footer":false,"_kad_post_classname":"","_jetpack_memberships_contains_paid_content":false,"footnotes":"","jetpack_publicize_message":"","jetpack_publicize_feature_enabled":true,"jetpack_social_post_already_shared":true,"jetpack_social_options":{"image_generator_settings":{"template":"highway","default_image_id":0,"font":"","enabled":false},"version":2}},"categories":[899,1],"tags":[3710,1530,17047,17890],"class_list":["post-29520","post","type-post","status-publish","format-standard","has-post-thumbnail","hentry","category-1930-1939","category-portada","tag-1935-36","tag-1530","tag-ce-sabadell","tag-copa-1935-36"],"jetpack_publicize_connections":[],"jetpack_featured_media_url":"https:\/\/i0.wp.com\/www.manquepierda.com\/historiarealbetis\/files\/2013\/05\/19360426BB3CEDS1.jpg?fit=1104%2C438&ssl=1","jetpack_sharing_enabled":true,"jetpack_shortlink":"https:\/\/wp.me\/p1ij08-7G8","jetpack-related-posts":[],"_links":{"self":[{"href":"https:\/\/www.manquepierda.com\/historiarealbetis\/wp-json\/wp\/v2\/posts\/29520","targetHints":{"allow":["GET"]}}],"collection":[{"href":"https:\/\/www.manquepierda.com\/historiarealbetis\/wp-json\/wp\/v2\/posts"}],"about":[{"href":"https:\/\/www.manquepierda.com\/historiarealbetis\/wp-json\/wp\/v2\/types\/post"}],"author":[{"embeddable":true,"href":"https:\/\/www.manquepierda.com\/historiarealbetis\/wp-json\/wp\/v2\/users\/48"}],"replies":[{"embeddable":true,"href":"https:\/\/www.manquepierda.com\/historiarealbetis\/wp-json\/wp\/v2\/comments?post=29520"}],"version-history":[{"count":1,"href":"https:\/\/www.manquepierda.com\/historiarealbetis\/wp-json\/wp\/v2\/posts\/29520\/revisions"}],"predecessor-version":[{"id":92010,"href":"https:\/\/www.manquepierda.com\/historiarealbetis\/wp-json\/wp\/v2\/posts\/29520\/revisions\/92010"}],"wp:featuredmedia":[{"embeddable":true,"href":"https:\/\/www.manquepierda.com\/historiarealbetis\/wp-json\/wp\/v2\/media\/49127"}],"wp:attachment":[{"href":"https:\/\/www.manquepierda.com\/historiarealbetis\/wp-json\/wp\/v2\/media?parent=29520"}],"wp:term":[{"taxonomy":"category","embeddable":true,"href":"https:\/\/www.manquepierda.com\/historiarealbetis\/wp-json\/wp\/v2\/categories?post=29520"},{"taxonomy":"post_tag","embeddable":true,"href":"https:\/\/www.manquepierda.com\/historiarealbetis\/wp-json\/wp\/v2\/tags?post=29520"}],"curies":[{"name":"wp","href":"https:\/\/api.w.org\/{rel}","templated":true}]}}