{"id":29574,"date":"2013-05-09T07:15:29","date_gmt":"2013-05-09T05:15:29","guid":{"rendered":"http:\/\/www.manquepierda.com\/historiarealbetis\/?p=29574"},"modified":"2024-08-12T17:35:30","modified_gmt":"2024-08-12T15:35:30","slug":"aneacion-betis-celta-liga-1943","status":"publish","type":"post","link":"https:\/\/www.manquepierda.com\/historiarealbetis\/aneacion-betis-celta-liga-1943\/","title":{"rendered":"Alineaci\u00f3n Betis-Celta Liga 1943"},"content":{"rendered":"<p><a href=\"https:\/\/www.manquepierda.com\/historiarealbetis\/?attachment_id=29575\" rel=\"attachment wp-att-29575\"><img data-recalc-dims=\"1\" loading=\"lazy\" decoding=\"async\" class=\"aligncenter size-medium wp-image-29575\" alt=\"Alineaci\u00f3n Betis-Celta Liga 1943\" src=\"https:\/\/i0.wp.com\/www.manquepierda.com\/historiarealbetis\/files\/2013\/05\/Alineaci%C3%B3n-Betis-Celta-Liga-1943.jpg?resize=680%2C476&#038;ssl=1\" width=\"680\" height=\"476\" srcset=\"https:\/\/i0.wp.com\/www.manquepierda.com\/historiarealbetis\/files\/2013\/05\/Alineaci%C3%B3n-Betis-Celta-Liga-1943.jpg?resize=680%2C476&amp;ssl=1 680w, https:\/\/i0.wp.com\/www.manquepierda.com\/historiarealbetis\/files\/2013\/05\/Alineaci%C3%B3n-Betis-Celta-Liga-1943.jpg?resize=220%2C154&amp;ssl=1 220w, https:\/\/i0.wp.com\/www.manquepierda.com\/historiarealbetis\/files\/2013\/05\/Alineaci%C3%B3n-Betis-Celta-Liga-1943.jpg?resize=960%2C672&amp;ssl=1 960w, https:\/\/i0.wp.com\/www.manquepierda.com\/historiarealbetis\/files\/2013\/05\/Alineaci%C3%B3n-Betis-Celta-Liga-1943.jpg?resize=1024%2C717&amp;ssl=1 1024w, https:\/\/i0.wp.com\/www.manquepierda.com\/historiarealbetis\/files\/2013\/05\/Alineaci%C3%B3n-Betis-Celta-Liga-1943.jpg?resize=500%2C350&amp;ssl=1 500w, https:\/\/i0.wp.com\/www.manquepierda.com\/historiarealbetis\/files\/2013\/05\/Alineaci%C3%B3n-Betis-Celta-Liga-1943.jpg?w=1146&amp;ssl=1 1146w\" sizes=\"auto, (max-width: 680px) 100vw, 680px\" \/><\/a><\/p>\n<p>14 de marzo de 1943 en Heli\u00f3polis\u00a0 Betis 1\u00a0 Celta 3;\u00a0 jornada 23 \u00a0 del Campeonato de Liga de Primera Divisi\u00f3n.<\/p>\n<p>En la imagen arriba: Cabezas, Cabezo, Saro, Muruaga, Besc\u00f3s, Cazorla y Jap\u00f3n;\u00a0 abajo: Gonell, Pololo, Enrique y G\u00f3mez.<\/p>\n<p>Del Pino, Roig y Ardebal adelantaron al equipo vigu\u00e9s, mientras que Pololo hizo el solitario gol b\u00e9tico.<\/p>\n<p>Francisco G\u00f3mez entrenaba al Betis y Baltazar Alb\u00e9niz al Celta.<\/p>\n","protected":false},"excerpt":{"rendered":"<p>14 de marzo de 1943 en Heli\u00f3polis\u00a0 Betis 1\u00a0 Celta 3;\u00a0 jornada 23 \u00a0 del Campeonato de Liga de Primera Divisi\u00f3n. En la imagen arriba: Cabezas, Cabezo, Saro, Muruaga, Besc\u00f3s, Cazorla y Jap\u00f3n;\u00a0 abajo: Gonell, Pololo, Enrique y G\u00f3mez. Del Pino, Roig y Ardebal adelantaron al equipo vigu\u00e9s, mientras que Pololo hizo el solitario gol&#8230;<\/p>\n","protected":false},"author":5,"featured_media":29575,"comment_status":"open","ping_status":"open","sticky":false,"template":"","format":"standard","meta":{"_kad_post_transparent":"","_kad_post_title":"","_kad_post_layout":"","_kad_post_sidebar_id":"","_kad_post_content_style":"","_kad_post_vertical_padding":"","_kad_post_feature":"","_kad_post_feature_position":"","_kad_post_header":false,"_kad_post_footer":false,"_kad_post_classname":"","_jetpack_memberships_contains_paid_content":false,"footnotes":"","jetpack_publicize_message":"","jetpack_publicize_feature_enabled":true,"jetpack_social_post_already_shared":true,"jetpack_social_options":{"image_generator_settings":{"template":"highway","default_image_id":0,"font":"","enabled":false},"version":2}},"categories":[900,1],"tags":[2284,51,1057,1934,2533,1757,1170,1035,1463,1122,2506,17898,2532,6862,13018,822],"class_list":["post-29574","post","type-post","status-publish","format-standard","has-post-thumbnail","hentry","category-1940-1949","category-portada","tag-1942-43","tag-51","tag-angel-martin-saro","tag-enrique-bescos","tag-enrique-rubio","tag-estadio-de-heliopolis","tag-francisco-gomez","tag-honorato-lopez-cabezo","tag-jose-suarez-japon","tag-juan-cazorla","tag-julian-gonell","tag-liga-primera-1942-43","tag-luis-garcia-cabezas","tag-manuel-marquez-pololo","tag-real-club-celta-de-vigo","tag-tomas-muruaga"],"jetpack_publicize_connections":[],"jetpack_featured_media_url":"https:\/\/i0.wp.com\/www.manquepierda.com\/historiarealbetis\/files\/2013\/05\/Alineaci%C3%B3n-Betis-Celta-Liga-1943.jpg?fit=1146%2C803&ssl=1","jetpack_sharing_enabled":true,"jetpack_shortlink":"https:\/\/wp.me\/p1ij08-7H0","jetpack-related-posts":[],"_links":{"self":[{"href":"https:\/\/www.manquepierda.com\/historiarealbetis\/wp-json\/wp\/v2\/posts\/29574","targetHints":{"allow":["GET"]}}],"collection":[{"href":"https:\/\/www.manquepierda.com\/historiarealbetis\/wp-json\/wp\/v2\/posts"}],"about":[{"href":"https:\/\/www.manquepierda.com\/historiarealbetis\/wp-json\/wp\/v2\/types\/post"}],"author":[{"embeddable":true,"href":"https:\/\/www.manquepierda.com\/historiarealbetis\/wp-json\/wp\/v2\/users\/5"}],"replies":[{"embeddable":true,"href":"https:\/\/www.manquepierda.com\/historiarealbetis\/wp-json\/wp\/v2\/comments?post=29574"}],"version-history":[{"count":1,"href":"https:\/\/www.manquepierda.com\/historiarealbetis\/wp-json\/wp\/v2\/posts\/29574\/revisions"}],"predecessor-version":[{"id":96370,"href":"https:\/\/www.manquepierda.com\/historiarealbetis\/wp-json\/wp\/v2\/posts\/29574\/revisions\/96370"}],"wp:featuredmedia":[{"embeddable":true,"href":"https:\/\/www.manquepierda.com\/historiarealbetis\/wp-json\/wp\/v2\/media\/29575"}],"wp:attachment":[{"href":"https:\/\/www.manquepierda.com\/historiarealbetis\/wp-json\/wp\/v2\/media?parent=29574"}],"wp:term":[{"taxonomy":"category","embeddable":true,"href":"https:\/\/www.manquepierda.com\/historiarealbetis\/wp-json\/wp\/v2\/categories?post=29574"},{"taxonomy":"post_tag","embeddable":true,"href":"https:\/\/www.manquepierda.com\/historiarealbetis\/wp-json\/wp\/v2\/tags?post=29574"}],"curies":[{"name":"wp","href":"https:\/\/api.w.org\/{rel}","templated":true}]}}