{"id":29693,"date":"2013-05-09T23:09:56","date_gmt":"2013-05-09T21:09:56","guid":{"rendered":"http:\/\/www.manquepierda.com\/historiarealbetis\/?p=29693"},"modified":"2024-08-23T17:42:05","modified_gmt":"2024-08-23T15:42:05","slug":"1957-mayo-05-segunda-division-grupo-ii-real-betis-balompie-3-vs-club-atletico-ceuta-0","status":"publish","type":"post","link":"https:\/\/www.manquepierda.com\/historiarealbetis\/1957-mayo-05-segunda-division-grupo-ii-real-betis-balompie-3-vs-club-atletico-ceuta-0\/","title":{"rendered":"1957-Mayo 05-Segunda Divisi\u00f3n-Grupo II: Real Betis Balompi\u00e9-3 vs. Club Atl\u00e9tico Ceuta-0."},"content":{"rendered":"<p><a href=\"https:\/\/www.manquepierda.com\/historiarealbetis\/29693-1957-mayo-05-segunda-division-grupo-ii-real-betis-balompie-3-vs-club-atletico-ceuta-0\/heliopolis1952-1958\/\" rel=\"attachment wp-att-29694\"><img data-recalc-dims=\"1\" loading=\"lazy\" decoding=\"async\" class=\"aligncenter size-medium wp-image-29694\" alt=\"HELI\u00d3POLIS1952-1958\" src=\"https:\/\/i0.wp.com\/www.manquepierda.com\/historiarealbetis\/files\/2013\/05\/HELI%C3%93POLIS1952-1958-680x344.jpg?resize=680%2C344&#038;ssl=1\" width=\"680\" height=\"344\" srcset=\"https:\/\/i0.wp.com\/www.manquepierda.com\/historiarealbetis\/files\/2013\/05\/HELI%C3%93POLIS1952-1958.jpg?resize=680%2C344&amp;ssl=1 680w, https:\/\/i0.wp.com\/www.manquepierda.com\/historiarealbetis\/files\/2013\/05\/HELI%C3%93POLIS1952-1958.jpg?resize=220%2C111&amp;ssl=1 220w, https:\/\/i0.wp.com\/www.manquepierda.com\/historiarealbetis\/files\/2013\/05\/HELI%C3%93POLIS1952-1958.jpg?resize=960%2C486&amp;ssl=1 960w, https:\/\/i0.wp.com\/www.manquepierda.com\/historiarealbetis\/files\/2013\/05\/HELI%C3%93POLIS1952-1958.jpg?resize=1024%2C519&amp;ssl=1 1024w, https:\/\/i0.wp.com\/www.manquepierda.com\/historiarealbetis\/files\/2013\/05\/HELI%C3%93POLIS1952-1958.jpg?resize=500%2C253&amp;ssl=1 500w\" sizes=\"auto, (max-width: 680px) 100vw, 680px\" \/><\/a><em><strong>XXXII JORNADA LIGA SEGUNDA DIVISI\u00d3N-GRUPO SEGUNDO-TEMPORADA 1956-1957 EN LA CIUDAD DEL BETIS-DOMINGO 05 DE MAYO DE 1957-D\u00eda lluvioso que perjudic\u00f3 el terreno de juego.-ESTADIO MUNICIPAL DE HELI\u00d3POLIS.<\/strong><\/em><\/p>\n<p style=\"text-align: center\"><strong>Arbitr\u00f3 el colegiado mallorqu\u00ed Gabriel Martorell Mir, con errores t\u00e9cnicos de apreciaci\u00f3n.-Aline\u00f3 \u00e1:<\/strong><\/p>\n<p style=\"text-align: center\"><a href=\"https:\/\/www.manquepierda.com\/historiarealbetis\/29693-1957-mayo-05-segunda-division-grupo-ii-real-betis-balompie-3-vs-club-atletico-ceuta-0\/1957-rbb-11\/\" rel=\"attachment wp-att-29695\"><img data-recalc-dims=\"1\" loading=\"lazy\" decoding=\"async\" class=\"aligncenter size-full wp-image-29695\" alt=\"1957-RBB\" src=\"https:\/\/i0.wp.com\/www.manquepierda.com\/historiarealbetis\/files\/2013\/05\/1957-RBB.jpg?resize=154%2C154&#038;ssl=1\" width=\"154\" height=\"154\" srcset=\"https:\/\/i0.wp.com\/www.manquepierda.com\/historiarealbetis\/files\/2013\/05\/1957-RBB.jpg?w=154&amp;ssl=1 154w, https:\/\/i0.wp.com\/www.manquepierda.com\/historiarealbetis\/files\/2013\/05\/1957-RBB.jpg?resize=50%2C50&amp;ssl=1 50w\" sizes=\"auto, (max-width: 154px) 100vw, 154px\" \/><\/a><em><strong>Quinto Clasificado.-REAL BETIS BALOMPI\u00c9-3 GOLES.<\/strong><\/em><\/p>\n<p style=\"text-align: center\"><em><strong>Marcaron:<\/strong><\/em><\/p>\n<p style=\"text-align: center\"><a href=\"https:\/\/www.manquepierda.com\/historiarealbetis\/29693-1957-mayo-05-segunda-division-grupo-ii-real-betis-balompie-3-vs-club-atletico-ceuta-0\/paquifranciscogomezlopez-3\/\" rel=\"attachment wp-att-29702\"><img data-recalc-dims=\"1\" loading=\"lazy\" decoding=\"async\" class=\"aligncenter size-thumbnail wp-image-29702\" alt=\"PAQUIfranciscog\u00f3mezl\u00f3pez\" src=\"https:\/\/i0.wp.com\/www.manquepierda.com\/historiarealbetis\/files\/2013\/05\/PAQUIfranciscog%C3%B3mezl%C3%B3pez.jpg?resize=172%2C220&#038;ssl=1\" width=\"172\" height=\"220\" srcset=\"https:\/\/i0.wp.com\/www.manquepierda.com\/historiarealbetis\/files\/2013\/05\/PAQUIfranciscog%C3%B3mezl%C3%B3pez.jpg?resize=172%2C220&amp;ssl=1 172w, https:\/\/i0.wp.com\/www.manquepierda.com\/historiarealbetis\/files\/2013\/05\/PAQUIfranciscog%C3%B3mezl%C3%B3pez.jpg?resize=471%2C600&amp;ssl=1 471w, https:\/\/i0.wp.com\/www.manquepierda.com\/historiarealbetis\/files\/2013\/05\/PAQUIfranciscog%C3%B3mezl%C3%B3pez.jpg?resize=550%2C700&amp;ssl=1 550w, https:\/\/i0.wp.com\/www.manquepierda.com\/historiarealbetis\/files\/2013\/05\/PAQUIfranciscog%C3%B3mezl%C3%B3pez.jpg?resize=1024%2C1303&amp;ssl=1 1024w, https:\/\/i0.wp.com\/www.manquepierda.com\/historiarealbetis\/files\/2013\/05\/PAQUIfranciscog%C3%B3mezl%C3%B3pez.jpg?resize=392%2C500&amp;ssl=1 392w, https:\/\/i0.wp.com\/www.manquepierda.com\/historiarealbetis\/files\/2013\/05\/PAQUIfranciscog%C3%B3mezl%C3%B3pez.jpg?w=1574&amp;ssl=1 1574w\" sizes=\"auto, (max-width: 172px) 100vw, 172px\" \/><\/a><em><strong>1-0.-08 Minutos:\u00a0 Ch\u00fa de Peri\u00f1\u00e1n,\u00a0 rechaz\u00f3 Valero defectuosamente,\u00a0 recepcionando PAQUI disparando y batiendo al meta Alonso.<\/strong><\/em><\/p>\n<p style=\"text-align: center\"><a href=\"https:\/\/www.manquepierda.com\/historiarealbetis\/29693-1957-mayo-05-segunda-division-grupo-ii-real-betis-balompie-3-vs-club-atletico-ceuta-0\/vistremundocarreteroensenat-2\/\" rel=\"attachment wp-att-29703\"><img data-recalc-dims=\"1\" loading=\"lazy\" decoding=\"async\" class=\"aligncenter size-thumbnail wp-image-29703\" alt=\"VistreMUNDOcarreteroEnse\u00f1at\" src=\"https:\/\/i0.wp.com\/www.manquepierda.com\/historiarealbetis\/files\/2013\/05\/VistreMUNDOcarreteroEnse%C3%B1at.jpg?resize=165%2C220&#038;ssl=1\" width=\"165\" height=\"220\" srcset=\"https:\/\/i0.wp.com\/www.manquepierda.com\/historiarealbetis\/files\/2013\/05\/VistreMUNDOcarreteroEnse%C3%B1at.jpg?resize=165%2C220&amp;ssl=1 165w, https:\/\/i0.wp.com\/www.manquepierda.com\/historiarealbetis\/files\/2013\/05\/VistreMUNDOcarreteroEnse%C3%B1at.jpg?resize=450%2C600&amp;ssl=1 450w, https:\/\/i0.wp.com\/www.manquepierda.com\/historiarealbetis\/files\/2013\/05\/VistreMUNDOcarreteroEnse%C3%B1at.jpg?resize=525%2C700&amp;ssl=1 525w, https:\/\/i0.wp.com\/www.manquepierda.com\/historiarealbetis\/files\/2013\/05\/VistreMUNDOcarreteroEnse%C3%B1at.jpg?resize=1024%2C1363&amp;ssl=1 1024w, https:\/\/i0.wp.com\/www.manquepierda.com\/historiarealbetis\/files\/2013\/05\/VistreMUNDOcarreteroEnse%C3%B1at.jpg?resize=375%2C500&amp;ssl=1 375w, https:\/\/i0.wp.com\/www.manquepierda.com\/historiarealbetis\/files\/2013\/05\/VistreMUNDOcarreteroEnse%C3%B1at.jpg?w=1058&amp;ssl=1 1058w\" sizes=\"auto, (max-width: 165px) 100vw, 165px\" \/><\/a><em><strong>2-0.-17 Minutos:\u00a0 Ra\u00fal retras\u00f3 el bal\u00f3n para que MUNDO que ven\u00eda lanzado lograra el segundo de la tarde.<\/strong><\/em><\/p>\n<p style=\"text-align: left\"><a href=\"https:\/\/www.manquepierda.com\/historiarealbetis\/29693-1957-mayo-05-segunda-division-grupo-ii-real-betis-balompie-3-vs-club-atletico-ceuta-0\/raul-rodriguez-seoane\/\" rel=\"attachment wp-att-29712\"><img data-recalc-dims=\"1\" loading=\"lazy\" decoding=\"async\" class=\"aligncenter size-thumbnail wp-image-29712\" alt=\"RA\u00daL Rodr\u00edguez Seoane\" src=\"https:\/\/i0.wp.com\/www.manquepierda.com\/historiarealbetis\/files\/2013\/05\/RA%C3%9AL-Rodr%C3%ADguez-Seoane-123x220.jpg?resize=123%2C220&#038;ssl=1\" width=\"123\" height=\"220\" srcset=\"https:\/\/i0.wp.com\/www.manquepierda.com\/historiarealbetis\/files\/2013\/05\/RA%C3%9AL-Rodr%C3%ADguez-Seoane.jpg?resize=123%2C220&amp;ssl=1 123w, https:\/\/i0.wp.com\/www.manquepierda.com\/historiarealbetis\/files\/2013\/05\/RA%C3%9AL-Rodr%C3%ADguez-Seoane.jpg?resize=279%2C500&amp;ssl=1 279w, https:\/\/i0.wp.com\/www.manquepierda.com\/historiarealbetis\/files\/2013\/05\/RA%C3%9AL-Rodr%C3%ADguez-Seoane.jpg?w=323&amp;ssl=1 323w\" sizes=\"auto, (max-width: 123px) 100vw, 123px\" \/><\/a><em><strong>3-0.-49 Minutos:\u00a0 Los ceut\u00edes hab\u00eda entrado en el campo b\u00e9tico,\u00a0 un esf\u00e9rico largo lleg\u00f3 a RA\u00daL completamente desmarcado, chut\u00f3 rebasando a un zaguero rival que no pudo impedir que perforara por tercera vez la porter\u00eda defendida por su compa\u00f1ero Alonso.<\/strong><\/em><\/p>\n<p style=\"text-align: center\"><em><strong>GUARDAMETA.<\/strong><\/em><\/p>\n<p style=\"text-align: center\"><a href=\"https:\/\/www.manquepierda.com\/historiarealbetis\/29693-1957-mayo-05-segunda-division-grupo-ii-real-betis-balompie-3-vs-club-atletico-ceuta-0\/eugenio07-2\/\" rel=\"attachment wp-att-29696\"><img data-recalc-dims=\"1\" loading=\"lazy\" decoding=\"async\" class=\"aligncenter size-thumbnail wp-image-29696\" alt=\"Eugenio07\" src=\"https:\/\/i0.wp.com\/www.manquepierda.com\/historiarealbetis\/files\/2013\/05\/Eugenio07.jpg?resize=146%2C220&#038;ssl=1\" width=\"146\" height=\"220\" srcset=\"https:\/\/i0.wp.com\/www.manquepierda.com\/historiarealbetis\/files\/2013\/05\/Eugenio07.jpg?resize=146%2C220&amp;ssl=1 146w, https:\/\/i0.wp.com\/www.manquepierda.com\/historiarealbetis\/files\/2013\/05\/Eugenio07.jpg?w=286&amp;ssl=1 286w\" sizes=\"auto, (max-width: 146px) 100vw, 146px\" \/><\/a><em><strong>1.-EUGENIO Ruiz P\u00e9rez (21).-SEVILLA, Viernes 06-Marzo-1936.<\/strong><\/em><\/p>\n<p style=\"text-align: center\"><em><strong>Temporadas:\u00a0 1955-1956 \u00e1 1957-1958.<\/strong><\/em><\/p>\n<p style=\"text-align: center\"><em><strong>ZAGUEROS:<\/strong><\/em><\/p>\n<p style=\"text-align: left\"><a href=\"https:\/\/www.manquepierda.com\/historiarealbetis\/29693-1957-mayo-05-segunda-division-grupo-ii-real-betis-balompie-3-vs-club-atletico-ceuta-0\/portu-jose-besteiro-farinas-2\/\" rel=\"attachment wp-att-29697\"><img data-recalc-dims=\"1\" loading=\"lazy\" decoding=\"async\" class=\"aligncenter size-thumbnail wp-image-29697\" alt=\"PORTU. Jos\u00e9 Besteiro Fari\u00f1as\" src=\"https:\/\/i0.wp.com\/www.manquepierda.com\/historiarealbetis\/files\/2013\/05\/PORTU.-Jos%C3%A9-Besteiro-Fari%C3%B1as.jpg?resize=147%2C220&#038;ssl=1\" width=\"147\" height=\"220\" srcset=\"https:\/\/i0.wp.com\/www.manquepierda.com\/historiarealbetis\/files\/2013\/05\/PORTU.-Jos%C3%A9-Besteiro-Fari%C3%B1as.jpg?resize=147%2C220&amp;ssl=1 147w, https:\/\/i0.wp.com\/www.manquepierda.com\/historiarealbetis\/files\/2013\/05\/PORTU.-Jos%C3%A9-Besteiro-Fari%C3%B1as.jpg?resize=401%2C600&amp;ssl=1 401w, https:\/\/i0.wp.com\/www.manquepierda.com\/historiarealbetis\/files\/2013\/05\/PORTU.-Jos%C3%A9-Besteiro-Fari%C3%B1as.jpg?resize=468%2C700&amp;ssl=1 468w, https:\/\/i0.wp.com\/www.manquepierda.com\/historiarealbetis\/files\/2013\/05\/PORTU.-Jos%C3%A9-Besteiro-Fari%C3%B1as.jpg?resize=334%2C500&amp;ssl=1 334w, https:\/\/i0.wp.com\/www.manquepierda.com\/historiarealbetis\/files\/2013\/05\/PORTU.-Jos%C3%A9-Besteiro-Fari%C3%B1as.jpg?w=627&amp;ssl=1 627w\" sizes=\"auto, (max-width: 147px) 100vw, 147px\" \/><\/a><em><strong>2.-Jos\u00e9 Besteiro Fari\u00f1as (27) \u00abPORTU\u00bb.-LA ESTRADA (Pontevedra), Domingo 23-Marzo-1930.-ALCAL\u00c1 DE GUADAIRA (Sevilla), Jueves 29-Noviembre-2007.-76 A\u00f1os.-D. E. P.<\/strong><\/em><\/p>\n<p style=\"text-align: center\"><em><strong>Temporadas:\u00a0 1952-1953 \u00e1 1959-1960, ambas inclusives (Primera-Segunda-Tercera Divisi\u00f3n).<\/strong><\/em><\/p>\n<p style=\"text-align: center\"><a href=\"https:\/\/www.manquepierda.com\/historiarealbetis\/29693-1957-mayo-05-segunda-division-grupo-ii-real-betis-balompie-3-vs-club-atletico-ceuta-0\/luisinluisgonzalezlopez-2\/\" rel=\"attachment wp-att-29698\"><img data-recalc-dims=\"1\" loading=\"lazy\" decoding=\"async\" class=\"aligncenter size-thumbnail wp-image-29698\" alt=\"LUIS\u00cdNluisgonz\u00e1lezl\u00f3pez\" src=\"https:\/\/i0.wp.com\/www.manquepierda.com\/historiarealbetis\/files\/2013\/05\/LUIS%C3%8DNluisgonz%C3%A1lezl%C3%B3pez-156x220.jpg?resize=156%2C220&#038;ssl=1\" width=\"156\" height=\"220\" srcset=\"https:\/\/i0.wp.com\/www.manquepierda.com\/historiarealbetis\/files\/2013\/05\/LUIS%C3%8DNluisgonz%C3%A1lezl%C3%B3pez.jpg?resize=156%2C220&amp;ssl=1 156w, https:\/\/i0.wp.com\/www.manquepierda.com\/historiarealbetis\/files\/2013\/05\/LUIS%C3%8DNluisgonz%C3%A1lezl%C3%B3pez.jpg?resize=426%2C600&amp;ssl=1 426w, https:\/\/i0.wp.com\/www.manquepierda.com\/historiarealbetis\/files\/2013\/05\/LUIS%C3%8DNluisgonz%C3%A1lezl%C3%B3pez.jpg?resize=497%2C700&amp;ssl=1 497w, https:\/\/i0.wp.com\/www.manquepierda.com\/historiarealbetis\/files\/2013\/05\/LUIS%C3%8DNluisgonz%C3%A1lezl%C3%B3pez.jpg?resize=1024%2C1440&amp;ssl=1 1024w, https:\/\/i0.wp.com\/www.manquepierda.com\/historiarealbetis\/files\/2013\/05\/LUIS%C3%8DNluisgonz%C3%A1lezl%C3%B3pez.jpg?resize=355%2C500&amp;ssl=1 355w, https:\/\/i0.wp.com\/www.manquepierda.com\/historiarealbetis\/files\/2013\/05\/LUIS%C3%8DNluisgonz%C3%A1lezl%C3%B3pez.jpg?w=1995&amp;ssl=1 1995w\" sizes=\"auto, (max-width: 156px) 100vw, 156px\" \/><\/a><em><strong>5.-Lu\u00eds Gonz\u00e1lez L\u00f3pez (24) \u00abLUIS\u00cdN\u00bb.-PRAVIA (Asturias), Lunes 27-Febrero-1933.<\/strong><\/em><\/p>\n<p style=\"text-align: center\"><em><strong>Temporadas:\u00a0 1956-1957\u00a0 y\u00a0 1957-1958.<\/strong><\/em><\/p>\n<p style=\"text-align: center\"><a href=\"https:\/\/www.manquepierda.com\/historiarealbetis\/29693-1957-mayo-05-segunda-division-grupo-ii-real-betis-balompie-3-vs-club-atletico-ceuta-0\/felipe-alberto-luis\/\" rel=\"attachment wp-att-29699\"><img data-recalc-dims=\"1\" loading=\"lazy\" decoding=\"async\" class=\"aligncenter size-thumbnail wp-image-29699\" alt=\"FELIPE Alberto Lu\u00eds\" src=\"https:\/\/i0.wp.com\/www.manquepierda.com\/historiarealbetis\/files\/2013\/05\/FELIPE-Alberto-Lu%C3%ADs.jpg?resize=140%2C220&#038;ssl=1\" width=\"140\" height=\"220\" srcset=\"https:\/\/i0.wp.com\/www.manquepierda.com\/historiarealbetis\/files\/2013\/05\/FELIPE-Alberto-Lu%C3%ADs.jpg?resize=140%2C220&amp;ssl=1 140w, https:\/\/i0.wp.com\/www.manquepierda.com\/historiarealbetis\/files\/2013\/05\/FELIPE-Alberto-Lu%C3%ADs.jpg?resize=318%2C500&amp;ssl=1 318w, https:\/\/i0.wp.com\/www.manquepierda.com\/historiarealbetis\/files\/2013\/05\/FELIPE-Alberto-Lu%C3%ADs.jpg?w=373&amp;ssl=1 373w\" sizes=\"auto, (max-width: 140px) 100vw, 140px\" \/><\/a><em><strong>3.-FELIPE Alberto Lu\u00eds (20).-SANTA CRUZ DE SANTIAGO DE TENERIFE, Domingo 13-Diciembre-1936.-\u00cdDEM, Lunes 27-Febrero-1989.-52 A\u00f1os.-D. E. P.<\/strong><\/em><\/p>\n<p style=\"text-align: center\"><em><strong>Temporadas:\u00a0 1955-1956\u00a0 y\u00a0 1956-1957.<\/strong><\/em><\/p>\n<p style=\"text-align: center\"><em><strong>MEDIOS:<\/strong><\/em><\/p>\n<p style=\"text-align: center\"><a href=\"https:\/\/www.manquepierda.com\/historiarealbetis\/29693-1957-mayo-05-segunda-division-grupo-ii-real-betis-balompie-3-vs-club-atletico-ceuta-0\/loli-manuelgomezdominguez-2\/\" rel=\"attachment wp-att-29700\"><img data-recalc-dims=\"1\" loading=\"lazy\" decoding=\"async\" class=\"aligncenter size-thumbnail wp-image-29700\" alt=\"LOLI-ManuelG\u00f3mezDom\u00ednguez\" src=\"https:\/\/i0.wp.com\/www.manquepierda.com\/historiarealbetis\/files\/2013\/05\/LOLI-ManuelG%C3%B3mezDom%C3%ADnguez.jpg?resize=171%2C220&#038;ssl=1\" width=\"171\" height=\"220\" srcset=\"https:\/\/i0.wp.com\/www.manquepierda.com\/historiarealbetis\/files\/2013\/05\/LOLI-ManuelG%C3%B3mezDom%C3%ADnguez.jpg?resize=171%2C220&amp;ssl=1 171w, https:\/\/i0.wp.com\/www.manquepierda.com\/historiarealbetis\/files\/2013\/05\/LOLI-ManuelG%C3%B3mezDom%C3%ADnguez.jpg?resize=468%2C600&amp;ssl=1 468w, https:\/\/i0.wp.com\/www.manquepierda.com\/historiarealbetis\/files\/2013\/05\/LOLI-ManuelG%C3%B3mezDom%C3%ADnguez.jpg?resize=546%2C700&amp;ssl=1 546w, https:\/\/i0.wp.com\/www.manquepierda.com\/historiarealbetis\/files\/2013\/05\/LOLI-ManuelG%C3%B3mezDom%C3%ADnguez.jpg?resize=1024%2C1310&amp;ssl=1 1024w, https:\/\/i0.wp.com\/www.manquepierda.com\/historiarealbetis\/files\/2013\/05\/LOLI-ManuelG%C3%B3mezDom%C3%ADnguez.jpg?resize=390%2C500&amp;ssl=1 390w, https:\/\/i0.wp.com\/www.manquepierda.com\/historiarealbetis\/files\/2013\/05\/LOLI-ManuelG%C3%B3mezDom%C3%ADnguez.jpg?w=1702&amp;ssl=1 1702w\" sizes=\"auto, (max-width: 171px) 100vw, 171px\" \/><\/a><em><strong>4.-Manuel G\u00f3mez Dom\u00ednguez (30) \u00abLOLI\u00bb.-ALGECIRAS (C\u00e1diz), Domingo 22-Mayo-1927.-86 A\u00f1os (mi\u00e9rcoles 22-02-2013).-Torremolinos (M\u00e1laga).<\/strong><\/em><\/p>\n<p style=\"text-align: center\"><em><strong>Temporadas:\u00a0 1956-1957\u00a0 y\u00a0 1957-1958.<\/strong><\/em><\/p>\n<p style=\"text-align: center\"><a href=\"https:\/\/www.manquepierda.com\/historiarealbetis\/29693-1957-mayo-05-segunda-division-grupo-ii-real-betis-balompie-3-vs-club-atletico-ceuta-0\/manuel-lora-gancedo\/\" rel=\"attachment wp-att-29701\"><img data-recalc-dims=\"1\" loading=\"lazy\" decoding=\"async\" class=\"aligncenter size-thumbnail wp-image-29701\" alt=\"Manuel LORA Gancedo\" src=\"https:\/\/i0.wp.com\/www.manquepierda.com\/historiarealbetis\/files\/2013\/05\/Manuel-LORA-Gancedo.jpg?resize=138%2C220&#038;ssl=1\" width=\"138\" height=\"220\" srcset=\"https:\/\/i0.wp.com\/www.manquepierda.com\/historiarealbetis\/files\/2013\/05\/Manuel-LORA-Gancedo.jpg?resize=138%2C220&amp;ssl=1 138w, https:\/\/i0.wp.com\/www.manquepierda.com\/historiarealbetis\/files\/2013\/05\/Manuel-LORA-Gancedo.jpg?resize=376%2C600&amp;ssl=1 376w, https:\/\/i0.wp.com\/www.manquepierda.com\/historiarealbetis\/files\/2013\/05\/Manuel-LORA-Gancedo.jpg?resize=313%2C500&amp;ssl=1 313w, https:\/\/i0.wp.com\/www.manquepierda.com\/historiarealbetis\/files\/2013\/05\/Manuel-LORA-Gancedo.jpg?w=381&amp;ssl=1 381w\" sizes=\"auto, (max-width: 138px) 100vw, 138px\" \/><\/a><em><strong>6.-Manuel LORA Gancedo (25).-SEVILLA, Mi\u00e9rcoles 02-Marzo-1932.<\/strong><\/em><\/p>\n<p style=\"text-align: center\"><em><strong>Temporadas:\u00a0 1955-1956\u00a0 y\u00a0 1956-1957.<\/strong><\/em><\/p>\n<p style=\"text-align: center\"><em><strong>DELANTEROS:<\/strong><\/em><\/p>\n<p style=\"text-align: center\"><a href=\"https:\/\/www.manquepierda.com\/historiarealbetis\/29693-1957-mayo-05-segunda-division-grupo-ii-real-betis-balompie-3-vs-club-atletico-ceuta-0\/leonlasamujica-6\/\" rel=\"attachment wp-att-29708\"><img data-recalc-dims=\"1\" loading=\"lazy\" decoding=\"async\" class=\"aligncenter size-thumbnail wp-image-29708\" alt=\"Le\u00f3nLASAm\u00fajica\" src=\"https:\/\/i0.wp.com\/www.manquepierda.com\/historiarealbetis\/files\/2013\/05\/Le%C3%B3nLASAm%C3%BAjica.jpg?resize=138%2C220&#038;ssl=1\" width=\"138\" height=\"220\" srcset=\"https:\/\/i0.wp.com\/www.manquepierda.com\/historiarealbetis\/files\/2013\/05\/Le%C3%B3nLASAm%C3%BAjica.jpg?resize=138%2C220&amp;ssl=1 138w, https:\/\/i0.wp.com\/www.manquepierda.com\/historiarealbetis\/files\/2013\/05\/Le%C3%B3nLASAm%C3%BAjica.jpg?resize=376%2C600&amp;ssl=1 376w, https:\/\/i0.wp.com\/www.manquepierda.com\/historiarealbetis\/files\/2013\/05\/Le%C3%B3nLASAm%C3%BAjica.jpg?resize=439%2C700&amp;ssl=1 439w, https:\/\/i0.wp.com\/www.manquepierda.com\/historiarealbetis\/files\/2013\/05\/Le%C3%B3nLASAm%C3%BAjica.jpg?resize=1024%2C1630&amp;ssl=1 1024w, https:\/\/i0.wp.com\/www.manquepierda.com\/historiarealbetis\/files\/2013\/05\/Le%C3%B3nLASAm%C3%BAjica.jpg?resize=314%2C500&amp;ssl=1 314w, https:\/\/i0.wp.com\/www.manquepierda.com\/historiarealbetis\/files\/2013\/05\/Le%C3%B3nLASAm%C3%BAjica.jpg?w=1926&amp;ssl=1 1926w\" sizes=\"auto, (max-width: 138px) 100vw, 138px\" \/><\/a><em><strong>7.-Le\u00f3n LASA M\u00fajica (24).-BEASA\u00cdN (Guip\u00fazcoa), Viernes 17-Febrero-1933.-SEVILLA, Domingo 18-Junio-2006.-73 A\u00f1os.-D. E. P.<\/strong><\/em><\/p>\n<p style=\"text-align: center\"><em><strong>Temporadas:\u00a0 1956-1957 \u00e1 1964-1965, ambas inclusive.<\/strong><\/em><\/p>\n<p style=\"text-align: left\"><em><strong>8.-Francisco G\u00f3mez L\u00f3pez (24) \u00abPAQUI\u00bb.-VALDILECHA-Comarca Las Vegas (Madrid), Viernes 21-Abril-1933.-ALICANTE, Martes 26-Febrero-2013.-79 A\u00f1os.-D. E. P.<br \/>\n<\/strong><\/em><\/p>\n<p style=\"text-align: center\"><em><strong>Temporadas:\u00a0 1956-1957 \u00e1 1959-1960, ambas inclusive.<\/strong><\/em><\/p>\n<p style=\"text-align: left\"><em><strong>9-Ariete.-VistreMUNDO Carretero Ense\u00f1ac (23).-ES CASTELL \u00f3 VILLA CARLOS (Menorca), Jueves 22-Febrero-1934.<\/strong><\/em><\/p>\n<p style=\"text-align: center\"><em><strong>Temporadas:\u00a0 1956-1957\u00a0 y\u00a0 1957-1958.<\/strong><\/em><\/p>\n<p style=\"text-align: left\"><em><strong>10.-RA\u00daL Rodr\u00edguez Seoane (20).-BUENOS AIRES (Capital Federal.-Argentina), 00-00-1936.<\/strong><\/em><\/p>\n<p style=\"text-align: center\"><em><strong>Temporada 1956-1957.<\/strong><\/em><\/p>\n<p style=\"text-align: center\"><a href=\"https:\/\/www.manquepierda.com\/historiarealbetis\/29693-1957-mayo-05-segunda-division-grupo-ii-real-betis-balompie-3-vs-club-atletico-ceuta-0\/luis-perinan-linares-jugador-del-betis-2\/\" rel=\"attachment wp-att-29713\"><img data-recalc-dims=\"1\" loading=\"lazy\" decoding=\"async\" class=\"aligncenter size-full wp-image-29713\" alt=\"Luis Peri\u00f1\u00e1n Linares (jugador del Betis)\" src=\"https:\/\/i0.wp.com\/www.manquepierda.com\/historiarealbetis\/files\/2013\/05\/Luis-Peri%C3%B1%C3%A1n-Linares-jugador-del-Betis.jpg?resize=79%2C111&#038;ssl=1\" width=\"79\" height=\"111\" \/><\/a><em><strong>11.-Lu\u00eds PERI\u00d1\u00c1N Linares (25).-SAN FERNANDO (C\u00e1diz), Martes 10-Noviembre-1931.-\u00cdDEM, Martes 19-Agosto-2008.-76 A\u00f1os.-D. E. P.<\/strong><\/em><\/p>\n<p style=\"text-align: center\"><em><strong>Temporada 1956-1957.<\/strong><\/em><\/p>\n<p style=\"text-align: left\"><a href=\"https:\/\/www.manquepierda.com\/historiarealbetis\/29693-1957-mayo-05-segunda-division-grupo-ii-real-betis-balompie-3-vs-club-atletico-ceuta-0\/tyf5m92\/\" rel=\"attachment wp-att-29714\"><img data-recalc-dims=\"1\" loading=\"lazy\" decoding=\"async\" class=\"aligncenter size-thumbnail wp-image-29714\" alt=\"tyf5m92\" src=\"https:\/\/i0.wp.com\/www.manquepierda.com\/historiarealbetis\/files\/2013\/05\/tyf5m92-220x146.jpg?resize=220%2C146&#038;ssl=1\" width=\"220\" height=\"146\" \/><\/a><strong>\u00abEl Ayuntamiento de la Muy Leal y Constitucional Ciudad de San Fernando,\u00a0 en reconocimiento a Don Lu\u00eds Peri\u00f1\u00e1n Linares,\u00a0 por su vinculaci\u00f3n al Club Deportivo San Fernando y su aportaci\u00f3n al f\u00fatbol isle\u00f1o. San Fernando, diciembre 2009\u00bb.-(web oficial).<\/strong><\/p>\n<p style=\"text-align: center\"><em><strong><a href=\"https:\/\/www.manquepierda.com\/historiarealbetis\/29693-1957-mayo-05-segunda-division-grupo-ii-real-betis-balompie-3-vs-club-atletico-ceuta-0\/carlos-iturraspe-cuevas\/\" rel=\"attachment wp-att-29715\"><img data-recalc-dims=\"1\" loading=\"lazy\" decoding=\"async\" class=\"alignleft size-thumbnail wp-image-29715\" alt=\"Carlos Iturraspe Cuevas\" src=\"https:\/\/i0.wp.com\/www.manquepierda.com\/historiarealbetis\/files\/2013\/05\/Carlos-Iturraspe-Cuevas.jpg?resize=147%2C220&#038;ssl=1\" width=\"147\" height=\"220\" srcset=\"https:\/\/i0.wp.com\/www.manquepierda.com\/historiarealbetis\/files\/2013\/05\/Carlos-Iturraspe-Cuevas.jpg?resize=147%2C220&amp;ssl=1 147w, https:\/\/i0.wp.com\/www.manquepierda.com\/historiarealbetis\/files\/2013\/05\/Carlos-Iturraspe-Cuevas.jpg?w=192&amp;ssl=1 192w\" sizes=\"auto, (max-width: 147px) 100vw, 147px\" \/><\/a>ENTRENADOR REAL BETIS BALOMPI\u00c9 1956-1957 (Sustituyendo a Jos\u00e9 VALERA Nocera (a) \u00abPepe Valera\u00bb:\u00a0<\/strong><\/em><\/p>\n<p style=\"text-align: left\"><em><strong> CARLOS ITURRASPE CUEVAS (46 A\u00f1os).-SAN SEBASTI\u00c1N (Guip\u00fazcoa), Viernes 10-Junio-1910.<\/strong><\/em><\/p>\n<p style=\"text-align: center\"><em><strong>XXX1X PRESIDENTE REAL BETIS BALOMPI\u00c9 1956-1957 (Segunda temporada de Once de gesti\u00f3n archipueri\u00f3).<\/strong><\/em><\/p>\n<p style=\"text-align: left\"><a href=\"https:\/\/www.manquepierda.com\/historiarealbetis\/29693-1957-mayo-05-segunda-division-grupo-ii-real-betis-balompie-3-vs-club-atletico-ceuta-0\/benito-villamarin-06-7\/\" rel=\"attachment wp-att-29716\"><img data-recalc-dims=\"1\" loading=\"lazy\" decoding=\"async\" class=\"aligncenter size-thumbnail wp-image-29716\" alt=\"Benito Villamar\u00edn-06\" src=\"https:\/\/i0.wp.com\/www.manquepierda.com\/historiarealbetis\/files\/2013\/05\/Benito-Villamar%C3%ADn-06.jpg?resize=127%2C220&#038;ssl=1\" width=\"127\" height=\"220\" srcset=\"https:\/\/i0.wp.com\/www.manquepierda.com\/historiarealbetis\/files\/2013\/05\/Benito-Villamar%C3%ADn-06.jpg?resize=127%2C220&amp;ssl=1 127w, https:\/\/i0.wp.com\/www.manquepierda.com\/historiarealbetis\/files\/2013\/05\/Benito-Villamar%C3%ADn-06.jpg?resize=348%2C600&amp;ssl=1 348w, https:\/\/i0.wp.com\/www.manquepierda.com\/historiarealbetis\/files\/2013\/05\/Benito-Villamar%C3%ADn-06.jpg?resize=406%2C700&amp;ssl=1 406w, https:\/\/i0.wp.com\/www.manquepierda.com\/historiarealbetis\/files\/2013\/05\/Benito-Villamar%C3%ADn-06.jpg?resize=290%2C500&amp;ssl=1 290w, https:\/\/i0.wp.com\/www.manquepierda.com\/historiarealbetis\/files\/2013\/05\/Benito-Villamar%C3%ADn-06.jpg?w=688&amp;ssl=1 688w\" sizes=\"auto, (max-width: 127px) 100vw, 127px\" \/><\/a><\/p>\n<p style=\"text-align: center\"><a href=\"https:\/\/www.manquepierda.com\/historiarealbetis\/29693-1957-mayo-05-segunda-division-grupo-ii-real-betis-balompie-3-vs-club-atletico-ceuta-0\/villamarin-exportadoraceitunas-3\/\" rel=\"attachment wp-att-29717\"><img data-recalc-dims=\"1\" loading=\"lazy\" decoding=\"async\" class=\"alignleft size-thumbnail wp-image-29717\" alt=\"Villamar\u00edn-exportadorAceitunas\" src=\"https:\/\/i0.wp.com\/www.manquepierda.com\/historiarealbetis\/files\/2013\/05\/Villamar%C3%ADn-exportadorAceitunas-220x165.jpg?resize=220%2C165&#038;ssl=1\" width=\"220\" height=\"165\" srcset=\"https:\/\/i0.wp.com\/www.manquepierda.com\/historiarealbetis\/files\/2013\/05\/Villamar%C3%ADn-exportadorAceitunas.jpg?resize=220%2C165&amp;ssl=1 220w, https:\/\/i0.wp.com\/www.manquepierda.com\/historiarealbetis\/files\/2013\/05\/Villamar%C3%ADn-exportadorAceitunas.jpg?resize=680%2C511&amp;ssl=1 680w, https:\/\/i0.wp.com\/www.manquepierda.com\/historiarealbetis\/files\/2013\/05\/Villamar%C3%ADn-exportadorAceitunas.jpg?resize=500%2C376&amp;ssl=1 500w, https:\/\/i0.wp.com\/www.manquepierda.com\/historiarealbetis\/files\/2013\/05\/Villamar%C3%ADn-exportadorAceitunas.jpg?w=720&amp;ssl=1 720w\" sizes=\"auto, (max-width: 220px) 100vw, 220px\" \/><\/a><a href=\"https:\/\/www.manquepierda.com\/historiarealbetis\/29693-1957-mayo-05-segunda-division-grupo-ii-real-betis-balompie-3-vs-club-atletico-ceuta-0\/cartadespedidabenitovillamarinprieto-2\/\" rel=\"attachment wp-att-29718\"><img data-recalc-dims=\"1\" loading=\"lazy\" decoding=\"async\" class=\"alignright size-medium wp-image-29718\" alt=\"CartaDespedidaBenitoVillamar\u00ednPrieto\" src=\"https:\/\/i0.wp.com\/www.manquepierda.com\/historiarealbetis\/files\/2013\/05\/CartaDespedidaBenitoVillamar%C3%ADnPrieto.jpg?resize=502%2C600&#038;ssl=1\" width=\"502\" height=\"600\" srcset=\"https:\/\/i0.wp.com\/www.manquepierda.com\/historiarealbetis\/files\/2013\/05\/CartaDespedidaBenitoVillamar%C3%ADnPrieto.jpg?resize=502%2C600&amp;ssl=1 502w, https:\/\/i0.wp.com\/www.manquepierda.com\/historiarealbetis\/files\/2013\/05\/CartaDespedidaBenitoVillamar%C3%ADnPrieto.jpg?resize=184%2C220&amp;ssl=1 184w, https:\/\/i0.wp.com\/www.manquepierda.com\/historiarealbetis\/files\/2013\/05\/CartaDespedidaBenitoVillamar%C3%ADnPrieto.jpg?resize=586%2C700&amp;ssl=1 586w, https:\/\/i0.wp.com\/www.manquepierda.com\/historiarealbetis\/files\/2013\/05\/CartaDespedidaBenitoVillamar%C3%ADnPrieto.jpg?resize=1024%2C1222&amp;ssl=1 1024w, https:\/\/i0.wp.com\/www.manquepierda.com\/historiarealbetis\/files\/2013\/05\/CartaDespedidaBenitoVillamar%C3%ADnPrieto.jpg?resize=418%2C500&amp;ssl=1 418w\" sizes=\"auto, (max-width: 502px) 100vw, 502px\" \/><\/a><em><strong>DON BENITO VILLAMAR\u00cdN PRIETO.<\/strong><\/em><\/p>\n<p style=\"text-align: center\"><em><strong>PUGA-To\u00e9m (Ourense), Mi\u00e9rcoles 21 de Agosto de 1918.<\/strong><\/em><\/p>\n<p style=\"text-align: center\"><em><strong>\u00abCiudad del Betis\u00bb-Sevilla, Lunes 15 de Agosto de 1966.<\/strong><\/em><\/p>\n<p style=\"text-align: center\"><em><strong>48 A\u00f1os.-Descanse en Paz.-Primer Presidente Perpetuo y \u00fanico elegido democr\u00e1ticamente por la Afici\u00f3n Verdiblanca en base a su magn\u00edfica gesti\u00f3n con el fin de que el Real Betis Balompi\u00e9 estuviera en\u00a0 la Divisi\u00f3n de Honor lo m\u00e1ximo posible y factible de campa\u00f1as deportivas, que no pudo conseguir a causa de su grave enfermedad de c\u00e1ncer.<br \/>\n<\/strong><\/em><\/p>\n<p style=\"text-align: center\"><strong>Vs.<\/strong><\/p>\n<p style=\"text-align: center\"><a href=\"https:\/\/www.manquepierda.com\/historiarealbetis\/29693-1957-mayo-05-segunda-division-grupo-ii-real-betis-balompie-3-vs-club-atletico-ceuta-0\/afr_ceuta_atletico0\/\" rel=\"attachment wp-att-29719\"><img data-recalc-dims=\"1\" loading=\"lazy\" decoding=\"async\" class=\"aligncenter size-thumbnail wp-image-29719\" alt=\"afr_Ceuta_Atletico0\" src=\"https:\/\/i0.wp.com\/www.manquepierda.com\/historiarealbetis\/files\/2013\/05\/afr_Ceuta_Atletico0-121x220.gif?resize=121%2C220&#038;ssl=1\" width=\"121\" height=\"220\" \/><\/a><\/p>\n<p style=\"text-align: center\">Octavo Clasificado.-CLUB ATL\u00c9TICO DE CEUTA-0 TANTOS.<\/p>\n<p style=\"text-align: center\"><strong>ALONSO (Portero).-JUANELE-VALERO-PEDRICO (Defensas).-VALLE-VILLAR (Medios).-BARRIO-GINER-GIMENO-SEVILLA-MORA (Delanteros).<\/strong><\/p>\n<p style=\"text-align: center\"><a href=\"https:\/\/www.manquepierda.com\/historiarealbetis\/29693-1957-mayo-05-segunda-division-grupo-ii-real-betis-balompie-3-vs-club-atletico-ceuta-0\/resultados-clasificacion\/\" rel=\"attachment wp-att-29720\"><img data-recalc-dims=\"1\" loading=\"lazy\" decoding=\"async\" class=\"aligncenter size-large wp-image-29720\" alt=\"Resultados-Clasificaci\u00f3n\" src=\"https:\/\/i0.wp.com\/www.manquepierda.com\/historiarealbetis\/files\/2013\/05\/Resultados-Clasificaci%C3%B3n.jpg?resize=406%2C700&#038;ssl=1\" width=\"406\" height=\"700\" srcset=\"https:\/\/i0.wp.com\/www.manquepierda.com\/historiarealbetis\/files\/2013\/05\/Resultados-Clasificaci%C3%B3n.jpg?resize=406%2C700&amp;ssl=1 406w, https:\/\/i0.wp.com\/www.manquepierda.com\/historiarealbetis\/files\/2013\/05\/Resultados-Clasificaci%C3%B3n.jpg?resize=127%2C220&amp;ssl=1 127w, https:\/\/i0.wp.com\/www.manquepierda.com\/historiarealbetis\/files\/2013\/05\/Resultados-Clasificaci%C3%B3n.jpg?resize=348%2C600&amp;ssl=1 348w, https:\/\/i0.wp.com\/www.manquepierda.com\/historiarealbetis\/files\/2013\/05\/Resultados-Clasificaci%C3%B3n.jpg?resize=290%2C500&amp;ssl=1 290w, https:\/\/i0.wp.com\/www.manquepierda.com\/historiarealbetis\/files\/2013\/05\/Resultados-Clasificaci%C3%B3n.jpg?w=665&amp;ssl=1 665w\" sizes=\"auto, (max-width: 406px) 100vw, 406px\" \/><\/a>ABC-SEVILLA 07-05-1957.<\/p>\n<p style=\"text-align: left\">Colecci\u00f3n Personal.<\/p>\n<p>&nbsp;<\/p>\n","protected":false},"excerpt":{"rendered":"<p>XXXII JORNADA LIGA SEGUNDA DIVISI\u00d3N-GRUPO SEGUNDO-TEMPORADA 1956-1957 EN LA CIUDAD DEL BETIS-DOMINGO 05 DE MAYO DE 1957-D\u00eda lluvioso que perjudic\u00f3 el terreno de juego.-ESTADIO MUNICIPAL DE HELI\u00d3POLIS. Arbitr\u00f3 el colegiado mallorqu\u00ed Gabriel Martorell Mir, con errores t\u00e9cnicos de apreciaci\u00f3n.-Aline\u00f3 \u00e1: Quinto Clasificado.-REAL BETIS BALOMPI\u00c9-3 GOLES. Marcaron: 1-0.-08 Minutos:\u00a0 Ch\u00fa de Peri\u00f1\u00e1n,\u00a0 rechaz\u00f3 Valero defectuosamente,\u00a0 recepcionando&#8230;<\/p>\n","protected":false},"author":48,"featured_media":29694,"comment_status":"open","ping_status":"open","sticky":false,"template":"","format":"standard","meta":{"_kad_post_transparent":"","_kad_post_title":"","_kad_post_layout":"","_kad_post_sidebar_id":"","_kad_post_content_style":"","_kad_post_vertical_padding":"","_kad_post_feature":"","_kad_post_feature_position":"","_kad_post_header":false,"_kad_post_footer":false,"_kad_post_classname":"","_jetpack_memberships_contains_paid_content":false,"footnotes":"","jetpack_publicize_message":"","jetpack_publicize_feature_enabled":true,"jetpack_social_post_already_shared":true,"jetpack_social_options":{"image_generator_settings":{"template":"highway","default_image_id":0,"font":"","enabled":false},"version":2}},"categories":[901,1],"tags":[4330,4331,1262,17938],"class_list":["post-29693","post","type-post","status-publish","format-standard","has-post-thumbnail","hentry","category-1950-1959","category-portada","tag-1956-57","tag-4331","tag-atletico-ceuta","tag-liga-segunda-1956-57"],"jetpack_publicize_connections":[],"jetpack_featured_media_url":"https:\/\/i0.wp.com\/www.manquepierda.com\/historiarealbetis\/files\/2013\/05\/HELI%C3%93POLIS1952-1958.jpg?fit=2334%2C1184&ssl=1","jetpack_sharing_enabled":true,"jetpack_shortlink":"https:\/\/wp.me\/p1ij08-7IV","jetpack-related-posts":[],"_links":{"self":[{"href":"https:\/\/www.manquepierda.com\/historiarealbetis\/wp-json\/wp\/v2\/posts\/29693","targetHints":{"allow":["GET"]}}],"collection":[{"href":"https:\/\/www.manquepierda.com\/historiarealbetis\/wp-json\/wp\/v2\/posts"}],"about":[{"href":"https:\/\/www.manquepierda.com\/historiarealbetis\/wp-json\/wp\/v2\/types\/post"}],"author":[{"embeddable":true,"href":"https:\/\/www.manquepierda.com\/historiarealbetis\/wp-json\/wp\/v2\/users\/48"}],"replies":[{"embeddable":true,"href":"https:\/\/www.manquepierda.com\/historiarealbetis\/wp-json\/wp\/v2\/comments?post=29693"}],"version-history":[{"count":1,"href":"https:\/\/www.manquepierda.com\/historiarealbetis\/wp-json\/wp\/v2\/posts\/29693\/revisions"}],"predecessor-version":[{"id":97703,"href":"https:\/\/www.manquepierda.com\/historiarealbetis\/wp-json\/wp\/v2\/posts\/29693\/revisions\/97703"}],"wp:featuredmedia":[{"embeddable":true,"href":"https:\/\/www.manquepierda.com\/historiarealbetis\/wp-json\/wp\/v2\/media\/29694"}],"wp:attachment":[{"href":"https:\/\/www.manquepierda.com\/historiarealbetis\/wp-json\/wp\/v2\/media?parent=29693"}],"wp:term":[{"taxonomy":"category","embeddable":true,"href":"https:\/\/www.manquepierda.com\/historiarealbetis\/wp-json\/wp\/v2\/categories?post=29693"},{"taxonomy":"post_tag","embeddable":true,"href":"https:\/\/www.manquepierda.com\/historiarealbetis\/wp-json\/wp\/v2\/tags?post=29693"}],"curies":[{"name":"wp","href":"https:\/\/api.w.org\/{rel}","templated":true}]}}