{"id":29785,"date":"2013-05-11T21:23:36","date_gmt":"2013-05-11T19:23:36","guid":{"rendered":"http:\/\/www.manquepierda.com\/historiarealbetis\/?p=29785"},"modified":"2024-09-21T18:15:35","modified_gmt":"2024-09-21T16:15:35","slug":"1963-mayo-12-cpto-espana-14-final-ida-real-betis-balompie-2-goles-vs-sevilla-cf-1","status":"publish","type":"post","link":"https:\/\/www.manquepierda.com\/historiarealbetis\/1963-mayo-12-cpto-espana-14-final-ida-real-betis-balompie-2-goles-vs-sevilla-cf-1\/","title":{"rendered":"1963-Mayo 12-CptoEspa\u00f1a.-Real Betis Balompi\u00e9-2 Sevilla cf-1.-53Aniversario."},"content":{"rendered":"<p style=\"text-align: justify\"><strong>LIX EDICI\u00d3N-CAMPEONATO ESPA\u00d1A-COPA GENERAL\u00cdSIMO 1962-1963 (DESDE DOMINGO 25 DE NOVIEMBRE DE 1962 HASTA DOMINGO 23 DE JUNIO\u00a0 DE 1963) AMBAS FECHAS INCLUSIVE.<\/strong><strong><br \/>\n<\/strong><\/p>\n<p style=\"text-align: center\"><img data-recalc-dims=\"1\" loading=\"lazy\" decoding=\"async\" class=\"aligncenter size-medium wp-image-49556\" src=\"https:\/\/i0.wp.com\/www.manquepierda.com\/historiarealbetis\/files\/2013\/05\/19630512Carteler%C3%ADabc.jpg?resize=349%2C600&#038;ssl=1\" alt=\"19630512Carteler\u00edabc\" width=\"349\" height=\"600\" srcset=\"https:\/\/i0.wp.com\/www.manquepierda.com\/historiarealbetis\/files\/2013\/05\/19630512Carteler%C3%ADabc.jpg?resize=349%2C600&amp;ssl=1 349w, https:\/\/i0.wp.com\/www.manquepierda.com\/historiarealbetis\/files\/2013\/05\/19630512Carteler%C3%ADabc.jpg?resize=128%2C220&amp;ssl=1 128w, https:\/\/i0.wp.com\/www.manquepierda.com\/historiarealbetis\/files\/2013\/05\/19630512Carteler%C3%ADabc.jpg?resize=408%2C700&amp;ssl=1 408w, https:\/\/i0.wp.com\/www.manquepierda.com\/historiarealbetis\/files\/2013\/05\/19630512Carteler%C3%ADabc.jpg?w=736&amp;ssl=1 736w\" sizes=\"auto, (max-width: 349px) 100vw, 349px\" \/><\/p>\n<p style=\"text-align: justify\"><strong>1963-MAYO 12-DOMINGO EN \u00abCIUDAD DEL SOL\u00bb 18&#8217;30 HORAS-ESTADIO \u00abBENITO VILLAMAR\u00cdN\u00bb-FUERA DE ABONO-OCTAVOS DE FINAL-IDA.-CLAVE MARCADOR SIMULT\u00c1NEO \u00abDARDO\u00bb: <em>\u00abbitter CINZANO soda\u00bb.<\/em><\/strong><\/p>\n<p style=\"text-align: center\">CR\u00d3NICA DE IGNACIO GARC\u00cdA FERREIRA PARA \u00abHOJA DEL LUNES\u00bb-SEVILLA 13-MAYO-1963:<\/p>\n<p style=\"text-align: justify\"><em>\u00abEl ambiente ha sido, como en todos los partidos entre los dos equipos locales, de apasionamiento, y en cuanto a los jugadores, si bien hubo choques, algunas jugadas violentas de \u00abCampanal II\u00bb y \u00abColo\u00bb, en el once sevillista y b\u00e9tico, respectivamente, el juego se mantuvo en t\u00e9rminos reglamentarios. <\/em><\/p>\n<p style=\"text-align: justify\"><em>As\u00ed como otras veces hemos fustigado innecesarias jugadas duras de Valero, hoy hemos de elogiar su conducta y juego correcto impecable, lo mismo que Juan Manuel\u00bb.<\/em><\/p>\n<p style=\"text-align: justify\"><img data-recalc-dims=\"1\" loading=\"lazy\" decoding=\"async\" class=\"alignleft size-full wp-image-49557\" src=\"https:\/\/i0.wp.com\/www.manquepierda.com\/historiarealbetis\/files\/2013\/05\/Zariquiegui.jpg?resize=72%2C102&#038;ssl=1\" alt=\"Zariquiegui\" width=\"72\" height=\"102\" \/>Arbitr\u00f3 Daniel Mar\u00eda ZARIQUIEGUI IZCO (38 a\u00f1os+7 meses+3 d\u00edas)-Natural de Pamplona (Navarra), jueves 09 de Octubre de 1924.<\/p>\n<p style=\"text-align: justify\"><em><strong>\u00abEl se\u00f1or Zariquiegui hizo, en conjunto un arbitraje imparcial, procurando se\u00f1alar todas las faltas, aunque para ellos dejara sin aplicaci\u00f3n la ley de la ventaja, sin duda para no perder el control. En cambio, no atendi\u00f3 la indicaci\u00f3n que con el bander\u00edn le hac\u00eda unos de sus jueces de l\u00ednea en el tanto sevillista. Esto fue lo que origin\u00f3 las protestas del p\u00fablico y las reclamaciones de los jugadores verdiblancos\u00bb.<\/strong><\/em><\/p>\n<p style=\"text-align: justify\"><em>Los equipos fueron recibidos con pitos y aislados aplausos el Sevilla Cf, <strong>y entusiasta acogida con muy pocos silbidos, el Real Betis. Quedaron formados as\u00ed:<\/strong><\/em><\/p>\n<p style=\"text-align: justify\"><strong><img data-recalc-dims=\"1\" loading=\"lazy\" decoding=\"async\" class=\"alignleft size-thumbnail wp-image-49523\" src=\"https:\/\/i0.wp.com\/www.manquepierda.com\/historiarealbetis\/files\/2016\/05\/Villamar%C3%ADn-exportadorAceitunas-300x225.jpg?resize=220%2C165&#038;ssl=1\" alt=\"Villamar\u00edn-exportadorAceitunas-300x225\" width=\"220\" height=\"165\" srcset=\"https:\/\/i0.wp.com\/www.manquepierda.com\/historiarealbetis\/files\/2016\/05\/Villamar%C3%ADn-exportadorAceitunas-300x225.jpg?resize=220%2C165&amp;ssl=1 220w, https:\/\/i0.wp.com\/www.manquepierda.com\/historiarealbetis\/files\/2016\/05\/Villamar%C3%ADn-exportadorAceitunas-300x225.jpg?resize=300%2C225&amp;ssl=1 300w\" sizes=\"auto, (max-width: 220px) 100vw, 220px\" \/>XXXIX Presidente del Real Betis Balompi\u00e9 (desde el s\u00e1bado 21 de Mayo de 1955 hasta el <img data-recalc-dims=\"1\" loading=\"lazy\" decoding=\"async\" class=\"alignright size-thumbnail wp-image-49559\" src=\"https:\/\/i0.wp.com\/www.manquepierda.com\/historiarealbetis\/files\/2013\/05\/Benito-Villamar%C3%ADn-06-1.jpg?resize=128%2C220&#038;ssl=1\" alt=\"Benito Villamar\u00edn-06\" width=\"128\" height=\"220\" srcset=\"https:\/\/i0.wp.com\/www.manquepierda.com\/historiarealbetis\/files\/2013\/05\/Benito-Villamar%C3%ADn-06-1.jpg?resize=128%2C220&amp;ssl=1 128w, https:\/\/i0.wp.com\/www.manquepierda.com\/historiarealbetis\/files\/2013\/05\/Benito-Villamar%C3%ADn-06-1.jpg?resize=349%2C600&amp;ssl=1 349w, https:\/\/i0.wp.com\/www.manquepierda.com\/historiarealbetis\/files\/2013\/05\/Benito-Villamar%C3%ADn-06-1.jpg?resize=407%2C700&amp;ssl=1 407w, https:\/\/i0.wp.com\/www.manquepierda.com\/historiarealbetis\/files\/2013\/05\/Benito-Villamar%C3%ADn-06-1.jpg?w=688&amp;ssl=1 688w\" sizes=\"auto, (max-width: 128px) 100vw, 128px\" \/>martes 07 de Diciembre de 1965-en que present\u00f3 su emocionante escrito de dimisi\u00f3n a causa de su grave enfermedad de c\u00e1ncer de pulm\u00f3n, despidi\u00e9ndose de sus compa\u00f1eros directivos y a trav\u00e9s de \u00e9stos de la gran familia verdiblanca).<\/strong><\/p>\n<p style=\"text-align: justify\"><em><strong>Industrial (46 a\u00f1os+9 meses menos 9 d\u00edas)-Natural de Puga-To\u00e9n (Ourense), lunes 21 de Agosto de 1916 (Centenario d.m.: Domingo 21-VIII-2016).-Obituario en Sevilla, lunes 15 de Agosto de 1966 (50 A\u00f1os menos 6 d\u00edas) D. E. P. Primer presidente perpetuo y \u00fanico elegido democr\u00e1ticamente por la afici\u00f3n B\u00e9tica.<\/strong><\/em><\/p>\n<p style=\"text-align: justify\"><strong>2\/2-Entrenador 1962-1963.-Ernesto PONS Forn (11\u00aa-30\u00aa Jornadas de Liga+7 partidos domingos 28-Abril \u00e1 05-Junio 1963): 43 a\u00f1os+4 meses menos 7 d\u00edas.-Natural de Matar\u00f3 (Barcelona), lunes 19 de Enero de 1920.<\/strong><\/p>\n<p style=\"text-align: center\"><a href=\"https:\/\/www.manquepierda.com\/historiarealbetis\/29693-1957-mayo-05-segunda-division-grupo-ii-real-betis-balompie-3-vs-club-atletico-ceuta-0\/1957-rbb-11\/\" rel=\"attachment wp-att-29695\"><img data-recalc-dims=\"1\" loading=\"lazy\" decoding=\"async\" class=\"aligncenter size-full wp-image-29695\" src=\"https:\/\/i0.wp.com\/www.manquepierda.com\/historiarealbetis\/files\/2013\/05\/1957-RBB.jpg?resize=154%2C154&#038;ssl=1\" alt=\"1957-RBB\" width=\"154\" height=\"154\" srcset=\"https:\/\/i0.wp.com\/www.manquepierda.com\/historiarealbetis\/files\/2013\/05\/1957-RBB.jpg?w=154&amp;ssl=1 154w, https:\/\/i0.wp.com\/www.manquepierda.com\/historiarealbetis\/files\/2013\/05\/1957-RBB.jpg?resize=50%2C50&amp;ssl=1 50w\" sizes=\"auto, (max-width: 154px) 100vw, 154px\" \/><\/a><em><strong>REAL BETIS BALOMPI\u00c9-2 GOLES.<\/strong><\/em><\/p>\n<p style=\"text-align: center\">Guardameta:<\/p>\n<figure id=\"attachment_49560\" aria-describedby=\"caption-attachment-49560\" style=\"width: 143px\" class=\"wp-caption aligncenter\"><img data-recalc-dims=\"1\" loading=\"lazy\" decoding=\"async\" class=\"size-thumbnail wp-image-49560\" src=\"https:\/\/i0.wp.com\/www.manquepierda.com\/historiarealbetis\/files\/2013\/05\/PEP%C3%8DN.jpg?resize=143%2C220&#038;ssl=1\" alt=\"1 TANTO ENCAJADO\" width=\"143\" height=\"220\" srcset=\"https:\/\/i0.wp.com\/www.manquepierda.com\/historiarealbetis\/files\/2013\/05\/PEP%C3%8DN.jpg?resize=143%2C220&amp;ssl=1 143w, https:\/\/i0.wp.com\/www.manquepierda.com\/historiarealbetis\/files\/2013\/05\/PEP%C3%8DN.jpg?w=206&amp;ssl=1 206w\" sizes=\"auto, (max-width: 143px) 100vw, 143px\" \/><figcaption id=\"caption-attachment-49560\" class=\"wp-caption-text\">1 TANTO ENCAJADO.<\/figcaption><\/figure>\n<p style=\"text-align: justify\"><strong>1-Jos\u00e9 Casas Gris (a) \u00abPEP\u00cdN\u00bb (31 a\u00f1os+6 meses menos 4 d\u00edas)-Natural de Valencia, lunes 16 de Noviembre de 1931.-Obituario en Las Palmas de Gran Canaria, martes 12 de Octubre de 2010 (78 A\u00f1os+11 meses menos 4 d\u00edas) D. E. P.<\/strong><\/p>\n<p style=\"text-align: center\">Zagueros:<\/p>\n<p style=\"text-align: justify\"><strong>2-Lateral Diestro.-Julio Santaella Ben\u00edtez (a) \u00abCOLO\u00bb.<\/strong><\/p>\n<p style=\"text-align: justify\"><strong>5-Central.-Eusebio R\u00cdOS Fern\u00e1ndez.<\/strong><\/p>\n<p style=\"text-align: justify\"><strong>3-Lateral Zurdo.-Francisco Faleato Ochoantesana (a) \u00abPAQUITO\u00bb.<\/strong><\/p>\n<p style=\"text-align: center\">Medios:<\/p>\n<p style=\"text-align: justify\"><a href=\"https:\/\/www.manquepierda.com\/historiarealbetis\/29736-1963-mayo-05-campeonato-espana-116-final-vuelta-real-betis-balompie-4-vs-ud-las-palmas-1\/andres-bosch-6\/\" rel=\"attachment wp-att-29742\"><img data-recalc-dims=\"1\" loading=\"lazy\" decoding=\"async\" class=\"aligncenter size-thumbnail wp-image-29742\" src=\"https:\/\/i0.wp.com\/www.manquepierda.com\/historiarealbetis\/files\/2013\/05\/Andr%C3%A9s-Bosch.jpg?resize=165%2C220&#038;ssl=1\" alt=\"Andr\u00e9s-Bosch\" width=\"165\" height=\"220\" srcset=\"https:\/\/i0.wp.com\/www.manquepierda.com\/historiarealbetis\/files\/2013\/05\/Andr%C3%A9s-Bosch.jpg?resize=165%2C220&amp;ssl=1 165w, https:\/\/i0.wp.com\/www.manquepierda.com\/historiarealbetis\/files\/2013\/05\/Andr%C3%A9s-Bosch.jpg?resize=450%2C600&amp;ssl=1 450w, https:\/\/i0.wp.com\/www.manquepierda.com\/historiarealbetis\/files\/2013\/05\/Andr%C3%A9s-Bosch.jpg?resize=525%2C700&amp;ssl=1 525w, https:\/\/i0.wp.com\/www.manquepierda.com\/historiarealbetis\/files\/2013\/05\/Andr%C3%A9s-Bosch.jpg?resize=375%2C500&amp;ssl=1 375w, https:\/\/i0.wp.com\/www.manquepierda.com\/historiarealbetis\/files\/2013\/05\/Andr%C3%A9s-Bosch.jpg?w=559&amp;ssl=1 559w\" sizes=\"auto, (max-width: 165px) 100vw, 165px\" \/><\/a><em><strong>*1-0.-22 minutos.-\u00abProfundo ataque verdiblanco, y, en bal\u00f3n rebotado, Andr\u00e9s chuta a media altura batiendo al meta sevillista \u00abManol\u00edn\u00bb.-Acogido con entusiasmo\u00bb.<\/strong><\/em><\/p>\n<p style=\"text-align: justify\"><strong>4-Diestro (1 gol).-Andr\u00e9s BOSCH Pujol (32 a\u00f1os+1 mes menos 10 d\u00edas)-Natural de barriada \u00abPoble Neu\u00bb (Barcelona), mi\u00e9rcoles 22 de Abril de 1931.-Obituario en Mollet del Vall\u00e9s (Barcelona), viernes 17 de Diciembre de 2004 (73 A\u00f1os+8 meses menos 5 d\u00edas) D. E. P.<br \/>\n<\/strong><\/p>\n<p style=\"text-align: justify\"><strong>6-Zurdo.-Jos\u00e9 Mar\u00eda Garc\u00eda MONTANER.<\/strong><\/p>\n<p style=\"text-align: center\">Delanteros:<\/p>\n<p style=\"text-align: justify\"><strong>7-Extremo Diestro.-Antonio PALLAR\u00c9S Huertas.<\/strong><\/p>\n<p style=\"text-align: justify\"><strong>8-Interior Diestro.-Jos\u00e9-LU\u00cdS Aragon\u00e9s Su\u00e1rez Mart\u00ednez.-<em>\u00abLU\u00cdS, m\u00e1ximo goleador del <img data-recalc-dims=\"1\" loading=\"lazy\" decoding=\"async\" class=\"alignright size-thumbnail wp-image-49561\" src=\"https:\/\/i0.wp.com\/www.manquepierda.com\/historiarealbetis\/files\/2013\/05\/LU%C3%8DS-Trofeo-EstrellaDelSur1962-1963.jpg?resize=168%2C220&#038;ssl=1\" alt=\"LU\u00cdS-Trofeo EstrellaDelSur1962-1963\" width=\"168\" height=\"220\" srcset=\"https:\/\/i0.wp.com\/www.manquepierda.com\/historiarealbetis\/files\/2013\/05\/LU%C3%8DS-Trofeo-EstrellaDelSur1962-1963.jpg?resize=168%2C220&amp;ssl=1 168w, https:\/\/i0.wp.com\/www.manquepierda.com\/historiarealbetis\/files\/2013\/05\/LU%C3%8DS-Trofeo-EstrellaDelSur1962-1963.jpg?resize=459%2C600&amp;ssl=1 459w, https:\/\/i0.wp.com\/www.manquepierda.com\/historiarealbetis\/files\/2013\/05\/LU%C3%8DS-Trofeo-EstrellaDelSur1962-1963.jpg?resize=768%2C1004&amp;ssl=1 768w, https:\/\/i0.wp.com\/www.manquepierda.com\/historiarealbetis\/files\/2013\/05\/LU%C3%8DS-Trofeo-EstrellaDelSur1962-1963.jpg?resize=536%2C700&amp;ssl=1 536w, https:\/\/i0.wp.com\/www.manquepierda.com\/historiarealbetis\/files\/2013\/05\/LU%C3%8DS-Trofeo-EstrellaDelSur1962-1963.jpg?w=1408&amp;ssl=1 1408w\" sizes=\"auto, (max-width: 168px) 100vw, 168px\" \/>Real Betis (4\u00ba clasificado con 14), recibe de manos del delegado de \u00abCervezas Estrella del Sur\u00bb, la magn\u00edfica copa-adquirida en la fabrica de orfebrer\u00eda mecanizada sita en el pol\u00edgono \u00abLa Cruz\u00bb de Camas (Sevilla)-que esta empresa sevillana ha concedido al jugador b\u00e9tico que m\u00e1S goles marcase en el torneo. El acto se celebr\u00f3 minutos antes de comenzar el derbi de la m\u00e1xima emoci\u00f3n y en el que estuve presente el Gerente del Real Betis Balompi\u00e9, don Fernando Moya Montesinos\u00bb.-<\/em>Foto Seraf\u00edn-\u00abHoja del Lunes\u00bb-Sevilla 13-05-1963.<\/strong><\/p>\n<p style=\"text-align: justify\"><strong>9-Centro Delantero-Ariete (1 gol).-Fernando ANSOLA Sanmart\u00edn (23 a\u00f1os+4 meses menos 15 d\u00edas)-Natural de Elgoibar (Guip\u00fazcoa), s\u00e1bado 27 de Enero de 1940.-\u00cddem, lunes 30 de Junio de 1986 (46 A\u00f1os+5 meses+3 d\u00edas) D. E. P.<\/strong><\/p>\n<p style=\"text-align: center\"><img data-recalc-dims=\"1\" loading=\"lazy\" decoding=\"async\" class=\"aligncenter size-thumbnail wp-image-49562\" src=\"https:\/\/i0.wp.com\/www.manquepierda.com\/historiarealbetis\/files\/2013\/05\/Ansola-Sanmart%C3%ADn-Fernando.jpg?resize=124%2C220&#038;ssl=1\" alt=\"Ansola Sanmart\u00edn, Fernando\" width=\"124\" height=\"220\" srcset=\"https:\/\/i0.wp.com\/www.manquepierda.com\/historiarealbetis\/files\/2013\/05\/Ansola-Sanmart%C3%ADn-Fernando.jpg?resize=124%2C220&amp;ssl=1 124w, https:\/\/i0.wp.com\/www.manquepierda.com\/historiarealbetis\/files\/2013\/05\/Ansola-Sanmart%C3%ADn-Fernando.jpg?resize=339%2C600&amp;ssl=1 339w, https:\/\/i0.wp.com\/www.manquepierda.com\/historiarealbetis\/files\/2013\/05\/Ansola-Sanmart%C3%ADn-Fernando.jpg?w=342&amp;ssl=1 342w\" sizes=\"auto, (max-width: 124px) 100vw, 124px\" \/><\/p>\n<p style=\"text-align: justify\"><em><strong>2-1.-87 Minutos.-\u00abRuiz-Sosa retiene el bal\u00f3n,\u00a0 echa sobre Luque\u00a0 y\u00a0 ANSOLA,\u00a0 por pies,\u00a0 gana la acci\u00f3n a los dos jugadores citados\u00a0 y a Campanal II,\u00a0 y desv\u00eda sobre el lado izquierdo de \u00abManol\u00edn\u00bb a las mallas sevillistas.\u00a0 Es el gol del triunfo verdiblanco,\u00a0 acogido con enorme entusiasmo\u00bb.<\/strong><\/em><\/p>\n<p style=\"text-align: justify\"><strong>10-Interior Zurdo.-Le\u00f3n LASA M\u00fajica.<\/strong><\/p>\n<p style=\"text-align: justify\"><strong>11-Extremo Zurdo.-Juan Cruz PORTILLA Sa\u00f1udo.<\/strong><\/p>\n<figure id=\"attachment_49563\" aria-describedby=\"caption-attachment-49563\" style=\"width: 543px\" class=\"wp-caption aligncenter\"><img data-recalc-dims=\"1\" loading=\"lazy\" decoding=\"async\" class=\"size-large wp-image-49563\" src=\"https:\/\/i0.wp.com\/www.manquepierda.com\/historiarealbetis\/files\/2013\/05\/ABC-SE-19630514-SERRANO.jpg?resize=543%2C700&#038;ssl=1\" alt=\"Fotos SERRANO-ABC-SE-19630512-Martes.\" width=\"543\" height=\"700\" srcset=\"https:\/\/i0.wp.com\/www.manquepierda.com\/historiarealbetis\/files\/2013\/05\/ABC-SE-19630514-SERRANO.jpg?resize=543%2C700&amp;ssl=1 543w, https:\/\/i0.wp.com\/www.manquepierda.com\/historiarealbetis\/files\/2013\/05\/ABC-SE-19630514-SERRANO.jpg?resize=171%2C220&amp;ssl=1 171w, https:\/\/i0.wp.com\/www.manquepierda.com\/historiarealbetis\/files\/2013\/05\/ABC-SE-19630514-SERRANO.jpg?resize=466%2C600&amp;ssl=1 466w, https:\/\/i0.wp.com\/www.manquepierda.com\/historiarealbetis\/files\/2013\/05\/ABC-SE-19630514-SERRANO.jpg?resize=768%2C990&amp;ssl=1 768w\" sizes=\"auto, (max-width: 543px) 100vw, 543px\" \/><figcaption id=\"caption-attachment-49563\" class=\"wp-caption-text\">Fotos SERRANO-ABC-SE-19630514-Martes.<\/figcaption><\/figure>\n<p style=\"text-align: center\"><strong>Vs.<\/strong><\/p>\n<p style=\"text-align: justify\">Don Guillermo Moreno Ortega, presidente del Sevilla Cf desde el s\u00e1bado 20 de Agosto de 1961 hasta el martes 23 de Julio de 1963, ambas fechas inclusive.<\/p>\n<p style=\"text-align: justify\">1962-1963.-Entrenador ex-meta Jos\u00e9 Mar\u00eda BUSTO Llano (39 a\u00f1os+6 meses)-Natural de Portugalete (Vizcaya), lunes 12 de Noviembre de 1923.<\/p>\n<p style=\"text-align: center\"><img data-recalc-dims=\"1\" loading=\"lazy\" decoding=\"async\" class=\"aligncenter size-full wp-image-49565\" src=\"https:\/\/i0.wp.com\/www.manquepierda.com\/historiarealbetis\/files\/2013\/05\/fc-sevilla.jpg?resize=220%2C220&#038;ssl=1\" alt=\"fc sevilla\" width=\"220\" height=\"220\" \/><\/p>\n<p style=\"text-align: center\"><strong>Sevilla Club de F\u00fatbol (camiseta roja y pantal\u00f3n azul)-1 Tanto.<\/strong><\/p>\n<p style=\"text-align: center\"><img data-recalc-dims=\"1\" loading=\"lazy\" decoding=\"async\" class=\"aligncenter size-thumbnail wp-image-49566\" src=\"https:\/\/i0.wp.com\/www.manquepierda.com\/historiarealbetis\/files\/2013\/05\/MANOLIN.jpg?resize=158%2C220&#038;ssl=1\" alt=\"MANOLIN\" width=\"158\" height=\"220\" srcset=\"https:\/\/i0.wp.com\/www.manquepierda.com\/historiarealbetis\/files\/2013\/05\/MANOLIN.jpg?resize=158%2C220&amp;ssl=1 158w, https:\/\/i0.wp.com\/www.manquepierda.com\/historiarealbetis\/files\/2013\/05\/MANOLIN.jpg?w=223&amp;ssl=1 223w\" sizes=\"auto, (max-width: 158px) 100vw, 158px\" \/><\/p>\n<p style=\"text-align: center\">1-Manuel L\u00f3pez Arias (a) \u00abMANOL\u00cdN\u00bb.-<strong>2 goles encajados.<\/strong><\/p>\n<p style=\"text-align: justify\">2-JUAN MANUEL Tartil\u00e1n Requejo.-5-Marcelino Vaquero Gonz\u00e1lez Del R\u00edo (a) \u00abCAMPANAL II\u00bb.-3-Antonio VALERO Yubero; 4-Jos\u00e9 Arag\u00f3n LUQUE.-6-Ignacio ACH\u00daCARRO Ayala.<\/p>\n<p style=\"text-align: justify\">7-Juan Bautista AG\u00dcERO S\u00e1nchez: <em><strong>1-1.-55 minutos.-\u00abEn un indirecto contra el Betis, saca <img data-recalc-dims=\"1\" loading=\"lazy\" decoding=\"async\" class=\"alignright size-thumbnail wp-image-49567\" src=\"https:\/\/i0.wp.com\/www.manquepierda.com\/historiarealbetis\/files\/2013\/05\/Ag%C3%BCero.jpg?resize=125%2C220&#038;ssl=1\" alt=\"Ag\u00fcero\" width=\"125\" height=\"220\" srcset=\"https:\/\/i0.wp.com\/www.manquepierda.com\/historiarealbetis\/files\/2013\/05\/Ag%C3%BCero.jpg?resize=125%2C220&amp;ssl=1 125w, https:\/\/i0.wp.com\/www.manquepierda.com\/historiarealbetis\/files\/2013\/05\/Ag%C3%BCero.jpg?w=171&amp;ssl=1 171w\" sizes=\"auto, (max-width: 125px) 100vw, 125px\" \/>Juan Manuel sobre Rivera, que desv\u00eda, y el \u00ab7\u00bb env\u00eda el bal\u00f3n con la testa al fondo de las mallas defendidas por \u00abPep\u00edn\u00bb; Zariquiegui no atiende a la reclamaci\u00f3n de los jugadores verdiblancos, y al bander\u00edn que levant\u00f3 el linier, dando validez\u00bb.<\/strong><\/em><\/p>\n<p style=\"text-align: justify\">8-Enrique MATEOS Mancebo.-9-Manuel RUIZ-SOSA.-10-Ces\u00e1reo RIVERA P\u00e9rez.-11-\u00c1ngel OLIVEROS P\u00e9rez.<\/p>\n<p style=\"text-align: center\"><strong>INCIDENCIAS:<br \/>\n<\/strong><\/p>\n<p style=\"text-align: justify\"><strong>03 Minutos:\u00a0 Dura entrada de Campanal II \u00e1 LUIS.<\/strong><\/p>\n<p style=\"text-align: justify\"><strong>26 minutos: aparatosa entrada de Campanal II (autolesion\u00e1ndose) \u00e1 LUIS.<\/strong><\/p>\n<p style=\"text-align: justify\"><strong>54 minutos: ANSOLA es volteado por Campanal II.<\/strong><\/p>\n<figure id=\"attachment_49569\" aria-describedby=\"caption-attachment-49569\" style=\"width: 457px\" class=\"wp-caption aligncenter\"><img data-recalc-dims=\"1\" loading=\"lazy\" decoding=\"async\" class=\"size-large wp-image-49569\" src=\"https:\/\/i0.wp.com\/www.manquepierda.com\/historiarealbetis\/files\/2013\/05\/Vi%C3%B1eta.jpg?resize=457%2C700&#038;ssl=1\" alt=\"Vi\u00f1eya VICENTE FLORES-&quot;Hoja del Lunes&quot;-SE-19630513\" width=\"457\" height=\"700\" srcset=\"https:\/\/i0.wp.com\/www.manquepierda.com\/historiarealbetis\/files\/2013\/05\/Vi%C3%B1eta.jpg?resize=457%2C700&amp;ssl=1 457w, https:\/\/i0.wp.com\/www.manquepierda.com\/historiarealbetis\/files\/2013\/05\/Vi%C3%B1eta.jpg?resize=144%2C220&amp;ssl=1 144w, https:\/\/i0.wp.com\/www.manquepierda.com\/historiarealbetis\/files\/2013\/05\/Vi%C3%B1eta.jpg?resize=392%2C600&amp;ssl=1 392w, https:\/\/i0.wp.com\/www.manquepierda.com\/historiarealbetis\/files\/2013\/05\/Vi%C3%B1eta.jpg?w=752&amp;ssl=1 752w\" sizes=\"auto, (max-width: 457px) 100vw, 457px\" \/><figcaption id=\"caption-attachment-49569\" class=\"wp-caption-text\">vi\u00f1eta VICENTE FLORES-\u00abHoja del Lunes\u00bb-SE-19630513<\/figcaption><\/figure>\n<p style=\"text-align: justify\"><em><strong>\u00abOPINAN LOS ENTRENADORES\u00bb-Entrevistados por BORMUJO-\u00abHOJA DEL LUNES\u00bb-Sevilla 13 de Mayo de 1963:<\/strong><\/em><\/p>\n<p style=\"text-align: center\"><img data-recalc-dims=\"1\" loading=\"lazy\" decoding=\"async\" class=\"alignright size-large wp-image-49568\" src=\"https:\/\/i0.wp.com\/www.manquepierda.com\/historiarealbetis\/files\/2013\/05\/BORMUJO-Pons-Busto.jpg?resize=653%2C700&#038;ssl=1\" alt=\"BORMUJO-Pons-Busto\" width=\"653\" height=\"700\" srcset=\"https:\/\/i0.wp.com\/www.manquepierda.com\/historiarealbetis\/files\/2013\/05\/BORMUJO-Pons-Busto.jpg?resize=653%2C700&amp;ssl=1 653w, https:\/\/i0.wp.com\/www.manquepierda.com\/historiarealbetis\/files\/2013\/05\/BORMUJO-Pons-Busto.jpg?resize=205%2C220&amp;ssl=1 205w, https:\/\/i0.wp.com\/www.manquepierda.com\/historiarealbetis\/files\/2013\/05\/BORMUJO-Pons-Busto.jpg?resize=560%2C600&amp;ssl=1 560w, https:\/\/i0.wp.com\/www.manquepierda.com\/historiarealbetis\/files\/2013\/05\/BORMUJO-Pons-Busto.jpg?resize=768%2C824&amp;ssl=1 768w\" sizes=\"auto, (max-width: 653px) 100vw, 653px\" \/><\/p>\n<p style=\"text-align: left\"><strong>\u00a0<\/strong><\/p>\n<p>&nbsp;<\/p>\n<p>&nbsp;<\/p>\n","protected":false},"excerpt":{"rendered":"<p>LIX EDICI\u00d3N-CAMPEONATO ESPA\u00d1A-COPA GENERAL\u00cdSIMO 1962-1963 (DESDE DOMINGO 25 DE NOVIEMBRE DE 1962 HASTA DOMINGO 23 DE JUNIO\u00a0 DE 1963) AMBAS FECHAS INCLUSIVE. 1963-MAYO 12-DOMINGO EN \u00abCIUDAD DEL SOL\u00bb 18&#8217;30 HORAS-ESTADIO \u00abBENITO VILLAMAR\u00cdN\u00bb-FUERA DE ABONO-OCTAVOS DE FINAL-IDA.-CLAVE MARCADOR SIMULT\u00c1NEO \u00abDARDO\u00bb: \u00abbitter CINZANO soda\u00bb. CR\u00d3NICA DE IGNACIO GARC\u00cdA FERREIRA PARA \u00abHOJA DEL LUNES\u00bb-SEVILLA 13-MAYO-1963: \u00abEl ambiente ha&#8230;<\/p>\n","protected":false},"author":48,"featured_media":49556,"comment_status":"open","ping_status":"open","sticky":false,"template":"","format":"standard","meta":{"_kad_post_transparent":"","_kad_post_title":"","_kad_post_layout":"","_kad_post_sidebar_id":"","_kad_post_content_style":"","_kad_post_vertical_padding":"","_kad_post_feature":"","_kad_post_feature_position":"","_kad_post_header":false,"_kad_post_footer":false,"_kad_post_classname":"","_jetpack_memberships_contains_paid_content":false,"footnotes":"","jetpack_publicize_message":"","jetpack_publicize_feature_enabled":true,"jetpack_social_post_already_shared":true,"jetpack_social_options":{"image_generator_settings":{"template":"highway","default_image_id":0,"font":"","enabled":false},"version":2}},"categories":[902,1],"tags":[4280,4281,17823,916],"class_list":["post-29785","post","type-post","status-publish","format-standard","has-post-thumbnail","hentry","category-1960-1969","category-portada","tag-1962-63","tag-4281","tag-copa-1962-63","tag-sevilla-fc"],"jetpack_publicize_connections":[],"jetpack_featured_media_url":"https:\/\/i0.wp.com\/www.manquepierda.com\/historiarealbetis\/files\/2013\/05\/19630512Carteler%C3%ADabc.jpg?fit=736%2C1264&ssl=1","jetpack_sharing_enabled":true,"jetpack_shortlink":"https:\/\/wp.me\/p1ij08-7Kp","jetpack-related-posts":[],"_links":{"self":[{"href":"https:\/\/www.manquepierda.com\/historiarealbetis\/wp-json\/wp\/v2\/posts\/29785","targetHints":{"allow":["GET"]}}],"collection":[{"href":"https:\/\/www.manquepierda.com\/historiarealbetis\/wp-json\/wp\/v2\/posts"}],"about":[{"href":"https:\/\/www.manquepierda.com\/historiarealbetis\/wp-json\/wp\/v2\/types\/post"}],"author":[{"embeddable":true,"href":"https:\/\/www.manquepierda.com\/historiarealbetis\/wp-json\/wp\/v2\/users\/48"}],"replies":[{"embeddable":true,"href":"https:\/\/www.manquepierda.com\/historiarealbetis\/wp-json\/wp\/v2\/comments?post=29785"}],"version-history":[{"count":1,"href":"https:\/\/www.manquepierda.com\/historiarealbetis\/wp-json\/wp\/v2\/posts\/29785\/revisions"}],"predecessor-version":[{"id":98361,"href":"https:\/\/www.manquepierda.com\/historiarealbetis\/wp-json\/wp\/v2\/posts\/29785\/revisions\/98361"}],"wp:featuredmedia":[{"embeddable":true,"href":"https:\/\/www.manquepierda.com\/historiarealbetis\/wp-json\/wp\/v2\/media\/49556"}],"wp:attachment":[{"href":"https:\/\/www.manquepierda.com\/historiarealbetis\/wp-json\/wp\/v2\/media?parent=29785"}],"wp:term":[{"taxonomy":"category","embeddable":true,"href":"https:\/\/www.manquepierda.com\/historiarealbetis\/wp-json\/wp\/v2\/categories?post=29785"},{"taxonomy":"post_tag","embeddable":true,"href":"https:\/\/www.manquepierda.com\/historiarealbetis\/wp-json\/wp\/v2\/tags?post=29785"}],"curies":[{"name":"wp","href":"https:\/\/api.w.org\/{rel}","templated":true}]}}