{"id":29837,"date":"2013-05-13T22:30:18","date_gmt":"2013-05-13T20:30:18","guid":{"rendered":"http:\/\/www.manquepierda.com\/historiarealbetis\/?p=29837"},"modified":"2024-08-30T07:58:06","modified_gmt":"2024-08-30T05:58:06","slug":"1967-mayo-14-cpto-espana-18-final-ida-real-betis-balompie-2-goles-vs-valencia-cf-1","status":"publish","type":"post","link":"https:\/\/www.manquepierda.com\/historiarealbetis\/1967-mayo-14-cpto-espana-18-final-ida-real-betis-balompie-2-goles-vs-valencia-cf-1\/","title":{"rendered":"1967-Mayo 14-Cpto Espa\u00f1a 1\/8 Final-Ida: Real Betis Balompi\u00e9-2 goles vs. Valencia Cf-1."},"content":{"rendered":"<p style=\"text-align: center\"><a href=\"https:\/\/www.manquepierda.com\/historiarealbetis\/29837-1967-mayo-14-cpto-espana-18-final-ida-real-betis-balompie-2-goles-vs-valencia-cf-1\/19670514copa-2\/\" rel=\"attachment wp-att-29838\"><img data-recalc-dims=\"1\" loading=\"lazy\" decoding=\"async\" class=\"aligncenter size-medium wp-image-29838\" alt=\"19670514Copa-2\" src=\"https:\/\/i0.wp.com\/www.manquepierda.com\/historiarealbetis\/files\/2013\/05\/19670514Copa-2.jpg?resize=596%2C600&#038;ssl=1\" width=\"596\" height=\"600\" srcset=\"https:\/\/i0.wp.com\/www.manquepierda.com\/historiarealbetis\/files\/2013\/05\/19670514Copa-2.jpg?resize=596%2C600&amp;ssl=1 596w, https:\/\/i0.wp.com\/www.manquepierda.com\/historiarealbetis\/files\/2013\/05\/19670514Copa-2.jpg?resize=218%2C220&amp;ssl=1 218w, https:\/\/i0.wp.com\/www.manquepierda.com\/historiarealbetis\/files\/2013\/05\/19670514Copa-2.jpg?resize=695%2C700&amp;ssl=1 695w, https:\/\/i0.wp.com\/www.manquepierda.com\/historiarealbetis\/files\/2013\/05\/19670514Copa-2.jpg?resize=50%2C50&amp;ssl=1 50w, https:\/\/i0.wp.com\/www.manquepierda.com\/historiarealbetis\/files\/2013\/05\/19670514Copa-2.jpg?resize=1024%2C1030&amp;ssl=1 1024w, https:\/\/i0.wp.com\/www.manquepierda.com\/historiarealbetis\/files\/2013\/05\/19670514Copa-2.jpg?resize=496%2C500&amp;ssl=1 496w, https:\/\/i0.wp.com\/www.manquepierda.com\/historiarealbetis\/files\/2013\/05\/19670514Copa-2.jpg?resize=150%2C150&amp;ssl=1 150w\" sizes=\"auto, (max-width: 596px) 100vw, 596px\" \/><\/a><em><strong><\/strong><\/em>\u00abAbelardo,\u00a0 magn\u00edfico guardameta del Valencia,\u00a0 aleja el bal\u00f3n que intenteba rematar Pepe Gonz\u00e1lez\u00bb.-Foto Seraf\u00edn.<\/p>\n<p><em><strong>LXIII EDICI\u00d3N CAMPEONATO DE ESPA\u00d1A-COPA DEL GENERAL\u00cdSIMO 1966-1967-OCTAVOS DE FINAL-IDA-EN SEVILLA DOMINGO 14 DE MAYO DE 1967-ESTADIO \u00abBENITO VILLAMAR\u00cdN\u00bb.-Casi lleno.-<\/strong><\/em><strong>Aplausos para el Valencia Cf <em>y ovaci\u00f3n cerrada para los Verdiblancos.<\/em><\/strong><\/p>\n<p style=\"text-align: center\"><a href=\"https:\/\/www.manquepierda.com\/historiarealbetis\/28982-1955-abril-10-segunda-division-grupo-ii-real-betis-balompie-2-goles-vs-cd-castellon-1\/600199-3\/\" rel=\"attachment wp-att-28984\"><img data-recalc-dims=\"1\" loading=\"lazy\" decoding=\"async\" class=\"aligncenter size-thumbnail wp-image-28984\" alt=\"Manuel G\u00f3mez Arribas\" src=\"https:\/\/i0.wp.com\/www.manquepierda.com\/historiarealbetis\/files\/2013\/04\/600199.jpg?resize=150%2C150&#038;ssl=1\" width=\"150\" height=\"150\" srcset=\"https:\/\/i0.wp.com\/www.manquepierda.com\/historiarealbetis\/files\/2013\/04\/600199.jpg?resize=150%2C150&amp;ssl=1 150w, https:\/\/i0.wp.com\/www.manquepierda.com\/historiarealbetis\/files\/2013\/04\/600199.jpg?resize=50%2C50&amp;ssl=1 50w\" sizes=\"auto, (max-width: 150px) 100vw, 150px\" \/><\/a><strong>Arbitr\u00f3 el colegiado vizca\u00edno Manuel G\u00f3mez Arribas. <\/strong><\/p>\n<p style=\"text-align: left\"><strong>\u00abSu labor inicialmente fue buena, para luego ganarse una bronca enorme y justificada con flamear de pa\u00f1uelos al no sancionar con penalti una falta que le hicieron a Gonz\u00e1lez dentro del \u00e1rea. <\/strong><\/p>\n<p style=\"text-align: left\"><strong>A continuaci\u00f3n fue peor al sancionar como falta una jugada en la que Ansola arrebat\u00f3 limpiamente el bal\u00f3n a Pallar\u00e9s.\u00a0 Claro que esta \u00abfalta\u00bb era alejada del \u00e1rea ch\u00e9\u00bb.<br \/>\n<\/strong><\/p>\n<p style=\"text-align: center\"><strong>Aline\u00f3 \u00e1:<\/strong><\/p>\n<p style=\"text-align: center\"><a href=\"https:\/\/www.manquepierda.com\/historiarealbetis\/29693-1957-mayo-05-segunda-division-grupo-ii-real-betis-balompie-3-vs-club-atletico-ceuta-0\/1957-rbb-11\/\" rel=\"attachment wp-att-29695\"><img data-recalc-dims=\"1\" loading=\"lazy\" decoding=\"async\" class=\"aligncenter size-full wp-image-29695\" alt=\"1957-RBB\" src=\"https:\/\/i0.wp.com\/www.manquepierda.com\/historiarealbetis\/files\/2013\/05\/1957-RBB.jpg?resize=154%2C154&#038;ssl=1\" width=\"154\" height=\"154\" srcset=\"https:\/\/i0.wp.com\/www.manquepierda.com\/historiarealbetis\/files\/2013\/05\/1957-RBB.jpg?w=154&amp;ssl=1 154w, https:\/\/i0.wp.com\/www.manquepierda.com\/historiarealbetis\/files\/2013\/05\/1957-RBB.jpg?resize=50%2C50&amp;ssl=1 50w\" sizes=\"auto, (max-width: 154px) 100vw, 154px\" \/><\/a><em><strong>REAL BETIS BALOMPI\u00c9-2 GOLES.<\/strong><\/em><\/p>\n<p style=\"text-align: center\"><em><strong>Marcaron:<\/strong><\/em><\/p>\n<p style=\"text-align: left\"><a href=\"https:\/\/www.manquepierda.com\/historiarealbetis\/29837-1967-mayo-14-cpto-espana-18-final-ida-real-betis-balompie-2-goles-vs-valencia-cf-1\/gonzalez-4\/\" rel=\"attachment wp-att-29845\"><img data-recalc-dims=\"1\" loading=\"lazy\" decoding=\"async\" class=\"aligncenter size-thumbnail wp-image-29845\" alt=\"GONZ\u00c1LEZ\" src=\"https:\/\/i0.wp.com\/www.manquepierda.com\/historiarealbetis\/files\/2013\/05\/GONZ%C3%81LEZ-155x220.jpg?resize=155%2C220&#038;ssl=1\" width=\"155\" height=\"220\" srcset=\"https:\/\/i0.wp.com\/www.manquepierda.com\/historiarealbetis\/files\/2013\/05\/GONZ%C3%81LEZ.jpg?resize=155%2C220&amp;ssl=1 155w, https:\/\/i0.wp.com\/www.manquepierda.com\/historiarealbetis\/files\/2013\/05\/GONZ%C3%81LEZ.jpg?w=219&amp;ssl=1 219w\" sizes=\"auto, (max-width: 155px) 100vw, 155px\" \/><\/a><em><strong>1-1.-38 Minutos:\u00a0 En jugada de Demetrio que centra largo,\u00a0 Abelardo no alcanza el bal\u00f3n,\u00a0 que llega a GONZ\u00c1LEZ,\u00a0 que tira entre un mont\u00f3n de valencianistas,\u00a0 marcando.<\/strong><\/em><\/p>\n<p style=\"text-align: left\"><a href=\"https:\/\/www.manquepierda.com\/historiarealbetis\/29837-1967-mayo-14-cpto-espana-18-final-ida-real-betis-balompie-2-goles-vs-valencia-cf-1\/demetrio-2\/\" rel=\"attachment wp-att-29843\"><img data-recalc-dims=\"1\" loading=\"lazy\" decoding=\"async\" class=\"aligncenter size-full wp-image-29843\" alt=\"Demetrio\" src=\"https:\/\/i0.wp.com\/www.manquepierda.com\/historiarealbetis\/files\/2013\/05\/Demetrio.jpg?resize=145%2C210&#038;ssl=1\" width=\"145\" height=\"210\" \/><\/a><em><strong>2-1.-70 Minutos:\u00a0 Quino hace una cesi\u00f3n a DEMETRIO,\u00a0 que se interna por el centro,\u00a0 soslayando la entrada de Arnal,\u00a0 y\u00a0 de fuerte tiro\u00a0 bate a Abelardo cuando sal\u00eda a la desesperada.<\/strong><\/em><\/p>\n<p style=\"text-align: center\"><em><strong>GUARDAMETA:<\/strong><\/em><\/p>\n<p style=\"text-align: center\"><a href=\"https:\/\/www.manquepierda.com\/historiarealbetis\/29837-1967-mayo-14-cpto-espana-18-final-ida-real-betis-balompie-2-goles-vs-valencia-cf-1\/josegarciacampillo-3\/\" rel=\"attachment wp-att-29839\"><img data-recalc-dims=\"1\" loading=\"lazy\" decoding=\"async\" class=\"aligncenter size-thumbnail wp-image-29839\" alt=\"Jos\u00e9Garc\u00edaCAMPILLO\" src=\"https:\/\/i0.wp.com\/www.manquepierda.com\/historiarealbetis\/files\/2013\/05\/Jos%C3%A9Garc%C3%ADaCAMPILLO.jpg?resize=161%2C220&#038;ssl=1\" width=\"161\" height=\"220\" srcset=\"https:\/\/i0.wp.com\/www.manquepierda.com\/historiarealbetis\/files\/2013\/05\/Jos%C3%A9Garc%C3%ADaCAMPILLO.jpg?resize=161%2C220&amp;ssl=1 161w, https:\/\/i0.wp.com\/www.manquepierda.com\/historiarealbetis\/files\/2013\/05\/Jos%C3%A9Garc%C3%ADaCAMPILLO.jpg?resize=440%2C600&amp;ssl=1 440w, https:\/\/i0.wp.com\/www.manquepierda.com\/historiarealbetis\/files\/2013\/05\/Jos%C3%A9Garc%C3%ADaCAMPILLO.jpg?resize=514%2C700&amp;ssl=1 514w, https:\/\/i0.wp.com\/www.manquepierda.com\/historiarealbetis\/files\/2013\/05\/Jos%C3%A9Garc%C3%ADaCAMPILLO.jpg?resize=367%2C500&amp;ssl=1 367w, https:\/\/i0.wp.com\/www.manquepierda.com\/historiarealbetis\/files\/2013\/05\/Jos%C3%A9Garc%C3%ADaCAMPILLO.jpg?w=529&amp;ssl=1 529w\" sizes=\"auto, (max-width: 161px) 100vw, 161px\" \/><\/a><em><strong>1.-Jos\u00e9 Garc\u00eda CAMPILLO (34).-GUADARMAR DEL SEGURA (Alicante), Jueves 16-Marzo-1933.-80 A\u00f1os.<\/strong><\/em><\/p>\n<p style=\"text-align: center\"><em><strong>Temporadas:\u00a0 1966-1957\u00a0 y\u00a0 1967-1968.<\/strong><\/em><\/p>\n<p style=\"text-align: center\"><em><strong>ZAGUEROS:<\/strong><\/em><\/p>\n<p style=\"text-align: center\"><a href=\"https:\/\/www.manquepierda.com\/historiarealbetis\/29811-1968-mayo-12-cpto-espana-18-final-ida-cf-badalona-2-vs-real-betis-balompie-3-goles\/francisco-aparicio-rambal\/\" rel=\"attachment wp-att-29814\"><img data-recalc-dims=\"1\" loading=\"lazy\" decoding=\"async\" class=\"aligncenter size-thumbnail wp-image-29814\" alt=\"Francisco APARICIO Rambal\" src=\"https:\/\/i0.wp.com\/www.manquepierda.com\/historiarealbetis\/files\/2013\/05\/Francisco-APARICIO-Rambal.jpg?resize=87%2C220&#038;ssl=1\" width=\"87\" height=\"220\" srcset=\"https:\/\/i0.wp.com\/www.manquepierda.com\/historiarealbetis\/files\/2013\/05\/Francisco-APARICIO-Rambal.jpg?resize=87%2C220&amp;ssl=1 87w, https:\/\/i0.wp.com\/www.manquepierda.com\/historiarealbetis\/files\/2013\/05\/Francisco-APARICIO-Rambal.jpg?resize=199%2C500&amp;ssl=1 199w, https:\/\/i0.wp.com\/www.manquepierda.com\/historiarealbetis\/files\/2013\/05\/Francisco-APARICIO-Rambal.jpg?zoom=3&amp;resize=87%2C220&amp;ssl=1 261w\" sizes=\"auto, (max-width: 87px) 100vw, 87px\" \/><\/a><em><strong>2.-Francisco APARICIO Rambal (27).-MADRID, Jueves 08-Febrero-1940.-73 A\u00f1os.<\/strong><\/em><\/p>\n<p style=\"text-align: center\"><em><strong>Temporadas:\u00a0 1964-1965 \u00e1 1969-1970, ambas inclusive.<\/strong><\/em><\/p>\n<p style=\"text-align: center\"><a href=\"https:\/\/www.manquepierda.com\/historiarealbetis\/29837-1967-mayo-14-cpto-espana-18-final-ida-real-betis-balompie-2-goles-vs-valencia-cf-1\/eusebioriosfernandez-5\/\" rel=\"attachment wp-att-29840\"><img data-recalc-dims=\"1\" loading=\"lazy\" decoding=\"async\" class=\"aligncenter size-thumbnail wp-image-29840\" alt=\"EUSEBIOR\u00edosFern\u00e1ndez\" src=\"https:\/\/i0.wp.com\/www.manquepierda.com\/historiarealbetis\/files\/2013\/05\/EUSEBIOR%C3%ADosFern%C3%A1ndez.jpg?resize=174%2C220&#038;ssl=1\" width=\"174\" height=\"220\" srcset=\"https:\/\/i0.wp.com\/www.manquepierda.com\/historiarealbetis\/files\/2013\/05\/EUSEBIOR%C3%ADosFern%C3%A1ndez.jpg?resize=174%2C220&amp;ssl=1 174w, https:\/\/i0.wp.com\/www.manquepierda.com\/historiarealbetis\/files\/2013\/05\/EUSEBIOR%C3%ADosFern%C3%A1ndez.jpg?resize=476%2C600&amp;ssl=1 476w, https:\/\/i0.wp.com\/www.manquepierda.com\/historiarealbetis\/files\/2013\/05\/EUSEBIOR%C3%ADosFern%C3%A1ndez.jpg?resize=556%2C700&amp;ssl=1 556w, https:\/\/i0.wp.com\/www.manquepierda.com\/historiarealbetis\/files\/2013\/05\/EUSEBIOR%C3%ADosFern%C3%A1ndez.jpg?resize=1024%2C1288&amp;ssl=1 1024w, https:\/\/i0.wp.com\/www.manquepierda.com\/historiarealbetis\/files\/2013\/05\/EUSEBIOR%C3%ADosFern%C3%A1ndez.jpg?resize=397%2C500&amp;ssl=1 397w, https:\/\/i0.wp.com\/www.manquepierda.com\/historiarealbetis\/files\/2013\/05\/EUSEBIOR%C3%ADosFern%C3%A1ndez.jpg?w=1898&amp;ssl=1 1898w\" sizes=\"auto, (max-width: 174px) 100vw, 174px\" \/><\/a><em><strong>5.-Eusebio R\u00cdOS Fern\u00e1ndez (32).-PORTUGALETE (Vizcaya), S\u00e1bado 30-Marzo-1935.-\u00cdDEM, S\u00e1bado 10-Mayo-2008.-73 A\u00f1os.-D. E. P.<\/strong><\/em><\/p>\n<p style=\"text-align: left\"><em><strong>Medalla de Plata al M\u00e9rito Deportivo (Delegaci\u00f3n Nacional de Educaci\u00f3n F\u00edsica y Deportes).-Medalla de Oro Real Betis Balompi\u00e9.-Internacional.-Temporadas: 1958-1959 \u00e1 1967-1968, ambas inclusive.<\/strong><\/em><\/p>\n<p style=\"text-align: center\"><a href=\"https:\/\/www.manquepierda.com\/historiarealbetis\/29837-1967-mayo-14-cpto-espana-18-final-ida-real-betis-balompie-2-goles-vs-valencia-cf-1\/anton1\/\" rel=\"attachment wp-att-29841\"><img data-recalc-dims=\"1\" loading=\"lazy\" decoding=\"async\" class=\"aligncenter size-thumbnail wp-image-29841\" alt=\"anton1\" src=\"https:\/\/i0.wp.com\/www.manquepierda.com\/historiarealbetis\/files\/2013\/05\/anton1.jpg?resize=175%2C220&#038;ssl=1\" width=\"175\" height=\"220\" srcset=\"https:\/\/i0.wp.com\/www.manquepierda.com\/historiarealbetis\/files\/2013\/05\/anton1.jpg?resize=175%2C220&amp;ssl=1 175w, https:\/\/i0.wp.com\/www.manquepierda.com\/historiarealbetis\/files\/2013\/05\/anton1.jpg?w=224&amp;ssl=1 224w\" sizes=\"auto, (max-width: 175px) 100vw, 175px\" \/><\/a><em><strong>3.-Antonio Manuel Mart\u00ednez Morales (22) \u00abANT\u00d3N\u00bb.-BILBAO (Vizcaya), Jueves 19-Octubre-1944.-68 A\u00f1os.<\/strong><\/em><\/p>\n<p style=\"text-align: center\"><em><strong>Internacional.-Temporadas:\u00a0 1964-1965 \u00e1 1968-1969, ambas inclusive.<\/strong><\/em><\/p>\n<p style=\"text-align: center\"><em><strong>MEDIOS:<\/strong><\/em><\/p>\n<p style=\"text-align: center\"><a href=\"https:\/\/www.manquepierda.com\/historiarealbetis\/29241-1967-abril-16-segunda-division-grupo-ii-real-betis-balompie-2-vs-recreativo-huelva-0\/frasco-franciscoortizvazquez\/\" rel=\"attachment wp-att-29252\"><img data-recalc-dims=\"1\" loading=\"lazy\" decoding=\"async\" class=\"aligncenter size-thumbnail wp-image-29252\" alt=\"FRASCO-FranciscoOrtizV\u00e1zquez\" src=\"https:\/\/i0.wp.com\/www.manquepierda.com\/historiarealbetis\/files\/2013\/04\/FRASCO-FranciscoOrtizV%C3%A1zquez.jpg?resize=151%2C220&#038;ssl=1\" width=\"151\" height=\"220\" srcset=\"https:\/\/i0.wp.com\/www.manquepierda.com\/historiarealbetis\/files\/2013\/04\/FRASCO-FranciscoOrtizV%C3%A1zquez.jpg?resize=151%2C220&amp;ssl=1 151w, https:\/\/i0.wp.com\/www.manquepierda.com\/historiarealbetis\/files\/2013\/04\/FRASCO-FranciscoOrtizV%C3%A1zquez.jpg?resize=414%2C600&amp;ssl=1 414w, https:\/\/i0.wp.com\/www.manquepierda.com\/historiarealbetis\/files\/2013\/04\/FRASCO-FranciscoOrtizV%C3%A1zquez.jpg?resize=483%2C700&amp;ssl=1 483w, https:\/\/i0.wp.com\/www.manquepierda.com\/historiarealbetis\/files\/2013\/04\/FRASCO-FranciscoOrtizV%C3%A1zquez.jpg?resize=1024%2C1483&amp;ssl=1 1024w, https:\/\/i0.wp.com\/www.manquepierda.com\/historiarealbetis\/files\/2013\/04\/FRASCO-FranciscoOrtizV%C3%A1zquez.jpg?resize=345%2C500&amp;ssl=1 345w, https:\/\/i0.wp.com\/www.manquepierda.com\/historiarealbetis\/files\/2013\/04\/FRASCO-FranciscoOrtizV%C3%A1zquez.jpg?w=1612&amp;ssl=1 1612w\" sizes=\"auto, (max-width: 151px) 100vw, 151px\" \/><\/a><em><strong>4.-Francisco Ort\u00edz V\u00e1zquez (26) \u00abFRASCO\u00bb.-LA RINCONADA (Sevilla), Domingo 09-Marzo-1941.-72 A\u00f1os.<\/strong><\/em><\/p>\n<p style=\"text-align: center\"><em><strong>Temporadas:\u00a0 1964-1965 \u00e1 1968-1969, ambas inclusive.<\/strong><\/em><\/p>\n<p style=\"text-align: center\"><a href=\"https:\/\/www.manquepierda.com\/historiarealbetis\/29837-1967-mayo-14-cpto-espana-18-final-ida-real-betis-balompie-2-goles-vs-valencia-cf-1\/miguel-azcarate-iceta-2\/\" rel=\"attachment wp-att-29842\"><img data-recalc-dims=\"1\" loading=\"lazy\" decoding=\"async\" class=\"aligncenter size-thumbnail wp-image-29842\" alt=\"Miguel-azcarate-iceta\" src=\"https:\/\/i0.wp.com\/www.manquepierda.com\/historiarealbetis\/files\/2013\/05\/Miguel-azcarate-iceta.jpg?resize=124%2C220&#038;ssl=1\" width=\"124\" height=\"220\" srcset=\"https:\/\/i0.wp.com\/www.manquepierda.com\/historiarealbetis\/files\/2013\/05\/Miguel-azcarate-iceta.jpg?resize=124%2C220&amp;ssl=1 124w, https:\/\/i0.wp.com\/www.manquepierda.com\/historiarealbetis\/files\/2013\/05\/Miguel-azcarate-iceta.jpg?resize=340%2C600&amp;ssl=1 340w, https:\/\/i0.wp.com\/www.manquepierda.com\/historiarealbetis\/files\/2013\/05\/Miguel-azcarate-iceta.jpg?resize=397%2C700&amp;ssl=1 397w, https:\/\/i0.wp.com\/www.manquepierda.com\/historiarealbetis\/files\/2013\/05\/Miguel-azcarate-iceta.jpg?resize=283%2C500&amp;ssl=1 283w, https:\/\/i0.wp.com\/www.manquepierda.com\/historiarealbetis\/files\/2013\/05\/Miguel-azcarate-iceta.jpg?w=435&amp;ssl=1 435w\" sizes=\"auto, (max-width: 124px) 100vw, 124px\" \/><\/a><em><strong>6.-Miguel AZC\u00c1RATE Iceta (28).-A\u00d1ORGA (Guip\u00fazcoa), Mi\u00e9rcoles 19-Octubre-1938.-74 A\u00f1os.<\/strong><\/em><\/p>\n<p style=\"text-align: center\"><em><strong>Temporadas:\u00a0 1964-1965 \u00e1 1969-1970, ambas inclusive.<\/strong><\/em><\/p>\n<p style=\"text-align: center\"><em><strong>DELANTEROS:<\/strong><\/em><\/p>\n<p style=\"text-align: left\"><em><strong>7.-DEMETRIO Oliver S\u00e1nchez (19).-SEVILLA, Jueves 26-Junio-1947.-65 A\u00f1os.<\/strong><\/em><\/p>\n<p style=\"text-align: center\"><em><strong>Temporadas: 1966-1967 \u00e1 1969-1970, ambas inclusive.<\/strong><\/em><\/p>\n<p style=\"text-align: center\"><a href=\"https:\/\/www.manquepierda.com\/historiarealbetis\/29837-1967-mayo-14-cpto-espana-18-final-ida-real-betis-balompie-2-goles-vs-valencia-cf-1\/quino-7\/\" rel=\"attachment wp-att-29844\"><img data-recalc-dims=\"1\" loading=\"lazy\" decoding=\"async\" class=\"aligncenter size-thumbnail wp-image-29844\" alt=\"QUINO\" src=\"https:\/\/i0.wp.com\/www.manquepierda.com\/historiarealbetis\/files\/2013\/05\/QUINO1.jpg?resize=147%2C220&#038;ssl=1\" width=\"147\" height=\"220\" srcset=\"https:\/\/i0.wp.com\/www.manquepierda.com\/historiarealbetis\/files\/2013\/05\/QUINO1.jpg?resize=147%2C220&amp;ssl=1 147w, https:\/\/i0.wp.com\/www.manquepierda.com\/historiarealbetis\/files\/2013\/05\/QUINO1.jpg?w=238&amp;ssl=1 238w\" sizes=\"auto, (max-width: 147px) 100vw, 147px\" \/><\/a><em><strong>8.-Joaqu\u00edn Sierra Vallejo (21) \u00abQUINO\u00bb.-SEVILLA, Jueves 06-Septiembre-1945.-67 A\u00f1os.<\/strong><\/em><\/p>\n<p style=\"text-align: center\"><em><strong>Internacional.-Temporadas:\u00a0 1963-1964 \u00e1 1970-1971, ambas inclusive.<\/strong><\/em><\/p>\n<p style=\"text-align: left\"><em><strong>9-ARIETE.-Jos\u00e9 GONZ\u00c1LEZ Gonz\u00e1lez (21) \u00abPepe Gonz\u00e1lez\u00bb.-TOCINA (Sevilla), Jueves 06-Diciembre-1945.<\/strong><\/em><\/p>\n<p style=\"text-align: center\"><em><strong>Temporadas:\u00a0 1966-1967 \u00e1 1972-1973, ambas inclusive.<\/strong><\/em><\/p>\n<p style=\"text-align: center\"><a href=\"https:\/\/www.manquepierda.com\/historiarealbetis\/29837-1967-mayo-14-cpto-espana-18-final-ida-real-betis-balompie-2-goles-vs-valencia-cf-1\/pallares-huertas-antonio-15\/\" rel=\"attachment wp-att-29846\"><img data-recalc-dims=\"1\" loading=\"lazy\" decoding=\"async\" class=\"aligncenter size-thumbnail wp-image-29846\" alt=\"PALLAR\u00c9S Huertas Antonio\" src=\"https:\/\/i0.wp.com\/www.manquepierda.com\/historiarealbetis\/files\/2013\/05\/PALLAR%C3%89S-Huertas-Antonio-89x220.jpg?resize=89%2C220&#038;ssl=1\" width=\"89\" height=\"220\" srcset=\"https:\/\/i0.wp.com\/www.manquepierda.com\/historiarealbetis\/files\/2013\/05\/PALLAR%C3%89S-Huertas-Antonio.jpg?resize=89%2C220&amp;ssl=1 89w, https:\/\/i0.wp.com\/www.manquepierda.com\/historiarealbetis\/files\/2013\/05\/PALLAR%C3%89S-Huertas-Antonio.jpg?w=147&amp;ssl=1 147w\" sizes=\"auto, (max-width: 89px) 100vw, 89px\" \/><\/a><em><strong>10.-Antonio PALLAER\u00c9S Huertas (26).-ALICANTE, Jueves 05-Diciembre-1940.-72 A\u00f1os.<\/strong><\/em><\/p>\n<p style=\"text-align: center\"><em><strong>Temporadas:\u00a0 1960-1961 \u00e1 1966-1967, ambas inclusive.<\/strong><\/em><\/p>\n<p style=\"text-align: center\"><em><strong>11.-ROGELIO Sosa Ram\u00edrez (24).-CORIA DEL R\u00cdO (Sevilla), Domingo 11-Abril-1943.-70 A\u00f1os.<\/strong><\/em><\/p>\n<p style=\"text-align: center\"><em><strong>Medalla de Oro al M\u00e9rito Deportivo (Federaci\u00f3n Andaluza de F\u00fatbol).-Temporadas:\u00a0 1962-1963 \u00e1 1977-1978, ambas inclusive.<\/strong><\/em><\/p>\n<p style=\"text-align: center\"><em><strong><a href=\"https:\/\/www.manquepierda.com\/historiarealbetis\/26816-1967-febrero-12-2adivision-2ogrupo-real-betis-balompie-1-vs-club-atletico-ceuta-0\/antoniobarriosseoane-entrenador\/\" rel=\"attachment wp-att-26825\"><img data-recalc-dims=\"1\" loading=\"lazy\" decoding=\"async\" class=\"alignleft size-medium wp-image-26825\" alt=\"AntonioBarriosSeoane-Entrenador\" src=\"https:\/\/i0.wp.com\/www.manquepierda.com\/historiarealbetis\/files\/2013\/02\/AntonioBarriosSeoane-Entrenador-279x300.jpg?resize=279%2C300&#038;ssl=1\" width=\"279\" height=\"300\" srcset=\"https:\/\/i0.wp.com\/www.manquepierda.com\/historiarealbetis\/files\/2013\/02\/AntonioBarriosSeoane-Entrenador.jpg?resize=279%2C300&amp;ssl=1 279w, https:\/\/i0.wp.com\/www.manquepierda.com\/historiarealbetis\/files\/2013\/02\/AntonioBarriosSeoane-Entrenador.jpg?w=819&amp;ssl=1 819w\" sizes=\"auto, (max-width: 279px) 100vw, 279px\" \/><\/a>ENTRENADOR BETIS BALOMPI\u00c9 1966-1967 (Sustituyendo a Lu\u00eds Bell\u00f3 Mart\u00ednez):<\/strong><\/em><\/p>\n<p style=\"text-align: left\"><em><strong>ANTONIO BARRIOS SEOANE (57 A\u00f1os) \u00abTito Antonio\u00bb.-GETXO (Vizcaya), S\u00e1bado 21-Mayo-1910.-SAN SEBASTI\u00c1N (Guip\u00fazcoa), Lunes 19-Agosto-2002.-92 A\u00f1os.-D. E. P.<\/strong><\/em><\/p>\n<p style=\"text-align: left\"><em><strong>\u00ab&#8211;El partido ha sido bueno,\u00a0 en l\u00edneas generales;\u00a0 el dominio y la iniciativa nos correspondi\u00f3 por entero y el Valencia tuvo que emplearse a fondo para salvar nuestra superioridad&#8230;<\/strong><\/em><\/p>\n<p style=\"text-align: left\">&#8211;\u00bfCrees que este resultado impedir\u00e1 que el Betis siga adelante en la Copa del General\u00edsimo?<\/p>\n<p style=\"text-align: left\"><em><strong>&#8211;Todav\u00eda quedan noventa minutos y vamos con la ventaja de un gol,\u00a0 que,\u00a0 para eliminarnos,\u00a0 tienen que ser dos,\u00a0 sin nada m\u00e1s por nuestra parte.<\/strong><\/em><\/p>\n<p style=\"text-align: left\">&#8211;Pero es el Valencia&#8230; En Mestalla.<\/p>\n<p style=\"text-align: left\"><em><strong>&#8211;El juego del Betis Balompi\u00e9,\u00a0 hoy,\u00a0 es apto para medirse con cualquier enemigo y terreno.\u00a0 Por eso digo que todav\u00eda faltan noventa minutos y&#8230; dos goles en contra.<\/strong><\/em><\/p>\n<p style=\"text-align: left\">&#8211;\u00bfA qu\u00e9 obedece que introduzcas cambios en el equipo de un encuentro a otro?<\/p>\n<p style=\"text-align: left\"><em><strong>&#8211;En la Copa se entiende.\u00a0 Pretendo una alineaci\u00f3n homog\u00e9nea de cara a la promoci\u00f3n.\u00a0 La promoci\u00f3n es lo importante para el Real Betis Balompi\u00e9,\u00a0 y aprovecho estas confrontaciones con equipos de relieve para ir tomando medidas y lograr el adecuado conjunto de compacta firmeza.<\/strong><\/em><\/p>\n<p style=\"text-align: left\">&#8211;\u00bfY el domingo en Valencia habr\u00e1 nuevas pruebas?<\/p>\n<p style=\"text-align: left\"><em><strong>&#8211;Ahora hay que estudiar el partido pr\u00f3ximo domingo,\u00a0 y en Mestalla actuar\u00e1n los jugadores m\u00e1s convenientes para los sistemas a emplear y a las caracter\u00edsticas del enemigo en su propio terreno.<\/strong><\/em><\/p>\n<p style=\"text-align: left\">&#8211;Resumiendo.<\/p>\n<p style=\"text-align: left\"><em><strong>&#8211;Que faltan noventa minutos y dos goles en contra para saber si el Valencia Cf puede apartarnos de la ruta.\u00a0 \u00a1Ah\u00a1\u00a0 Y que estoy satisfecho por el rendimiento de todos mis jugadores&#8230;\u00bb.<\/strong><\/em><\/p>\n<p style=\"text-align: center\"><em><strong>43\u00ba PRESIDENTE REAL BETIS BALOMPI\u00c9-TEMPORADA 1966-1967 Desde Enero-1967.<\/strong><\/em><\/p>\n<p style=\"text-align: center\"><a href=\"https:\/\/www.manquepierda.com\/historiarealbetis\/29837-1967-mayo-14-cpto-espana-18-final-ida-real-betis-balompie-2-goles-vs-valencia-cf-1\/1967-1968-calendario-5\/\" rel=\"attachment wp-att-29850\"><img data-recalc-dims=\"1\" loading=\"lazy\" decoding=\"async\" class=\"aligncenter size-full wp-image-29850\" alt=\"1967-1968 Calendario\" src=\"https:\/\/i0.wp.com\/www.manquepierda.com\/historiarealbetis\/files\/2013\/05\/1967-1968-Calendario1.jpg?resize=320%2C449&#038;ssl=1\" width=\"320\" height=\"449\" srcset=\"https:\/\/i0.wp.com\/www.manquepierda.com\/historiarealbetis\/files\/2013\/05\/1967-1968-Calendario1.jpg?w=320&amp;ssl=1 320w, https:\/\/i0.wp.com\/www.manquepierda.com\/historiarealbetis\/files\/2013\/05\/1967-1968-Calendario1.jpg?resize=156%2C220&amp;ssl=1 156w\" sizes=\"auto, (max-width: 320px) 100vw, 320px\" \/><\/a><\/p>\n<p style=\"text-align: left\"><strong><em>DON JULIO ANTONIO DE LA PUERTA CASTRO (45 A\u00f1os).-Industrial-Ganadero.-OSUNA (Sevilla), Domingo 17-Julio-1921.-SEVILLA-Ciudad del Betis-Viernes 15-Noviembre-2002.-81 A\u00f1os.-D. E. P.<\/em><\/strong><\/p>\n<p style=\"text-align: center\"><strong>VS.<\/strong><\/p>\n<p style=\"text-align: center\"><a href=\"https:\/\/www.manquepierda.com\/historiarealbetis\/29837-1967-mayo-14-cpto-espana-18-final-ida-real-betis-balompie-2-goles-vs-valencia-cf-1\/escudo-del-valencia-c-f-deportes-escudos-de-futbol-pintado-por-joel21-9772252\/\" rel=\"attachment wp-att-29854\"><img data-recalc-dims=\"1\" loading=\"lazy\" decoding=\"async\" class=\"aligncenter size-thumbnail wp-image-29854\" alt=\"escudo-del-valencia-c.-f.-deportes-escudos-de-futbol-pintado-por-joel21-9772252\" src=\"https:\/\/i0.wp.com\/www.manquepierda.com\/historiarealbetis\/files\/2013\/05\/escudo-del-valencia-c.-f.-deportes-escudos-de-futbol-pintado-por-joel21-9772252-220x172.jpg?resize=220%2C172&#038;ssl=1\" width=\"220\" height=\"172\" \/><\/a><strong>Primera Divisi\u00f3n 1966-1967.-VALENCIA CLUB DE F\u00daTBOL (El\u00e1stica roja y calz\u00f3n negro)-1 Tanto.<\/strong><\/p>\n<p style=\"text-align: left\"><strong>\u00c1ngel ABELARDO Gonz\u00e1lez Bernardo (Portero).-TATONO (Jos\u00e9 Antonio Garc\u00eda Conesa)-Manuel MESTRE Torres-Alberto ARNAL Andr\u00e9s (Defensas).-Juan Cruz SOL Oria-ROBERTO Gil Esteve (Medios).-Jos\u00e9 CLARAMUNT Torres-WALDO Machado Da Silva-Fernando ANSOLA Sanmart\u00edn (0-1.-14 minutos: Centra Claramunt y el ariete desv\u00eda el bal\u00f3n con la cabeza por el \u00e1ngulo izquierdo ,\u00a0 sin que Campillo pueda llegar a tiempo)-PAQUITO (Francisco Garc\u00eda G\u00f3mez)-POLI (Manuel Polinario Mu\u00f1oz).-Delanteros.<\/strong><\/p>\n<p style=\"text-align: center\"><strong>ENTRENADOR VALENCIA CLUB DE F\u00daTBOL-TEMPORADA 1966-1967.<\/strong><\/p>\n<p style=\"text-align: left\"><strong><a href=\"https:\/\/www.manquepierda.com\/historiarealbetis\/29837-1967-mayo-14-cpto-espana-18-final-ida-real-betis-balompie-2-goles-vs-valencia-cf-1\/mundovcf\/\" rel=\"attachment wp-att-29855\"><img data-recalc-dims=\"1\" loading=\"lazy\" decoding=\"async\" class=\"alignleft size-thumbnail wp-image-29855\" alt=\"MUNDOvcf\" src=\"https:\/\/i0.wp.com\/www.manquepierda.com\/historiarealbetis\/files\/2013\/05\/MUNDOvcf-139x220.jpg?resize=139%2C220&#038;ssl=1\" width=\"139\" height=\"220\" \/><\/a>EDMUNDO SU\u00c1REZ TRABANCO (a) \u00abMUNDO\u00bb.<\/strong><\/p>\n<p style=\"text-align: left\"><strong>&#8211;El partido ha sido bonito,\u00a0 y que me ha gustado mucho el Betis.\u00a0 Espero que en Mestalla matenga la misma vehemencia que hoy aqu\u00ed.\u00a0 As\u00ed podr\u00e1 presenciar nuestro p\u00fablico un buen espect\u00e1culo.<\/strong><\/p>\n<p style=\"text-align: left\">&#8211;\u00bfC\u00f3mo enjuicias la labor de tu equipo?<\/p>\n<p style=\"text-align: left\"><strong>&#8211;Ha jugado muy por debajo de sus posibilidades.\u00a0 Se vio sorprendido por el ritmo,\u00a0 por el af\u00e1n\u00a0 y por el buen juego del Real Betis Balompi\u00e9.<\/strong><\/p>\n<p style=\"text-align: left\">&#8211;\u00bfQu\u00e9 te ha gustado m\u00e1s del Betis Balompi\u00e9?<\/p>\n<p style=\"text-align: left\"><strong>&#8211;El equipo en general.<\/strong><\/p>\n<p style=\"text-align: left\">&#8211;\u00bfConsidera favorable la eliminatoria?<\/p>\n<p style=\"text-align: left\"><strong>&#8211;Este resultado puede servirnos para seguir adelante.<\/strong><\/p>\n<p style=\"text-align: left\">&#8211;\u00bfQu\u00e9 me dices del penalti a Gonz\u00e1lez?<\/p>\n<p style=\"text-align: left\"><strong>&#8211;Antes v\u00ed el empuj\u00f3n del jugador b\u00e9tico al m\u00edo,\u00a0 seguido del empuj\u00f3n del m\u00edo,\u00a0 y,\u00a0 por \u00faltimo,\u00a0 de c\u00f3mo el b\u00e9tico desviaba la pelota con la mano.\u00a0 Si hubo falta fue al rev\u00e9s.\u00a0 Contra el Betis\u00bb.<\/strong><\/p>\n<p style=\"text-align: left\">Fuentes:<\/p>\n<p style=\"text-align: left\">Colecci\u00f3n Personal.<\/p>\n<p style=\"text-align: left\">HOJA DEL LUNES-Sevilla 15-Mayo-1967-Titulares: <strong>\u00abEl Real Betis ofreci\u00f3 otra vez un gran partido frente al duro y copero Valencia\u00bb.-\u00abPartido intersante y completo: Real Betis-2; Valencia Cf-1&#8243;(IGARFE).-Fotos SERAF\u00cdN (Portada.-Entrenador Mundo).-\u00abOpinan los entrenadores\u00bb(BORBUJO).-Dibujo Vicente Flores.-\u00abViaje a Granada\u00bb.<\/strong><\/p>\n<p style=\"text-align: center\"><a href=\"https:\/\/www.manquepierda.com\/historiarealbetis\/29837-1967-mayo-14-cpto-espana-18-final-ida-real-betis-balompie-2-goles-vs-valencia-cf-1\/vf-11\/\" rel=\"attachment wp-att-29856\"><img data-recalc-dims=\"1\" loading=\"lazy\" decoding=\"async\" class=\"aligncenter size-medium wp-image-29856\" alt=\"Vf\" src=\"https:\/\/i0.wp.com\/www.manquepierda.com\/historiarealbetis\/files\/2013\/05\/Vf-519x600.jpg?resize=519%2C600&#038;ssl=1\" width=\"519\" height=\"600\" \/><\/a><\/p>\n<p style=\"text-align: center\"><a href=\"https:\/\/www.manquepierda.com\/historiarealbetis\/29837-1967-mayo-14-cpto-espana-18-final-ida-real-betis-balompie-2-goles-vs-valencia-cf-1\/granada-betis\/\" rel=\"attachment wp-att-29857\"><img data-recalc-dims=\"1\" loading=\"lazy\" decoding=\"async\" class=\"aligncenter size-medium wp-image-29857\" alt=\"Granada-BETIS\" src=\"https:\/\/i0.wp.com\/www.manquepierda.com\/historiarealbetis\/files\/2013\/05\/Granada-BETIS.jpg?resize=680%2C554&#038;ssl=1\" width=\"680\" height=\"554\" srcset=\"https:\/\/i0.wp.com\/www.manquepierda.com\/historiarealbetis\/files\/2013\/05\/Granada-BETIS.jpg?resize=680%2C554&amp;ssl=1 680w, https:\/\/i0.wp.com\/www.manquepierda.com\/historiarealbetis\/files\/2013\/05\/Granada-BETIS.jpg?resize=220%2C179&amp;ssl=1 220w, https:\/\/i0.wp.com\/www.manquepierda.com\/historiarealbetis\/files\/2013\/05\/Granada-BETIS.jpg?resize=500%2C407&amp;ssl=1 500w, https:\/\/i0.wp.com\/www.manquepierda.com\/historiarealbetis\/files\/2013\/05\/Granada-BETIS.jpg?w=764&amp;ssl=1 764w\" sizes=\"auto, (max-width: 680px) 100vw, 680px\" \/><\/a><\/p>\n<p>&nbsp;<\/p>\n","protected":false},"excerpt":{"rendered":"<p>\u00abAbelardo,\u00a0 magn\u00edfico guardameta del Valencia,\u00a0 aleja el bal\u00f3n que intenteba rematar Pepe Gonz\u00e1lez\u00bb.-Foto Seraf\u00edn. LXIII EDICI\u00d3N CAMPEONATO DE ESPA\u00d1A-COPA DEL GENERAL\u00cdSIMO 1966-1967-OCTAVOS DE FINAL-IDA-EN SEVILLA DOMINGO 14 DE MAYO DE 1967-ESTADIO \u00abBENITO VILLAMAR\u00cdN\u00bb.-Casi lleno.-Aplausos para el Valencia Cf y ovaci\u00f3n cerrada para los Verdiblancos. Arbitr\u00f3 el colegiado vizca\u00edno Manuel G\u00f3mez Arribas. \u00abSu labor inicialmente fue&#8230;<\/p>\n","protected":false},"author":48,"featured_media":29838,"comment_status":"open","ping_status":"open","sticky":false,"template":"","format":"standard","meta":{"_kad_post_transparent":"","_kad_post_title":"","_kad_post_layout":"","_kad_post_sidebar_id":"","_kad_post_content_style":"","_kad_post_vertical_padding":"","_kad_post_feature":"","_kad_post_feature_position":"","_kad_post_header":false,"_kad_post_footer":false,"_kad_post_classname":"","_jetpack_memberships_contains_paid_content":false,"footnotes":"","jetpack_publicize_message":"","jetpack_publicize_feature_enabled":true,"jetpack_social_post_already_shared":true,"jetpack_social_options":{"image_generator_settings":{"template":"highway","default_image_id":0,"font":"","enabled":false},"version":2}},"categories":[902,1],"tags":[2224,1247,18088,2285],"class_list":["post-29837","post","type-post","status-publish","format-standard","has-post-thumbnail","hentry","category-1960-1969","category-portada","tag-1966-67","tag-1247","tag-copa-1966-67","tag-valencia-cf"],"jetpack_publicize_connections":[],"jetpack_featured_media_url":"https:\/\/i0.wp.com\/www.manquepierda.com\/historiarealbetis\/files\/2013\/05\/19670514Copa-2.jpg?fit=2241%2C2255&ssl=1","jetpack_sharing_enabled":true,"jetpack_shortlink":"https:\/\/wp.me\/p1ij08-7Lf","jetpack-related-posts":[],"_links":{"self":[{"href":"https:\/\/www.manquepierda.com\/historiarealbetis\/wp-json\/wp\/v2\/posts\/29837","targetHints":{"allow":["GET"]}}],"collection":[{"href":"https:\/\/www.manquepierda.com\/historiarealbetis\/wp-json\/wp\/v2\/posts"}],"about":[{"href":"https:\/\/www.manquepierda.com\/historiarealbetis\/wp-json\/wp\/v2\/types\/post"}],"author":[{"embeddable":true,"href":"https:\/\/www.manquepierda.com\/historiarealbetis\/wp-json\/wp\/v2\/users\/48"}],"replies":[{"embeddable":true,"href":"https:\/\/www.manquepierda.com\/historiarealbetis\/wp-json\/wp\/v2\/comments?post=29837"}],"version-history":[{"count":1,"href":"https:\/\/www.manquepierda.com\/historiarealbetis\/wp-json\/wp\/v2\/posts\/29837\/revisions"}],"predecessor-version":[{"id":98211,"href":"https:\/\/www.manquepierda.com\/historiarealbetis\/wp-json\/wp\/v2\/posts\/29837\/revisions\/98211"}],"wp:featuredmedia":[{"embeddable":true,"href":"https:\/\/www.manquepierda.com\/historiarealbetis\/wp-json\/wp\/v2\/media\/29838"}],"wp:attachment":[{"href":"https:\/\/www.manquepierda.com\/historiarealbetis\/wp-json\/wp\/v2\/media?parent=29837"}],"wp:term":[{"taxonomy":"category","embeddable":true,"href":"https:\/\/www.manquepierda.com\/historiarealbetis\/wp-json\/wp\/v2\/categories?post=29837"},{"taxonomy":"post_tag","embeddable":true,"href":"https:\/\/www.manquepierda.com\/historiarealbetis\/wp-json\/wp\/v2\/tags?post=29837"}],"curies":[{"name":"wp","href":"https:\/\/api.w.org\/{rel}","templated":true}]}}