{"id":3004,"date":"2010-11-04T09:03:14","date_gmt":"2010-11-04T09:03:14","guid":{"rendered":"http:\/\/www.manquepierda.com\/?p=3004"},"modified":"2024-10-09T07:39:28","modified_gmt":"2024-10-09T05:39:28","slug":"visitamos-al-real-club-celta","status":"publish","type":"post","link":"https:\/\/www.manquepierda.com\/historiarealbetis\/visitamos-al-real-club-celta\/","title":{"rendered":"Visitamos al Real Club Celta"},"content":{"rendered":"<figure id=\"attachment_8176\" aria-describedby=\"caption-attachment-8176\" style=\"width: 629px\" class=\"wp-caption aligncenter\"><a class=\"lightbox\" title=\"Celta-Betis 3-4-1997 ABC\" href=\"https:\/\/i0.wp.com\/www.manquepierda.com\/historiarealbetis\/files\/2010\/11\/Celta-Betis-3-4-1997-ABC.jpg?ssl=1\"><img data-recalc-dims=\"1\" loading=\"lazy\" decoding=\"async\" class=\"size-full wp-image-8176\" src=\"https:\/\/i0.wp.com\/www.manquepierda.com\/historiarealbetis\/files\/2010\/11\/Celta-Betis-3-4-1997-ABC.jpg?resize=629%2C869&#038;ssl=1\" alt=\"Fuente: ABC 3 de Abril de 1997\" width=\"629\" height=\"869\" srcset=\"https:\/\/i0.wp.com\/www.manquepierda.com\/historiarealbetis\/files\/2010\/11\/Celta-Betis-3-4-1997-ABC.jpg?w=629&amp;ssl=1 629w, https:\/\/i0.wp.com\/www.manquepierda.com\/historiarealbetis\/files\/2010\/11\/Celta-Betis-3-4-1997-ABC.jpg?resize=217%2C300&amp;ssl=1 217w\" sizes=\"auto, (max-width: 629px) 100vw, 629px\" \/><\/a><figcaption id=\"caption-attachment-8176\" class=\"wp-caption-text\">Fuente: ABC 3 de Abril de 1997<\/figcaption><\/figure>\n<p><a href=\"http:\/\/www.manquepierda.com\/wordpress\/wp-content\/uploads\/2010\/11\/1997-4-31.tif\"><img decoding=\"async\" class=\"alignnone size-full wp-image-3010\" src=\"http:\/\/www.manquepierda.com\/wordpress\/wp-content\/uploads\/2010\/11\/1997-4-31.tif\" alt=\"\" \/><\/a><\/p>\n<p><img decoding=\"async\" class=\"alignnone size-full wp-image-3007\" src=\"http:\/\/www.manquepierda.com\/wordpress\/wp-content\/uploads\/2010\/11\/1997-4-3.tif\" alt=\"\" \/>El pr\u00f3ximo domingo el Real Betis Balompi\u00e9 se desplaza a Bala\u00eddos para enfrentarse al Real Club Celta. Ser\u00e1 el partido oficial n\u00famero 32 que el Betis disputar\u00e1 en Vigo, adem\u00e1s de 6 amistosos.<\/p>\n<p>Fue un 28 de Abril de 1929 la primera visita oficial del Betis a Vigo, cuando cay\u00f3 derrotado 3-1 en partido de Segunda Divisi\u00f3n, en la primera temporada del reci\u00e9n estrenado Campeonato de Liga. Ya antes, en 1925, el Betis hab\u00eda jugado por primera vez en Vigo, concretamente en el campo de Coya donde el Celta le venci\u00f3 6-0 en un amistoso disputado el 13 de Junio.<\/p>\n<p>El Real Club Celta se fund\u00f3 en 1923 y ha jugado 46 temporadas en Primera Divisi\u00f3n, 31 en Segunda, 1 en Segunda B y 1 en Tercera. Ha sido 3 veces subcampe\u00f3n de Copa y juega en Bala\u00eddos desde 1928.<\/p>\n<p>El Betis ha jugado en sus dos campos (Coya y Bala\u00eddos) 22 encuentros en Primera Divisi\u00f3n ( 6 victorias, 4 empates y 12 derrotas), 6 en Segunda ( 2 empates y 4 derrotas), 3 en Copa (3 empates) y 6 amistosos ( 6 derrotas).<\/p>\n<p>La cr\u00f3nica de ABC\u00a0 que acompa\u00f1a a esta\u00a0 informaci\u00f3n corresponde al partido de vuelta de las semifinales de la Copa de 1997, cuando, con un empate a 1 obra de Alexis , el Betis se clasific\u00f3 para la final de Copa en el Bernab\u00e9u contra el FC Barcelona.<\/p>\n<p>Entre los muchos jugadores que han militado en ambos equipos podemos mencionar a Tom\u00e1s Azpeitia, Balbino Clemente, Honorato L\u00f3pez \u00abCabezo\u00bb, Modesto Gonz\u00e1lez \u00abCapesto\u00bb, Jos\u00e9 Luis Diezma, Eduardo Schmidt \u00abEdu\u00bb, Iriney Santos, Antonio Alvarez \u00abIto\u00bb, Tom\u00e1s Muruaga, Jorge Otero, Julio Otero, Jos\u00e9 Pineda, Jos\u00e9 Manuel Pinto, Antonio Prats, Mariano Retamar, Rodolfo Dapena, Eduardo Sobrado, Angel Su\u00e1rez y Jos\u00e9 Carlos Su\u00e1rez.<\/p>\n<p>Entre los entrenadores comunes Jos\u00e9 Luis Garc\u00eda Traid, Luis Cid Carriega, Javier Irureta, Fernando V\u00e1zquez y V\u00edctor Fern\u00e1ndez.<\/p>\n","protected":false},"excerpt":{"rendered":"<p>El pr\u00f3ximo domingo el Real Betis Balompi\u00e9 se desplaza a Bala\u00eddos para enfrentarse al Real Club Celta. Ser\u00e1 el partido oficial n\u00famero 32 que el Betis disputar\u00e1 en Vigo, adem\u00e1s de 6 amistosos. Fue un 28 de Abril de 1929 la primera visita oficial del Betis a Vigo, cuando cay\u00f3 derrotado 3-1 en partido de&#8230;<\/p>\n","protected":false},"author":5,"featured_media":8176,"comment_status":"open","ping_status":"open","sticky":false,"template":"","format":"standard","meta":{"_kad_post_transparent":"","_kad_post_title":"","_kad_post_layout":"","_kad_post_sidebar_id":"","_kad_post_content_style":"","_kad_post_vertical_padding":"","_kad_post_feature":"","_kad_post_feature_position":"","_kad_post_header":false,"_kad_post_footer":false,"_kad_post_classname":"","_jetpack_memberships_contains_paid_content":false,"footnotes":"","jetpack_publicize_message":"","jetpack_publicize_feature_enabled":true,"jetpack_social_post_already_shared":false,"jetpack_social_options":{"image_generator_settings":{"template":"highway","default_image_id":0,"font":"","enabled":false},"version":2}},"categories":[895,1],"tags":[1084,1076,1072,1075,1607,1088,1035,1053,1087,1077,1085,1074,1098,1080,1079,1078,1391,1082,1581,13018,1083,1580,822,16815,1089],"class_list":["post-3004","post","type-post","status-publish","format-standard","has-post-thumbnail","hentry","category-los-rivales","category-portada","tag-angel-suarez","tag-antonio-alvarez-ito","tag-balbino-clemente","tag-eduardo-schmidt-edu","tag-eduardo-sobrado","tag-fernando-vazquez","tag-honorato-lopez-cabezo","tag-iriney-santos","tag-javier-irureta","tag-jorge-otero","tag-jose-carlos-suarez","tag-jose-luis-diezma","tag-jose-luis-garcia-traid","tag-jose-manuel-pinto","tag-jose-pineda","tag-julio-otero","tag-luis-carriega","tag-mariano-retamar","tag-modesto-gonzalez-capesto","tag-real-club-celta-de-vigo","tag-rodolfo-dapena","tag-tomas-azpeitia","tag-tomas-muruaga","tag-toni-prats","tag-victor-fernandez"],"jetpack_publicize_connections":[],"jetpack_featured_media_url":"https:\/\/i0.wp.com\/www.manquepierda.com\/historiarealbetis\/files\/2010\/11\/Celta-Betis-3-4-1997-ABC.jpg?fit=629%2C869&ssl=1","jetpack_sharing_enabled":true,"jetpack_shortlink":"https:\/\/wp.me\/p1ij08-Ms","jetpack-related-posts":[],"_links":{"self":[{"href":"https:\/\/www.manquepierda.com\/historiarealbetis\/wp-json\/wp\/v2\/posts\/3004","targetHints":{"allow":["GET"]}}],"collection":[{"href":"https:\/\/www.manquepierda.com\/historiarealbetis\/wp-json\/wp\/v2\/posts"}],"about":[{"href":"https:\/\/www.manquepierda.com\/historiarealbetis\/wp-json\/wp\/v2\/types\/post"}],"author":[{"embeddable":true,"href":"https:\/\/www.manquepierda.com\/historiarealbetis\/wp-json\/wp\/v2\/users\/5"}],"replies":[{"embeddable":true,"href":"https:\/\/www.manquepierda.com\/historiarealbetis\/wp-json\/wp\/v2\/comments?post=3004"}],"version-history":[{"count":1,"href":"https:\/\/www.manquepierda.com\/historiarealbetis\/wp-json\/wp\/v2\/posts\/3004\/revisions"}],"predecessor-version":[{"id":96362,"href":"https:\/\/www.manquepierda.com\/historiarealbetis\/wp-json\/wp\/v2\/posts\/3004\/revisions\/96362"}],"wp:featuredmedia":[{"embeddable":true,"href":"https:\/\/www.manquepierda.com\/historiarealbetis\/wp-json\/wp\/v2\/media\/8176"}],"wp:attachment":[{"href":"https:\/\/www.manquepierda.com\/historiarealbetis\/wp-json\/wp\/v2\/media?parent=3004"}],"wp:term":[{"taxonomy":"category","embeddable":true,"href":"https:\/\/www.manquepierda.com\/historiarealbetis\/wp-json\/wp\/v2\/categories?post=3004"},{"taxonomy":"post_tag","embeddable":true,"href":"https:\/\/www.manquepierda.com\/historiarealbetis\/wp-json\/wp\/v2\/tags?post=3004"}],"curies":[{"name":"wp","href":"https:\/\/api.w.org\/{rel}","templated":true}]}}