{"id":30075,"date":"2013-05-20T02:52:15","date_gmt":"2013-05-20T00:52:15","guid":{"rendered":"http:\/\/www.manquepierda.com\/historiarealbetis\/?p=30075"},"modified":"2024-08-18T10:53:32","modified_gmt":"2024-08-18T08:53:32","slug":"1956-mayo-20-fase-ascenso-tercera-jornada-real-betis-balompie-6-goles-vs-cd-alaves-0","status":"publish","type":"post","link":"https:\/\/www.manquepierda.com\/historiarealbetis\/1956-mayo-20-fase-ascenso-tercera-jornada-real-betis-balompie-6-goles-vs-cd-alaves-0\/","title":{"rendered":"1956-Mayo 20-Fase Ascenso-Tercera Jornada: Real Betis Balompi\u00e9-6 goles vs. CD Alav\u00e9s-0."},"content":{"rendered":"<p style=\"text-align: center\"><a href=\"https:\/\/www.manquepierda.com\/historiarealbetis\/30075-1956-mayo-20-fase-ascenso-tercera-jornada-real-betis-balompie-6-goles-vs-cd-alaves-0\/rbb-6cda-0\/\" rel=\"attachment wp-att-30076\"><img data-recalc-dims=\"1\" loading=\"lazy\" decoding=\"async\" class=\"aligncenter size-medium wp-image-30076\" alt=\"RBB-6CDA-0\" src=\"https:\/\/i0.wp.com\/www.manquepierda.com\/historiarealbetis\/files\/2013\/05\/RBB-6CDA-0.jpg?resize=680%2C440&#038;ssl=1\" width=\"680\" height=\"440\" srcset=\"https:\/\/i0.wp.com\/www.manquepierda.com\/historiarealbetis\/files\/2013\/05\/RBB-6CDA-0.jpg?resize=680%2C440&amp;ssl=1 680w, https:\/\/i0.wp.com\/www.manquepierda.com\/historiarealbetis\/files\/2013\/05\/RBB-6CDA-0.jpg?resize=220%2C142&amp;ssl=1 220w, https:\/\/i0.wp.com\/www.manquepierda.com\/historiarealbetis\/files\/2013\/05\/RBB-6CDA-0.jpg?resize=960%2C622&amp;ssl=1 960w, https:\/\/i0.wp.com\/www.manquepierda.com\/historiarealbetis\/files\/2013\/05\/RBB-6CDA-0.jpg?resize=1024%2C663&amp;ssl=1 1024w, https:\/\/i0.wp.com\/www.manquepierda.com\/historiarealbetis\/files\/2013\/05\/RBB-6CDA-0.jpg?resize=500%2C323&amp;ssl=1 500w, https:\/\/i0.wp.com\/www.manquepierda.com\/historiarealbetis\/files\/2013\/05\/RBB-6CDA-0.jpg?w=1463&amp;ssl=1 1463w\" sizes=\"auto, (max-width: 680px) 100vw, 680px\" \/><\/a><strong>\u00abARBULU, en una acertada intervenci\u00f3n, deja sin efecto uno de los remates b\u00e9ticos\u00bb.-Foto Serrano (ABC).<br \/>\n<\/strong><\/p>\n<p><em><strong>TERCERA JORNADA-FASE FINAL DE ASCENSO A PRIMERA DIVISI\u00d3N EN LA CIUDAD DEL BETIS, DOMINGO 20 DE MAYO DE 1956-ESTADIO MUNICIPAL DE HELI\u00d3POLIS A LAS 18&#8217;15 HORAS.-Al final del encuentro,\u00a0 aplausos,\u00a0 palmas por sevillanas y una alegr\u00eda,\u00a0 que hac\u00eda varias jornadas no ve\u00edamos por el terreno b\u00e9tico.<\/strong><\/em><\/p>\n<p style=\"text-align: center\">Arbitr\u00f3 el colegiado de Navarra, Daniel Mar\u00eda Zariquiegui Izco.-Buen arbitraje.<\/p>\n<p style=\"text-align: center\"><strong>Aline\u00f3 \u00e1:<\/strong><\/p>\n<p style=\"text-align: center\"><a href=\"https:\/\/www.manquepierda.com\/historiarealbetis\/29998-1942-mayo-17-amistoso-club-atletico-de-tetuan-2-vs-real-betis-balompie-5-goles\/1941-rbb-155\/\" rel=\"attachment wp-att-29999\"><img data-recalc-dims=\"1\" loading=\"lazy\" decoding=\"async\" class=\"aligncenter size-full wp-image-29999\" alt=\"1941-RBB\" src=\"https:\/\/i0.wp.com\/www.manquepierda.com\/historiarealbetis\/files\/2013\/05\/1941-RBB.jpg?resize=154%2C154&#038;ssl=1\" width=\"154\" height=\"154\" \/><\/a><em><strong>Tercer Clasificado.-REAL BETIS BALOMPI\u00c9-6 GOLES.<\/strong><\/em><\/p>\n<p style=\"text-align: center\"><em><strong>MARCARON:<\/strong><\/em><\/p>\n<p style=\"text-align: center\"><em><strong>1-0.-29 Minutos:\u00a0 Sobrado lanza a Del Sol.\u00a0 Centro que intercepta Sobrado y CELA cruza raso.<\/strong><\/em><\/p>\n<p style=\"text-align: center\"><a href=\"https:\/\/www.manquepierda.com\/historiarealbetis\/30075-1956-mayo-20-fase-ascenso-tercera-jornada-real-betis-balompie-6-goles-vs-cd-alaves-0\/6-0-cela\/\" rel=\"attachment wp-att-30077\"><img data-recalc-dims=\"1\" loading=\"lazy\" decoding=\"async\" class=\"aligncenter size-thumbnail wp-image-30077\" alt=\"6-0 cela\" src=\"https:\/\/i0.wp.com\/www.manquepierda.com\/historiarealbetis\/files\/2013\/05\/6-0-cela.jpg?resize=220%2C117&#038;ssl=1\" width=\"220\" height=\"117\" srcset=\"https:\/\/i0.wp.com\/www.manquepierda.com\/historiarealbetis\/files\/2013\/05\/6-0-cela.jpg?resize=220%2C117&amp;ssl=1 220w, https:\/\/i0.wp.com\/www.manquepierda.com\/historiarealbetis\/files\/2013\/05\/6-0-cela.jpg?resize=680%2C364&amp;ssl=1 680w, https:\/\/i0.wp.com\/www.manquepierda.com\/historiarealbetis\/files\/2013\/05\/6-0-cela.jpg?resize=960%2C514&amp;ssl=1 960w, https:\/\/i0.wp.com\/www.manquepierda.com\/historiarealbetis\/files\/2013\/05\/6-0-cela.jpg?resize=1024%2C549&amp;ssl=1 1024w, https:\/\/i0.wp.com\/www.manquepierda.com\/historiarealbetis\/files\/2013\/05\/6-0-cela.jpg?resize=500%2C268&amp;ssl=1 500w, https:\/\/i0.wp.com\/www.manquepierda.com\/historiarealbetis\/files\/2013\/05\/6-0-cela.jpg?w=1770&amp;ssl=1 1770w\" sizes=\"auto, (max-width: 220px) 100vw, 220px\" \/><\/a><em><strong>6-0.-66 Minutos.-CELA por velocidad,\u00a0 se anticipa a la jugada embarullada de Arbulu y zagueros, marcando el \u00fatimo de la tarde.<\/strong><\/em><\/p>\n<p style=\"text-align: center\"><a href=\"https:\/\/www.manquepierda.com\/historiarealbetis\/30075-1956-mayo-20-fase-ascenso-tercera-jornada-real-betis-balompie-6-goles-vs-cd-alaves-0\/jose-egustiza-zarraga\/\" rel=\"attachment wp-att-30087\"><img data-recalc-dims=\"1\" loading=\"lazy\" decoding=\"async\" class=\"aligncenter size-full wp-image-30087\" alt=\"Jos\u00e9 Egustiza Z\u00e1rraga\" src=\"https:\/\/i0.wp.com\/www.manquepierda.com\/historiarealbetis\/files\/2013\/05\/Jos%C3%A9-Egustiza-Z%C3%A1rraga.jpg?resize=100%2C142&#038;ssl=1\" width=\"100\" height=\"142\" \/><\/a><em><strong>2-0.-45 Minutos y medio: Jos\u00e9 EGUSKIZA Z\u00e1rraga marca en propia meta ante la entrada de Cela.<\/strong><\/em><\/p>\n<p style=\"text-align: center\"><a href=\"https:\/\/www.manquepierda.com\/historiarealbetis\/30075-1956-mayo-20-fase-ascenso-tercera-jornada-real-betis-balompie-6-goles-vs-cd-alaves-0\/eduardo-sobrado-vazquez\/\" rel=\"attachment wp-att-30088\"><img data-recalc-dims=\"1\" loading=\"lazy\" decoding=\"async\" class=\"aligncenter size-thumbnail wp-image-30088\" alt=\"Eduardo SOBRADO V\u00e1zquez\" src=\"https:\/\/i0.wp.com\/www.manquepierda.com\/historiarealbetis\/files\/2013\/05\/Eduardo-SOBRADO-V%C3%A1zquez.png?resize=188%2C220&#038;ssl=1\" width=\"188\" height=\"220\" srcset=\"https:\/\/i0.wp.com\/www.manquepierda.com\/historiarealbetis\/files\/2013\/05\/Eduardo-SOBRADO-V%C3%A1zquez.png?resize=188%2C220&amp;ssl=1 188w, https:\/\/i0.wp.com\/www.manquepierda.com\/historiarealbetis\/files\/2013\/05\/Eduardo-SOBRADO-V%C3%A1zquez.png?w=191&amp;ssl=1 191w\" sizes=\"auto, (max-width: 188px) 100vw, 188px\" \/><\/a><em><strong>3-0.-49 Minutos:\u00a0 Guerrero centra desde la derecha y SOBRADO en plancha,\u00a0 cabecea el bal\u00f3n a la red.<\/strong><\/em><\/p>\n<p style=\"text-align: center\"><em><strong>5-0.-65 Minutos:\u00a0 Lora avanza y SOBRADO recoge, se infiltra y cuando sale el meta Arbulu le bate.<\/strong><\/em><\/p>\n<p style=\"text-align: center\"><a href=\"https:\/\/www.manquepierda.com\/historiarealbetis\/30075-1956-mayo-20-fase-ascenso-tercera-jornada-real-betis-balompie-6-goles-vs-cd-alaves-0\/botella-jose-garcia-garcia\/\" rel=\"attachment wp-att-30086\"><img data-recalc-dims=\"1\" loading=\"lazy\" decoding=\"async\" class=\"aligncenter size-thumbnail wp-image-30086\" alt=\"BOTELLA-Jos\u00e9 Garc\u00eda Garc\u00eda\" src=\"https:\/\/i0.wp.com\/www.manquepierda.com\/historiarealbetis\/files\/2013\/05\/BOTELLA-Jos%C3%A9-Garc%C3%ADa-Garc%C3%ADa.jpg?resize=135%2C220&#038;ssl=1\" width=\"135\" height=\"220\" srcset=\"https:\/\/i0.wp.com\/www.manquepierda.com\/historiarealbetis\/files\/2013\/05\/BOTELLA-Jos%C3%A9-Garc%C3%ADa-Garc%C3%ADa.jpg?resize=135%2C220&amp;ssl=1 135w, https:\/\/i0.wp.com\/www.manquepierda.com\/historiarealbetis\/files\/2013\/05\/BOTELLA-Jos%C3%A9-Garc%C3%ADa-Garc%C3%ADa.jpg?resize=370%2C600&amp;ssl=1 370w, https:\/\/i0.wp.com\/www.manquepierda.com\/historiarealbetis\/files\/2013\/05\/BOTELLA-Jos%C3%A9-Garc%C3%ADa-Garc%C3%ADa.jpg?resize=308%2C500&amp;ssl=1 308w, https:\/\/i0.wp.com\/www.manquepierda.com\/historiarealbetis\/files\/2013\/05\/BOTELLA-Jos%C3%A9-Garc%C3%ADa-Garc%C3%ADa.jpg?w=420&amp;ssl=1 420w\" sizes=\"auto, (max-width: 135px) 100vw, 135px\" \/><\/a><em><strong>4-0.-56 Minutos:\u00a0 Extraordinario avance Del Sol-Sobrado que lanza a BOTELLA que tira cruzado .<\/strong><\/em><\/p>\n<p style=\"text-align: center\"><strong>Obituarios Real Betis Balompi\u00e9.<\/strong><\/p>\n<p style=\"text-align: center\"><em><strong>GUARDAMETA:<\/strong><\/em><\/p>\n<p style=\"text-align: center\"><a href=\"https:\/\/www.manquepierda.com\/historiarealbetis\/30075-1956-mayo-20-fase-ascenso-tercera-jornada-real-betis-balompie-6-goles-vs-cd-alaves-0\/americo-canas-martinez-2\/\" rel=\"attachment wp-att-30078\"><img data-recalc-dims=\"1\" loading=\"lazy\" decoding=\"async\" class=\"aligncenter size-thumbnail wp-image-30078\" alt=\"AM\u00c9RICO Canas Mart\u00ednez\" src=\"https:\/\/i0.wp.com\/www.manquepierda.com\/historiarealbetis\/files\/2013\/05\/AM%C3%89RICO-Canas-Mart%C3%ADnez-132x220.jpg?resize=132%2C220&#038;ssl=1\" width=\"132\" height=\"220\" srcset=\"https:\/\/i0.wp.com\/www.manquepierda.com\/historiarealbetis\/files\/2013\/05\/AM%C3%89RICO-Canas-Mart%C3%ADnez.jpg?resize=132%2C220&amp;ssl=1 132w, https:\/\/i0.wp.com\/www.manquepierda.com\/historiarealbetis\/files\/2013\/05\/AM%C3%89RICO-Canas-Mart%C3%ADnez.jpg?resize=361%2C600&amp;ssl=1 361w, https:\/\/i0.wp.com\/www.manquepierda.com\/historiarealbetis\/files\/2013\/05\/AM%C3%89RICO-Canas-Mart%C3%ADnez.jpg?resize=421%2C700&amp;ssl=1 421w, https:\/\/i0.wp.com\/www.manquepierda.com\/historiarealbetis\/files\/2013\/05\/AM%C3%89RICO-Canas-Mart%C3%ADnez.jpg?resize=300%2C500&amp;ssl=1 300w, https:\/\/i0.wp.com\/www.manquepierda.com\/historiarealbetis\/files\/2013\/05\/AM%C3%89RICO-Canas-Mart%C3%ADnez.jpg?w=429&amp;ssl=1 429w\" sizes=\"auto, (max-width: 132px) 100vw, 132px\" \/><\/a><em><strong>AM\u00c9RICO Canas Mart\u00ednez (22)-Deb\u00fa Oficial en el Estadio Heliopolitano-Destac\u00f3.-CEUTA, Viernes 12-Enero-1934.-79 A\u00f1os.-Reside en M\u00e1laga.<\/strong><\/em><\/p>\n<p style=\"text-align: center\"><em><strong>Temporadas 1955-1956\u00a0 y\u00a0 1957-1958.<\/strong><\/em><\/p>\n<p style=\"text-align: center\">VICENTE BRU-\u00abSEVILLA\u00bb-diario de la tarde\u00bb:<\/p>\n<p style=\"text-align: left\">\u00ab&#8211;\u00bfSatisfecho por tu actuaci\u00f3n?<\/p>\n<p style=\"text-align: left\"><em><strong>&#8212;<\/strong><\/em><strong>Estoy satisfecho,\u00a0 sobretodo por el triunfo.\u00a0 \u00bfTe has dado cuenta c\u00f3mo ha jugado la delantera, la defensa,\u00a0 todos en fin?\u00a0 Yo he hecho lo que he podido,\u00a0 y la suerte me ha ayudado un poquito.\u00a0 El domingo pasado en Zaragoza estrope\u00e9 una victoria por un fallo m\u00edo.<\/strong><\/p>\n<p style=\"text-align: left\">&#8211;No ser\u00eda tanto.\u00a0 \u00bfQu\u00e9 delantero te pareci\u00f3 m\u00e1s peligroso de los alavesistas?<\/p>\n<p style=\"text-align: left\"><strong>&#8211;Ucelay.<\/strong><\/p>\n<p style=\"text-align: left\">&#8211;\u00bfSe ganar\u00e1 en Murcia?<\/p>\n<p style=\"text-align: left\"><strong>&#8211;No lo dudes\u00bb.<\/strong><\/p>\n<p style=\"text-align: center\"><em><strong>ZAGUEROS:<\/strong><\/em><\/p>\n<p style=\"text-align: left\"><a href=\"https:\/\/www.manquepierda.com\/historiarealbetis\/30075-1956-mayo-20-fase-ascenso-tercera-jornada-real-betis-balompie-6-goles-vs-cd-alaves-0\/portu-jose-besteiro-farinas-3\/\" rel=\"attachment wp-att-30079\"><img data-recalc-dims=\"1\" loading=\"lazy\" decoding=\"async\" class=\"aligncenter size-thumbnail wp-image-30079\" alt=\"PORTU-Jos\u00e9 Besteiro Fari\u00f1as\" src=\"https:\/\/i0.wp.com\/www.manquepierda.com\/historiarealbetis\/files\/2013\/05\/PORTU-Jos%C3%A9-Besteiro-Fari%C3%B1as.jpg?resize=125%2C220&#038;ssl=1\" width=\"125\" height=\"220\" srcset=\"https:\/\/i0.wp.com\/www.manquepierda.com\/historiarealbetis\/files\/2013\/05\/PORTU-Jos%C3%A9-Besteiro-Fari%C3%B1as.jpg?resize=125%2C220&amp;ssl=1 125w, https:\/\/i0.wp.com\/www.manquepierda.com\/historiarealbetis\/files\/2013\/05\/PORTU-Jos%C3%A9-Besteiro-Fari%C3%B1as.jpg?resize=342%2C600&amp;ssl=1 342w, https:\/\/i0.wp.com\/www.manquepierda.com\/historiarealbetis\/files\/2013\/05\/PORTU-Jos%C3%A9-Besteiro-Fari%C3%B1as.jpg?resize=399%2C700&amp;ssl=1 399w, https:\/\/i0.wp.com\/www.manquepierda.com\/historiarealbetis\/files\/2013\/05\/PORTU-Jos%C3%A9-Besteiro-Fari%C3%B1as.jpg?resize=285%2C500&amp;ssl=1 285w, https:\/\/i0.wp.com\/www.manquepierda.com\/historiarealbetis\/files\/2013\/05\/PORTU-Jos%C3%A9-Besteiro-Fari%C3%B1as.jpg?w=470&amp;ssl=1 470w\" sizes=\"auto, (max-width: 125px) 100vw, 125px\" \/><\/a><em><strong>2.-Lateral Diestro.-Jos\u00e9 Besteiro Fari\u00f1as (26)-destac\u00f3-\u00abPORTU\u00bb.-LA ESTRADA (Pontevedra), Domingo 23-Marzo-1930.-ALCAL\u00c1 DE GUADAIRA (Sevilla), Jueves 29-Noviembre-2007.-77 A\u00f1os.-D. E. P.<\/strong><\/em><\/p>\n<p style=\"text-align: center\"><em><strong>Temporadas 1952-1953 \u00e1 1957-1958 (Campeonato Nacional Liga Segunda Divisi\u00f3n); 1958-1959 \u00e1 1959-1960, ambas inclusives.<\/strong><\/em><\/p>\n<p style=\"text-align: center\"><a href=\"https:\/\/www.manquepierda.com\/historiarealbetis\/30075-1956-mayo-20-fase-ascenso-tercera-jornada-real-betis-balompie-6-goles-vs-cd-alaves-0\/juliogomezvilarino\/\" rel=\"attachment wp-att-30080\"><img data-recalc-dims=\"1\" loading=\"lazy\" decoding=\"async\" class=\"aligncenter size-full wp-image-30080\" alt=\"JulioG\u00f3mezVilari\u00f1o\" src=\"https:\/\/i0.wp.com\/www.manquepierda.com\/historiarealbetis\/files\/2013\/05\/JulioG%C3%B3mezVilari%C3%B1o.jpg?resize=136%2C200&#038;ssl=1\" width=\"136\" height=\"200\" \/><\/a><em><strong>5-Central.-Julio G\u00f3mez VILARI\u00d1O (25).-FERROL (A Coru\u00f1a), Mi\u00e9rcoles 22-Octubre-1930.-SEVILLA, Lunes 10-Noviembre-2003.-73 A\u00f1os.-D. E. P.<\/strong><\/em><\/p>\n<p style=\"text-align: center\"><em><strong>Temporadas 1954-1955\u00a0 y\u00a0 1955-1956.<\/strong><\/em><\/p>\n<p style=\"text-align: center\"><a href=\"https:\/\/www.manquepierda.com\/historiarealbetis\/30075-1956-mayo-20-fase-ascenso-tercera-jornada-real-betis-balompie-6-goles-vs-cd-alaves-0\/josecabrerabazan-13\/\" rel=\"attachment wp-att-30081\"><img data-recalc-dims=\"1\" loading=\"lazy\" decoding=\"async\" class=\"aligncenter size-thumbnail wp-image-30081\" alt=\"jos\u00e9CABRERAbaz\u00e1n\" src=\"https:\/\/i0.wp.com\/www.manquepierda.com\/historiarealbetis\/files\/2013\/05\/jos%C3%A9CABRERAbaz%C3%A1n.jpg?resize=111%2C220&#038;ssl=1\" width=\"111\" height=\"220\" srcset=\"https:\/\/i0.wp.com\/www.manquepierda.com\/historiarealbetis\/files\/2013\/05\/jos%C3%A9CABRERAbaz%C3%A1n.jpg?resize=111%2C220&amp;ssl=1 111w, https:\/\/i0.wp.com\/www.manquepierda.com\/historiarealbetis\/files\/2013\/05\/jos%C3%A9CABRERAbaz%C3%A1n.jpg?resize=254%2C500&amp;ssl=1 254w, https:\/\/i0.wp.com\/www.manquepierda.com\/historiarealbetis\/files\/2013\/05\/jos%C3%A9CABRERAbaz%C3%A1n.jpg?zoom=3&amp;resize=111%2C220&amp;ssl=1 333w\" sizes=\"auto, (max-width: 111px) 100vw, 111px\" \/><\/a><em><strong>3-Lateral Zurdo.-Jos\u00e9 CABRERA Baz\u00e1n (26).-LA ALGABA (Sevilla), Mi\u00e9rcoles 16-Octubre-1929.-SEVILLA, Viernes 27-Abril-2007.-77 A\u00f1os.-D. E. P.<\/strong><\/em><\/p>\n<p style=\"text-align: center\"><em><strong>Temporadas: 1947-1948 \u00e1 1948-1949; 1954-1955 \u00e1 1956-1957, ambas inclusives.<\/strong><\/em><\/p>\n<p style=\"text-align: center\">VICENTE BRU-\u00abSEVILLA\u00bb-diario de la tarde:<\/p>\n<p style=\"text-align: left\"><strong>\u00ab&#8211;\u00a1Qui\u00e9n me iba a decir que iba a jugar de defensa y en el Betis\u00a1<\/strong><\/p>\n<p style=\"text-align: left\">&#8211;\u00bfHa sido \u00e9sta la primera vez que has actuado en el puesto?<\/p>\n<p style=\"text-align: left\"><em><strong><\/strong><\/em><strong>&#8211;En un partido completo, s\u00ed.\u00a0 Pero sal\u00ed tranquilo,\u00a0 y creo que no me ha salido mal las cosas.<\/strong><\/p>\n<p style=\"text-align: left\">&#8211;Desde luego, hasta has salvado un gol.\u00a0 Adem\u00e1s la afici\u00f3n te ha aplaudido,\u00a0 reconociendo tu labor.<\/p>\n<p style=\"text-align: left\"><strong>&#8211;Hombre;\u00a0 me gustar\u00edas que la afici\u00f3n siempre ha tenido raz\u00f3n,\u00a0 tanto cuando se ha metido conmigo como cuando me aplaude\u00bb.<\/strong><\/p>\n<p style=\"text-align: center\"><em><strong>MEDIOS:<\/strong><\/em><\/p>\n<p style=\"text-align: center\"><a href=\"https:\/\/www.manquepierda.com\/historiarealbetis\/30075-1956-mayo-20-fase-ascenso-tercera-jornada-real-betis-balompie-6-goles-vs-cd-alaves-0\/manuel-lora-gancedo-2\/\" rel=\"attachment wp-att-30082\"><img data-recalc-dims=\"1\" loading=\"lazy\" decoding=\"async\" class=\"aligncenter size-thumbnail wp-image-30082\" alt=\"Manuel LORA Gancedo\" src=\"https:\/\/i0.wp.com\/www.manquepierda.com\/historiarealbetis\/files\/2013\/05\/Manuel-LORA-Gancedo1.jpg?resize=138%2C220&#038;ssl=1\" width=\"138\" height=\"220\" srcset=\"https:\/\/i0.wp.com\/www.manquepierda.com\/historiarealbetis\/files\/2013\/05\/Manuel-LORA-Gancedo1.jpg?resize=138%2C220&amp;ssl=1 138w, https:\/\/i0.wp.com\/www.manquepierda.com\/historiarealbetis\/files\/2013\/05\/Manuel-LORA-Gancedo1.jpg?resize=376%2C600&amp;ssl=1 376w, https:\/\/i0.wp.com\/www.manquepierda.com\/historiarealbetis\/files\/2013\/05\/Manuel-LORA-Gancedo1.jpg?resize=313%2C500&amp;ssl=1 313w, https:\/\/i0.wp.com\/www.manquepierda.com\/historiarealbetis\/files\/2013\/05\/Manuel-LORA-Gancedo1.jpg?w=381&amp;ssl=1 381w\" sizes=\"auto, (max-width: 138px) 100vw, 138px\" \/><\/a><em><strong>4-Diestro.-Manuel LORA Gancedo (24).-SEVILLA, Mi\u00e9rcoles 02-Marzo-1932.-81 A\u00f1os.<\/strong><\/em><\/p>\n<p style=\"text-align: center\"><em><strong>Temporadas: 1955-1956\u00a0 y\u00a0 1956-1957.<\/strong><\/em><\/p>\n<p style=\"text-align: left\"><a href=\"https:\/\/www.manquepierda.com\/historiarealbetis\/30075-1956-mayo-20-fase-ascenso-tercera-jornada-real-betis-balompie-6-goles-vs-cd-alaves-0\/felipe-alberto-luis-2\/\" rel=\"attachment wp-att-30083\"><img data-recalc-dims=\"1\" loading=\"lazy\" decoding=\"async\" class=\"aligncenter size-thumbnail wp-image-30083\" alt=\"FELIPE Alberto Lu\u00eds\" src=\"https:\/\/i0.wp.com\/www.manquepierda.com\/historiarealbetis\/files\/2013\/05\/FELIPE-Alberto-Lu%C3%ADs1.jpg?resize=140%2C220&#038;ssl=1\" width=\"140\" height=\"220\" srcset=\"https:\/\/i0.wp.com\/www.manquepierda.com\/historiarealbetis\/files\/2013\/05\/FELIPE-Alberto-Lu%C3%ADs1.jpg?resize=140%2C220&amp;ssl=1 140w, https:\/\/i0.wp.com\/www.manquepierda.com\/historiarealbetis\/files\/2013\/05\/FELIPE-Alberto-Lu%C3%ADs1.jpg?resize=318%2C500&amp;ssl=1 318w, https:\/\/i0.wp.com\/www.manquepierda.com\/historiarealbetis\/files\/2013\/05\/FELIPE-Alberto-Lu%C3%ADs1.jpg?w=373&amp;ssl=1 373w\" sizes=\"auto, (max-width: 140px) 100vw, 140px\" \/><\/a><em><strong>6-Zurdo.-FELIPE Alberto Lu\u00eds (19).-SANTA CRUZ DE SANTIAGO (Tenerife), Domingo 13-Diciembre-1936.-TENERIFE, Lunes 27-Febrero-1989.-52 A\u00f1os.-D. E. P.<\/strong><\/em><\/p>\n<p style=\"text-align: center\"><em><strong>Temporadas 1955-1956\u00a0 y\u00a0 1956-1957.<\/strong><\/em><\/p>\n<p style=\"text-align: center\"><em><strong>DELANTEROS:<\/strong><\/em><\/p>\n<p style=\"text-align: center\"><a href=\"https:\/\/www.manquepierda.com\/historiarealbetis\/30075-1956-mayo-20-fase-ascenso-tercera-jornada-real-betis-balompie-6-goles-vs-cd-alaves-0\/cela-6\/\" rel=\"attachment wp-att-30084\"><img data-recalc-dims=\"1\" loading=\"lazy\" decoding=\"async\" class=\"aligncenter size-full wp-image-30084\" alt=\"CELA\" src=\"https:\/\/i0.wp.com\/www.manquepierda.com\/historiarealbetis\/files\/2013\/05\/CELA.jpg?resize=99%2C125&#038;ssl=1\" width=\"99\" height=\"125\" \/><\/a><em><strong>7-Extremo Diestro.-Carlos Santiago De CELA Pereira (19)-Destac\u00f3.-VIGO-Bouzas (Pontevedra), Jueves 05-Noviembre-1936.-76 A\u00f1os.<\/strong><\/em><\/p>\n<p style=\"text-align: center\"><em><strong>Temporadas 1955-1956\u00a0 y\u00a0 1956-1957.<\/strong><\/em><\/p>\n<p style=\"text-align: center\">VICENTE BRU-\u00abSEVILLA\u00bb-diario de la tarde:<\/p>\n<p style=\"text-align: left\">\u00ab&#8211;\u00bfHa sido \u00e9ste tu mejor partido de los jugados con el Betis?<\/p>\n<p style=\"text-align: left\"><strong>&#8211;Sin duda,\u00a0 ya ten\u00eda ganas de que me salieran las cosas bien.<\/strong><\/p>\n<p style=\"text-align: left\">&#8211;\u00bfDe los tres goles que has marcado, \u00bfcu\u00e1l fue el m\u00e1s dif\u00edcil?<\/p>\n<p style=\"text-align: left\"><strong>&#8211;El que tuve que sortear al portero,\u00a0 ya que Arbulu sali\u00f3 muy bien.<\/strong><\/p>\n<p style=\"text-align: left\">&#8211;\u00bfDefensa m\u00e1s dif\u00edcil de burlar?<\/p>\n<p style=\"text-align: left\"><strong>&#8211;Los tres son muy buenos\u00bb.<\/strong><\/p>\n<p style=\"text-align: center\"><a href=\"https:\/\/www.manquepierda.com\/historiarealbetis\/30075-1956-mayo-20-fase-ascenso-tercera-jornada-real-betis-balompie-6-goles-vs-cd-alaves-0\/tomas-guerrero-fernandez-2\/\" rel=\"attachment wp-att-30085\"><img data-recalc-dims=\"1\" loading=\"lazy\" decoding=\"async\" class=\"aligncenter size-thumbnail wp-image-30085\" alt=\"Tom\u00e1s GUERRERO Fern\u00e1ndez\" src=\"https:\/\/i0.wp.com\/www.manquepierda.com\/historiarealbetis\/files\/2013\/05\/Tom%C3%A1s-GUERRERO-Fern%C3%A1ndez.jpg?resize=126%2C220&#038;ssl=1\" width=\"126\" height=\"220\" srcset=\"https:\/\/i0.wp.com\/www.manquepierda.com\/historiarealbetis\/files\/2013\/05\/Tom%C3%A1s-GUERRERO-Fern%C3%A1ndez.jpg?resize=126%2C220&amp;ssl=1 126w, https:\/\/i0.wp.com\/www.manquepierda.com\/historiarealbetis\/files\/2013\/05\/Tom%C3%A1s-GUERRERO-Fern%C3%A1ndez.jpg?resize=345%2C600&amp;ssl=1 345w, https:\/\/i0.wp.com\/www.manquepierda.com\/historiarealbetis\/files\/2013\/05\/Tom%C3%A1s-GUERRERO-Fern%C3%A1ndez.jpg?resize=288%2C500&amp;ssl=1 288w, https:\/\/i0.wp.com\/www.manquepierda.com\/historiarealbetis\/files\/2013\/05\/Tom%C3%A1s-GUERRERO-Fern%C3%A1ndez.jpg?w=355&amp;ssl=1 355w\" sizes=\"auto, (max-width: 126px) 100vw, 126px\" \/><\/a><em><strong>8-Interior Diestro.-Tom\u00e1s GUERRERO Fern\u00e1ndez (26).-SEVILLA, Viernes 26-Julio-1929.-MADRID, Lunes 10-Febrero-1997.-67 A\u00f1os.-D. E. P.<\/strong><\/em><\/p>\n<p style=\"text-align: center\"><em><strong>Temporadas 1954-1955\u00a0 y\u00a0 1955-1956.<\/strong><\/em><\/p>\n<p style=\"text-align: center\"><em><strong>9-ARIETE.-Jos\u00e9 Garc\u00eda Garc\u00eda (23) \u00abBOTELLA\u00bb.-GRANADA, Martes 04-Octubre-1932.-80 A\u00f1os.<\/strong><\/em><\/p>\n<p style=\"text-align: center\"><em><strong>Temporada 1955-1956.<\/strong><\/em><\/p>\n<p style=\"text-align: center\"><em><strong>10-Interior Zurdo.-Eduardo SOBRADO V\u00e1zquez (30)-Destac\u00f3.-MADRID, Martes 20-Abril-1926.-SEVILLA, Viernes 01-Junio-2001.-75 A\u00f1os.-D. E. P.<\/strong><\/em><\/p>\n<p style=\"text-align: center\"><em><strong>Temporadas: 1955-1956 \u00e1 1957-1958 (Campeonato Nacional Liga Segunda Divisi\u00f3n), ambas inclusive.<\/strong><\/em><\/p>\n<p style=\"text-align: center\">BORBUJO-\u00abHOJA DEL LUNES\u00bb:<\/p>\n<p style=\"text-align: left\"><strong>&#8211;Partido competido,\u00a0 y un mal rato para m\u00ed cuando malogr\u00e9 el penalti con el marcador a cero.\u00a0 Al afinar la punter\u00eda,\u00a0 el bal\u00f3n hizo un extra\u00f1o y sali\u00f3 mal.<\/strong><\/p>\n<p style=\"text-align: left\">&#8211;\u00a1No tuvo impotancia\u00a1\u00a0 Luego corregiste el involuntario error con creces&#8230;\u00a1<\/p>\n<p style=\"text-align: left\">\u00bfVerdad lector&#8230;?\u00bb.<\/p>\n<p style=\"text-align: center\"><a href=\"https:\/\/www.manquepierda.com\/historiarealbetis\/30075-1956-mayo-20-fase-ascenso-tercera-jornada-real-betis-balompie-6-goles-vs-cd-alaves-0\/luis-del-sol-cascajares\/\" rel=\"attachment wp-att-30089\"><img data-recalc-dims=\"1\" loading=\"lazy\" decoding=\"async\" class=\"aligncenter size-thumbnail wp-image-30089\" alt=\"Lu\u00eds DEL SOL Cascajares\" src=\"https:\/\/i0.wp.com\/www.manquepierda.com\/historiarealbetis\/files\/2013\/05\/Lu%C3%ADs-DEL-SOL-Cascajares.jpg?resize=125%2C220&#038;ssl=1\" width=\"125\" height=\"220\" srcset=\"https:\/\/i0.wp.com\/www.manquepierda.com\/historiarealbetis\/files\/2013\/05\/Lu%C3%ADs-DEL-SOL-Cascajares.jpg?resize=125%2C220&amp;ssl=1 125w, https:\/\/i0.wp.com\/www.manquepierda.com\/historiarealbetis\/files\/2013\/05\/Lu%C3%ADs-DEL-SOL-Cascajares.jpg?resize=341%2C600&amp;ssl=1 341w, https:\/\/i0.wp.com\/www.manquepierda.com\/historiarealbetis\/files\/2013\/05\/Lu%C3%ADs-DEL-SOL-Cascajares.jpg?resize=398%2C700&amp;ssl=1 398w, https:\/\/i0.wp.com\/www.manquepierda.com\/historiarealbetis\/files\/2013\/05\/Lu%C3%ADs-DEL-SOL-Cascajares.jpg?resize=284%2C500&amp;ssl=1 284w, https:\/\/i0.wp.com\/www.manquepierda.com\/historiarealbetis\/files\/2013\/05\/Lu%C3%ADs-DEL-SOL-Cascajares.jpg?w=456&amp;ssl=1 456w\" sizes=\"auto, (max-width: 125px) 100vw, 125px\" \/><\/a><em><strong>11-Extremo Zurdo.-Lu\u00eds DEL SOL Cascajares (21)-Destac\u00f3.-ARCOS DEL JAL\u00d3N (Soria), S\u00e1bado 06-Abril-1935.-78 A\u00f1os.-Leyenda Ilustre Verdiblanca Viva.<\/strong><\/em><a href=\"https:\/\/www.manquepierda.com\/historiarealbetis\/30075-1956-mayo-20-fase-ascenso-tercera-jornada-real-betis-balompie-6-goles-vs-cd-alaves-0\/luisdelsol\/\" rel=\"attachment wp-att-30090\"><img data-recalc-dims=\"1\" loading=\"lazy\" decoding=\"async\" class=\"aligncenter size-full wp-image-30090\" alt=\"luisdelsol\" src=\"https:\/\/i0.wp.com\/www.manquepierda.com\/historiarealbetis\/files\/2013\/05\/luisdelsol.jpg?resize=576%2C250&#038;ssl=1\" width=\"576\" height=\"250\" srcset=\"https:\/\/i0.wp.com\/www.manquepierda.com\/historiarealbetis\/files\/2013\/05\/luisdelsol.jpg?w=576&amp;ssl=1 576w, https:\/\/i0.wp.com\/www.manquepierda.com\/historiarealbetis\/files\/2013\/05\/luisdelsol.jpg?resize=220%2C95&amp;ssl=1 220w, https:\/\/i0.wp.com\/www.manquepierda.com\/historiarealbetis\/files\/2013\/05\/luisdelsol.jpg?resize=500%2C217&amp;ssl=1 500w\" sizes=\"auto, (max-width: 576px) 100vw, 576px\" \/><\/a><em><strong>Temporadas: 1954-1955 \u00e1 1957-1958 (Campeonato Nacional Liga Segunda Divisi\u00f3n; 1958-1959 \u00e1 1959-1960, ambas inclusives;\u00a0 y\u00a0 1972-1973.<\/strong><\/em><\/p>\n<p style=\"text-align: left\"><em><strong><a href=\"https:\/\/www.manquepierda.com\/historiarealbetis\/30075-1956-mayo-20-fase-ascenso-tercera-jornada-real-betis-balompie-6-goles-vs-cd-alaves-0\/josevaleranocera-entrenador-4\/\" rel=\"attachment wp-att-30094\"><img data-recalc-dims=\"1\" loading=\"lazy\" decoding=\"async\" class=\"aligncenter size-thumbnail wp-image-30094\" alt=\"Jos\u00e9ValeraNocera-Entrenador\" src=\"https:\/\/i0.wp.com\/www.manquepierda.com\/historiarealbetis\/files\/2013\/05\/Jos%C3%A9ValeraNocera-Entrenador-220x208.jpg?resize=220%2C208&#038;ssl=1\" width=\"220\" height=\"208\" srcset=\"https:\/\/i0.wp.com\/www.manquepierda.com\/historiarealbetis\/files\/2013\/05\/Jos%C3%A9ValeraNocera-Entrenador.jpg?resize=220%2C208&amp;ssl=1 220w, https:\/\/i0.wp.com\/www.manquepierda.com\/historiarealbetis\/files\/2013\/05\/Jos%C3%A9ValeraNocera-Entrenador.jpg?resize=632%2C600&amp;ssl=1 632w, https:\/\/i0.wp.com\/www.manquepierda.com\/historiarealbetis\/files\/2013\/05\/Jos%C3%A9ValeraNocera-Entrenador.jpg?resize=737%2C700&amp;ssl=1 737w, https:\/\/i0.wp.com\/www.manquepierda.com\/historiarealbetis\/files\/2013\/05\/Jos%C3%A9ValeraNocera-Entrenador.jpg?resize=500%2C474&amp;ssl=1 500w, https:\/\/i0.wp.com\/www.manquepierda.com\/historiarealbetis\/files\/2013\/05\/Jos%C3%A9ValeraNocera-Entrenador.jpg?w=940&amp;ssl=1 940w\" sizes=\"auto, (max-width: 220px) 100vw, 220px\" \/><\/a>ENTRENADOR REAL BETIS BALOMPI\u00c9 1955-1956: JOS\u00c9 VALERA NOCERA (40 A\u00f1os).-SEVILLA, Viernes 26-Mayo-1916.-JEREZ DE LA FRONTERA (C\u00e1diz), S\u00e1bado 13-Mayo-2006.-90 a\u00f1os.<\/strong><\/em><\/p>\n<p style=\"text-align: center\"><em><strong>PEPE VALERA.-Temporadas: 1955-1956+1956-1957+1967-1968 (C\u00e9sar Rodr\u00edguez \u00c1lvarez.-VALERA.-Sabino Barinaga Alberdi).<\/strong><\/em><\/p>\n<p style=\"text-align: center\"><strong>BORBUJO-\u00abHOJA DEL LUNES\u00bb:<\/strong><\/p>\n<p style=\"text-align: left\"><em><strong>\u00ab&#8211;Puedes figurarte que estoy contento.\u00a0 Hoy han respondido admirablemente todas las l\u00edneas,\u00a0 y el partido sali\u00f3 redondo.\u00a0 Por velocidad,\u00a0 empuje y compenetraci\u00f3n,\u00a0 fu\u00edmos superiores,\u00a0 y el resultado no ha podido ser m\u00e1s justo.<\/strong><\/em><\/p>\n<p style=\"text-align: left\"><strong>&#8211;\u00bfNo le di\u00f3 facilidades el Deportivo Alav\u00e9s?<\/strong><\/p>\n<p style=\"text-align: left\"><em><strong>&#8211;No.\u00a0 Batall\u00f3 mucho en todo momento.\u00a0 El defecto m\u00e1s visible de ellos fue su lentitud,\u00a0 pero,\u00a0 repito,\u00a0 que no cejaron en el empe\u00f1o.<\/strong><\/em><\/p>\n<p style=\"text-align: left\"><strong>&#8211;\u00bfQu\u00e9 le ha parecido la actuaci\u00f3n de Zariquiegui?<\/strong><\/p>\n<p style=\"text-align: left\"><em><strong>&#8211;\u00a1Inmejorable\u00a1<\/strong><\/em><\/p>\n<p style=\"text-align: left\"><strong>&#8211;\u00bfSe llegar\u00e1 a Primera Divisi\u00f3n?<\/strong><\/p>\n<p style=\"text-align: left\"><em><strong>&#8211;Acabamos de dar un paso muy importante.\u00a0 Puedes apreciar el coeficiente y deducir\u00e1s\u00bb.<\/strong><\/em><\/p>\n<p style=\"text-align: center\"><strong><\/strong><em><strong><\/strong><\/em><strong>VICENTE BRU-\u00abSEVILLA-diario de la tarde\u00bb-\u00abEntre bastidores\u00bb:<\/strong><\/p>\n<p style=\"text-align: left\"><strong>\u00abLa caseta local presentaba el aspecto de los grandes acontecimientos.\u00a0 El Excmo. se\u00f1or Capit\u00e1n General felicitaba a Valera y numerosos directivos y aficionados,\u00a0 deseosos de felicitar a sus jugadores,\u00a0 hac\u00edan casi imposible dar un paso por ella.<\/strong><\/p>\n<p style=\"text-align: center\"><strong>Tras unos momentos de espera logramos aislar a Pepe Valera para que nos diera su impresi\u00f3n sobre el partido.<\/strong><\/p>\n<p style=\"text-align: left\"><strong>&#8211;\u00bfSatisfecho por el desarrollo del encuentro?<\/strong><\/p>\n<p style=\"text-align: left\"><em><strong>&#8211;Claro.\u00a0 El Betis demostr\u00f3 hoy lo que puede.\u00a0 Ha demostrado que tiene tanta fuerza,\u00a0 juego y velocidad como el que m\u00e1s.\u00a0 Hoy nos han salido las cosas bien,\u00a0 aunque en la primera parte hemos tenido mala suerte.\u00a0 Frente al Oviedo tambi\u00e9n se jug\u00f3 muy bien;\u00a0 sin embargo la fortuna no nos acompa\u00f1\u00f3,\u00a0 y cuando por juego merec\u00edamos estar en cabeza,\u00a0 estamos con un negativo,\u00a0 que de seguir jugando el equipo como hasta ahora puede convertirse en alg\u00fan positivo.<\/strong><\/em><\/p>\n<p style=\"text-align: left\"><strong>&#8211;\u00bfQu\u00e9 te ha parecido el Alav\u00e9s?<\/strong><\/p>\n<p style=\"text-align: left\"><em><strong>&#8211;Un equipo muy noble y deportista,\u00a0 salieron con un cerrojo bien definido,\u00a0 pero cuando le marcamos el segundo gol,\u00a0 y al tener que abrir sus l\u00edneas,\u00a0 no pudieron con nosotros.\u00a0 Sin embargo,\u00a0 nunca se ha entregado y lucharon siempre con limpieza y deportividad.<\/strong><\/em><\/p>\n<p style=\"text-align: left\"><strong>&#8211;Pues Echezarreta me ha dicho que te felicitara en su nombre,\u00a0 por el buen juego y la preparaci\u00f3n del equipo.<\/strong><\/p>\n<p style=\"text-align: left\"><em><strong>&#8211;A m\u00ed me gustar\u00eda felicitarle por la correcci\u00f3n de que tanto \u00e9l,\u00a0 como sus jugadores han hecho gala durante el partido.<\/strong><\/em><\/p>\n<p style=\"text-align: left\"><strong>&#8211;\u00bfIndividualmente a qui\u00e9n destacar\u00edas de ellos?<\/strong><\/p>\n<p style=\"text-align: left\"><em><strong>&#8211;A la tripleta central y a Erezuma.<\/strong><\/em><\/p>\n<p style=\"text-align: left\"><strong>&#8211;\u00bfDel \u00e1rbitro?<\/strong><\/p>\n<p style=\"text-align: left\"><em><strong>&#8211;Ha estado muy bien.\u00a0 Yo me apuntar\u00eda siempre a un arbitraje como el de hoy.\u00a0 Objetivo e imparcial\u00bb.<\/strong><\/em><\/p>\n<p style=\"text-align: center\"><em><strong>XXXIX PRESIDENTE REAL BETIS BALOMPI\u00c9 1955-1956:<\/strong><\/em><\/p>\n<p style=\"text-align: center\"><a href=\"https:\/\/www.manquepierda.com\/historiarealbetis\/30075-1956-mayo-20-fase-ascenso-tercera-jornada-real-betis-balompie-6-goles-vs-cd-alaves-0\/benito-villamarin-prieto-6\/\" rel=\"attachment wp-att-30106\"><img data-recalc-dims=\"1\" loading=\"lazy\" decoding=\"async\" class=\"aligncenter size-medium wp-image-30106\" alt=\"Benito Villamar\u00edn Prieto\" src=\"https:\/\/i0.wp.com\/www.manquepierda.com\/historiarealbetis\/files\/2013\/05\/Benito-Villamar%C3%ADn-Prieto.jpg?resize=504%2C600&#038;ssl=1\" width=\"504\" height=\"600\" srcset=\"https:\/\/i0.wp.com\/www.manquepierda.com\/historiarealbetis\/files\/2013\/05\/Benito-Villamar%C3%ADn-Prieto.jpg?resize=504%2C600&amp;ssl=1 504w, https:\/\/i0.wp.com\/www.manquepierda.com\/historiarealbetis\/files\/2013\/05\/Benito-Villamar%C3%ADn-Prieto.jpg?resize=184%2C220&amp;ssl=1 184w, https:\/\/i0.wp.com\/www.manquepierda.com\/historiarealbetis\/files\/2013\/05\/Benito-Villamar%C3%ADn-Prieto.jpg?resize=588%2C700&amp;ssl=1 588w, https:\/\/i0.wp.com\/www.manquepierda.com\/historiarealbetis\/files\/2013\/05\/Benito-Villamar%C3%ADn-Prieto.jpg?resize=420%2C500&amp;ssl=1 420w, https:\/\/i0.wp.com\/www.manquepierda.com\/historiarealbetis\/files\/2013\/05\/Benito-Villamar%C3%ADn-Prieto.jpg?w=672&amp;ssl=1 672w\" sizes=\"auto, (max-width: 504px) 100vw, 504px\" \/><\/a><\/p>\n<p style=\"text-align: center\"><a href=\"https:\/\/www.manquepierda.com\/historiarealbetis\/29693-1957-mayo-05-segunda-division-grupo-ii-real-betis-balompie-3-vs-club-atletico-ceuta-0\/villamarin-exportadoraceitunas-3\/\" rel=\"attachment wp-att-29717\"><img data-recalc-dims=\"1\" loading=\"lazy\" decoding=\"async\" class=\"aligncenter size-thumbnail wp-image-29717\" alt=\"Villamar\u00edn-exportadorAceitunas\" src=\"https:\/\/i0.wp.com\/www.manquepierda.com\/historiarealbetis\/files\/2013\/05\/Villamar%C3%ADn-exportadorAceitunas-220x165.jpg?resize=220%2C165&#038;ssl=1\" width=\"220\" height=\"165\" srcset=\"https:\/\/i0.wp.com\/www.manquepierda.com\/historiarealbetis\/files\/2013\/05\/Villamar%C3%ADn-exportadorAceitunas.jpg?resize=220%2C165&amp;ssl=1 220w, https:\/\/i0.wp.com\/www.manquepierda.com\/historiarealbetis\/files\/2013\/05\/Villamar%C3%ADn-exportadorAceitunas.jpg?resize=680%2C511&amp;ssl=1 680w, https:\/\/i0.wp.com\/www.manquepierda.com\/historiarealbetis\/files\/2013\/05\/Villamar%C3%ADn-exportadorAceitunas.jpg?resize=500%2C376&amp;ssl=1 500w, https:\/\/i0.wp.com\/www.manquepierda.com\/historiarealbetis\/files\/2013\/05\/Villamar%C3%ADn-exportadorAceitunas.jpg?w=720&amp;ssl=1 720w\" sizes=\"auto, (max-width: 220px) 100vw, 220px\" \/><\/a><em><strong>DON BENITO VILLAMAR\u00cdN PRIETO (37 A\u00f1os).-INDUSTRIAL.-PUGA-To\u00e9n (Ourense), Mi\u00e9rcoles 21-Agosto-1918.-SEVILLA-\u00abCiudad del Betis\u00bb-Lunes 15-Agosto-1966.-48 A\u00f1os.-D. E. P.<\/strong><\/em><\/p>\n<p style=\"text-align: center\"><em><strong>Primer Presidente Perpetuo y \u00fanico elegido democr\u00e1ticamente por la Afici\u00f3n Verdiblanca.<\/strong><\/em><\/p>\n<p style=\"text-align: left\"><em><strong>Gestion\u00f3 al Club Helipolitano:\u00a0 Temporadas 1955-1956 \u00e1 1957-1958 (Campe\u00f3n Nacional Liga Segunda Divisi\u00f3n); 1958-1959 \u00e1 1964-1965, ambas inclusives; 1965-1966 dimiti\u00f3 a trav\u00e9s de una carta fechada el martes 07-Diciembre-1965 despidi\u00e9ndose de sus compa\u00f1eros directivos y a trav\u00e9s de ellos de la Afici\u00f3n B\u00e9tico con motivo de su grave enfermedad de c\u00e1ncer que le caus\u00f3 la muerte unos ocho meses m\u00e1s tarde e impidi\u00e9ndole finiquitar sus deseos de afianzar al Real Betis Balompi\u00e9 en la \u00e9lite nacional que seguramente hubiera conseguido gracias a su inigualable labor y gesti\u00f3n presidencial.<\/strong><\/em><\/p>\n<p style=\"text-align: center\"><strong>Vs.<\/strong><\/p>\n<p style=\"text-align: center\"><a href=\"https:\/\/www.manquepierda.com\/historiarealbetis\/30075-1956-mayo-20-fase-ascenso-tercera-jornada-real-betis-balompie-6-goles-vs-cd-alaves-0\/cd-alaves\/\" rel=\"attachment wp-att-30107\"><img data-recalc-dims=\"1\" loading=\"lazy\" decoding=\"async\" class=\"aligncenter size-full wp-image-30107\" alt=\"CD Alav\u00e9s\" src=\"https:\/\/i0.wp.com\/www.manquepierda.com\/historiarealbetis\/files\/2013\/05\/CD-Alav%C3%A9s.jpeg?resize=267%2C189&#038;ssl=1\" width=\"267\" height=\"189\" \/><\/a><\/p>\n<p style=\"text-align: center\"><strong>6\u00ba Clasificado.-El\u00e1stica azul y calz\u00f3n azul m\u00e1s oscuro.-CLUB DEPORTIVO ALAV\u00c9S-0 Tantos.<\/strong><\/p>\n<p style=\"text-align: left\"><strong>Tom\u00e1s ARBULU Arana (Portero).-Juan GOROSPE Bernaola-Jos\u00e9 Mar\u00eda EREZUMA Garachena-Jos\u00e9 EGUSKIZA Z\u00e1rraga (Defensas).-KAIKU (Jos\u00e9 Antonio Guisasola Yarz\u00e1)-Miguel Antonio IBARRA Garechana (Medios).-Emilio ARBAIZAR Oregui-Vicente ECHEAND\u00cdA Arregui-Jos\u00e9 Antonio UCELAY Urrengoechea-Miguel ECHANIZ Ulacia-Alfredo CONTRASTA Murua (Delanteros).<\/strong><\/p>\n<p style=\"text-align: left\"><a href=\"https:\/\/www.manquepierda.com\/historiarealbetis\/30075-1956-mayo-20-fase-ascenso-tercera-jornada-real-betis-balompie-6-goles-vs-cd-alaves-0\/echezarreta\/\" rel=\"attachment wp-att-30108\"><img data-recalc-dims=\"1\" loading=\"lazy\" decoding=\"async\" class=\"alignleft size-full wp-image-30108\" alt=\"Echezarreta\" src=\"https:\/\/i0.wp.com\/www.manquepierda.com\/historiarealbetis\/files\/2013\/05\/Echezarreta.jpg?resize=66%2C100&#038;ssl=1\" width=\"66\" height=\"100\" \/><\/a><strong>Entrenador Club Deportivo Alav\u00e9s 1953-1956,\u00a0 Manuel ECHEZARRETA Tellechea.<\/strong><\/p>\n<p style=\"text-align: center\">BORBUJO-\u00abHOJA DEL LUNES\u00bb:<\/p>\n<p style=\"text-align: left\"><strong>&#8211;El Betis se creci\u00f3 a ra\u00edz del gol que marc\u00f3 nuestro defensa Eguskiza en propio marco.\u00a0 Y como consecuencias,\u00a0 el Alav\u00e9s se desmoraliz\u00f3,\u00a0 desatendiendo las \u00f3rdenes recibidas.<\/strong><\/p>\n<p style=\"text-align: left\">&#8211;\u00bfQu\u00e9 eran&#8230;?<\/p>\n<p style=\"text-align: left\"><strong>&#8211;Mantener un sistema defensivo, cuyo punto de apoyo era neutralizar a Sobrado.<\/strong><\/p>\n<p style=\"text-align: left\">&#8211;\u00bfNo influy\u00f3 tambi\u00e9n la lentitud del equipo&#8230;?<\/p>\n<p style=\"text-align: left\"><strong>&#8211;En cierto modo.\u00a0 Pero nuestra clave estaba en la de aguantar la impetuosidad local,\u00a0 rest\u00e1ndole posibilidades al hombre que consider\u00e1bamos m\u00e1s peligroso: Sobrado.<\/strong><\/p>\n<p style=\"text-align: left\">&#8211;\u00bfLe parece juesto,\u00a0 pues,\u00a0 el resultado?<\/p>\n<p style=\"text-align: left\"><strong>&#8211;No.\u00a0 Debimos marcar tres goles.<\/strong><\/p>\n<p style=\"text-align: left\">&#8211;Del Betis,\u00a0 \u00bfqu\u00e9 le ha gustado m\u00e1s?<\/p>\n<p style=\"text-align: left\"><strong>&#8211;Sobrado,\u00a0 como elemento principal.\u00a0 Del Sol,\u00a0 en el juego individualista,\u00a0 y la seguridad en el blocaje y certera visi\u00f3n del meta Am\u00e9rico\u00bb.<\/strong><\/p>\n<p style=\"text-align: center\">Antes de abandonar la \u00abcaseta\u00bb alavesista EGUSKIZA confes\u00f3:<\/p>\n<p style=\"text-align: left\"><strong>&#8211;La verdad,\u00a0 soy el responsable de la derrota:\u00a0 mi fallo en la entrega y el gol que le regal\u00e9 al Betis,\u00a0 ampliando una ventaja que le permiti\u00f3 jugar con mayor tranquilidad.\u00a0 Vino a ser el factor esencial\u00bb.<\/strong><\/p>\n<p style=\"text-align: center\">VICENTE BRU-\u00abSEVILLA\u00bb-diario de la tarde:<\/p>\n<p style=\"text-align: left\"><strong>&#8211;El partido ha sido muy correcto y se ha jugado a gran tren,\u00a0 El segundo tanto,\u00a0 inesperado,\u00a0 nos hundi\u00f3 y destroz\u00f3 el sistema.\u00a0 El Betis en la segunda parte al jugar m\u00e1s suelto hizo un gran partido y gan\u00f3 merecidamente.<\/strong><\/p>\n<p style=\"text-align: left\">&#8211;Entonces \u00bfEl resultado?<\/p>\n<p style=\"text-align: left\"><strong>&#8211;Un poco abultado.<\/strong><\/p>\n<p style=\"text-align: left\">&#8211;\u00bfQu\u00e9 le ha parecido el Betis?<\/p>\n<p style=\"text-align: left\"><strong>&#8211;Ha jugado muy bien;\u00a0 est\u00e1n muy r\u00e1pidos y les he visto admirablemente preparados.\u00a0 Felicite en mi nombre al se\u00f1or Valera.<\/strong><\/p>\n<p style=\"text-align: left\">&#8211;\u00bfIndividualmente?<\/p>\n<p style=\"text-align: left\"><strong>&#8211;Del Sol y Sobrado,\u00a0 que han hecho que la delantera haya sido la mejor l\u00ednea;\u00a0 sobre todo el extremo.\u00a0 Si juega siempre as\u00ed puede llegar muy lejos.<\/strong><\/p>\n<p style=\"text-align: left\">&#8211;\u00bfEl arbitraje?<\/p>\n<p style=\"text-align: left\"><strong>&#8211;Imparcial\u00bb.<\/strong><\/p>\n<p style=\"text-align: center\">Despu\u00e9s ARBULU,\u00a0 que hoy ha tenido jornada intensiva,\u00a0 sobre todo sacando balones de la red:<\/p>\n<p style=\"text-align: left\">&#8211;\u00bfQu\u00e9 delantero le result\u00f3 m\u00e1s peligroso?<\/p>\n<p style=\"text-align: left\"><strong>&#8211;Todos juegan bien,\u00a0 aunque me parece que un par de goles han tenido bastante suerte.\u00a0 El m\u00e1s peligroso me ha parecido Sobrado,\u00a0 aunque en la primera parte ha estado desacertado tirando.<\/strong><\/p>\n<p style=\"text-align: left\">&#8211;\u00bfPudo haber evitado alg\u00fan tanto?<\/p>\n<p style=\"text-align: left\"><strong>&#8211;El segundo creo que s\u00ed lo pude haber parado y creo que de no haber entrado \u00e9ste,\u00a0 pese a la gran clase del Betis,\u00a0 pudimos haber sacado algo positivo\u00bb.<\/strong><\/p>\n<p style=\"text-align: center\">Y,\u00a0 por \u00faltimo,\u00a0 UCELAY,\u00a0 que ha sido el delantero m\u00e1s trabajador:<\/p>\n<p style=\"text-align: left\">&#8211;\u00bfEsperaba una derrota tan abultada?<\/p>\n<p style=\"text-align: left\"><strong>&#8211;Ni mucho menos.\u00a0 Ninguno pens\u00e1bamos que el Betis tuviera tan buen equipo.\u00a0 La delantera,\u00a0 el defensa derecho,\u00a0 y sobre todos el portero,\u00a0 al que no ve\u00eda la manera de meterle un gol;\u00a0 me han parecido extraordinarios.\u00a0 Ahora,\u00a0 que el tanteo me parece un poco abultado.<\/strong><\/p>\n<p style=\"text-align: left\">&#8211;\u00bfEl mejor equipo que ha visto hasta ahora en la liguilla?<\/p>\n<p style=\"text-align: left\"><strong>&#8211;El Real Betis Balompi\u00e9,\u00a0 sin duda ninguna\u00bb.\u00a0\u00a0\u00a0\u00a0\u00a0\u00a0\u00a0\u00a0\u00a0 <\/strong><\/p>\n<p style=\"text-align: center\"><a href=\"https:\/\/www.manquepierda.com\/historiarealbetis\/30075-1956-mayo-20-fase-ascenso-tercera-jornada-real-betis-balompie-6-goles-vs-cd-alaves-0\/luis_molina-2\/\" rel=\"attachment wp-att-30109\"><img data-recalc-dims=\"1\" loading=\"lazy\" decoding=\"async\" class=\"aligncenter size-full wp-image-30109\" alt=\"Luis_Molina\" src=\"https:\/\/i0.wp.com\/www.manquepierda.com\/historiarealbetis\/files\/2013\/05\/Luis_Molina.jpg?resize=70%2C104&#038;ssl=1\" width=\"70\" height=\"104\" \/><\/a>1955-1956 Presidente CD Alav\u00e9s, don Lu\u00eds Molina.<\/p>\n<p style=\"text-align: center\"><a href=\"https:\/\/www.manquepierda.com\/historiarealbetis\/30075-1956-mayo-20-fase-ascenso-tercera-jornada-real-betis-balompie-6-goles-vs-cd-alaves-0\/clasificacion-4\/\" rel=\"attachment wp-att-30110\"><img data-recalc-dims=\"1\" loading=\"lazy\" decoding=\"async\" class=\"aligncenter size-full wp-image-30110\" alt=\"Clasificaci\u00f3n\" src=\"https:\/\/i0.wp.com\/www.manquepierda.com\/historiarealbetis\/files\/2013\/05\/Clasificaci%C3%B3n.jpg?resize=754%2C377&#038;ssl=1\" width=\"754\" height=\"377\" srcset=\"https:\/\/i0.wp.com\/www.manquepierda.com\/historiarealbetis\/files\/2013\/05\/Clasificaci%C3%B3n.jpg?w=754&amp;ssl=1 754w, https:\/\/i0.wp.com\/www.manquepierda.com\/historiarealbetis\/files\/2013\/05\/Clasificaci%C3%B3n.jpg?resize=220%2C110&amp;ssl=1 220w, https:\/\/i0.wp.com\/www.manquepierda.com\/historiarealbetis\/files\/2013\/05\/Clasificaci%C3%B3n.jpg?resize=680%2C340&amp;ssl=1 680w, https:\/\/i0.wp.com\/www.manquepierda.com\/historiarealbetis\/files\/2013\/05\/Clasificaci%C3%B3n.jpg?resize=500%2C250&amp;ssl=1 500w\" sizes=\"auto, (max-width: 754px) 100vw, 754px\" \/><\/a><\/p>\n<p style=\"text-align: left\">Fuentes:<\/p>\n<p style=\"text-align: left\">ABC-SE-19560522-Titulares: <strong>\u00abEspl\u00e9ndida victoria del Real Betis Balompi\u00e9 sobre el Alav\u00e9s\u00bb(ELIDO).-Foto Serrano.-Clasificaci\u00f3n-Liguilla de Ascenso a Primera Divisi\u00f3n.<\/strong><\/p>\n<p style=\"text-align: left\">EL CORREO DE ANDALUC\u00cdA-19560522-Titulares:\u00a0 <strong>\u00abMagn\u00edfico triunfo del Real Betis en un partido planteado y resuelto con gran sentido pr\u00e1ctico.-La velocidad b\u00e9tica desbord\u00f3 con facilidad la l\u00ednea de cobertura del Deportivo Alav\u00e9s.-Excelente actuaci\u00f3n de Am\u00e9rico,\u00a0 Sobrado,\u00a0 Portu,\u00a0 Cela y Del Sol.-Muy buen arbitraje de Zariquiegui\u00bb.-\u00abMagn\u00edfico triunfo del Real Betis\u00bb(IGARFE).<\/strong><strong><\/strong><\/p>\n<p style=\"text-align: left\">HOJA DEL LUNES-SE-19560521-Titulares:\u00a0 <strong>\u00abUn espl\u00e9ndido partido del Real Betis le ha dado la victoria sobre el Deportivo Alav\u00e9s\u00bb.-\u00abSuperioridad indiscutible: Real Betis-6; D. Alav\u00e9s-0&#8243;(IGARFE).-\u00abOPINIONES\u00bb(BORBUJO).<\/strong><\/p>\n<p style=\"text-align: left\">\u00abSEVILLA-diario de la tarde\u00bb-Titulares: <strong>\u00abBETIS-6; ALAV\u00c9S-0.-Brillante y rotunda victoria del Betis.-Super\u00f3 en juego, en empuje y en potencia rematadora al promocionista de Primera Divisi\u00f3n.-Gran partido de PORTU\u00a0 y CABRERA en la defensa y del ataque verdiblanco.-Del Sol y Am\u00e9rico, las figuras m\u00e1s destacadas.-Se puede pensar en el ascenso\u00bb.-\u00abEl partido entre bastidores\u00bb(VICENTE BRU): \u00abNo pens\u00e1bamos que el Betis tuviese tan buen equipo\u00bb(UCELAY).-\u00abEl Betis ha demostrado que tiene tanta fuerza, juego y velocidad como el que m\u00e1s\u00bb(Pepe Valera).<\/strong><\/p>\n","protected":false},"excerpt":{"rendered":"<p>\u00abARBULU, en una acertada intervenci\u00f3n, deja sin efecto uno de los remates b\u00e9ticos\u00bb.-Foto Serrano (ABC). TERCERA JORNADA-FASE FINAL DE ASCENSO A PRIMERA DIVISI\u00d3N EN LA CIUDAD DEL BETIS, DOMINGO 20 DE MAYO DE 1956-ESTADIO MUNICIPAL DE HELI\u00d3POLIS A LAS 18&#8217;15 HORAS.-Al final del encuentro,\u00a0 aplausos,\u00a0 palmas por sevillanas y una alegr\u00eda,\u00a0 que hac\u00eda varias jornadas&#8230;<\/p>\n","protected":false},"author":48,"featured_media":30076,"comment_status":"open","ping_status":"open","sticky":false,"template":"","format":"standard","meta":{"_kad_post_transparent":"","_kad_post_title":"","_kad_post_layout":"","_kad_post_sidebar_id":"","_kad_post_content_style":"","_kad_post_vertical_padding":"","_kad_post_feature":"","_kad_post_feature_position":"","_kad_post_header":false,"_kad_post_footer":false,"_kad_post_classname":"","_jetpack_memberships_contains_paid_content":false,"footnotes":"","jetpack_publicize_message":"","jetpack_publicize_feature_enabled":true,"jetpack_social_post_already_shared":true,"jetpack_social_options":{"image_generator_settings":{"template":"highway","default_image_id":0,"font":"","enabled":false},"version":2}},"categories":[901,1],"tags":[4126,1239,984,17881],"class_list":["post-30075","post","type-post","status-publish","format-standard","has-post-thumbnail","hentry","category-1950-1959","category-portada","tag-1955-56","tag-1239","tag-deportivo-alaves","tag-liga-segunda-1955-56"],"jetpack_publicize_connections":[],"jetpack_featured_media_url":"https:\/\/i0.wp.com\/www.manquepierda.com\/historiarealbetis\/files\/2013\/05\/RBB-6CDA-0.jpg?fit=1463%2C948&ssl=1","jetpack_sharing_enabled":true,"jetpack_shortlink":"https:\/\/wp.me\/p1ij08-7P5","jetpack-related-posts":[],"_links":{"self":[{"href":"https:\/\/www.manquepierda.com\/historiarealbetis\/wp-json\/wp\/v2\/posts\/30075","targetHints":{"allow":["GET"]}}],"collection":[{"href":"https:\/\/www.manquepierda.com\/historiarealbetis\/wp-json\/wp\/v2\/posts"}],"about":[{"href":"https:\/\/www.manquepierda.com\/historiarealbetis\/wp-json\/wp\/v2\/types\/post"}],"author":[{"embeddable":true,"href":"https:\/\/www.manquepierda.com\/historiarealbetis\/wp-json\/wp\/v2\/users\/48"}],"replies":[{"embeddable":true,"href":"https:\/\/www.manquepierda.com\/historiarealbetis\/wp-json\/wp\/v2\/comments?post=30075"}],"version-history":[{"count":1,"href":"https:\/\/www.manquepierda.com\/historiarealbetis\/wp-json\/wp\/v2\/posts\/30075\/revisions"}],"predecessor-version":[{"id":97032,"href":"https:\/\/www.manquepierda.com\/historiarealbetis\/wp-json\/wp\/v2\/posts\/30075\/revisions\/97032"}],"wp:featuredmedia":[{"embeddable":true,"href":"https:\/\/www.manquepierda.com\/historiarealbetis\/wp-json\/wp\/v2\/media\/30076"}],"wp:attachment":[{"href":"https:\/\/www.manquepierda.com\/historiarealbetis\/wp-json\/wp\/v2\/media?parent=30075"}],"wp:term":[{"taxonomy":"category","embeddable":true,"href":"https:\/\/www.manquepierda.com\/historiarealbetis\/wp-json\/wp\/v2\/categories?post=30075"},{"taxonomy":"post_tag","embeddable":true,"href":"https:\/\/www.manquepierda.com\/historiarealbetis\/wp-json\/wp\/v2\/tags?post=30075"}],"curies":[{"name":"wp","href":"https:\/\/api.w.org\/{rel}","templated":true}]}}