{"id":30245,"date":"2013-05-24T22:06:04","date_gmt":"2013-05-24T20:06:04","guid":{"rendered":"http:\/\/www.manquepierda.com\/historiarealbetis\/?p=30245"},"modified":"2024-08-16T19:12:49","modified_gmt":"2024-08-16T17:12:49","slug":"1947-mayo-25-copa-andalucia-cadiz-cf-4-vs-real-betis-balompie-4-goles","status":"publish","type":"post","link":"https:\/\/www.manquepierda.com\/historiarealbetis\/1947-mayo-25-copa-andalucia-cadiz-cf-4-vs-real-betis-balompie-4-goles\/","title":{"rendered":"1947-Mayo 25-Copa Andaluc\u00eda: C\u00e1diz Club de F\u00fatbol-4 vs. Real Betis Balompi\u00e9-4 goles."},"content":{"rendered":"<p style=\"text-align: left\"><a href=\"https:\/\/www.manquepierda.com\/historiarealbetis\/30245-1947-mayo-25-copa-andalucia-cadiz-cf-4-vs-real-betis-balompie-4-goles\/mirandilla-2-2\/\" rel=\"attachment wp-att-30246\"><img data-recalc-dims=\"1\" loading=\"lazy\" decoding=\"async\" class=\"aligncenter size-full wp-image-30246\" alt=\"mirandilla-2\" src=\"https:\/\/i0.wp.com\/www.manquepierda.com\/historiarealbetis\/files\/2013\/05\/mirandilla-2.jpg?resize=600%2C400&#038;ssl=1\" width=\"600\" height=\"400\" srcset=\"https:\/\/i0.wp.com\/www.manquepierda.com\/historiarealbetis\/files\/2013\/05\/mirandilla-2.jpg?w=600&amp;ssl=1 600w, https:\/\/i0.wp.com\/www.manquepierda.com\/historiarealbetis\/files\/2013\/05\/mirandilla-2.jpg?resize=220%2C146&amp;ssl=1 220w, https:\/\/i0.wp.com\/www.manquepierda.com\/historiarealbetis\/files\/2013\/05\/mirandilla-2.jpg?resize=500%2C333&amp;ssl=1 500w\" sizes=\"auto, (max-width: 600px) 100vw, 600px\" \/><\/a><em><strong>1947-MAYO 25.-DOMINGO EN C\u00c1DIZ-Segunda Jornada\u00bbCOPA DE ANDALUC\u00cdA\u00bb.-Junto a la Plaza de Toros: 1933-1955.-CAMPO DE DEPORTES \u00abMIRANDILLA\u00bb (Inaugurado-Domingo 27-Agosto-1933.-17&#8217;15 Horas:\u00a0 Sociedad Cultural y Deportiva Mirandilla FC-3 Tantos vs. BETIS BALOMPI\u00c9-5 Goles).-Clausurado: S\u00e1bado 03-Septiembre-1955.<\/strong><\/em><\/p>\n<p style=\"text-align: center\"><strong>Arbitr\u00f3 D\u00edaz del Colegio Sur.-Aline\u00f3 \u00e1:<\/strong><\/p>\n<p style=\"text-align: center\"><a href=\"https:\/\/www.manquepierda.com\/historiarealbetis\/30245-1947-mayo-25-copa-andalucia-cadiz-cf-4-vs-real-betis-balompie-4-goles\/1946-1947-cadiz-cf\/\" rel=\"attachment wp-att-30247\"><img data-recalc-dims=\"1\" loading=\"lazy\" decoding=\"async\" class=\"aligncenter size-thumbnail wp-image-30247\" alt=\"1946-1947 c\u00e1diz cf\" src=\"https:\/\/i0.wp.com\/www.manquepierda.com\/historiarealbetis\/files\/2013\/05\/1946-1947-c%C3%A1diz-cf.jpeg?resize=179%2C220&#038;ssl=1\" width=\"179\" height=\"220\" srcset=\"https:\/\/i0.wp.com\/www.manquepierda.com\/historiarealbetis\/files\/2013\/05\/1946-1947-c%C3%A1diz-cf.jpeg?resize=179%2C220&amp;ssl=1 179w, https:\/\/i0.wp.com\/www.manquepierda.com\/historiarealbetis\/files\/2013\/05\/1946-1947-c%C3%A1diz-cf.jpeg?w=203&amp;ssl=1 203w\" sizes=\"auto, (max-width: 179px) 100vw, 179px\" \/><\/a><strong>Tercera Divisi\u00f3n.-C\u00c1DIZ CLUB DE F\u00daTBO-4 Tantos.<\/strong><\/p>\n<p style=\"text-align: center\"><em><strong>VS.<\/strong><\/em><\/p>\n<p style=\"text-align: center\"><a href=\"https:\/\/www.manquepierda.com\/historiarealbetis\/29998-1942-mayo-17-amistoso-club-atletico-de-tetuan-2-vs-real-betis-balompie-5-goles\/1941-rbb-155\/\" rel=\"attachment wp-att-29999\"><img data-recalc-dims=\"1\" loading=\"lazy\" decoding=\"async\" class=\"aligncenter size-full wp-image-29999\" alt=\"1941-RBB\" src=\"https:\/\/i0.wp.com\/www.manquepierda.com\/historiarealbetis\/files\/2013\/05\/1941-RBB.jpg?resize=154%2C154&#038;ssl=1\" width=\"154\" height=\"154\" \/><\/a><em><strong>REAL BETIS BALOMPI\u00c9-4 GOLES.<\/strong><\/em><\/p>\n<p style=\"text-align: center\"><em><strong>Marcados por:<\/strong><\/em><\/p>\n<p style=\"text-align: center\"><a href=\"https:\/\/www.manquepierda.com\/historiarealbetis\/30245-1947-mayo-25-copa-andalucia-cadiz-cf-4-vs-real-betis-balompie-4-goles\/gelo-angel-lavin-orizaola-2\/\" rel=\"attachment wp-att-30253\"><img data-recalc-dims=\"1\" loading=\"lazy\" decoding=\"async\" class=\"aligncenter size-full wp-image-30253\" alt=\"GELO-\u00c1ngel Lav\u00edn Orizaola\" src=\"https:\/\/i0.wp.com\/www.manquepierda.com\/historiarealbetis\/files\/2013\/05\/GELO-%C3%81ngel-Lav%C3%ADn-Orizaola.jpg?resize=178%2C202&#038;ssl=1\" width=\"178\" height=\"202\" \/><\/a><em><strong>2-GELO.<\/strong><\/em><\/p>\n<p style=\"text-align: center\"><em><strong>1-MARIANO (Imagen no localizada).<\/strong><\/em><\/p>\n<p style=\"text-align: center\"><a href=\"https:\/\/www.manquepierda.com\/historiarealbetis\/29927-1947-mayo-15-copa-primavera-real-betis-balompie-4-vs-real-club-recreativo-huelva-1\/antonio-pena-romero-3\/\" rel=\"attachment wp-att-29933\"><img data-recalc-dims=\"1\" loading=\"lazy\" decoding=\"async\" class=\"aligncenter size-thumbnail wp-image-29933\" alt=\"Antonio PE\u00d1A Romero\" src=\"https:\/\/i0.wp.com\/www.manquepierda.com\/historiarealbetis\/files\/2013\/05\/Antonio-PE%C3%91A-Romero-170x220.jpg?resize=170%2C220&#038;ssl=1\" width=\"170\" height=\"220\" srcset=\"https:\/\/i0.wp.com\/www.manquepierda.com\/historiarealbetis\/files\/2013\/05\/Antonio-PE%C3%91A-Romero.jpg?resize=170%2C220&amp;ssl=1 170w, https:\/\/i0.wp.com\/www.manquepierda.com\/historiarealbetis\/files\/2013\/05\/Antonio-PE%C3%91A-Romero.jpg?resize=466%2C600&amp;ssl=1 466w, https:\/\/i0.wp.com\/www.manquepierda.com\/historiarealbetis\/files\/2013\/05\/Antonio-PE%C3%91A-Romero.jpg?resize=388%2C500&amp;ssl=1 388w, https:\/\/i0.wp.com\/www.manquepierda.com\/historiarealbetis\/files\/2013\/05\/Antonio-PE%C3%91A-Romero.jpg?w=516&amp;ssl=1 516w\" sizes=\"auto, (max-width: 170px) 100vw, 170px\" \/><\/a><em><strong>1-PE\u00d1A Romero.<\/strong><\/em><\/p>\n<p style=\"text-align: center\"><strong>Obituarios Real Betis Balompi\u00e9.<\/strong><\/p>\n<p style=\"text-align: center\"><a href=\"https:\/\/www.manquepierda.com\/historiarealbetis\/30017-1944-mayo-18-jueves-homenaje-ferenc-platko-cd-onuba-0-vs-real-betis-balompie-0\/alfredogreuslozano-5\/\" rel=\"attachment wp-att-30023\"><img data-recalc-dims=\"1\" loading=\"lazy\" decoding=\"async\" class=\"aligncenter size-thumbnail wp-image-30023\" alt=\"AlfredoGr\u00e9usLozano\" src=\"https:\/\/i0.wp.com\/www.manquepierda.com\/historiarealbetis\/files\/2013\/05\/AlfredoGr%C3%A9usLozano.jpeg?resize=135%2C220&#038;ssl=1\" width=\"135\" height=\"220\" srcset=\"https:\/\/i0.wp.com\/www.manquepierda.com\/historiarealbetis\/files\/2013\/05\/AlfredoGr%C3%A9usLozano.jpeg?resize=135%2C220&amp;ssl=1 135w, https:\/\/i0.wp.com\/www.manquepierda.com\/historiarealbetis\/files\/2013\/05\/AlfredoGr%C3%A9usLozano.jpeg?w=176&amp;ssl=1 176w\" sizes=\"auto, (max-width: 135px) 100vw, 135px\" \/><\/a><em><strong>1-Guardameta.-Alfredo GR\u00c9US Lozano (22).-ALGINET (Valencia), S\u00e1bado 29-Noviembre-1924.-88 A\u00f1os.<\/strong><\/em><\/p>\n<p style=\"text-align: center\"><em><strong>Temporadas 1943-1944 \u00e1 1945-1946, ambas inclusive.<\/strong><\/em><\/p>\n<p style=\"text-align: center\"><em><strong>Zagueros:<\/strong><\/em><\/p>\n<p style=\"text-align: left\"><em><strong>2-Lateral Diestro (Result\u00f3 lesionado, pasando a ocupar el puesto de extremo zurdo).-MARIANO S\u00e1enz Cristiano (27).-MADRID, Mi\u00e9rcoles 27-Agosto-1919.-SEVILLA, Mi\u00e9rcoles 31-Mayo-2000.-80 A\u00f1os.-D. E. P.<\/strong><\/em><\/p>\n<p style=\"text-align: center\"><em><strong>Temporadas 1941-1942 (Campeonato Nacional Liga Segunda Divisi\u00f3n); 1943-1944 \u00e1 1946-1947, ambas inclusive.<\/strong><\/em><\/p>\n<p style=\"text-align: left\"><a href=\"https:\/\/www.manquepierda.com\/historiarealbetis\/30245-1947-mayo-25-copa-andalucia-cadiz-cf-4-vs-real-betis-balompie-4-goles\/josegarciapulido-10\/\" rel=\"attachment wp-att-30248\"><img data-recalc-dims=\"1\" loading=\"lazy\" decoding=\"async\" class=\"aligncenter size-thumbnail wp-image-30248\" alt=\"Jos\u00e9Garc\u00edaPULIDO\" src=\"https:\/\/i0.wp.com\/www.manquepierda.com\/historiarealbetis\/files\/2013\/05\/Jos%C3%A9Garc%C3%ADaPULIDO2.jpg?resize=135%2C220&#038;ssl=1\" width=\"135\" height=\"220\" srcset=\"https:\/\/i0.wp.com\/www.manquepierda.com\/historiarealbetis\/files\/2013\/05\/Jos%C3%A9Garc%C3%ADaPULIDO2.jpg?resize=135%2C220&amp;ssl=1 135w, https:\/\/i0.wp.com\/www.manquepierda.com\/historiarealbetis\/files\/2013\/05\/Jos%C3%A9Garc%C3%ADaPULIDO2.jpg?resize=368%2C600&amp;ssl=1 368w, https:\/\/i0.wp.com\/www.manquepierda.com\/historiarealbetis\/files\/2013\/05\/Jos%C3%A9Garc%C3%ADaPULIDO2.jpg?resize=430%2C700&amp;ssl=1 430w, https:\/\/i0.wp.com\/www.manquepierda.com\/historiarealbetis\/files\/2013\/05\/Jos%C3%A9Garc%C3%ADaPULIDO2.jpg?resize=307%2C500&amp;ssl=1 307w, https:\/\/i0.wp.com\/www.manquepierda.com\/historiarealbetis\/files\/2013\/05\/Jos%C3%A9Garc%C3%ADaPULIDO2.jpg?w=443&amp;ssl=1 443w\" sizes=\"auto, (max-width: 135px) 100vw, 135px\" \/><\/a><em><strong>3-Lateral Zurdo.-Jos\u00e9 Garc\u00eda PULIDO (25) \u00abel chato\u00bb.-SEVILLA, Jueves 20-Abril-1922.-\u00cdDEM, Lunes 21-Octubre-2002.-80 A\u00f1os.-D. E. P.<\/strong><\/em><\/p>\n<p style=\"text-align: center\"><em><strong>Temporadas 1946-1947 \u00e1 1951-1952. ambas inclusive.<\/strong><\/em><\/p>\n<p style=\"text-align: center\"><em><strong>Medios:<\/strong><\/em><\/p>\n<p style=\"text-align: left\"><em><strong><a href=\"https:\/\/www.manquepierda.com\/historiarealbetis\/30245-1947-mayo-25-copa-andalucia-cadiz-cf-4-vs-real-betis-balompie-4-goles\/maximo-benito-velasco\/\" rel=\"attachment wp-att-30249\"><img data-recalc-dims=\"1\" loading=\"lazy\" decoding=\"async\" class=\"aligncenter size-thumbnail wp-image-30249\" alt=\"M\u00c1XIMO Benito Velasco\" src=\"https:\/\/i0.wp.com\/www.manquepierda.com\/historiarealbetis\/files\/2013\/05\/M%C3%81XIMO-Benito-Velasco-121x220.jpg?resize=121%2C220&#038;ssl=1\" width=\"121\" height=\"220\" srcset=\"https:\/\/i0.wp.com\/www.manquepierda.com\/historiarealbetis\/files\/2013\/05\/M%C3%81XIMO-Benito-Velasco.jpg?resize=121%2C220&amp;ssl=1 121w, https:\/\/i0.wp.com\/www.manquepierda.com\/historiarealbetis\/files\/2013\/05\/M%C3%81XIMO-Benito-Velasco.jpg?resize=332%2C600&amp;ssl=1 332w, https:\/\/i0.wp.com\/www.manquepierda.com\/historiarealbetis\/files\/2013\/05\/M%C3%81XIMO-Benito-Velasco.jpg?resize=276%2C500&amp;ssl=1 276w\" sizes=\"auto, (max-width: 121px) 100vw, 121px\" \/><\/a><\/strong><\/em><em><strong>4-Diestro.-M\u00c1XIMO Benito Velasco<\/strong><\/em> <em><strong>(27).-ARRIGORRIAGA (Vizcaya), Lunes 12-Abril-1920.-\u00cdDEM, Viernes 12-Abril-1985.-65 A\u00f1os.-D. E. P.<\/strong><\/em><\/p>\n<p style=\"text-align: center\"><em><strong>Temporadas 1946-1947 \u00e1 1952-1953, ambas inclusive.<\/strong><\/em><\/p>\n<p style=\"text-align: left\"><em><strong><a href=\"https:\/\/www.manquepierda.com\/historiarealbetis\/30245-1947-mayo-25-copa-andalucia-cadiz-cf-4-vs-real-betis-balompie-4-goles\/moritantoniomoralvarez\/\" rel=\"attachment wp-att-30250\"><img data-recalc-dims=\"1\" loading=\"lazy\" decoding=\"async\" class=\"aligncenter size-thumbnail wp-image-30250\" alt=\"MORITAntonioMoralvarez\" src=\"https:\/\/i0.wp.com\/www.manquepierda.com\/historiarealbetis\/files\/2013\/05\/MORITAntonioMoralvarez.jpg?resize=137%2C220&#038;ssl=1\" width=\"137\" height=\"220\" srcset=\"https:\/\/i0.wp.com\/www.manquepierda.com\/historiarealbetis\/files\/2013\/05\/MORITAntonioMoralvarez.jpg?resize=137%2C220&amp;ssl=1 137w, https:\/\/i0.wp.com\/www.manquepierda.com\/historiarealbetis\/files\/2013\/05\/MORITAntonioMoralvarez.jpg?resize=374%2C600&amp;ssl=1 374w, https:\/\/i0.wp.com\/www.manquepierda.com\/historiarealbetis\/files\/2013\/05\/MORITAntonioMoralvarez.jpg?resize=311%2C500&amp;ssl=1 311w, https:\/\/i0.wp.com\/www.manquepierda.com\/historiarealbetis\/files\/2013\/05\/MORITAntonioMoralvarez.jpg?w=399&amp;ssl=1 399w\" sizes=\"auto, (max-width: 137px) 100vw, 137px\" \/><\/a><\/strong><\/em><em><strong>5-Centro.-Antonio MORA \u00c1lvarez (26) \u00abMORITA\u00bb.-SEVILLA, Mi\u00e9rcoles 11-Agosto-1920.-\u00cdDEM, Domingo 25-Junio-2000.-79 A\u00f1os.-D. E. P.<\/strong><\/em><\/p>\n<p style=\"text-align: center\"><em><strong>Temporadas 1938-1939 \u00e1 1939-1940; 1944-1945 \u00e1 1945-1946; ambas inclusive.<\/strong><\/em><\/p>\n<p style=\"text-align: center\"><a href=\"https:\/\/www.manquepierda.com\/historiarealbetis\/29666-1947-mayo-04-campeonato-espana-18-final-ida-real-betis-balompie-4-vs-real-madrid-0\/guillermocollmunar-4\/\" rel=\"attachment wp-att-29672\"><img data-recalc-dims=\"1\" loading=\"lazy\" decoding=\"async\" class=\"aligncenter size-thumbnail wp-image-29672\" alt=\"GuillermoCOLLMunar\" src=\"https:\/\/i0.wp.com\/www.manquepierda.com\/historiarealbetis\/files\/2013\/05\/GuillermoCOLLMunar.jpg?resize=139%2C220&#038;ssl=1\" width=\"139\" height=\"220\" srcset=\"https:\/\/i0.wp.com\/www.manquepierda.com\/historiarealbetis\/files\/2013\/05\/GuillermoCOLLMunar.jpg?resize=139%2C220&amp;ssl=1 139w, https:\/\/i0.wp.com\/www.manquepierda.com\/historiarealbetis\/files\/2013\/05\/GuillermoCOLLMunar.jpg?resize=379%2C600&amp;ssl=1 379w, https:\/\/i0.wp.com\/www.manquepierda.com\/historiarealbetis\/files\/2013\/05\/GuillermoCOLLMunar.jpg?resize=442%2C700&amp;ssl=1 442w, https:\/\/i0.wp.com\/www.manquepierda.com\/historiarealbetis\/files\/2013\/05\/GuillermoCOLLMunar.jpg?resize=315%2C500&amp;ssl=1 315w, https:\/\/i0.wp.com\/www.manquepierda.com\/historiarealbetis\/files\/2013\/05\/GuillermoCOLLMunar.jpg?w=498&amp;ssl=1 498w\" sizes=\"auto, (max-width: 139px) 100vw, 139px\" \/><\/a><em><strong>6-Zurdo.-Guillermo COLL Munar (28).-INCA (Baleares), Jueves 30-Enero-1919.-\u00cdDEM, Lunes 29-Marzo-1976.-57 A\u00f1os.-D. E. P.<\/strong><\/em><\/p>\n<p style=\"text-align: center\"><em><strong>Temporadas 1939-1940 \u00e1 1941-1942 (Campeonato Nacional Liga Segunda Divisi\u00f3n); 1942-1943 \u00e1 1949-1950; ambas inclusives.<\/strong><\/em><\/p>\n<p style=\"text-align: center\"><em><strong>Delanteros:<\/strong><\/em><\/p>\n<p style=\"text-align: center\"><a href=\"https:\/\/www.manquepierda.com\/historiarealbetis\/30245-1947-mayo-25-copa-andalucia-cadiz-cf-4-vs-real-betis-balompie-4-goles\/angel-diaz-onoro\/\" rel=\"attachment wp-att-30251\"><img data-recalc-dims=\"1\" loading=\"lazy\" decoding=\"async\" class=\"aligncenter size-thumbnail wp-image-30251\" alt=\"angel diaz O\u00d1ORO\" src=\"https:\/\/i0.wp.com\/www.manquepierda.com\/historiarealbetis\/files\/2013\/05\/angel-diaz-O%C3%91ORO-164x220.jpg?resize=164%2C220&#038;ssl=1\" width=\"164\" height=\"220\" srcset=\"https:\/\/i0.wp.com\/www.manquepierda.com\/historiarealbetis\/files\/2013\/05\/angel-diaz-O%C3%91ORO.jpg?resize=164%2C220&amp;ssl=1 164w, https:\/\/i0.wp.com\/www.manquepierda.com\/historiarealbetis\/files\/2013\/05\/angel-diaz-O%C3%91ORO.jpg?resize=373%2C500&amp;ssl=1 373w, https:\/\/i0.wp.com\/www.manquepierda.com\/historiarealbetis\/files\/2013\/05\/angel-diaz-O%C3%91ORO.jpg?w=395&amp;ssl=1 395w\" sizes=\"auto, (max-width: 164px) 100vw, 164px\" \/><\/a><em><strong>7-Extremo Diestro.-\u00c1ngel D\u00edaz O\u00d1ORO (18).-SEVILLA, Mi\u00e9rcoles 20-Marzo-1929.-\u00bf? Jueves 13-Octubre-2011.-82 A\u00f1os.-D. E. P.<\/strong><\/em><\/p>\n<p style=\"text-align: center\"><em><strong>Cedido por el Calavera Club de F\u00fatbol.<\/strong><\/em><\/p>\n<p style=\"text-align: left\"><a href=\"https:\/\/www.manquepierda.com\/historiarealbetis\/30245-1947-mayo-25-copa-andalucia-cadiz-cf-4-vs-real-betis-balompie-4-goles\/jose-pineda-alvarez-3\/\" rel=\"attachment wp-att-30252\"><img data-recalc-dims=\"1\" loading=\"lazy\" decoding=\"async\" class=\"aligncenter size-thumbnail wp-image-30252\" alt=\"Jos\u00e9 PINEDA \u00c1lvarez\" src=\"https:\/\/i0.wp.com\/www.manquepierda.com\/historiarealbetis\/files\/2013\/05\/Jos%C3%A9-PINEDA-%C3%81lvarez1-188x220.png?resize=188%2C220&#038;ssl=1\" width=\"188\" height=\"220\" srcset=\"https:\/\/i0.wp.com\/www.manquepierda.com\/historiarealbetis\/files\/2013\/05\/Jos%C3%A9-PINEDA-%C3%81lvarez1.png?resize=188%2C220&amp;ssl=1 188w, https:\/\/i0.wp.com\/www.manquepierda.com\/historiarealbetis\/files\/2013\/05\/Jos%C3%A9-PINEDA-%C3%81lvarez1.png?w=191&amp;ssl=1 191w\" sizes=\"auto, (max-width: 188px) 100vw, 188px\" \/><\/a><em><strong>8-Interior Diestro.-Jos\u00e9 PINEDA \u00c1lvarez (23).-ALCAL\u00c1 DE GUADAIRA (Sevilla), Martes 27-Mayo-1924.-SEVILLA, Jueves 22-Junio-2000.-76 A\u00f1os.-D. E. P.<\/strong><\/em><\/p>\n<p style=\"text-align: center\"><em><strong>Temporadas 1940-1941; 1943-1944 \u00e1 1946-1947, ambas inclusive.<\/strong><\/em><\/p>\n<p style=\"text-align: left\"><em><strong>9-ARIETE.-\u00c1ngel Lav\u00edn Orizaola (21) \u00abGELO\u00bb.-SANTANDER (Cantabria), Domingo 28-Marzo-1926.-SEVILLA, S\u00e1bado 04-Febrero-2012.-85 A\u00f1os.-D. E. P.<\/strong><\/em><\/p>\n<p style=\"text-align: center\"><em><strong>Temporadas 1947-1948 \u00e1 1951-1952, ambas inclusive.<\/strong><\/em><\/p>\n<p style=\"text-align: left\"><em><strong>10-Interior Zurzo.-Antonio PE\u00d1A Romero (24).-SEVILLA, Lunes 01-Enero-1923.-\u00cdDEM, Jueves 12-Diciembre-1991.-67 A\u00f1os.-D. E. P.<\/strong><\/em><\/p>\n<p style=\"text-align: center\"><em><strong>Temporadas 1943-1944 \u00e1 1949-1950, ambas inclusive.<\/strong><\/em><\/p>\n<p style=\"text-align: center\"><a href=\"https:\/\/www.manquepierda.com\/historiarealbetis\/30245-1947-mayo-25-copa-andalucia-cadiz-cf-4-vs-real-betis-balompie-4-goles\/saro-angelmartinrodriguez-7\/\" rel=\"attachment wp-att-30254\"><img data-recalc-dims=\"1\" loading=\"lazy\" decoding=\"async\" class=\"aligncenter size-thumbnail wp-image-30254\" alt=\"SARO-\u00e1ngelMart\u00ednrodr\u00edguez\" src=\"https:\/\/i0.wp.com\/www.manquepierda.com\/historiarealbetis\/files\/2013\/05\/SARO-%C3%A1ngelMart%C3%ADnrodr%C3%ADguez1.png?resize=188%2C220&#038;ssl=1\" width=\"188\" height=\"220\" srcset=\"https:\/\/i0.wp.com\/www.manquepierda.com\/historiarealbetis\/files\/2013\/05\/SARO-%C3%A1ngelMart%C3%ADnrodr%C3%ADguez1.png?resize=188%2C220&amp;ssl=1 188w, https:\/\/i0.wp.com\/www.manquepierda.com\/historiarealbetis\/files\/2013\/05\/SARO-%C3%A1ngelMart%C3%ADnrodr%C3%ADguez1.png?w=191&amp;ssl=1 191w\" sizes=\"auto, (max-width: 188px) 100vw, 188px\" \/><\/a><em><strong>11-\u00c1ngel Mart\u00edn Rodr\u00edguez (38) \u00abSARO\u00bb.-VALLADOLID, Lunes 01-Marzo-1909.-No localizada ciudad y fecha fallecimiento.-D. E. P.<\/strong><\/em><\/p>\n<p style=\"text-align: left\"><em><strong>Temporadas 1933-1934 \u00e1 1934-1935 (Campeonato Nacional Primera Divisi\u00f3n); 1935-1936; 1938-1939 \u00e1 1941-1942 (Campeonato Nacional Liga Segunda Divisi\u00f3n); 1942-1943 \u00e1 1948-1949, ambas inclusives,.Medalla Oro M\u00e9rito Deportivo-Federaci\u00f3n Regional Sur Clubes F\u00fatbol, Viernes 25-Marzo-1949).<\/strong><\/em><\/p>\n<p style=\"text-align: center\"><em><strong>ENTRENADOR REAL BETIS BALOMPIE 1946-1947.-Sustituyendo a Mr. Patrick Joseph O&#8217;CONNELL:<\/strong><\/em><\/p>\n<p style=\"text-align: center\"><em><strong><a href=\"https:\/\/www.manquepierda.com\/historiarealbetis\/29393-1947-abril-27-116-campeonato-espana-copa-real-betis-balompie-3-vs-cd-coruna-0\/peral-entrenador-13\/\" rel=\"attachment wp-att-29407\"><img data-recalc-dims=\"1\" loading=\"lazy\" decoding=\"async\" class=\"aligncenter size-full wp-image-29407\" alt=\"PERAL-Entrenador\" src=\"https:\/\/i0.wp.com\/www.manquepierda.com\/historiarealbetis\/files\/2013\/04\/PERAL-Entrenador1.jpg?resize=187%2C283&#038;ssl=1\" width=\"187\" height=\"283\" srcset=\"https:\/\/i0.wp.com\/www.manquepierda.com\/historiarealbetis\/files\/2013\/04\/PERAL-Entrenador1.jpg?w=187&amp;ssl=1 187w, https:\/\/i0.wp.com\/www.manquepierda.com\/historiarealbetis\/files\/2013\/04\/PERAL-Entrenador1.jpg?resize=145%2C220&amp;ssl=1 145w\" sizes=\"auto, (max-width: 187px) 100vw, 187px\" \/><\/a><\/strong><\/em><em><strong>Jos\u00e9 Su\u00e1rez Gonz\u00e1lez (36 A\u00f1os) \u00abPERAL\u00bb.-SEVILLA, Lunes 10-Abril-1911.-\u00cdDEM, Domingo 28-Mayo-1967.-56 A\u00f1os.-D. E. P.<\/strong><\/em><\/p>\n<p style=\"text-align: center\"><em><strong>XXXIII PRESIDENTE REAL BETIS BALOMPI\u00c9-TEMPORADA 1946-1947:<\/strong><\/em><\/p>\n<p style=\"text-align: center\"><a href=\"https:\/\/www.manquepierda.com\/historiarealbetis\/30245-1947-mayo-25-copa-andalucia-cadiz-cf-4-vs-real-betis-balompie-4-goles\/manuel-romero-puerto-presidente-1946-1947\/\" rel=\"attachment wp-att-30255\"><img data-recalc-dims=\"1\" loading=\"lazy\" decoding=\"async\" class=\"aligncenter size-medium wp-image-30255\" alt=\"Manuel ROMERO Puerto-Presidente 1946-1947\" src=\"https:\/\/i0.wp.com\/www.manquepierda.com\/historiarealbetis\/files\/2013\/05\/Manuel-ROMERO-Puerto-Presidente-1946-1947.jpg?resize=680%2C557&#038;ssl=1\" width=\"680\" height=\"557\" srcset=\"https:\/\/i0.wp.com\/www.manquepierda.com\/historiarealbetis\/files\/2013\/05\/Manuel-ROMERO-Puerto-Presidente-1946-1947.jpg?resize=680%2C557&amp;ssl=1 680w, https:\/\/i0.wp.com\/www.manquepierda.com\/historiarealbetis\/files\/2013\/05\/Manuel-ROMERO-Puerto-Presidente-1946-1947.jpg?resize=220%2C180&amp;ssl=1 220w, https:\/\/i0.wp.com\/www.manquepierda.com\/historiarealbetis\/files\/2013\/05\/Manuel-ROMERO-Puerto-Presidente-1946-1947.jpg?resize=853%2C700&amp;ssl=1 853w, https:\/\/i0.wp.com\/www.manquepierda.com\/historiarealbetis\/files\/2013\/05\/Manuel-ROMERO-Puerto-Presidente-1946-1947.jpg?resize=1024%2C840&amp;ssl=1 1024w, https:\/\/i0.wp.com\/www.manquepierda.com\/historiarealbetis\/files\/2013\/05\/Manuel-ROMERO-Puerto-Presidente-1946-1947.jpg?resize=500%2C410&amp;ssl=1 500w, https:\/\/i0.wp.com\/www.manquepierda.com\/historiarealbetis\/files\/2013\/05\/Manuel-ROMERO-Puerto-Presidente-1946-1947.jpg?w=1142&amp;ssl=1 1142w\" sizes=\"auto, (max-width: 680px) 100vw, 680px\" \/><\/a><em><strong>DON MANUEL ROMERO PUERTO (Industrial).-No localizadas ciudades y fechas nacimiento-fallecimiento.<\/strong><\/em><\/p>\n<p style=\"text-align: center\"><strong>\u00abNOTAS DEL D\u00cdA\u00bb.-ABC-EDICI\u00d3N ANDALUC\u00cdA.-SEVILLA MARTES 27-05-1947:<\/strong><\/p>\n<p style=\"text-align: center\"><a href=\"https:\/\/www.manquepierda.com\/historiarealbetis\/30245-1947-mayo-25-copa-andalucia-cadiz-cf-4-vs-real-betis-balompie-4-goles\/19470527-nd-01\/\" rel=\"attachment wp-att-30259\"><img data-recalc-dims=\"1\" loading=\"lazy\" decoding=\"async\" class=\"aligncenter size-medium wp-image-30259\" alt=\"19470527-ND-01\" src=\"https:\/\/i0.wp.com\/www.manquepierda.com\/historiarealbetis\/files\/2013\/05\/19470527-ND-01.jpg?resize=680%2C358&#038;ssl=1\" width=\"680\" height=\"358\" srcset=\"https:\/\/i0.wp.com\/www.manquepierda.com\/historiarealbetis\/files\/2013\/05\/19470527-ND-01.jpg?resize=680%2C358&amp;ssl=1 680w, https:\/\/i0.wp.com\/www.manquepierda.com\/historiarealbetis\/files\/2013\/05\/19470527-ND-01.jpg?resize=220%2C115&amp;ssl=1 220w, https:\/\/i0.wp.com\/www.manquepierda.com\/historiarealbetis\/files\/2013\/05\/19470527-ND-01.jpg?resize=500%2C263&amp;ssl=1 500w, https:\/\/i0.wp.com\/www.manquepierda.com\/historiarealbetis\/files\/2013\/05\/19470527-ND-01.jpg?w=721&amp;ssl=1 721w\" sizes=\"auto, (max-width: 680px) 100vw, 680px\" \/><\/a><em><strong>Rese\u00f1a partido disputado en C\u00e1diz.<\/strong><\/em><\/p>\n<p style=\"text-align: center\"><a href=\"https:\/\/www.manquepierda.com\/historiarealbetis\/30245-1947-mayo-25-copa-andalucia-cadiz-cf-4-vs-real-betis-balompie-4-goles\/19470527-nd-02\/\" rel=\"attachment wp-att-30260\"><img data-recalc-dims=\"1\" loading=\"lazy\" decoding=\"async\" class=\"aligncenter size-medium wp-image-30260\" alt=\"19470527-ND-02\" src=\"https:\/\/i0.wp.com\/www.manquepierda.com\/historiarealbetis\/files\/2013\/05\/19470527-ND-02.jpg?resize=646%2C600&#038;ssl=1\" width=\"646\" height=\"600\" srcset=\"https:\/\/i0.wp.com\/www.manquepierda.com\/historiarealbetis\/files\/2013\/05\/19470527-ND-02.jpg?resize=646%2C600&amp;ssl=1 646w, https:\/\/i0.wp.com\/www.manquepierda.com\/historiarealbetis\/files\/2013\/05\/19470527-ND-02.jpg?resize=220%2C204&amp;ssl=1 220w, https:\/\/i0.wp.com\/www.manquepierda.com\/historiarealbetis\/files\/2013\/05\/19470527-ND-02.jpg?resize=500%2C463&amp;ssl=1 500w, https:\/\/i0.wp.com\/www.manquepierda.com\/historiarealbetis\/files\/2013\/05\/19470527-ND-02.jpg?w=721&amp;ssl=1 721w\" sizes=\"auto, (max-width: 646px) 100vw, 646px\" \/><\/a><\/p>\n<p style=\"text-align: center\"><em><strong>COPA PRIMAVERA.<\/strong><\/em><\/p>\n<p style=\"text-align: center\"><strong>***COPA DEL TENIENTE GENERAL GARC\u00cdA ESC\u00c1MEZ***<br \/>\n<\/strong><\/p>\n<p style=\"text-align: center\"><strong><em>\u00abY EL BETIS \u00a1AH\u00a1,\u00a0 EL BETIS OFRECER\u00c1 ALGUNAS SORPRESAS PARA EL PR\u00d3XIMO DOMINGO FRENTE AL C\u00d3RDOBA\u00bb<\/em><\/strong><\/p>\n<p style=\"text-align: center\">\n","protected":false},"excerpt":{"rendered":"<p>1947-MAYO 25.-DOMINGO EN C\u00c1DIZ-Segunda Jornada\u00bbCOPA DE ANDALUC\u00cdA\u00bb.-Junto a la Plaza de Toros: 1933-1955.-CAMPO DE DEPORTES \u00abMIRANDILLA\u00bb (Inaugurado-Domingo 27-Agosto-1933.-17&#8217;15 Horas:\u00a0 Sociedad Cultural y Deportiva Mirandilla FC-3 Tantos vs. BETIS BALOMPI\u00c9-5 Goles).-Clausurado: S\u00e1bado 03-Septiembre-1955. Arbitr\u00f3 D\u00edaz del Colegio Sur.-Aline\u00f3 \u00e1: Tercera Divisi\u00f3n.-C\u00c1DIZ CLUB DE F\u00daTBO-4 Tantos. VS. REAL BETIS BALOMPI\u00c9-4 GOLES. Marcados por: 2-GELO. 1-MARIANO (Imagen no&#8230;<\/p>\n","protected":false},"author":48,"featured_media":30246,"comment_status":"open","ping_status":"open","sticky":false,"template":"","format":"standard","meta":{"_kad_post_transparent":"","_kad_post_title":"","_kad_post_layout":"","_kad_post_sidebar_id":"","_kad_post_content_style":"","_kad_post_vertical_padding":"","_kad_post_feature":"","_kad_post_feature_position":"","_kad_post_header":false,"_kad_post_footer":false,"_kad_post_classname":"","_jetpack_memberships_contains_paid_content":false,"footnotes":"","jetpack_publicize_message":"","jetpack_publicize_feature_enabled":true,"jetpack_social_post_already_shared":true,"jetpack_social_options":{"image_generator_settings":{"template":"highway","default_image_id":0,"font":"","enabled":false},"version":2}},"categories":[900,1],"tags":[2458,52,187,18028],"class_list":["post-30245","post","type-post","status-publish","format-standard","has-post-thumbnail","hentry","category-1940-1949","category-portada","tag-1946-47","tag-52","tag-cadiz-cf","tag-copa-andalucia-1946-47"],"jetpack_publicize_connections":[],"jetpack_featured_media_url":"https:\/\/i0.wp.com\/www.manquepierda.com\/historiarealbetis\/files\/2013\/05\/mirandilla-2.jpg?fit=600%2C400&ssl=1","jetpack_sharing_enabled":true,"jetpack_shortlink":"https:\/\/wp.me\/p1ij08-7RP","jetpack-related-posts":[],"_links":{"self":[{"href":"https:\/\/www.manquepierda.com\/historiarealbetis\/wp-json\/wp\/v2\/posts\/30245","targetHints":{"allow":["GET"]}}],"collection":[{"href":"https:\/\/www.manquepierda.com\/historiarealbetis\/wp-json\/wp\/v2\/posts"}],"about":[{"href":"https:\/\/www.manquepierda.com\/historiarealbetis\/wp-json\/wp\/v2\/types\/post"}],"author":[{"embeddable":true,"href":"https:\/\/www.manquepierda.com\/historiarealbetis\/wp-json\/wp\/v2\/users\/48"}],"replies":[{"embeddable":true,"href":"https:\/\/www.manquepierda.com\/historiarealbetis\/wp-json\/wp\/v2\/comments?post=30245"}],"version-history":[{"count":1,"href":"https:\/\/www.manquepierda.com\/historiarealbetis\/wp-json\/wp\/v2\/posts\/30245\/revisions"}],"predecessor-version":[{"id":94137,"href":"https:\/\/www.manquepierda.com\/historiarealbetis\/wp-json\/wp\/v2\/posts\/30245\/revisions\/94137"}],"wp:featuredmedia":[{"embeddable":true,"href":"https:\/\/www.manquepierda.com\/historiarealbetis\/wp-json\/wp\/v2\/media\/30246"}],"wp:attachment":[{"href":"https:\/\/www.manquepierda.com\/historiarealbetis\/wp-json\/wp\/v2\/media?parent=30245"}],"wp:term":[{"taxonomy":"category","embeddable":true,"href":"https:\/\/www.manquepierda.com\/historiarealbetis\/wp-json\/wp\/v2\/categories?post=30245"},{"taxonomy":"post_tag","embeddable":true,"href":"https:\/\/www.manquepierda.com\/historiarealbetis\/wp-json\/wp\/v2\/tags?post=30245"}],"curies":[{"name":"wp","href":"https:\/\/api.w.org\/{rel}","templated":true}]}}