{"id":30295,"date":"2013-05-27T17:32:29","date_gmt":"2013-05-27T15:32:29","guid":{"rendered":"http:\/\/www.manquepierda.com\/historiarealbetis\/?p=30295"},"modified":"2024-08-18T10:41:01","modified_gmt":"2024-08-18T08:41:01","slug":"1965-mayo-26-copa-sanchez-pizjuan-vuelta-real-betis-balompie-4-vs-atletico-onubense-1","status":"publish","type":"post","link":"https:\/\/www.manquepierda.com\/historiarealbetis\/1965-mayo-26-copa-sanchez-pizjuan-vuelta-real-betis-balompie-4-vs-atletico-onubense-1\/","title":{"rendered":"1965-Mayo 26-Copa S\u00e1nchez-Pizju\u00e1n-Vuelta: Real Betis Balompi\u00e9-4 vs. Atl\u00e9tico Onubense-1."},"content":{"rendered":"<p><a href=\"https:\/\/www.manquepierda.com\/historiarealbetis\/30295-1965-mayo-26-copa-sanchez-pizjuan-vuelta-real-betis-balompie-4-vs-atletico-onubense-1\/estadiobenitovillamarinpreferencia-2\/\" rel=\"attachment wp-att-30298\"><img data-recalc-dims=\"1\" loading=\"lazy\" decoding=\"async\" class=\"aligncenter size-medium wp-image-30298\" alt=\"EstadioBenitoVillamar\u00ednPreferencia\" src=\"https:\/\/i0.wp.com\/www.manquepierda.com\/historiarealbetis\/files\/2013\/05\/EstadioBenitoVillamar%C3%ADnPreferencia.jpg?resize=680%2C561&#038;ssl=1\" width=\"680\" height=\"561\" srcset=\"https:\/\/i0.wp.com\/www.manquepierda.com\/historiarealbetis\/files\/2013\/05\/EstadioBenitoVillamar%C3%ADnPreferencia.jpg?resize=680%2C561&amp;ssl=1 680w, https:\/\/i0.wp.com\/www.manquepierda.com\/historiarealbetis\/files\/2013\/05\/EstadioBenitoVillamar%C3%ADnPreferencia.jpg?resize=220%2C181&amp;ssl=1 220w, https:\/\/i0.wp.com\/www.manquepierda.com\/historiarealbetis\/files\/2013\/05\/EstadioBenitoVillamar%C3%ADnPreferencia.jpg?resize=847%2C700&amp;ssl=1 847w, https:\/\/i0.wp.com\/www.manquepierda.com\/historiarealbetis\/files\/2013\/05\/EstadioBenitoVillamar%C3%ADnPreferencia.jpg?resize=1024%2C845&amp;ssl=1 1024w, https:\/\/i0.wp.com\/www.manquepierda.com\/historiarealbetis\/files\/2013\/05\/EstadioBenitoVillamar%C3%ADnPreferencia.jpg?resize=500%2C412&amp;ssl=1 500w, https:\/\/i0.wp.com\/www.manquepierda.com\/historiarealbetis\/files\/2013\/05\/EstadioBenitoVillamar%C3%ADnPreferencia.jpg?w=1413&amp;ssl=1 1413w\" sizes=\"auto, (max-width: 680px) 100vw, 680px\" \/><\/a><em><strong>1965-MAYO 26-MI\u00c9RCOLES EN LA \u00abCIUDAD DEL BETIS\u00bb-ENCUENTRO NOCTURNO DE VUELTA CORRESPONDIENTE A LA \u00abCOPA RAM\u00d3N S\u00c1NCHEZ-PIZJU\u00c1N Y MU\u00d1OZ\u00bb EN EL ESTADIO \u00abBENITO VILLAMAR\u00cdN\u00bb (Bien inmueble en propiedad-Agosto 1961 compra-venta al Excmo. Ayuntamiento de Sevilla.-Escritura Notarial; pese a quien les pese carmes\u00ed nervionense).<br \/>\n<\/strong><\/em><\/p>\n<p style=\"text-align: center\"><strong>Arbitr\u00f3 Peinado, acertada labor.-Aline\u00f3 \u00e1:<\/strong><\/p>\n<p style=\"text-align: center\"><a href=\"https:\/\/www.manquepierda.com\/historiarealbetis\/30295-1965-mayo-26-copa-sanchez-pizjuan-vuelta-real-betis-balompie-4-vs-atletico-onubense-1\/obligacionesrbb1962\/\" rel=\"attachment wp-att-30299\"><img data-recalc-dims=\"1\" loading=\"lazy\" decoding=\"async\" class=\"aligncenter size-thumbnail wp-image-30299\" alt=\"ObligacionesRBB1962\" src=\"https:\/\/i0.wp.com\/www.manquepierda.com\/historiarealbetis\/files\/2013\/05\/ObligacionesRBB1962.jpg?resize=158%2C220&#038;ssl=1\" width=\"158\" height=\"220\" srcset=\"https:\/\/i0.wp.com\/www.manquepierda.com\/historiarealbetis\/files\/2013\/05\/ObligacionesRBB1962.jpg?resize=158%2C220&amp;ssl=1 158w, https:\/\/i0.wp.com\/www.manquepierda.com\/historiarealbetis\/files\/2013\/05\/ObligacionesRBB1962.jpg?resize=433%2C600&amp;ssl=1 433w, https:\/\/i0.wp.com\/www.manquepierda.com\/historiarealbetis\/files\/2013\/05\/ObligacionesRBB1962.jpg?resize=505%2C700&amp;ssl=1 505w, https:\/\/i0.wp.com\/www.manquepierda.com\/historiarealbetis\/files\/2013\/05\/ObligacionesRBB1962.jpg?resize=1024%2C1418&amp;ssl=1 1024w, https:\/\/i0.wp.com\/www.manquepierda.com\/historiarealbetis\/files\/2013\/05\/ObligacionesRBB1962.jpg?resize=360%2C500&amp;ssl=1 360w\" sizes=\"auto, (max-width: 158px) 100vw, 158px\" \/><\/a><em><strong>REAL BETIS BALOMPI\u00c9-4 GOLES.<\/strong><\/em><\/p>\n<p style=\"text-align: center\"><em><strong>MARCADOS POR:<\/strong><\/em><\/p>\n<p style=\"text-align: center\"><a href=\"https:\/\/www.manquepierda.com\/historiarealbetis\/30295-1965-mayo-26-copa-sanchez-pizjuan-vuelta-real-betis-balompie-4-vs-atletico-onubense-1\/enrique-mateos-mancebo-3\/\" rel=\"attachment wp-att-30304\"><img data-recalc-dims=\"1\" loading=\"lazy\" decoding=\"async\" class=\"aligncenter size-thumbnail wp-image-30304\" alt=\"Enrique MATEOS Mancebo\" src=\"https:\/\/i0.wp.com\/www.manquepierda.com\/historiarealbetis\/files\/2013\/05\/Enrique-MATEOS-Mancebo.jpg?resize=152%2C220&#038;ssl=1\" width=\"152\" height=\"220\" srcset=\"https:\/\/i0.wp.com\/www.manquepierda.com\/historiarealbetis\/files\/2013\/05\/Enrique-MATEOS-Mancebo.jpg?resize=152%2C220&amp;ssl=1 152w, https:\/\/i0.wp.com\/www.manquepierda.com\/historiarealbetis\/files\/2013\/05\/Enrique-MATEOS-Mancebo.jpg?resize=416%2C600&amp;ssl=1 416w, https:\/\/i0.wp.com\/www.manquepierda.com\/historiarealbetis\/files\/2013\/05\/Enrique-MATEOS-Mancebo.jpg?resize=485%2C700&amp;ssl=1 485w, https:\/\/i0.wp.com\/www.manquepierda.com\/historiarealbetis\/files\/2013\/05\/Enrique-MATEOS-Mancebo.jpg?resize=1024%2C1475&amp;ssl=1 1024w, https:\/\/i0.wp.com\/www.manquepierda.com\/historiarealbetis\/files\/2013\/05\/Enrique-MATEOS-Mancebo.jpg?resize=347%2C500&amp;ssl=1 347w, https:\/\/i0.wp.com\/www.manquepierda.com\/historiarealbetis\/files\/2013\/05\/Enrique-MATEOS-Mancebo.jpg?w=1615&amp;ssl=1 1615w\" sizes=\"auto, (max-width: 152px) 100vw, 152px\" \/><\/a><em><strong>1-0.-26 Minutos:&nbsp; Centro de Demetrio y ch\u00fa de MATEOS batiendo al meta Pep\u00edn.<\/strong><\/em><\/p>\n<p style=\"text-align: center\"><em><strong>4-0.-80 Minutos:&nbsp; MATEOS, logr\u00f3 el \u00faltimo gol verdiblanco de la noche.<\/strong><\/em><\/p>\n<p style=\"text-align: center\"><a href=\"https:\/\/www.manquepierda.com\/historiarealbetis\/30295-1965-mayo-26-copa-sanchez-pizjuan-vuelta-real-betis-balompie-4-vs-atletico-onubense-1\/demetrio-3\/\" rel=\"attachment wp-att-30303\"><img data-recalc-dims=\"1\" loading=\"lazy\" decoding=\"async\" class=\"aligncenter size-full wp-image-30303\" alt=\"Demetrio\" src=\"https:\/\/i0.wp.com\/www.manquepierda.com\/historiarealbetis\/files\/2013\/05\/Demetrio1.jpg?resize=145%2C210&#038;ssl=1\" width=\"145\" height=\"210\"><\/a><em><strong>2-0.-43 Minutos:&nbsp; Pase en profundidad de Mateos marcando habilidosamente DEMETRIO.<\/strong><\/em><\/p>\n<p style=\"text-align: center\"><a href=\"https:\/\/www.manquepierda.com\/historiarealbetis\/30295-1965-mayo-26-copa-sanchez-pizjuan-vuelta-real-betis-balompie-4-vs-atletico-onubense-1\/fali-trianabalompie\/\" rel=\"attachment wp-att-30302\"><img data-recalc-dims=\"1\" loading=\"lazy\" decoding=\"async\" class=\"aligncenter size-thumbnail wp-image-30302\" alt=\"FALI-TrianaBalompi\u00e9\" src=\"https:\/\/i0.wp.com\/www.manquepierda.com\/historiarealbetis\/files\/2013\/05\/FALI-TrianaBalompi%C3%A9.jpg?resize=104%2C220&#038;ssl=1\" width=\"104\" height=\"220\" srcset=\"https:\/\/i0.wp.com\/www.manquepierda.com\/historiarealbetis\/files\/2013\/05\/FALI-TrianaBalompi%C3%A9.jpg?resize=104%2C220&amp;ssl=1 104w, https:\/\/i0.wp.com\/www.manquepierda.com\/historiarealbetis\/files\/2013\/05\/FALI-TrianaBalompi%C3%A9.jpg?w=203&amp;ssl=1 203w\" sizes=\"auto, (max-width: 104px) 100vw, 104px\" \/><\/a><em><strong>3-0.-47 Minutos:&nbsp; FALI de buen disparo env\u00eda el bal\u00f3n al fondo de las mallas onubenses.<\/strong><\/em><\/p>\n<p style=\"text-align: center\"><strong>Obituarios Real Betis Balompi\u00e9:<\/strong><\/p>\n<p style=\"text-align: center\"><a href=\"https:\/\/www.manquepierda.com\/historiarealbetis\/30208-1964-mayo-23-copa-sanchez-pizjuan-ida-atletico-onubense-0-vs-real-betis-balompie-3-goles\/francisco-crespillo-garcia\/\" rel=\"attachment wp-att-30210\"><img data-recalc-dims=\"1\" loading=\"lazy\" decoding=\"async\" class=\"aligncenter size-thumbnail wp-image-30210\" alt=\"Francisco CRESPILLO Garc\u00eda\" src=\"https:\/\/i0.wp.com\/www.manquepierda.com\/historiarealbetis\/files\/2013\/05\/Francisco-CRESPILLO-Garc%C3%ADa.jpg?resize=114%2C220&#038;ssl=1\" width=\"114\" height=\"220\" srcset=\"https:\/\/i0.wp.com\/www.manquepierda.com\/historiarealbetis\/files\/2013\/05\/Francisco-CRESPILLO-Garc%C3%ADa.jpg?resize=114%2C220&amp;ssl=1 114w, https:\/\/i0.wp.com\/www.manquepierda.com\/historiarealbetis\/files\/2013\/05\/Francisco-CRESPILLO-Garc%C3%ADa.jpg?w=197&amp;ssl=1 197w\" sizes=\"auto, (max-width: 114px) 100vw, 114px\" \/><\/a><em><strong>Dorsal 31-Guardameta.-Francisco CRESPILLO Garc\u00eda (19).-SEVILLA, S\u00e1bado 03-Junio-1944.-68 A\u00f1os.<\/strong><\/em><\/p>\n<p style=\"text-align: center\"><em><strong>TRIANA BALOMPI\u00c9-Real Betis Balompi\u00e9-Temporadas 1962-1963 \u00e1 1965-1966, ambas inclusives.<\/strong><\/em><\/p>\n<p style=\"text-align: center\"><a href=\"https:\/\/www.manquepierda.com\/historiarealbetis\/30295-1965-mayo-26-copa-sanchez-pizjuan-vuelta-real-betis-balompie-4-vs-atletico-onubense-1\/1964-aparicio-carranza-8\/\" rel=\"attachment wp-att-30300\"><img data-recalc-dims=\"1\" loading=\"lazy\" decoding=\"async\" class=\"aligncenter size-thumbnail wp-image-30300\" alt=\"1964-Aparicio Carranza\" src=\"https:\/\/i0.wp.com\/www.manquepierda.com\/historiarealbetis\/files\/2013\/05\/1964-Aparicio-Carranza2.jpg?resize=162%2C220&#038;ssl=1\" width=\"162\" height=\"220\" srcset=\"https:\/\/i0.wp.com\/www.manquepierda.com\/historiarealbetis\/files\/2013\/05\/1964-Aparicio-Carranza2.jpg?resize=162%2C220&amp;ssl=1 162w, https:\/\/i0.wp.com\/www.manquepierda.com\/historiarealbetis\/files\/2013\/05\/1964-Aparicio-Carranza2.jpg?w=207&amp;ssl=1 207w\" sizes=\"auto, (max-width: 162px) 100vw, 162px\" \/><\/a><em><strong>Dorsal 2-Zaguero Lateral Diestro.-Francisco APARICIO Rambal (25).-MADRID, Jueves 08-Febrero-1940.-73 A\u00f1os.<\/strong><\/em><\/p>\n<p style=\"text-align: center\"><em><strong>Temporadas 1964-1965 \u00e1 1969-1970, ambas inclusive.<\/strong><\/em><\/p>\n<p style=\"text-align: center\"><a href=\"https:\/\/www.manquepierda.com\/historiarealbetis\/30208-1964-mayo-23-copa-sanchez-pizjuan-ida-atletico-onubense-0-vs-real-betis-balompie-3-goles\/francisco-labrado-telechia-triana-balompie\/\" rel=\"attachment wp-att-30212\"><img data-recalc-dims=\"1\" loading=\"lazy\" decoding=\"async\" class=\"aligncenter size-full wp-image-30212\" alt=\"Francisco Labrado Telech\u00eda-Triana Balompi\u00e9\" src=\"https:\/\/i0.wp.com\/www.manquepierda.com\/historiarealbetis\/files\/2013\/05\/Francisco-Labrado-Telech%C3%ADa-Triana-Balompi%C3%A9.jpg?resize=153%2C210&#038;ssl=1\" width=\"153\" height=\"210\"><\/a><em><strong>Dorsal 5-Zaguero Central.-Francisco Labrado TELECH\u00cdA (18).-SEVILLA, Mi\u00e9rcoles 15-Agosto-1945.-67 A\u00f1os.<\/strong><\/em><\/p>\n<p style=\"text-align: center\"><em><strong>TRIANA BALOMPI\u00c9-Real Betis Balompi\u00e9-Temporadas 1960-1961 \u00e1 1974-1975, ambas inclusive.<\/strong><\/em><\/p>\n<p style=\"text-align: center\"><a href=\"https:\/\/www.manquepierda.com\/historiarealbetis\/30208-1964-mayo-23-copa-sanchez-pizjuan-ida-atletico-onubense-0-vs-real-betis-balompie-3-goles\/paquito-franciscofaleatoochoantesana-4\/\" rel=\"attachment wp-att-30213\"><img data-recalc-dims=\"1\" loading=\"lazy\" decoding=\"async\" class=\"aligncenter size-thumbnail wp-image-30213\" alt=\"PAQUITO-FranciscoFaleatoOchoantesana\" src=\"https:\/\/i0.wp.com\/www.manquepierda.com\/historiarealbetis\/files\/2013\/05\/PAQUITO-FranciscoFaleatoOchoantesana1.jpg?resize=152%2C220&#038;ssl=1\" width=\"152\" height=\"220\" srcset=\"https:\/\/i0.wp.com\/www.manquepierda.com\/historiarealbetis\/files\/2013\/05\/PAQUITO-FranciscoFaleatoOchoantesana1.jpg?resize=152%2C220&amp;ssl=1 152w, https:\/\/i0.wp.com\/www.manquepierda.com\/historiarealbetis\/files\/2013\/05\/PAQUITO-FranciscoFaleatoOchoantesana1.jpg?resize=416%2C600&amp;ssl=1 416w, https:\/\/i0.wp.com\/www.manquepierda.com\/historiarealbetis\/files\/2013\/05\/PAQUITO-FranciscoFaleatoOchoantesana1.jpg?resize=485%2C700&amp;ssl=1 485w, https:\/\/i0.wp.com\/www.manquepierda.com\/historiarealbetis\/files\/2013\/05\/PAQUITO-FranciscoFaleatoOchoantesana1.jpg?resize=1024%2C1475&amp;ssl=1 1024w, https:\/\/i0.wp.com\/www.manquepierda.com\/historiarealbetis\/files\/2013\/05\/PAQUITO-FranciscoFaleatoOchoantesana1.jpg?resize=346%2C500&amp;ssl=1 346w, https:\/\/i0.wp.com\/www.manquepierda.com\/historiarealbetis\/files\/2013\/05\/PAQUITO-FranciscoFaleatoOchoantesana1.jpg?w=1623&amp;ssl=1 1623w\" sizes=\"auto, (max-width: 152px) 100vw, 152px\" \/><\/a><em><strong>Dorsal 3-Zaguero Lateral Zurdo.-Francisco Faleato Ochoantesana (23) \u00abPAQUITO\u00bb.-SANTO\u00d1A (Cantabria), Jueves 20-Marzo-1941.-72 a\u00f1os.<\/strong><\/em><\/p>\n<p style=\"text-align: center\"><em><strong>Temporadas 1961-1962 \u00e1 1967-1968, ambas inclusives.<\/strong><\/em><\/p>\n<p style=\"text-align: center\"><a href=\"https:\/\/www.manquepierda.com\/historiarealbetis\/29736-1963-mayo-05-campeonato-espana-116-final-vuelta-real-betis-balompie-4-vs-ud-las-palmas-1\/montaner-jose-maria-garcia-martinez-6\/\" rel=\"attachment wp-att-29743\"><img data-recalc-dims=\"1\" loading=\"lazy\" decoding=\"async\" class=\"aligncenter size-thumbnail wp-image-29743\" alt=\"Montaner. Jos\u00e9 Mar\u00eda Garc\u00eda Mart\u00ednez\" src=\"https:\/\/i0.wp.com\/www.manquepierda.com\/historiarealbetis\/files\/2013\/05\/Montaner.-Jos%C3%A9-Mar%C3%ADa-Garc%C3%ADa-Mart%C3%ADnez.jpg?resize=170%2C220&#038;ssl=1\" width=\"170\" height=\"220\" srcset=\"https:\/\/i0.wp.com\/www.manquepierda.com\/historiarealbetis\/files\/2013\/05\/Montaner.-Jos%C3%A9-Mar%C3%ADa-Garc%C3%ADa-Mart%C3%ADnez.jpg?resize=170%2C220&amp;ssl=1 170w, https:\/\/i0.wp.com\/www.manquepierda.com\/historiarealbetis\/files\/2013\/05\/Montaner.-Jos%C3%A9-Mar%C3%ADa-Garc%C3%ADa-Mart%C3%ADnez.jpg?resize=387%2C500&amp;ssl=1 387w, https:\/\/i0.wp.com\/www.manquepierda.com\/historiarealbetis\/files\/2013\/05\/Montaner.-Jos%C3%A9-Mar%C3%ADa-Garc%C3%ADa-Mart%C3%ADnez.jpg?w=400&amp;ssl=1 400w\" sizes=\"auto, (max-width: 170px) 100vw, 170px\" \/><\/a><em><strong>Dorsal 4-Medio Diestro.-Jos\u00e9 Mar\u00eda Garc\u00eda MONTANER (26) \u00abMuntaner\u00bb.-\u00c1YORA (Valencia), Mi\u00e9rcoles 27-Octubre-1937.-75 A\u00f1os.<\/strong><\/em><\/p>\n<p style=\"text-align: center\"><em><strong>Temporadas 1961-1962 \u00e1 1966-1967, ambas inclusives.<\/strong><\/em><\/p>\n<p style=\"text-align: center\"><a href=\"https:\/\/www.manquepierda.com\/historiarealbetis\/30295-1965-mayo-26-copa-sanchez-pizjuan-vuelta-real-betis-balompie-4-vs-atletico-onubense-1\/rogeliobetis-1962\/\" rel=\"attachment wp-att-30301\"><img data-recalc-dims=\"1\" loading=\"lazy\" decoding=\"async\" class=\"aligncenter size-thumbnail wp-image-30301\" alt=\"RogelioBetis-1962\" src=\"https:\/\/i0.wp.com\/www.manquepierda.com\/historiarealbetis\/files\/2013\/05\/RogelioBetis-1962.jpg?resize=108%2C220&#038;ssl=1\" width=\"108\" height=\"220\" srcset=\"https:\/\/i0.wp.com\/www.manquepierda.com\/historiarealbetis\/files\/2013\/05\/RogelioBetis-1962.jpg?resize=108%2C220&amp;ssl=1 108w, https:\/\/i0.wp.com\/www.manquepierda.com\/historiarealbetis\/files\/2013\/05\/RogelioBetis-1962.jpg?w=168&amp;ssl=1 168w\" sizes=\"auto, (max-width: 108px) 100vw, 108px\" \/><\/a><em><strong>Dorsal 6-Medio Zurdo.-ROGELIO Sosa Ram\u00edrez (22).-CORIA DEL R\u00cdO (Sevilla), Domingo 11-Abril-1943.-70 A\u00f1os.<\/strong><\/em><\/p>\n<p style=\"text-align: center\"><em><strong>Temporadas 1962-1963 \u00e1 1972-1973 (Medalla Oro M\u00e9rito Deportivo-Federaci\u00f3n Andaluza F\u00fatbol); 1973-1974 \u00e1 1977-1978, amabas inclusive.<\/strong><\/em><\/p>\n<p style=\"text-align: center\"><a href=\"https:\/\/www.manquepierda.com\/historiarealbetis\/30177-1968-mayo-21-cptoespana-116-desempate-madrid-cf-badalona-1-vs-real-betis-balompie-3\/cristo-2\/\" rel=\"attachment wp-att-30189\"><img data-recalc-dims=\"1\" loading=\"lazy\" decoding=\"async\" class=\"aligncenter size-thumbnail wp-image-30189\" alt=\"Cristo\" src=\"https:\/\/i0.wp.com\/www.manquepierda.com\/historiarealbetis\/files\/2013\/05\/Cristo.jpg?resize=147%2C220&#038;ssl=1\" width=\"147\" height=\"220\" srcset=\"https:\/\/i0.wp.com\/www.manquepierda.com\/historiarealbetis\/files\/2013\/05\/Cristo.jpg?resize=147%2C220&amp;ssl=1 147w, https:\/\/i0.wp.com\/www.manquepierda.com\/historiarealbetis\/files\/2013\/05\/Cristo.jpg?w=282&amp;ssl=1 282w\" sizes=\"auto, (max-width: 147px) 100vw, 147px\" \/><\/a><em><strong>Dorsal 7-Delantero.-Extremo Diestro.-Jos\u00e9 CRISTO V\u00e1zquez (18).-SEVILLA, Mi\u00e9rcoles 12-Marzo-1947.-\u00cdDEM, Viernes 28-Mayo-2010.-63 a\u00f1os.-D. E. P.<\/strong><\/em><\/p>\n<p style=\"text-align: center\"><em><strong>TRIANA BALOMPI\u00c9-Real Betis Balompi\u00e9-Temporadas 1964-1965 \u00e1 1968-1969, ambas inclusive.<\/strong><\/em><\/p>\n<p style=\"text-align: left\"><em><strong>Dorsal 8-Delantero.-Interior Diestro.-FALI.-TRIANA BALOMPI\u00c9-Temporada 1965-1966.<\/strong><\/em><\/p>\n<p style=\"text-align: left\"><em><strong>Dorsal 9-Centro Delantero-ARIETE.-DEMETRIO Oliver S\u00e1nchez (17).-SEVILLA, Jueves 26-Junio-1947.-65 A\u00f1os.<\/strong><\/em><\/p>\n<p style=\"text-align: center\"><em><strong>TRIANA BALOMPI\u00c9-Real Betis Balompi\u00e9-Temporadas 1964-1965 \u00e1 1969-1970, ambas inclusive.<\/strong><\/em><\/p>\n<p style=\"text-align: left\"><em><strong>Dorsal 10-Delantero.-Interior Zurdo.-Enrique MATEOS Mancebo (30).-MADRID, Domingo 15-Julio-1934.-SEVILLA, Viernes 06-Julio-2001.-66 A\u00f1os.<\/strong><\/em><\/p>\n<p style=\"text-align: center\"><em><strong>Temporadas 1964-1965&nbsp; y&nbsp; 1965-1966.<\/strong><\/em><a href=\"https:\/\/www.manquepierda.com\/historiarealbetis\/29048-1964-abril-12-primera-division-real-betis-balompie-4-goles-vs-club-atletico-madrid-2\/andresmolinasoler-4\/\" rel=\"attachment wp-att-29066\"><img data-recalc-dims=\"1\" loading=\"lazy\" decoding=\"async\" class=\"aligncenter size-medium wp-image-29066\" alt=\"Andr\u00e9sMOLINAsoler\" src=\"https:\/\/i0.wp.com\/www.manquepierda.com\/historiarealbetis\/files\/2013\/04\/Andr%C3%A9sMOLINAsoler.jpg?resize=150%2C300&#038;ssl=1\" width=\"150\" height=\"300\" srcset=\"https:\/\/i0.wp.com\/www.manquepierda.com\/historiarealbetis\/files\/2013\/04\/Andr%C3%A9sMOLINAsoler.jpg?resize=150%2C300&amp;ssl=1 150w, https:\/\/i0.wp.com\/www.manquepierda.com\/historiarealbetis\/files\/2013\/04\/Andr%C3%A9sMOLINAsoler.jpg?resize=251%2C500&amp;ssl=1 251w\" sizes=\"auto, (max-width: 150px) 100vw, 150px\" \/><\/a><em><strong>Dorsal 11-Delentero.-Extremo Zurdo.-Andr\u00e9s MOLINA Soler (25).-ELCHE (Alicante), Jueves 14-Marzo-1940.-73 A\u00f1os.<\/strong><\/em><\/p>\n<p style=\"text-align: center\"><em><strong>Temporadas 1963-1964&nbsp; y&nbsp; 1964-1965.<\/strong><\/em><\/p>\n<p style=\"text-align: left\"><em><strong><a href=\"https:\/\/www.manquepierda.com\/historiarealbetis\/29302-1965-abril-18-primera-division-fc-barcelona-0-vs-real-betis-balompie-0-goles\/ernestoponsforns-7\/\" rel=\"attachment wp-att-29316\"><img data-recalc-dims=\"1\" loading=\"lazy\" decoding=\"async\" class=\"alignleft size-full wp-image-29316\" alt=\"ErnestoPonsForns\" src=\"https:\/\/i0.wp.com\/www.manquepierda.com\/historiarealbetis\/files\/2013\/04\/ErnestoPonsForns.jpg?resize=150%2C184&#038;ssl=1\" width=\"150\" height=\"184\"><\/a>CUARTO&nbsp; ENTRENADOR REAL BETIS BALOMPI\u00c9-TEMPORADA 1964-1965.-26\u00aa HASTA LA 30\u00aa JORNADAS-AMBAS INCLUSIVE-M\u00c1S RONDAS ELIMINATORIAS COPERAS LOCALES Y NACIONALES.<br \/>\n<\/strong><\/em><\/p>\n<p style=\"text-align: left\"><em><strong>ERNESTO PONS FORN (44 A\u00f1os).-MATAR\u00d3 (BARCELONA), Lunes 19-Enero-1920.-94 A\u00f1os.-No localizada ciudad y fecha fallecimiento si ha lugar.<\/strong><\/em><\/p>\n<p style=\"text-align: left\"><em><strong>Temporadas 1962-1963 (Daucik+Pons)+1964-1965 (Louis Hon.-Rosendo Hern\u00e1ndez.-Andr\u00e9s Aranda.-Pons)&nbsp; y&nbsp; 1965-1966 (Martim Francisco.-Pons).<\/strong><\/em><\/p>\n<p style=\"text-align: left\"><em><strong>XXXIX PRESIDENTE REAL BETIS BALOMPI\u00c9-09 DE 11 MANDATOS CONSECUTIVOS EN PRO DE AFIANZAR AL CLUB VERDIBLANCO EN LA \u00c9LITE NACIONAL QUE NO PUDO DEBIDO A SU GRAVE ENFERMEDAD DE C\u00c1NCER.-CARTA DE DIMISI\u00d3N, MARTES 07-DICIEMBRE-1965.-DESPIDI\u00c9NDOSE DE SUS COMPA\u00d1EROS Y A TRAV\u00c9S DE ELLO DE LA AFICI\u00d3N B\u00c9TICA.-Falleci\u00f3 unos 8 meses m\u00e1s tarde.-PRIMER Y UNICO PRESIDENTE PERPETUO DEL REAL BETIS BALOMPI\u00c9 CENTENARIO, ELEGIDO DEMOCR\u00c1TICAMENTE.<br \/>\n<\/strong><\/em><\/p>\n<p style=\"text-align: center\"><a href=\"https:\/\/www.manquepierda.com\/historiarealbetis\/30295-1965-mayo-26-copa-sanchez-pizjuan-vuelta-real-betis-balompie-4-vs-atletico-onubense-1\/benitovillamarinprieto-7\/\" rel=\"attachment wp-att-30305\"><img data-recalc-dims=\"1\" loading=\"lazy\" decoding=\"async\" class=\"aligncenter size-full wp-image-30305\" alt=\"benitovillamar\u00ednprieto\" src=\"https:\/\/i0.wp.com\/www.manquepierda.com\/historiarealbetis\/files\/2013\/05\/benitovillamar%C3%ADnprieto.jpg?resize=378%2C502&#038;ssl=1\" width=\"378\" height=\"502\" srcset=\"https:\/\/i0.wp.com\/www.manquepierda.com\/historiarealbetis\/files\/2013\/05\/benitovillamar%C3%ADnprieto.jpg?w=378&amp;ssl=1 378w, https:\/\/i0.wp.com\/www.manquepierda.com\/historiarealbetis\/files\/2013\/05\/benitovillamar%C3%ADnprieto.jpg?resize=165%2C220&amp;ssl=1 165w, https:\/\/i0.wp.com\/www.manquepierda.com\/historiarealbetis\/files\/2013\/05\/benitovillamar%C3%ADnprieto.jpg?resize=376%2C500&amp;ssl=1 376w\" sizes=\"auto, (max-width: 378px) 100vw, 378px\" \/><\/a><a href=\"https:\/\/www.manquepierda.com\/historiarealbetis\/29883-1966-mayo-15-cpto-espana-14-final-vuelta-real-madrid-2-vs-real-betis-balompie-2-goles\/cartadespedidabenitovillamarinprieto-3\/\" rel=\"attachment wp-att-29911\"><img data-recalc-dims=\"1\" loading=\"lazy\" decoding=\"async\" class=\"aligncenter size-medium wp-image-29911\" alt=\"CartaDespedidaBenitoVillamar\u00ednPrieto\" src=\"https:\/\/i0.wp.com\/www.manquepierda.com\/historiarealbetis\/files\/2013\/05\/CartaDespedidaBenitoVillamar%C3%ADnPrieto1.jpg?resize=502%2C600&#038;ssl=1\" width=\"502\" height=\"600\" srcset=\"https:\/\/i0.wp.com\/www.manquepierda.com\/historiarealbetis\/files\/2013\/05\/CartaDespedidaBenitoVillamar%C3%ADnPrieto1.jpg?resize=502%2C600&amp;ssl=1 502w, https:\/\/i0.wp.com\/www.manquepierda.com\/historiarealbetis\/files\/2013\/05\/CartaDespedidaBenitoVillamar%C3%ADnPrieto1.jpg?resize=184%2C220&amp;ssl=1 184w, https:\/\/i0.wp.com\/www.manquepierda.com\/historiarealbetis\/files\/2013\/05\/CartaDespedidaBenitoVillamar%C3%ADnPrieto1.jpg?resize=586%2C700&amp;ssl=1 586w, https:\/\/i0.wp.com\/www.manquepierda.com\/historiarealbetis\/files\/2013\/05\/CartaDespedidaBenitoVillamar%C3%ADnPrieto1.jpg?resize=1024%2C1222&amp;ssl=1 1024w, https:\/\/i0.wp.com\/www.manquepierda.com\/historiarealbetis\/files\/2013\/05\/CartaDespedidaBenitoVillamar%C3%ADnPrieto1.jpg?resize=418%2C500&amp;ssl=1 418w\" sizes=\"auto, (max-width: 502px) 100vw, 502px\" \/><\/a><\/p>\n<p style=\"text-align: center\"><a href=\"https:\/\/www.manquepierda.com\/historiarealbetis\/28100-1956-marzo-18-segunda-division-grupo-ii-real-betis-balompie-4-vs-ad-plus-ultra-0\/villamarin-exportadoraceitunas-2\/\" rel=\"attachment wp-att-28115\"><img data-recalc-dims=\"1\" loading=\"lazy\" decoding=\"async\" class=\"aligncenter size-medium wp-image-28115\" alt=\"Villamar\u00edn-exportadorAceitunas\" src=\"https:\/\/i0.wp.com\/www.manquepierda.com\/historiarealbetis\/files\/2013\/03\/Villamar%C3%ADn-exportadorAceitunas-300x225.jpg?resize=300%2C225&#038;ssl=1\" width=\"300\" height=\"225\" srcset=\"https:\/\/i0.wp.com\/www.manquepierda.com\/historiarealbetis\/files\/2013\/03\/Villamar%C3%ADn-exportadorAceitunas.jpg?resize=300%2C225&amp;ssl=1 300w, https:\/\/i0.wp.com\/www.manquepierda.com\/historiarealbetis\/files\/2013\/03\/Villamar%C3%ADn-exportadorAceitunas.jpg?resize=500%2C376&amp;ssl=1 500w, https:\/\/i0.wp.com\/www.manquepierda.com\/historiarealbetis\/files\/2013\/03\/Villamar%C3%ADn-exportadorAceitunas.jpg?w=720&amp;ssl=1 720w\" sizes=\"auto, (max-width: 300px) 100vw, 300px\" \/><\/a><\/p>\n<p style=\"text-align: left\"><em><strong>DON BENITO VILLAMAR\u00cdN PRIETO (45 A\u00f1os.-Industrial).-PUGA-TO\u00c9N (Ourense), Mi\u00e9rcoles 21-Agosto-1918.-SEVILLA-\u00abCiudad del Betis\u00bb-Lunes 15-Agosto-1966.-48 A\u00f1os.-D. E. P.<\/strong><\/em><\/p>\n<p style=\"text-align: center\"><strong>VS.<\/strong><\/p>\n<p style=\"text-align: center\"><strong>ATL\u00c9TICO ONUBENSE (Filial 1960-Real Club Recreativo Huelva)-1 Tanto.<\/strong><\/p>\n<p style=\"text-align: left\"><strong>PEP\u00cdN (Portero).-PEDRITO-VISERA-PEGUERO (Defensas).-FERIA-CARLOS (4-1, penalti minutos despu\u00e9s del 4-0) Medios.-HACHERO-SIERRA-LORENZO-CASADO-ANICETO (Delanteros).<\/strong><\/p>\n<p style=\"text-align: center\"><em><strong>RESUMEN:<\/strong><\/em><\/p>\n<p style=\"text-align: center\"><em><strong>REAL BETIS BALOMPI\u00c9-7 GOLES (3+4) <\/strong><\/em><strong>vs. Atl\u00e9tico Onubense-1 (0+1).-Eliminado.<\/strong><\/p>\n<p style=\"text-align: left\">Colecci\u00f3n Personal.<\/p>\n<p style=\"text-align: left\">Fuentes fotos jugadores Triana Balompi\u00e9.-Rafael Medina Delgado (beticista).<\/p>\n<p style=\"text-align: left\">ABC-SE-27-05-1965.<\/p>\n","protected":false},"excerpt":{"rendered":"<p>1965-MAYO 26-MI\u00c9RCOLES EN LA \u00abCIUDAD DEL BETIS\u00bb-ENCUENTRO NOCTURNO DE VUELTA CORRESPONDIENTE A LA \u00abCOPA RAM\u00d3N S\u00c1NCHEZ-PIZJU\u00c1N Y MU\u00d1OZ\u00bb EN EL ESTADIO \u00abBENITO VILLAMAR\u00cdN\u00bb (Bien inmueble en propiedad-Agosto 1961 compra-venta al Excmo. Ayuntamiento de Sevilla.-Escritura Notarial; pese a quien les pese carmes\u00ed nervionense). Arbitr\u00f3 Peinado, acertada labor.-Aline\u00f3 \u00e1: REAL BETIS BALOMPI\u00c9-4 GOLES. MARCADOS POR: 1-0.-26 Minutos:&nbsp;&#8230;<\/p>\n","protected":false},"author":48,"featured_media":30298,"comment_status":"open","ping_status":"open","sticky":false,"template":"","format":"standard","meta":{"_kad_post_transparent":"","_kad_post_title":"","_kad_post_layout":"","_kad_post_sidebar_id":"","_kad_post_content_style":"","_kad_post_vertical_padding":"","_kad_post_feature":"","_kad_post_feature_position":"","_kad_post_header":false,"_kad_post_footer":false,"_kad_post_classname":"","_jetpack_memberships_contains_paid_content":false,"footnotes":"","jetpack_publicize_message":"","jetpack_publicize_feature_enabled":true,"jetpack_social_post_already_shared":true,"jetpack_social_options":{"image_generator_settings":{"template":"highway","default_image_id":0,"font":"","enabled":false},"version":2}},"categories":[902,1,2064],"tags":[2900,7334,17049,18024],"class_list":["post-30295","post","type-post","status-publish","format-standard","has-post-thumbnail","hentry","category-1960-1969","category-portada","category-trofeos-de-verano","tag-1964-65","tag-7334","tag-atletico-onubense","tag-copa-sanchez-pizjuan-1964-65"],"jetpack_publicize_connections":[],"jetpack_featured_media_url":"https:\/\/i0.wp.com\/www.manquepierda.com\/historiarealbetis\/files\/2013\/05\/EstadioBenitoVillamar%C3%ADnPreferencia.jpg?fit=1413%2C1167&ssl=1","jetpack_sharing_enabled":true,"jetpack_shortlink":"https:\/\/wp.me\/p1ij08-7SD","jetpack-related-posts":[],"_links":{"self":[{"href":"https:\/\/www.manquepierda.com\/historiarealbetis\/wp-json\/wp\/v2\/posts\/30295","targetHints":{"allow":["GET"]}}],"collection":[{"href":"https:\/\/www.manquepierda.com\/historiarealbetis\/wp-json\/wp\/v2\/posts"}],"about":[{"href":"https:\/\/www.manquepierda.com\/historiarealbetis\/wp-json\/wp\/v2\/types\/post"}],"author":[{"embeddable":true,"href":"https:\/\/www.manquepierda.com\/historiarealbetis\/wp-json\/wp\/v2\/users\/48"}],"replies":[{"embeddable":true,"href":"https:\/\/www.manquepierda.com\/historiarealbetis\/wp-json\/wp\/v2\/comments?post=30295"}],"version-history":[{"count":1,"href":"https:\/\/www.manquepierda.com\/historiarealbetis\/wp-json\/wp\/v2\/posts\/30295\/revisions"}],"predecessor-version":[{"id":89958,"href":"https:\/\/www.manquepierda.com\/historiarealbetis\/wp-json\/wp\/v2\/posts\/30295\/revisions\/89958"}],"wp:featuredmedia":[{"embeddable":true,"href":"https:\/\/www.manquepierda.com\/historiarealbetis\/wp-json\/wp\/v2\/media\/30298"}],"wp:attachment":[{"href":"https:\/\/www.manquepierda.com\/historiarealbetis\/wp-json\/wp\/v2\/media?parent=30295"}],"wp:term":[{"taxonomy":"category","embeddable":true,"href":"https:\/\/www.manquepierda.com\/historiarealbetis\/wp-json\/wp\/v2\/categories?post=30295"},{"taxonomy":"post_tag","embeddable":true,"href":"https:\/\/www.manquepierda.com\/historiarealbetis\/wp-json\/wp\/v2\/tags?post=30295"}],"curies":[{"name":"wp","href":"https:\/\/api.w.org\/{rel}","templated":true}]}}