{"id":30395,"date":"2013-05-30T07:15:03","date_gmt":"2013-05-30T05:15:03","guid":{"rendered":"http:\/\/www.manquepierda.com\/historiarealbetis\/?p=30395"},"modified":"2024-08-27T22:59:14","modified_gmt":"2024-08-27T20:59:14","slug":"timimi-a-hombros-en-nervion-1931","status":"publish","type":"post","link":"https:\/\/www.manquepierda.com\/historiarealbetis\/timimi-a-hombros-en-nervion-1931\/","title":{"rendered":"Timimi a hombros en Nervi\u00f3n 1931"},"content":{"rendered":"<p>&nbsp;<\/p>\n<figure id=\"attachment_30396\" aria-describedby=\"caption-attachment-30396\" style=\"width: 549px\" class=\"wp-caption aligncenter\"><a href=\"https:\/\/www.manquepierda.com\/historiarealbetis\/30395-timimi-a-hombros-en-nervion-1931\/timimi-a-hombros-en-nervion-1931-nmp-la-union-22-12-1931\/\" rel=\"attachment wp-att-30396\"><img data-recalc-dims=\"1\" loading=\"lazy\" decoding=\"async\" class=\"size-medium wp-image-30396\" src=\"https:\/\/i0.wp.com\/www.manquepierda.com\/historiarealbetis\/files\/2013\/05\/Timimi-a-hombros-en-Nervi%C3%B3n-1931-NMP-La-Uni%C3%B3n-22-12-1931.jpg?resize=549%2C600&#038;ssl=1\" alt=\"Fuente: La Uni\u00f3n 22 de diciembre de 1931\" width=\"549\" height=\"600\" srcset=\"https:\/\/i0.wp.com\/www.manquepierda.com\/historiarealbetis\/files\/2013\/05\/Timimi-a-hombros-en-Nervi%C3%B3n-1931-NMP-La-Uni%C3%B3n-22-12-1931.jpg?resize=549%2C600&amp;ssl=1 549w, https:\/\/i0.wp.com\/www.manquepierda.com\/historiarealbetis\/files\/2013\/05\/Timimi-a-hombros-en-Nervi%C3%B3n-1931-NMP-La-Uni%C3%B3n-22-12-1931.jpg?resize=201%2C220&amp;ssl=1 201w, https:\/\/i0.wp.com\/www.manquepierda.com\/historiarealbetis\/files\/2013\/05\/Timimi-a-hombros-en-Nervi%C3%B3n-1931-NMP-La-Uni%C3%B3n-22-12-1931.jpg?resize=457%2C500&amp;ssl=1 457w, https:\/\/i0.wp.com\/www.manquepierda.com\/historiarealbetis\/files\/2013\/05\/Timimi-a-hombros-en-Nervi%C3%B3n-1931-NMP-La-Uni%C3%B3n-22-12-1931.jpg?w=562&amp;ssl=1 562w\" sizes=\"auto, (max-width: 549px) 100vw, 549px\" \/><\/a><figcaption id=\"caption-attachment-30396\" class=\"wp-caption-text\">Fuente: La Uni\u00f3n 22 de diciembre de 1931<\/figcaption><\/figure>\n<p>El 20 de diciembre de 1931 el Betis se impuso 2-3 en Nervi\u00f3n al Sevilla. Era la jornada n\u00famero 3 del Campeonato de Liga de Segunda Divisi\u00f3n y el equipo b\u00e9tico continuaba la l\u00ednea de superioridad que le llevar\u00eda esa temporada a proclamarse Campe\u00f3n de la Segunda Divisi\u00f3n y ascender a Primera.<\/p>\n<p>A pesar de que los sevillistas se adelantaron pronto, en el minuto 8, por mediaci\u00f3n de Bracero, el Betis remont\u00f3 con 2 tantos de Garc\u00eda de la Puerta. El empate de Campanal no sirvi\u00f3 ante el postrer gol de Adolfo que daba los dos puntos a los verdiblancos.<\/p>\n<p>Ese d\u00eda Timimi hizo un partido espectacular, rompiendo una y otra vez a la defensa sevillista con su velocidad y regate. Al t\u00e9rmino del partido los aficionados b\u00e9ticos presentes en Nervi\u00f3n saltaron al campo y pasearon a hombros al delantero canario.<\/p>\n","protected":false},"excerpt":{"rendered":"<p>&nbsp; El 20 de diciembre de 1931 el Betis se impuso 2-3 en Nervi\u00f3n al Sevilla. Era la jornada n\u00famero 3 del Campeonato de Liga de Segunda Divisi\u00f3n y el equipo b\u00e9tico continuaba la l\u00ednea de superioridad que le llevar\u00eda esa temporada a proclamarse Campe\u00f3n de la Segunda Divisi\u00f3n y ascender a Primera. A pesar&#8230;<\/p>\n","protected":false},"author":5,"featured_media":30396,"comment_status":"open","ping_status":"open","sticky":false,"template":"","format":"standard","meta":{"_kad_post_transparent":"","_kad_post_title":"","_kad_post_layout":"","_kad_post_sidebar_id":"","_kad_post_content_style":"","_kad_post_vertical_padding":"","_kad_post_feature":"","_kad_post_feature_position":"","_kad_post_header":false,"_kad_post_footer":false,"_kad_post_classname":"","_jetpack_memberships_contains_paid_content":false,"footnotes":"","jetpack_publicize_message":"","jetpack_publicize_feature_enabled":true,"jetpack_social_post_already_shared":true,"jetpack_social_options":{"image_generator_settings":{"template":"highway","default_image_id":0,"font":"","enabled":false},"version":2}},"categories":[899,1],"tags":[1029,2221,17900,603,1113,916],"class_list":["post-30395","post","type-post","status-publish","format-standard","has-post-thumbnail","hentry","category-1930-1939","category-portada","tag-1029","tag-1931-32","tag-liga-segunda-1931-32","tag-nervion","tag-pedro-gonzalez-timimi","tag-sevilla-fc"],"jetpack_publicize_connections":[],"jetpack_featured_media_url":"https:\/\/i0.wp.com\/www.manquepierda.com\/historiarealbetis\/files\/2013\/05\/Timimi-a-hombros-en-Nervi%C3%B3n-1931-NMP-La-Uni%C3%B3n-22-12-1931.jpg?fit=562%2C614&ssl=1","jetpack_sharing_enabled":true,"jetpack_shortlink":"https:\/\/wp.me\/p1ij08-7Uf","jetpack-related-posts":[],"_links":{"self":[{"href":"https:\/\/www.manquepierda.com\/historiarealbetis\/wp-json\/wp\/v2\/posts\/30395","targetHints":{"allow":["GET"]}}],"collection":[{"href":"https:\/\/www.manquepierda.com\/historiarealbetis\/wp-json\/wp\/v2\/posts"}],"about":[{"href":"https:\/\/www.manquepierda.com\/historiarealbetis\/wp-json\/wp\/v2\/types\/post"}],"author":[{"embeddable":true,"href":"https:\/\/www.manquepierda.com\/historiarealbetis\/wp-json\/wp\/v2\/users\/5"}],"replies":[{"embeddable":true,"href":"https:\/\/www.manquepierda.com\/historiarealbetis\/wp-json\/wp\/v2\/comments?post=30395"}],"version-history":[{"count":1,"href":"https:\/\/www.manquepierda.com\/historiarealbetis\/wp-json\/wp\/v2\/posts\/30395\/revisions"}],"predecessor-version":[{"id":97978,"href":"https:\/\/www.manquepierda.com\/historiarealbetis\/wp-json\/wp\/v2\/posts\/30395\/revisions\/97978"}],"wp:featuredmedia":[{"embeddable":true,"href":"https:\/\/www.manquepierda.com\/historiarealbetis\/wp-json\/wp\/v2\/media\/30396"}],"wp:attachment":[{"href":"https:\/\/www.manquepierda.com\/historiarealbetis\/wp-json\/wp\/v2\/media?parent=30395"}],"wp:term":[{"taxonomy":"category","embeddable":true,"href":"https:\/\/www.manquepierda.com\/historiarealbetis\/wp-json\/wp\/v2\/categories?post=30395"},{"taxonomy":"post_tag","embeddable":true,"href":"https:\/\/www.manquepierda.com\/historiarealbetis\/wp-json\/wp\/v2\/tags?post=30395"}],"curies":[{"name":"wp","href":"https:\/\/api.w.org\/{rel}","templated":true}]}}