{"id":30399,"date":"2013-05-31T07:27:46","date_gmt":"2013-05-31T05:27:46","guid":{"rendered":"http:\/\/www.manquepierda.com\/historiarealbetis\/?p=30399"},"modified":"2024-09-06T18:03:40","modified_gmt":"2024-09-06T16:03:40","slug":"levante-betis-liga-1990","status":"publish","type":"post","link":"https:\/\/www.manquepierda.com\/historiarealbetis\/levante-betis-liga-1990\/","title":{"rendered":"Levante-Betis Liga 1990"},"content":{"rendered":"<figure id=\"attachment_30400\" aria-describedby=\"caption-attachment-30400\" style=\"width: 384px\" class=\"wp-caption aligncenter\"><a href=\"https:\/\/www.manquepierda.com\/historiarealbetis\/?attachment_id=30400\" rel=\"attachment wp-att-30400\"><img data-recalc-dims=\"1\" loading=\"lazy\" decoding=\"async\" class=\"size-full wp-image-30400\" alt=\"Fuente: ABC 12 de febrero de 1990\" src=\"https:\/\/i0.wp.com\/www.manquepierda.com\/historiarealbetis\/files\/2013\/05\/Mayo-30-Levante-Betis-Liga-1990-ABC-12-02-1990.jpg?resize=384%2C318&#038;ssl=1\" width=\"384\" height=\"318\" srcset=\"https:\/\/i0.wp.com\/www.manquepierda.com\/historiarealbetis\/files\/2013\/05\/Mayo-30-Levante-Betis-Liga-1990-ABC-12-02-1990.jpg?w=384&amp;ssl=1 384w, https:\/\/i0.wp.com\/www.manquepierda.com\/historiarealbetis\/files\/2013\/05\/Mayo-30-Levante-Betis-Liga-1990-ABC-12-02-1990.jpg?resize=220%2C182&amp;ssl=1 220w\" sizes=\"auto, (max-width: 384px) 100vw, 384px\" \/><\/a><figcaption id=\"caption-attachment-30400\" class=\"wp-caption-text\">Fuente: ABC 12 de febrero de 1990<\/figcaption><\/figure>\n<p>11 de febrero de 1990 en el Nou Estadi\u00a0\u00a0 Levante 1 Betis 1;\u00a0 jornada 23 del Campeonato de Liga de Segunda Divisi\u00f3n.<\/p>\n<p>En la imagen el jugador b\u00e9tico Zafra disputa un bal\u00f3n con la defensa levantinista. Al fondo Jos\u00e9 Luis y Julio.<\/p>\n<p>En el minuto 3 Iranzo adelant\u00f3 al equipo levantinista, empatando Mel para el Betis en el 55.<\/p>\n<p>Roberto Alvarez entrenaba al Levante y Juan Corbacho al Betis.<\/p>\n<p>&nbsp;<\/p>\n","protected":false},"excerpt":{"rendered":"<p>11 de febrero de 1990 en el Nou Estadi\u00a0\u00a0 Levante 1 Betis 1;\u00a0 jornada 23 del Campeonato de Liga de Segunda Divisi\u00f3n. En la imagen el jugador b\u00e9tico Zafra disputa un bal\u00f3n con la defensa levantinista. Al fondo Jos\u00e9 Luis y Julio. En el minuto 3 Iranzo adelant\u00f3 al equipo levantinista, empatando Mel para el&#8230;<\/p>\n","protected":false},"author":5,"featured_media":30400,"comment_status":"open","ping_status":"open","sticky":false,"template":"","format":"standard","meta":{"_kad_post_transparent":"","_kad_post_title":"","_kad_post_layout":"","_kad_post_sidebar_id":"","_kad_post_content_style":"","_kad_post_vertical_padding":"","_kad_post_feature":"","_kad_post_feature_position":"","_kad_post_header":false,"_kad_post_footer":false,"_kad_post_classname":"","_jetpack_memberships_contains_paid_content":false,"footnotes":"","jetpack_publicize_message":"","jetpack_publicize_feature_enabled":true,"jetpack_social_post_already_shared":true,"jetpack_social_options":{"image_generator_settings":{"template":"highway","default_image_id":0,"font":"","enabled":false},"version":2}},"categories":[905,1],"tags":[2228,2421,1148,4044,1417,9616,17870],"class_list":["post-30399","post","type-post","status-publish","format-standard","has-post-thumbnail","hentry","category-1990-1999","category-portada","tag-1989-90","tag-2421","tag-francisco-javier-zafra","tag-jose-luis-vara","tag-julio-garcia","tag-levante-ud","tag-liga-segunda-1989-90"],"jetpack_publicize_connections":[],"jetpack_featured_media_url":"https:\/\/i0.wp.com\/www.manquepierda.com\/historiarealbetis\/files\/2013\/05\/Mayo-30-Levante-Betis-Liga-1990-ABC-12-02-1990.jpg?fit=384%2C318&ssl=1","jetpack_sharing_enabled":true,"jetpack_shortlink":"https:\/\/wp.me\/p1ij08-7Uj","jetpack-related-posts":[],"_links":{"self":[{"href":"https:\/\/www.manquepierda.com\/historiarealbetis\/wp-json\/wp\/v2\/posts\/30399","targetHints":{"allow":["GET"]}}],"collection":[{"href":"https:\/\/www.manquepierda.com\/historiarealbetis\/wp-json\/wp\/v2\/posts"}],"about":[{"href":"https:\/\/www.manquepierda.com\/historiarealbetis\/wp-json\/wp\/v2\/types\/post"}],"author":[{"embeddable":true,"href":"https:\/\/www.manquepierda.com\/historiarealbetis\/wp-json\/wp\/v2\/users\/5"}],"replies":[{"embeddable":true,"href":"https:\/\/www.manquepierda.com\/historiarealbetis\/wp-json\/wp\/v2\/comments?post=30399"}],"version-history":[{"count":1,"href":"https:\/\/www.manquepierda.com\/historiarealbetis\/wp-json\/wp\/v2\/posts\/30399\/revisions"}],"predecessor-version":[{"id":95303,"href":"https:\/\/www.manquepierda.com\/historiarealbetis\/wp-json\/wp\/v2\/posts\/30399\/revisions\/95303"}],"wp:featuredmedia":[{"embeddable":true,"href":"https:\/\/www.manquepierda.com\/historiarealbetis\/wp-json\/wp\/v2\/media\/30400"}],"wp:attachment":[{"href":"https:\/\/www.manquepierda.com\/historiarealbetis\/wp-json\/wp\/v2\/media?parent=30399"}],"wp:term":[{"taxonomy":"category","embeddable":true,"href":"https:\/\/www.manquepierda.com\/historiarealbetis\/wp-json\/wp\/v2\/categories?post=30399"},{"taxonomy":"post_tag","embeddable":true,"href":"https:\/\/www.manquepierda.com\/historiarealbetis\/wp-json\/wp\/v2\/tags?post=30399"}],"curies":[{"name":"wp","href":"https:\/\/api.w.org\/{rel}","templated":true}]}}