{"id":30415,"date":"2013-05-30T19:55:18","date_gmt":"2013-05-30T17:55:18","guid":{"rendered":"http:\/\/www.manquepierda.com\/historiarealbetis\/?p=30415"},"modified":"2024-08-19T10:32:40","modified_gmt":"2024-08-19T08:32:40","slug":"1945-mayo-31-amistoso-club-deportivo-malaga-1-vs-real-betis-balompie-2-goles","status":"publish","type":"post","link":"https:\/\/www.manquepierda.com\/historiarealbetis\/1945-mayo-31-amistoso-club-deportivo-malaga-1-vs-real-betis-balompie-2-goles\/","title":{"rendered":"1945-Mayo 31-Amistoso.-CDM\u00e1laga-1Real Betis Balompi\u00e9-2.-71Aniversario."},"content":{"rendered":"<p style=\"text-align: right\"><img data-recalc-dims=\"1\" loading=\"lazy\" decoding=\"async\" class=\"alignright size-full wp-image-49991\" src=\"https:\/\/i0.wp.com\/www.manquepierda.com\/historiarealbetis\/files\/2013\/05\/entrada-principal-la-rosaleda.jpg?resize=592%2C324&#038;ssl=1\" alt=\"entrada-principal-la-rosaleda\" width=\"592\" height=\"324\" srcset=\"https:\/\/i0.wp.com\/www.manquepierda.com\/historiarealbetis\/files\/2013\/05\/entrada-principal-la-rosaleda.jpg?w=592&amp;ssl=1 592w, https:\/\/i0.wp.com\/www.manquepierda.com\/historiarealbetis\/files\/2013\/05\/entrada-principal-la-rosaleda.jpg?resize=220%2C120&amp;ssl=1 220w\" sizes=\"auto, (max-width: 592px) 100vw, 592px\" \/><\/p>\n<p style=\"text-align: justify\">1945-MAYO 31-JUEVES-FESTIVIDAD CORPUS CHRISTI.-ESTADIO \u00abLA ROSALEDA\u00bb (Inauguraci\u00f3n oficial domingo 14 de Septiembre 1941.-ENCUENTRO AMISTOSO.<\/p>\n<p style=\"text-align: justify\">Desde el lunes 24 de Abril de 1944 hasta el lunes 28 de Octubre de 1946.-Presidente don Francisco<img data-recalc-dims=\"1\" loading=\"lazy\" decoding=\"async\" class=\"alignright size-thumbnail wp-image-49992\" src=\"https:\/\/i0.wp.com\/www.manquepierda.com\/historiarealbetis\/files\/2013\/05\/FNE.jpg?resize=163%2C220&#038;ssl=1\" alt=\"FNE\" width=\"163\" height=\"220\" srcset=\"https:\/\/i0.wp.com\/www.manquepierda.com\/historiarealbetis\/files\/2013\/05\/FNE.jpg?resize=163%2C220&amp;ssl=1 163w, https:\/\/i0.wp.com\/www.manquepierda.com\/historiarealbetis\/files\/2013\/05\/FNE.jpg?w=400&amp;ssl=1 400w\" sizes=\"auto, (max-width: 163px) 100vw, 163px\" \/> ESPEJO Nevot.<\/p>\n<p style=\"text-align: justify\"><img data-recalc-dims=\"1\" loading=\"lazy\" decoding=\"async\" class=\"alignleft size-thumbnail wp-image-49993\" src=\"https:\/\/i0.wp.com\/www.manquepierda.com\/historiarealbetis\/files\/2013\/05\/AIC.jpg?resize=145%2C220&#038;ssl=1\" alt=\"AIC\" width=\"145\" height=\"220\" srcset=\"https:\/\/i0.wp.com\/www.manquepierda.com\/historiarealbetis\/files\/2013\/05\/AIC.jpg?resize=145%2C220&amp;ssl=1 145w, https:\/\/i0.wp.com\/www.manquepierda.com\/historiarealbetis\/files\/2013\/05\/AIC.jpg?resize=396%2C600&amp;ssl=1 396w, https:\/\/i0.wp.com\/www.manquepierda.com\/historiarealbetis\/files\/2013\/05\/AIC.jpg?w=400&amp;ssl=1 400w\" sizes=\"auto, (max-width: 145px) 100vw, 145px\" \/>Desde el mi\u00e9rcoles 14 de Marzo de 1945 hasta el jueves 21 de Noviembre de 1946.-Entrenador Antonio IZNATA Urbano (a)\u00a0 \u00abCHALES\u00bb.<\/p>\n<p style=\"text-align: justify\"><em>Fuentes.-Cortes\u00eda de \u00abAmigos Malaguistas\u00bb y \u00abLa Rosaleda, el Palacio de M\u00e1laga\u00bb.<\/em><\/p>\n<p style=\"text-align: center\"><img data-recalc-dims=\"1\" loading=\"lazy\" decoding=\"async\" class=\"aligncenter size-thumbnail wp-image-49994\" src=\"https:\/\/i0.wp.com\/www.manquepierda.com\/historiarealbetis\/files\/2013\/05\/Marcador.jpg?resize=203%2C220&#038;ssl=1\" alt=\"Marcador\" width=\"203\" height=\"220\" srcset=\"https:\/\/i0.wp.com\/www.manquepierda.com\/historiarealbetis\/files\/2013\/05\/Marcador.jpg?resize=203%2C220&amp;ssl=1 203w, https:\/\/i0.wp.com\/www.manquepierda.com\/historiarealbetis\/files\/2013\/05\/Marcador.jpg?w=385&amp;ssl=1 385w\" sizes=\"auto, (max-width: 203px) 100vw, 203px\" \/><\/p>\n<p style=\"text-align: center\"><strong>TERCERA DIVISI\u00d3N-GRUPO IX.-CLUB DEPORTIVO M\u00c1LAGA-1 Tanto.<\/strong><\/p>\n<p style=\"text-align: justify\">1944-1945.-PLANTILLA.-Algunos de ellos pudieron jugar, no localizados por no existir cr\u00f3nica prensa digital.<\/p>\n<p style=\"text-align: center\">AROMA-BACETA-BACHILLER-CASANOVA-EMILIO-FUENTES-GARC\u00cdA-GAST\u00d3N-JUNCO-JURADO-LECUE-MENDARO-MONTORO-OLIVARES-ORTEGA-PASTOR JIM\u00c9NEZ-PERALTA-SALAZAR-SALVADOR-SASO-TEO-TOMAS\u00cdN-TRIGUEROS.<\/p>\n<p style=\"text-align: center\"><strong>Reforzado\u00a0 por los jugadores b\u00e9ticos:<\/strong><\/p>\n<p style=\"text-align: justify\"><strong>Delantero.-Jos\u00e9 PINEDA \u00c1lvarez (20 a\u00f1os+11 meses+4 d\u00edas)-Natural de Alcal\u00e1 de Guadaira <img data-recalc-dims=\"1\" loading=\"lazy\" decoding=\"async\" class=\"alignright size-thumbnail wp-image-49995\" src=\"https:\/\/i0.wp.com\/www.manquepierda.com\/historiarealbetis\/files\/2013\/05\/Jos%C3%A9-PINEDA-%C3%81lvarez.jpg?resize=148%2C220&#038;ssl=1\" alt=\"Jos\u00e9 PINEDA \u00c1lvarez\" width=\"148\" height=\"220\" srcset=\"https:\/\/i0.wp.com\/www.manquepierda.com\/historiarealbetis\/files\/2013\/05\/Jos%C3%A9-PINEDA-%C3%81lvarez.jpg?resize=148%2C220&amp;ssl=1 148w, https:\/\/i0.wp.com\/www.manquepierda.com\/historiarealbetis\/files\/2013\/05\/Jos%C3%A9-PINEDA-%C3%81lvarez.jpg?w=200&amp;ssl=1 200w\" sizes=\"auto, (max-width: 148px) 100vw, 148px\" \/>(Sevilla), martes 27 de Mayo de 1924.-Obituario, jueves 22 de junio de 2000 (76 A\u00f1os+2 meses menos 5 d\u00edas) D. E. P.<\/strong><\/p>\n<p style=\"text-align: justify\"><strong><img data-recalc-dims=\"1\" loading=\"lazy\" decoding=\"async\" class=\"alignleft size-thumbnail wp-image-49996\" src=\"https:\/\/i0.wp.com\/www.manquepierda.com\/historiarealbetis\/files\/2013\/05\/ROLD%C3%81N-Ram%C3%B3n-Blanco-Jim%C3%A9nez.jpg?resize=156%2C220&#038;ssl=1\" alt=\"ROLD\u00c1N-Ram\u00f3n Blanco Jim\u00e9nez\" width=\"156\" height=\"220\" srcset=\"https:\/\/i0.wp.com\/www.manquepierda.com\/historiarealbetis\/files\/2013\/05\/ROLD%C3%81N-Ram%C3%B3n-Blanco-Jim%C3%A9nez.jpg?resize=156%2C220&amp;ssl=1 156w, https:\/\/i0.wp.com\/www.manquepierda.com\/historiarealbetis\/files\/2013\/05\/ROLD%C3%81N-Ram%C3%B3n-Blanco-Jim%C3%A9nez.jpg?w=202&amp;ssl=1 202w\" sizes=\"auto, (max-width: 156px) 100vw, 156px\" \/>Centro Delantero.-Ram\u00f3n Blanco Jim\u00e9nez (a) \u00abEl Pollito Rold\u00e1n\u00bb (23 a\u00f1os+5 meses+8 d\u00edas)-Natural de Puerto Real (C\u00e1diz), viernes 23 de Diciembre de 1921.-Obituario en C\u00e1diz, martes 27 de Julio de 2004 (82 A\u00f1os+7 meses+4 d\u00edas) D. E. P.<\/strong><\/p>\n<p style=\"text-align: center\"><em><strong>VS:<\/strong><\/em><\/p>\n<p style=\"text-align: justify\"><em><strong>XXXII Presidente Real Betis Balompi\u00e9, don Eduardo BENJUMEA V\u00e1zquez y Armero-<img data-recalc-dims=\"1\" loading=\"lazy\" decoding=\"async\" class=\"alignright size-thumbnail wp-image-49998\" src=\"https:\/\/i0.wp.com\/www.manquepierda.com\/historiarealbetis\/files\/2013\/05\/EduardoBENJUMEAV%C3%A1zquezArmero1944-1945-1.jpg?resize=220%2C216&#038;ssl=1\" alt=\"EduardoBENJUMEAV\u00e1zquezArmero1944-1945\" width=\"220\" height=\"216\" \/>Ilustre Letrado (43 a\u00f1os+6 meses+4 d\u00edas)-Natural de Sevilla, mi\u00e9rcoles 27 de Noviembre de 1901.-Obituario en el balneario de Zestoa (Guip\u00fazcoa), domingo 30 de Julio de 1961 (59 A\u00f1os+8 meses+3 d\u00edas) D. E. P.<\/strong><\/em><\/p>\n<p style=\"text-align: justify\"><strong><img data-recalc-dims=\"1\" loading=\"lazy\" decoding=\"async\" class=\"alignleft size-thumbnail wp-image-49999\" src=\"https:\/\/i0.wp.com\/www.manquepierda.com\/historiarealbetis\/files\/2013\/05\/PERAL-Jos%C3%A9-Su%C3%A1rez-Gonz%C3%A1lez.jpg?resize=147%2C220&#038;ssl=1\" alt=\"PERAL-Jos\u00e9 Su\u00e1rez Gonz\u00e1lez\" width=\"147\" height=\"220\" srcset=\"https:\/\/i0.wp.com\/www.manquepierda.com\/historiarealbetis\/files\/2013\/05\/PERAL-Jos%C3%A9-Su%C3%A1rez-Gonz%C3%A1lez.jpg?resize=147%2C220&amp;ssl=1 147w, https:\/\/i0.wp.com\/www.manquepierda.com\/historiarealbetis\/files\/2013\/05\/PERAL-Jos%C3%A9-Su%C3%A1rez-Gonz%C3%A1lez.jpg?resize=401%2C600&amp;ssl=1 401w, https:\/\/i0.wp.com\/www.manquepierda.com\/historiarealbetis\/files\/2013\/05\/PERAL-Jos%C3%A9-Su%C3%A1rez-Gonz%C3%A1lez.jpg?resize=468%2C700&amp;ssl=1 468w, https:\/\/i0.wp.com\/www.manquepierda.com\/historiarealbetis\/files\/2013\/05\/PERAL-Jos%C3%A9-Su%C3%A1rez-Gonz%C3%A1lez.jpg?w=724&amp;ssl=1 724w\" sizes=\"auto, (max-width: 147px) 100vw, 147px\" \/>2-2 Entrenador Temporada 1944-1945 (sustituyendo a Andr\u00e9s Aranda Guti\u00e9rrez).-Jos\u00e9 Su\u00e1rez Gonz\u00e1lez (a) \u00abPERAL\u00bb (34 a\u00f1os+1 mes+21 d\u00edas)-Natural de Sevilla, lunes 10 de Abril de 1911.-\u00cddem, domingo 28 de Mayo de 1967 (56 A\u00f1os+1 mes+18 d\u00edas) D. E. P.<\/strong><\/p>\n<p style=\"text-align: center\"><strong><img data-recalc-dims=\"1\" loading=\"lazy\" decoding=\"async\" class=\"aligncenter size-full wp-image-49900\" src=\"https:\/\/i0.wp.com\/www.manquepierda.com\/historiarealbetis\/files\/2016\/05\/1941-RBB-1.jpg?resize=154%2C154&#038;ssl=1\" alt=\"1941-RBB\" width=\"154\" height=\"154\" \/>X <\/strong><em><strong>Segunda Divisi\u00f3n.-REAL BETIS BALOMPI\u00c9-2 GOLES.<\/strong><\/em><\/p>\n<p style=\"text-align: center\"><img data-recalc-dims=\"1\" loading=\"lazy\" decoding=\"async\" class=\"aligncenter size-full wp-image-50001\" src=\"https:\/\/i0.wp.com\/www.manquepierda.com\/historiarealbetis\/files\/2013\/05\/Fernando-TABALES-Prieto.jpg?resize=98%2C144&#038;ssl=1\" alt=\"Fernando TABALES Prieto\" width=\"98\" height=\"144\" \/><\/p>\n<p style=\"text-align: justify\"><strong>1-Guardameta (1 tanto encajado).-Fernando TABALES Prieto (30 a\u00f1os+8 meses+7 d\u00edas)-Natural de Sevilla, jueves 24 de Septiembre de 1914.-\u00cddem, lunes 23 de Mayo de 1983 (68 \u00f1os+8 meses+5 d\u00edas) D. E. P.<\/strong><\/p>\n<p style=\"text-align: center\">Zagueros:<\/p>\n<p style=\"text-align: center\"><img data-recalc-dims=\"1\" loading=\"lazy\" decoding=\"async\" class=\"aligncenter size-thumbnail wp-image-50005\" src=\"https:\/\/i0.wp.com\/www.manquepierda.com\/historiarealbetis\/files\/2013\/05\/Rafael-Mart%C3%ADnez-CASTILLO.jpg?resize=143%2C220&#038;ssl=1\" alt=\"Rafael Mart\u00ednez CASTILLO\" width=\"143\" height=\"220\" srcset=\"https:\/\/i0.wp.com\/www.manquepierda.com\/historiarealbetis\/files\/2013\/05\/Rafael-Mart%C3%ADnez-CASTILLO.jpg?resize=143%2C220&amp;ssl=1 143w, https:\/\/i0.wp.com\/www.manquepierda.com\/historiarealbetis\/files\/2013\/05\/Rafael-Mart%C3%ADnez-CASTILLO.jpg?w=179&amp;ssl=1 179w\" sizes=\"auto, (max-width: 143px) 100vw, 143px\" \/><\/p>\n<p style=\"text-align: justify\"><strong>2-Lateral Diestro-Rafael Mart\u00ednez CASTILLO (22 a\u00f1os+8 meses+29 d\u00edas)-Natural de Sevilla, s\u00e1bado 02 de Septiembre de 1922.-\u00cddem, martes 04 de Marzo de 2003 (80 A\u00f1os+6 meses+2 d\u00edas) D. E. P.<br \/>\n<\/strong><\/p>\n<p style=\"text-align: center\"><img data-recalc-dims=\"1\" loading=\"lazy\" decoding=\"async\" class=\"aligncenter size-thumbnail wp-image-50006\" src=\"https:\/\/i0.wp.com\/www.manquepierda.com\/historiarealbetis\/files\/2013\/05\/Tomas%C3%ADn.jpg?resize=148%2C220&#038;ssl=1\" alt=\"Tomas\u00edn\" width=\"148\" height=\"220\" srcset=\"https:\/\/i0.wp.com\/www.manquepierda.com\/historiarealbetis\/files\/2013\/05\/Tomas%C3%ADn.jpg?resize=148%2C220&amp;ssl=1 148w, https:\/\/i0.wp.com\/www.manquepierda.com\/historiarealbetis\/files\/2013\/05\/Tomas%C3%ADn.jpg?resize=404%2C600&amp;ssl=1 404w, https:\/\/i0.wp.com\/www.manquepierda.com\/historiarealbetis\/files\/2013\/05\/Tomas%C3%ADn.jpg?w=460&amp;ssl=1 460w\" sizes=\"auto, (max-width: 148px) 100vw, 148px\" \/><\/p>\n<p style=\"text-align: justify\"><strong>3-Lateral Zurdo-Rafael Holgu\u00edn Guill\u00e9n (a) \u00abTOMAS\u00cdN\u00bb (25 a\u00f1os+8 meses+7 d\u00edas)-Natural de Sevilla, mi\u00e9rcoles 24 de Septiembre de 1919.-\u00cddem, martes 16 de Noviembre de 2004 (85 A\u00f1os+2 meses menos 8 d\u00edas) D. E. P.<br \/>\n<\/strong><\/p>\n<p style=\"text-align: center\">Medios:<\/p>\n<p style=\"text-align: center\"><img data-recalc-dims=\"1\" loading=\"lazy\" decoding=\"async\" class=\"aligncenter size-thumbnail wp-image-50007\" src=\"https:\/\/i0.wp.com\/www.manquepierda.com\/historiarealbetis\/files\/2013\/05\/MORITA-Antonio-Mora-%C3%81lvarez.1.jpg?resize=143%2C220&#038;ssl=1\" alt=\"MORITA-Antonio Mora \u00c1lvarez.1\" width=\"143\" height=\"220\" srcset=\"https:\/\/i0.wp.com\/www.manquepierda.com\/historiarealbetis\/files\/2013\/05\/MORITA-Antonio-Mora-%C3%81lvarez.1.jpg?resize=143%2C220&amp;ssl=1 143w, https:\/\/i0.wp.com\/www.manquepierda.com\/historiarealbetis\/files\/2013\/05\/MORITA-Antonio-Mora-%C3%81lvarez.1.jpg?resize=391%2C600&amp;ssl=1 391w, https:\/\/i0.wp.com\/www.manquepierda.com\/historiarealbetis\/files\/2013\/05\/MORITA-Antonio-Mora-%C3%81lvarez.1.jpg?resize=456%2C700&amp;ssl=1 456w, https:\/\/i0.wp.com\/www.manquepierda.com\/historiarealbetis\/files\/2013\/05\/MORITA-Antonio-Mora-%C3%81lvarez.1.jpg?w=464&amp;ssl=1 464w\" sizes=\"auto, (max-width: 143px) 100vw, 143px\" \/><\/p>\n<p style=\"text-align: justify\"><strong>4-Diestro-Antonio Mora \u00c1lvarez (a) \u00abMORITA\u00bb (24 a\u00f1os+9 meses+8 d\u00edas)-Natural de Sevilla, mi\u00e9rcoles 11 de Agosto de 1920.-\u00cddem, domingo 25 de Junio de 2000 (79 A\u00f1os+10 meses+2 d\u00edas) D. E. P.<br \/>\n<\/strong><\/p>\n<p style=\"text-align: center\"><img data-recalc-dims=\"1\" loading=\"lazy\" decoding=\"async\" class=\"aligncenter size-thumbnail wp-image-50008\" src=\"https:\/\/i0.wp.com\/www.manquepierda.com\/historiarealbetis\/files\/2013\/05\/Jos%C3%A9-RUIZ-L%C3%B3pez.jpg?resize=124%2C220&#038;ssl=1\" alt=\"Jos\u00e9 RUIZ L\u00f3pez\" width=\"124\" height=\"220\" srcset=\"https:\/\/i0.wp.com\/www.manquepierda.com\/historiarealbetis\/files\/2013\/05\/Jos%C3%A9-RUIZ-L%C3%B3pez.jpg?resize=124%2C220&amp;ssl=1 124w, https:\/\/i0.wp.com\/www.manquepierda.com\/historiarealbetis\/files\/2013\/05\/Jos%C3%A9-RUIZ-L%C3%B3pez.jpg?resize=339%2C600&amp;ssl=1 339w, https:\/\/i0.wp.com\/www.manquepierda.com\/historiarealbetis\/files\/2013\/05\/Jos%C3%A9-RUIZ-L%C3%B3pez.jpg?resize=396%2C700&amp;ssl=1 396w, https:\/\/i0.wp.com\/www.manquepierda.com\/historiarealbetis\/files\/2013\/05\/Jos%C3%A9-RUIZ-L%C3%B3pez.jpg?w=416&amp;ssl=1 416w\" sizes=\"auto, (max-width: 124px) 100vw, 124px\" \/><\/p>\n<p style=\"text-align: center\"><strong>5-Centro-Jos\u00e9 RUIZ L\u00d3PEZ.<\/strong><\/p>\n<p style=\"text-align: justify\"><strong>6-Zurdo-MATEO.<\/strong><\/p>\n<p style=\"text-align: center\">Delanteros:<\/p>\n<p style=\"text-align: center\"><img data-recalc-dims=\"1\" loading=\"lazy\" decoding=\"async\" class=\"aligncenter size-thumbnail wp-image-50009\" src=\"https:\/\/i0.wp.com\/www.manquepierda.com\/historiarealbetis\/files\/2013\/05\/saro.1.png?resize=188%2C220&#038;ssl=1\" alt=\"saro.1\" width=\"188\" height=\"220\" srcset=\"https:\/\/i0.wp.com\/www.manquepierda.com\/historiarealbetis\/files\/2013\/05\/saro.1.png?resize=188%2C220&amp;ssl=1 188w, https:\/\/i0.wp.com\/www.manquepierda.com\/historiarealbetis\/files\/2013\/05\/saro.1.png?w=191&amp;ssl=1 191w\" sizes=\"auto, (max-width: 188px) 100vw, 188px\" \/><\/p>\n<p style=\"text-align: justify\"><strong>7-Extremo Diestro-\u00c1ngel Mart\u00edn Rodr\u00edguez (a) \u00abSARO\u00bb (36 a\u00f1os+2 meses+30 d\u00edas)-Natural de Valladolid, lunes 1\u00ba de Marzo de 1909.-Obituario, lunes 13 de Enero de 1975 (65 A\u00f1os+10 meses+12 d\u00edas) D. E. P.<br \/>\n<\/strong><\/p>\n<p style=\"text-align: center\"><img data-recalc-dims=\"1\" loading=\"lazy\" decoding=\"async\" class=\"aligncenter size-thumbnail wp-image-49703\" src=\"https:\/\/i0.wp.com\/www.manquepierda.com\/historiarealbetis\/files\/2016\/05\/Antonio-PE%C3%91A-Romero.jpg?resize=171%2C220&#038;ssl=1\" alt=\"Antonio PE\u00d1A Romero\" width=\"171\" height=\"220\" srcset=\"https:\/\/i0.wp.com\/www.manquepierda.com\/historiarealbetis\/files\/2016\/05\/Antonio-PE%C3%91A-Romero.jpg?resize=171%2C220&amp;ssl=1 171w, https:\/\/i0.wp.com\/www.manquepierda.com\/historiarealbetis\/files\/2016\/05\/Antonio-PE%C3%91A-Romero.jpg?resize=466%2C600&amp;ssl=1 466w, https:\/\/i0.wp.com\/www.manquepierda.com\/historiarealbetis\/files\/2016\/05\/Antonio-PE%C3%91A-Romero.jpg?w=516&amp;ssl=1 516w\" sizes=\"auto, (max-width: 171px) 100vw, 171px\" \/><\/p>\n<p style=\"text-align: justify\"><strong>8-Antonio PE\u00d1A Romero (22 a\u00f1os+4 meses+30 d\u00edas)-Natural de Sevilla, lunes 1\u00ba de Enero de 1923.-\u00cddem, jueves 12 de Diciembre de 1991 (68 A\u00f1os+11 meses+11 d\u00edas) D. E. P.<br \/>\n<\/strong><\/p>\n<p style=\"text-align: justify\"><strong>9-Centro delantero-Ariete-RUIZ.-Logr\u00f3 1 gol*<br \/>\n<\/strong><\/p>\n<p style=\"text-align: center\"><img data-recalc-dims=\"1\" loading=\"lazy\" decoding=\"async\" class=\"aligncenter size-thumbnail wp-image-50013\" src=\"https:\/\/i0.wp.com\/www.manquepierda.com\/historiarealbetis\/files\/2013\/05\/Jos%C3%A9MontalvoBarrag%C3%A1n-1.jpg?resize=134%2C220&#038;ssl=1\" alt=\"Jos\u00e9MontalvoBarrag\u00e1n\" width=\"134\" height=\"220\" \/><\/p>\n<p style=\"text-align: justify\"><strong>*10-Interior Zurdo (marc\u00f3 1 gol)-Jos\u00e9 MONTALVO Barrag\u00e1n (20 a\u00f1os+5 meses+4 d\u00edas)-Natural de Sevilla, s\u00e1bado 27 de Diciembre de 1924.-\u00cddem, 00-00-2004 (79 A\u00f1os) D. E. P.<br \/>\n<\/strong><\/p>\n<p style=\"text-align: center\"><img data-recalc-dims=\"1\" loading=\"lazy\" decoding=\"async\" class=\"aligncenter size-thumbnail wp-image-50014\" src=\"https:\/\/i0.wp.com\/www.manquepierda.com\/historiarealbetis\/files\/2013\/05\/Jos%C3%A9-BOH%C3%93RQUEZ-Salado.1.jpg?resize=143%2C220&#038;ssl=1\" alt=\"Jos\u00e9 BOH\u00d3RQUEZ Salado.1\" width=\"143\" height=\"220\" srcset=\"https:\/\/i0.wp.com\/www.manquepierda.com\/historiarealbetis\/files\/2013\/05\/Jos%C3%A9-BOH%C3%93RQUEZ-Salado.1.jpg?resize=143%2C220&amp;ssl=1 143w, https:\/\/i0.wp.com\/www.manquepierda.com\/historiarealbetis\/files\/2013\/05\/Jos%C3%A9-BOH%C3%93RQUEZ-Salado.1.jpg?resize=391%2C600&amp;ssl=1 391w, https:\/\/i0.wp.com\/www.manquepierda.com\/historiarealbetis\/files\/2013\/05\/Jos%C3%A9-BOH%C3%93RQUEZ-Salado.1.jpg?w=456&amp;ssl=1 456w\" sizes=\"auto, (max-width: 143px) 100vw, 143px\" \/><\/p>\n<p style=\"text-align: justify\"><strong>11-Extremo Zurdo-Jos\u00e9 BOH\u00d3RQUEZ Salado (22 a\u00f1os+10 meses+6 d\u00edas)-Natural de Sevilla, martes 25 de Julio de 1922.-\u00cddem, viernes 16 de Noviembre de 1990 (67 A\u00f1os+4 meses menos 9 d\u00edas) D. E. P.<br \/>\n<\/strong><\/p>\n<p style=\"text-align: center\"><em><strong>\u00a0<\/strong><\/em><\/p>\n<p style=\"text-align: center\"><em><strong>\u00a0<\/strong><\/em><\/p>\n<p style=\"text-align: center\"><em><strong>\u00a0<\/strong><\/em><\/p>\n<p style=\"text-align: center\"><em><strong>\u00a0<\/strong><\/em><\/p>\n<p style=\"text-align: center\"><em><strong>\u00a0<\/strong><\/em><\/p>\n<p style=\"text-align: center\"><em><strong>\u00a0<\/strong><\/em><\/p>\n<p style=\"text-align: center\"><em><strong>\u00a0<\/strong><\/em><\/p>\n<p style=\"text-align: center\"><em><strong>\u00a0<\/strong><\/em><\/p>\n<p style=\"text-align: left\"><em><strong>\u00a0<\/strong><\/em><\/p>\n","protected":false},"excerpt":{"rendered":"<p>1945-MAYO 31-JUEVES-FESTIVIDAD CORPUS CHRISTI.-ESTADIO \u00abLA ROSALEDA\u00bb (Inauguraci\u00f3n oficial domingo 14 de Septiembre 1941.-ENCUENTRO AMISTOSO. Desde el lunes 24 de Abril de 1944 hasta el lunes 28 de Octubre de 1946.-Presidente don Francisco ESPEJO Nevot. Desde el mi\u00e9rcoles 14 de Marzo de 1945 hasta el jueves 21 de Noviembre de 1946.-Entrenador Antonio IZNATA Urbano (a)\u00a0 \u00abCHALES\u00bb&#8230;.<\/p>\n","protected":false},"author":48,"featured_media":49991,"comment_status":"open","ping_status":"open","sticky":false,"template":"","format":"standard","meta":{"_kad_post_transparent":"","_kad_post_title":"","_kad_post_layout":"","_kad_post_sidebar_id":"","_kad_post_content_style":"","_kad_post_vertical_padding":"","_kad_post_feature":"","_kad_post_feature_position":"","_kad_post_header":false,"_kad_post_footer":false,"_kad_post_classname":"","_jetpack_memberships_contains_paid_content":false,"footnotes":"","jetpack_publicize_message":"","jetpack_publicize_feature_enabled":true,"jetpack_social_post_already_shared":true,"jetpack_social_options":{"image_generator_settings":{"template":"highway","default_image_id":0,"font":"","enabled":false},"version":2}},"categories":[900,906,1],"tags":[2626,1222,1497],"class_list":["post-30415","post","type-post","status-publish","format-standard","has-post-thumbnail","hentry","category-1940-1949","category-investigacion-temas","category-portada","tag-1944-45","tag-1222","tag-cd-malaga"],"jetpack_publicize_connections":[],"jetpack_featured_media_url":"https:\/\/i0.wp.com\/www.manquepierda.com\/historiarealbetis\/files\/2013\/05\/entrada-principal-la-rosaleda.jpg?fit=592%2C324&ssl=1","jetpack_sharing_enabled":true,"jetpack_shortlink":"https:\/\/wp.me\/p1ij08-7Uz","jetpack-related-posts":[],"_links":{"self":[{"href":"https:\/\/www.manquepierda.com\/historiarealbetis\/wp-json\/wp\/v2\/posts\/30415","targetHints":{"allow":["GET"]}}],"collection":[{"href":"https:\/\/www.manquepierda.com\/historiarealbetis\/wp-json\/wp\/v2\/posts"}],"about":[{"href":"https:\/\/www.manquepierda.com\/historiarealbetis\/wp-json\/wp\/v2\/types\/post"}],"author":[{"embeddable":true,"href":"https:\/\/www.manquepierda.com\/historiarealbetis\/wp-json\/wp\/v2\/users\/48"}],"replies":[{"embeddable":true,"href":"https:\/\/www.manquepierda.com\/historiarealbetis\/wp-json\/wp\/v2\/comments?post=30415"}],"version-history":[{"count":1,"href":"https:\/\/www.manquepierda.com\/historiarealbetis\/wp-json\/wp\/v2\/posts\/30415\/revisions"}],"predecessor-version":[{"id":97178,"href":"https:\/\/www.manquepierda.com\/historiarealbetis\/wp-json\/wp\/v2\/posts\/30415\/revisions\/97178"}],"wp:featuredmedia":[{"embeddable":true,"href":"https:\/\/www.manquepierda.com\/historiarealbetis\/wp-json\/wp\/v2\/media\/49991"}],"wp:attachment":[{"href":"https:\/\/www.manquepierda.com\/historiarealbetis\/wp-json\/wp\/v2\/media?parent=30415"}],"wp:term":[{"taxonomy":"category","embeddable":true,"href":"https:\/\/www.manquepierda.com\/historiarealbetis\/wp-json\/wp\/v2\/categories?post=30415"},{"taxonomy":"post_tag","embeddable":true,"href":"https:\/\/www.manquepierda.com\/historiarealbetis\/wp-json\/wp\/v2\/tags?post=30415"}],"curies":[{"name":"wp","href":"https:\/\/api.w.org\/{rel}","templated":true}]}}