{"id":30501,"date":"2013-06-02T20:11:26","date_gmt":"2013-06-02T18:11:26","guid":{"rendered":"http:\/\/www.manquepierda.com\/historiarealbetis\/?p=30501"},"modified":"2024-09-03T18:08:33","modified_gmt":"2024-09-03T16:08:33","slug":"1967-junio-03-14-final-juvenilestriana-balompie-real-betis-balompie-vs-hercules-cf","status":"publish","type":"post","link":"https:\/\/www.manquepierda.com\/historiarealbetis\/1967-junio-03-14-final-juvenilestriana-balompie-real-betis-balompie-vs-hercules-cf\/","title":{"rendered":"1967-Junio 03: 1\/4 Final-JuvenilesTriana Balompi\u00e9.-Real Betis Balompi\u00e9 vs. H\u00e9rcules CF."},"content":{"rendered":"<p style=\"text-align: left\"><a href=\"https:\/\/www.manquepierda.com\/historiarealbetis\/30501-1967-junio-03-14-final-juvenilestriana-balompie-real-betis-balompie-vs-hercules-cf\/attachment\/19670603\/\" rel=\"attachment wp-att-30502\"><img data-recalc-dims=\"1\" loading=\"lazy\" decoding=\"async\" class=\"aligncenter size-medium wp-image-30502\" alt=\"19670603\" src=\"https:\/\/i0.wp.com\/www.manquepierda.com\/historiarealbetis\/files\/2013\/06\/19670603-433x600.jpg?resize=433%2C600&#038;ssl=1\" width=\"433\" height=\"600\" \/><\/a><em><strong>1967-JUNIO 03-S\u00e1bado 20&#8217;45 Horas.-ESTADIO \u00abBENITO VILLAMAR\u00cdN\u00bb.-XVII CAMPEONATO DE ESPA\u00d1A JUVENILES-COPA DEL GENERAL\u00cdSIMO 1966-1967-CUARTOS DE FINAL-IDA.<\/strong><\/em><\/p>\n<p style=\"text-align: center\"><strong>Arbitr\u00f3 el colegiado Casas.-Aline\u00f3 \u00e1:<\/strong><\/p>\n<p style=\"text-align: center\"><a href=\"https:\/\/www.manquepierda.com\/historiarealbetis\/30501-1967-junio-03-14-final-juvenilestriana-balompie-real-betis-balompie-vs-hercules-cf\/escudo-triana-balompie-3\/\" rel=\"attachment wp-att-30503\"><img data-recalc-dims=\"1\" loading=\"lazy\" decoding=\"async\" class=\"aligncenter size-thumbnail wp-image-30503\" alt=\"Escudo Triana Balompi\u00e9\" src=\"https:\/\/i0.wp.com\/www.manquepierda.com\/historiarealbetis\/files\/2013\/06\/Escudo-Triana-Balompi%C3%A9.jpeg?resize=200%2C220&#038;ssl=1\" width=\"200\" height=\"220\" srcset=\"https:\/\/i0.wp.com\/www.manquepierda.com\/historiarealbetis\/files\/2013\/06\/Escudo-Triana-Balompi%C3%A9.jpeg?resize=200%2C220&amp;ssl=1 200w, https:\/\/i0.wp.com\/www.manquepierda.com\/historiarealbetis\/files\/2013\/06\/Escudo-Triana-Balompi%C3%A9.jpeg?w=210&amp;ssl=1 210w\" sizes=\"auto, (max-width: 200px) 100vw, 200px\" \/><\/a><\/p>\n<p style=\"text-align: center\"><em><strong>TRIANA BALOMPI\u00c9 (J)-3 GOLES (<\/strong><\/em><strong>1-R\u00cdOS.-1-FERNANDO.-<em>1-<\/em><em>BAENA).<\/em><\/strong><\/p>\n<p style=\"text-align: center\"><em><strong>SIVIANES (Portero).-VIDAL-MORENO-LOLO (Zagueros).-LLANOS-SANCHO (Medios).-NAVARRO-CERDERA-BAENA-IGNACIO-MORA (Delanteros).<\/strong><\/em><\/p>\n<p style=\"text-align: center\">VS.<\/p>\n<p style=\"text-align: center\">Sevilla Club de F\u00fatbol (J)-3 Tantos.<\/p>\n<p style=\"text-align: left\">FERNANDO (Portero).-CRESPILLO-R\u00cdOS-GUERRA (Defensas).-ORTEGA-CHAC\u00d3N II (Medios).-AYALA-JUANITO-TORRES (3 tantos)-JOS\u00c9 LU\u00cdS-MANOL\u00cdN (Delanteros).<\/p>\n<p style=\"text-align: left\"><a href=\"https:\/\/www.manquepierda.com\/historiarealbetis\/29945-1964-mayo-16-cpto-espana-18-final-ida-real-betis-balompie-1-gol-vs-pontevedra-cf-1\/estadio-benito-villamarin-19590606\/\" rel=\"attachment wp-att-29948\"><img data-recalc-dims=\"1\" loading=\"lazy\" decoding=\"async\" class=\"aligncenter size-medium wp-image-29948\" alt=\"Estadio Benito Villamar\u00edn 19590606\" src=\"https:\/\/i0.wp.com\/www.manquepierda.com\/historiarealbetis\/files\/2013\/05\/Estadio-Benito-Villamar%C3%ADn-19590606.jpg?resize=680%2C452&#038;ssl=1\" width=\"680\" height=\"452\" srcset=\"https:\/\/i0.wp.com\/www.manquepierda.com\/historiarealbetis\/files\/2013\/05\/Estadio-Benito-Villamar%C3%ADn-19590606.jpg?resize=680%2C452&amp;ssl=1 680w, https:\/\/i0.wp.com\/www.manquepierda.com\/historiarealbetis\/files\/2013\/05\/Estadio-Benito-Villamar%C3%ADn-19590606.jpg?resize=220%2C146&amp;ssl=1 220w, https:\/\/i0.wp.com\/www.manquepierda.com\/historiarealbetis\/files\/2013\/05\/Estadio-Benito-Villamar%C3%ADn-19590606.jpg?resize=960%2C638&amp;ssl=1 960w, https:\/\/i0.wp.com\/www.manquepierda.com\/historiarealbetis\/files\/2013\/05\/Estadio-Benito-Villamar%C3%ADn-19590606.jpg?resize=1024%2C680&amp;ssl=1 1024w, https:\/\/i0.wp.com\/www.manquepierda.com\/historiarealbetis\/files\/2013\/05\/Estadio-Benito-Villamar%C3%ADn-19590606.jpg?resize=500%2C332&amp;ssl=1 500w\" sizes=\"auto, (max-width: 680px) 100vw, 680px\" \/><\/a><em><strong>1967-JUNIO 03-S\u00c1BADO 22&#8217;30 HORAS-ESTADIO BENITO VILLAMAR\u00cdN-PARTIDO AMISTOSO-ENSAYO GENERAL PROMOCI\u00d3N A PRIMERA DIVISI\u00d3N CONTRA EL GRANADA CLUB DE F\u00daTBOL.-<\/strong><\/em><strong>Arbitr\u00f3 el colegiado del Sur-Sevilla, Ram\u00f3n P\u00e9rez Quinta.-Aline\u00f3 \u00e1:<\/strong><\/p>\n<p style=\"text-align: center\"><a href=\"https:\/\/www.manquepierda.com\/historiarealbetis\/29945-1964-mayo-16-cpto-espana-18-final-ida-real-betis-balompie-1-gol-vs-pontevedra-cf-1\/escudorbb1962-2\/\" rel=\"attachment wp-att-29956\"><img data-recalc-dims=\"1\" loading=\"lazy\" decoding=\"async\" class=\"aligncenter size-medium wp-image-29956\" alt=\"EscudoRBB1962\" src=\"https:\/\/i0.wp.com\/www.manquepierda.com\/historiarealbetis\/files\/2013\/05\/EscudoRBB1962.jpg?resize=680%2C404&#038;ssl=1\" width=\"680\" height=\"404\" srcset=\"https:\/\/i0.wp.com\/www.manquepierda.com\/historiarealbetis\/files\/2013\/05\/EscudoRBB1962.jpg?resize=680%2C404&amp;ssl=1 680w, https:\/\/i0.wp.com\/www.manquepierda.com\/historiarealbetis\/files\/2013\/05\/EscudoRBB1962.jpg?resize=220%2C130&amp;ssl=1 220w, https:\/\/i0.wp.com\/www.manquepierda.com\/historiarealbetis\/files\/2013\/05\/EscudoRBB1962.jpg?resize=960%2C571&amp;ssl=1 960w, https:\/\/i0.wp.com\/www.manquepierda.com\/historiarealbetis\/files\/2013\/05\/EscudoRBB1962.jpg?resize=1024%2C609&amp;ssl=1 1024w, https:\/\/i0.wp.com\/www.manquepierda.com\/historiarealbetis\/files\/2013\/05\/EscudoRBB1962.jpg?resize=500%2C297&amp;ssl=1 500w, https:\/\/i0.wp.com\/www.manquepierda.com\/historiarealbetis\/files\/2013\/05\/EscudoRBB1962.jpg?w=1173&amp;ssl=1 1173w\" sizes=\"auto, (max-width: 680px) 100vw, 680px\" \/><\/a><em><strong>Segunda Divisi\u00f3n.-REAL BETIS BALOMPI\u00c9-3 GOLES.<\/strong><\/em><\/p>\n<p style=\"text-align: center\"><em><strong>MARCARON:<\/strong><\/em><\/p>\n<p style=\"text-align: center\"><a href=\"https:\/\/www.manquepierda.com\/historiarealbetis\/30501-1967-junio-03-14-final-juvenilestriana-balompie-real-betis-balompie-vs-hercules-cf\/josegonzalezgonzalez-4\/\" rel=\"attachment wp-att-30504\"><img data-recalc-dims=\"1\" loading=\"lazy\" decoding=\"async\" class=\"aligncenter size-thumbnail wp-image-30504\" alt=\"Jos\u00e9GONZ\u00c1LEZgonz\u00e1lez\" src=\"https:\/\/i0.wp.com\/www.manquepierda.com\/historiarealbetis\/files\/2013\/06\/Jos%C3%A9GONZ%C3%81LEZgonz%C3%A1lez-212x220.jpg?resize=212%2C220&#038;ssl=1\" width=\"212\" height=\"220\" srcset=\"https:\/\/i0.wp.com\/www.manquepierda.com\/historiarealbetis\/files\/2013\/06\/Jos%C3%A9GONZ%C3%81LEZgonz%C3%A1lez.jpg?resize=212%2C220&amp;ssl=1 212w, https:\/\/i0.wp.com\/www.manquepierda.com\/historiarealbetis\/files\/2013\/06\/Jos%C3%A9GONZ%C3%81LEZgonz%C3%A1lez.jpg?resize=482%2C500&amp;ssl=1 482w, https:\/\/i0.wp.com\/www.manquepierda.com\/historiarealbetis\/files\/2013\/06\/Jos%C3%A9GONZ%C3%81LEZgonz%C3%A1lez.jpg?w=578&amp;ssl=1 578w\" sizes=\"auto, (max-width: 212px) 100vw, 212px\" \/><\/a><em><strong>1-1.-25 Minutos: GONZ\u00c1LEZ.<\/strong><\/em><\/p>\n<p style=\"text-align: center\"><a href=\"https:\/\/www.manquepierda.com\/historiarealbetis\/30501-1967-junio-03-14-final-juvenilestriana-balompie-real-betis-balompie-vs-hercules-cf\/macario-3\/\" rel=\"attachment wp-att-30505\"><img data-recalc-dims=\"1\" loading=\"lazy\" decoding=\"async\" class=\"aligncenter size-thumbnail wp-image-30505\" alt=\"MACARIO\" src=\"https:\/\/i0.wp.com\/www.manquepierda.com\/historiarealbetis\/files\/2013\/06\/MACARIO.jpg?resize=163%2C220&#038;ssl=1\" width=\"163\" height=\"220\" srcset=\"https:\/\/i0.wp.com\/www.manquepierda.com\/historiarealbetis\/files\/2013\/06\/MACARIO.jpg?resize=163%2C220&amp;ssl=1 163w, https:\/\/i0.wp.com\/www.manquepierda.com\/historiarealbetis\/files\/2013\/06\/MACARIO.jpg?resize=372%2C500&amp;ssl=1 372w, https:\/\/i0.wp.com\/www.manquepierda.com\/historiarealbetis\/files\/2013\/06\/MACARIO.jpg?w=429&amp;ssl=1 429w\" sizes=\"auto, (max-width: 163px) 100vw, 163px\" \/><\/a><em><strong>2-1.-70 Minutos: MACARIO.<\/strong><\/em><\/p>\n<p style=\"text-align: center\"><em><strong>3-1.-85 Minutos: MACARIO.<\/strong><\/em><\/p>\n<p style=\"text-align: center\"><em><strong>PRIMER TIEMPO:<br \/>\n<\/strong><\/em><\/p>\n<p style=\"text-align: left\"><em><strong>Jos\u00e9 Garc\u00eda CAMPILLO (Guardameta).-Francisco APARICIO Rambal-Eusebio R\u00cdOS Fern\u00e1ndez-Antonio Manuel Mart\u00ednez Morales (a) \u00abANT\u00d3N\u00bb (Zagueros).-Francisco Ort\u00edz V\u00e1zquez (a) \u00abFRASCO\u00bb-Miguel AZC\u00c1RATE Iceta (Medios).-Manuel P\u00e9rez Orihuela (a) \u00abMACARIO\u00bb-Joaqu\u00edn Sierra Vallejo (a) \u00abQUINO\u00bb-ROGELIO Sosa Ram\u00edrez-DEMETRIO Oliver S\u00e1nchez-Jos\u00e9 GONZ\u00c1LEZ Gonz\u00e1lez (a) \u00abPepe Gonz\u00e1lez\u00bb.-Delanteros.<\/strong><\/em><\/p>\n<p style=\"text-align: center\"><em><strong>SEGUNDO TIEMPO:<\/strong><\/em><\/p>\n<p style=\"text-align: left\"><em><strong>CAMPILLO (Guardameta).-APARICIO-Francisco Labrado TELECH\u00cdA-Francisco GRAU Pla (Zagueros).-QUINO-FRASCO (Medios).-DEMETRIO-Dionisio G\u00f3mez Alfaro (a) \u00abDIONI\u00bb-GONZ\u00c1LEZ-Antonio PALLAR\u00c9S Huertas-MACARIO.-Delanteros.<\/strong><\/em><\/p>\n<p style=\"text-align: center\"><a href=\"https:\/\/www.manquepierda.com\/historiarealbetis\/30450-lv-aniversario1958-junio-01-campeon-segunda-division-real-betis-balompie-3-goles-jerez-cd-0\/antoniobarriosseoane-entrenador-4\/\" rel=\"attachment wp-att-30470\"><img data-recalc-dims=\"1\" loading=\"lazy\" decoding=\"async\" class=\"aligncenter size-thumbnail wp-image-30470\" alt=\"AntonioBarriosSeoane-Entrenador\" src=\"https:\/\/i0.wp.com\/www.manquepierda.com\/historiarealbetis\/files\/2013\/05\/AntonioBarriosSeoane-Entrenador-204x220.jpg?resize=204%2C220&#038;ssl=1\" width=\"204\" height=\"220\" srcset=\"https:\/\/i0.wp.com\/www.manquepierda.com\/historiarealbetis\/files\/2013\/05\/AntonioBarriosSeoane-Entrenador.jpg?resize=204%2C220&amp;ssl=1 204w, https:\/\/i0.wp.com\/www.manquepierda.com\/historiarealbetis\/files\/2013\/05\/AntonioBarriosSeoane-Entrenador.jpg?resize=559%2C600&amp;ssl=1 559w, https:\/\/i0.wp.com\/www.manquepierda.com\/historiarealbetis\/files\/2013\/05\/AntonioBarriosSeoane-Entrenador.jpg?resize=652%2C700&amp;ssl=1 652w, https:\/\/i0.wp.com\/www.manquepierda.com\/historiarealbetis\/files\/2013\/05\/AntonioBarriosSeoane-Entrenador.jpg?resize=465%2C500&amp;ssl=1 465w, https:\/\/i0.wp.com\/www.manquepierda.com\/historiarealbetis\/files\/2013\/05\/AntonioBarriosSeoane-Entrenador.jpg?w=819&amp;ssl=1 819w\" sizes=\"auto, (max-width: 204px) 100vw, 204px\" \/><\/a><em><strong>ENTRENADOR REAL BETIS BALOMPI\u00c9-TEMPORADA 1966-1967 (1\u00ba-Lu\u00eds Bell\u00f3 Mart\u00ednez (01-16 Jornadas).-2\u00ba-Jos\u00e9 Valera Nocera (17\u00aa Jornada).-18\u00ba-30\u00aa Jornadas, ambas inclusives:<\/strong><\/em><\/p>\n<p style=\"text-align: center\"><em><strong>ANTONIO BARRIOS SEOANE (57 A\u00f1os).-GETXO (Vizcaya), S\u00e1bado 21-Mayo-1910.-SAN SEBASTI\u00c1N (Guip\u00fazcoa), Lunes 19-Agosto-2002.-92 A\u00f1os.-D. E. P.<\/strong><\/em><\/p>\n<p style=\"text-align: center\"><em><strong>43\u00ba PRESIDENTE REAL BETIS BALOMPI\u00c9-TEMPORADA 1966-1967 (Desde Enero-1967):<\/strong><\/em><\/p>\n<p style=\"text-align: center\"><a href=\"https:\/\/www.manquepierda.com\/historiarealbetis\/30501-1967-junio-03-14-final-juvenilestriana-balompie-real-betis-balompie-vs-hercules-cf\/julioantoniodelapuertacastro-presidente-rbb\/\" rel=\"attachment wp-att-30506\"><img data-recalc-dims=\"1\" loading=\"lazy\" decoding=\"async\" class=\"aligncenter size-thumbnail wp-image-30506\" alt=\"JulioAntonioDeLaPuertaCastro-Presidente RBB\" src=\"https:\/\/i0.wp.com\/www.manquepierda.com\/historiarealbetis\/files\/2013\/06\/JulioAntonioDeLaPuertaCastro-Presidente-RBB.jpg?resize=198%2C220&#038;ssl=1\" width=\"198\" height=\"220\" srcset=\"https:\/\/i0.wp.com\/www.manquepierda.com\/historiarealbetis\/files\/2013\/06\/JulioAntonioDeLaPuertaCastro-Presidente-RBB.jpg?resize=198%2C220&amp;ssl=1 198w, https:\/\/i0.wp.com\/www.manquepierda.com\/historiarealbetis\/files\/2013\/06\/JulioAntonioDeLaPuertaCastro-Presidente-RBB.jpg?resize=542%2C600&amp;ssl=1 542w, https:\/\/i0.wp.com\/www.manquepierda.com\/historiarealbetis\/files\/2013\/06\/JulioAntonioDeLaPuertaCastro-Presidente-RBB.jpg?resize=632%2C700&amp;ssl=1 632w, https:\/\/i0.wp.com\/www.manquepierda.com\/historiarealbetis\/files\/2013\/06\/JulioAntonioDeLaPuertaCastro-Presidente-RBB.jpg?resize=451%2C500&amp;ssl=1 451w, https:\/\/i0.wp.com\/www.manquepierda.com\/historiarealbetis\/files\/2013\/06\/JulioAntonioDeLaPuertaCastro-Presidente-RBB.jpg?w=892&amp;ssl=1 892w\" sizes=\"auto, (max-width: 198px) 100vw, 198px\" \/><\/a><em><strong>DON JULIO ANTONIO DE LA PUERTA CASTRO (Industrial Ganadero.-45 A\u00f1os).-OSUNA (Sevilla), Domingo 17-Julio-1921.-SEVILLA-\u00abCIUDAD DEL BETIS\u00bb-Viernes 15-Noviembre-2002.-81 A\u00f1os.-D. E. P.<\/strong><\/em><\/p>\n<p style=\"text-align: center\">Vs.<\/p>\n<p style=\"text-align: center\"><strong>Primera Divisi\u00f3n.-H\u00c9RCULES CF-1 Tanto.<\/strong><\/p>\n<p style=\"text-align: center\"><a href=\"https:\/\/www.manquepierda.com\/historiarealbetis\/30501-1967-junio-03-14-final-juvenilestriana-balompie-real-betis-balompie-vs-hercules-cf\/indice-40\/\" rel=\"attachment wp-att-30507\"><img data-recalc-dims=\"1\" loading=\"lazy\" decoding=\"async\" class=\"aligncenter size-full wp-image-30507\" alt=\"\u00edndice\" src=\"https:\/\/i0.wp.com\/www.manquepierda.com\/historiarealbetis\/files\/2013\/06\/%C3%ADndice1.jpeg?resize=109%2C164&#038;ssl=1\" width=\"109\" height=\"164\" \/><\/a><strong>0-1.-10 minutos: Sevilla.<\/strong><\/p>\n<p style=\"text-align: left\"><strong>Victoriano BILBAO Elexpuru-Manuel ROSAS Calatrava (Porteros).-Miguel Garc\u00eda Mart\u00edn (MICHE)-Francisco RAMOS Vega-Antonio BENLLOCH Garc\u00eda-Joaqu\u00edn IRLES Hern\u00e1ndez-Manuel MURCIA Hern\u00e1ndez-Manuel Rodr\u00edguez Gonz\u00e1lez (POYOYO) Defensas.-Salvador BALBUENA Roca-Francisco TOLEDO Eizaguirre (Medios).-\u00c1ngel S\u00e1nchez Miralles (ANGEL\u00cdN)-Amado Benjam\u00edn C\u00c1CERES C\u00e1ceres-Miguel SEVILLA Serrano (0-1)-MATA-BOTELLA-<em>Francisco G\u00f3mez L\u00f3pez (a) PAQUI.-<\/em>Delanteros.<\/strong><\/p>\n<p style=\"text-align: center\">Entrenador Eduardo TOBA Mui\u00f1o.-Presidente 1964-1968, don Joaqu\u00edn FERRER Strenge.<\/p>\n<p style=\"text-align: left\">CP.<\/p>\n","protected":false},"excerpt":{"rendered":"<p>1967-JUNIO 03-S\u00e1bado 20&#8217;45 Horas.-ESTADIO \u00abBENITO VILLAMAR\u00cdN\u00bb.-XVII CAMPEONATO DE ESPA\u00d1A JUVENILES-COPA DEL GENERAL\u00cdSIMO 1966-1967-CUARTOS DE FINAL-IDA. Arbitr\u00f3 el colegiado Casas.-Aline\u00f3 \u00e1: TRIANA BALOMPI\u00c9 (J)-3 GOLES (1-R\u00cdOS.-1-FERNANDO.-1-BAENA). SIVIANES (Portero).-VIDAL-MORENO-LOLO (Zagueros).-LLANOS-SANCHO (Medios).-NAVARRO-CERDERA-BAENA-IGNACIO-MORA (Delanteros). VS. Sevilla Club de F\u00fatbol (J)-3 Tantos. FERNANDO (Portero).-CRESPILLO-R\u00cdOS-GUERRA (Defensas).-ORTEGA-CHAC\u00d3N II (Medios).-AYALA-JUANITO-TORRES (3 tantos)-JOS\u00c9 LU\u00cdS-MANOL\u00cdN (Delanteros). 1967-JUNIO 03-S\u00c1BADO 22&#8217;30 HORAS-ESTADIO BENITO VILLAMAR\u00cdN-PARTIDO AMISTOSO-ENSAYO GENERAL PROMOCI\u00d3N&#8230;<\/p>\n","protected":false},"author":48,"featured_media":0,"comment_status":"open","ping_status":"open","sticky":false,"template":"","format":"standard","meta":{"_kad_post_transparent":"","_kad_post_title":"","_kad_post_layout":"","_kad_post_sidebar_id":"","_kad_post_content_style":"","_kad_post_vertical_padding":"","_kad_post_feature":"","_kad_post_feature_position":"","_kad_post_header":false,"_kad_post_footer":false,"_kad_post_classname":"","_jetpack_memberships_contains_paid_content":false,"footnotes":"","jetpack_publicize_message":"","jetpack_publicize_feature_enabled":true,"jetpack_social_post_already_shared":true,"jetpack_social_options":{"image_generator_settings":{"template":"highway","default_image_id":0,"font":"","enabled":false},"version":2}},"categories":[902,1],"tags":[2224,1247,12468,2706,4421],"class_list":["post-30501","post","type-post","status-publish","format-standard","hentry","category-1960-1969","category-portada","tag-1966-67","tag-1247","tag-campeonato-espana-futbol-juvenil","tag-hercules-cf","tag-triana-balompie-juvenil"],"jetpack_publicize_connections":[],"jetpack_featured_media_url":"","jetpack_sharing_enabled":true,"jetpack_shortlink":"https:\/\/wp.me\/p1ij08-7VX","jetpack-related-posts":[],"_links":{"self":[{"href":"https:\/\/www.manquepierda.com\/historiarealbetis\/wp-json\/wp\/v2\/posts\/30501","targetHints":{"allow":["GET"]}}],"collection":[{"href":"https:\/\/www.manquepierda.com\/historiarealbetis\/wp-json\/wp\/v2\/posts"}],"about":[{"href":"https:\/\/www.manquepierda.com\/historiarealbetis\/wp-json\/wp\/v2\/types\/post"}],"author":[{"embeddable":true,"href":"https:\/\/www.manquepierda.com\/historiarealbetis\/wp-json\/wp\/v2\/users\/48"}],"replies":[{"embeddable":true,"href":"https:\/\/www.manquepierda.com\/historiarealbetis\/wp-json\/wp\/v2\/comments?post=30501"}],"version-history":[{"count":1,"href":"https:\/\/www.manquepierda.com\/historiarealbetis\/wp-json\/wp\/v2\/posts\/30501\/revisions"}],"predecessor-version":[{"id":98217,"href":"https:\/\/www.manquepierda.com\/historiarealbetis\/wp-json\/wp\/v2\/posts\/30501\/revisions\/98217"}],"wp:attachment":[{"href":"https:\/\/www.manquepierda.com\/historiarealbetis\/wp-json\/wp\/v2\/media?parent=30501"}],"wp:term":[{"taxonomy":"category","embeddable":true,"href":"https:\/\/www.manquepierda.com\/historiarealbetis\/wp-json\/wp\/v2\/categories?post=30501"},{"taxonomy":"post_tag","embeddable":true,"href":"https:\/\/www.manquepierda.com\/historiarealbetis\/wp-json\/wp\/v2\/tags?post=30501"}],"curies":[{"name":"wp","href":"https:\/\/api.w.org\/{rel}","templated":true}]}}