{"id":30516,"date":"2013-06-04T07:17:17","date_gmt":"2013-06-04T05:17:17","guid":{"rendered":"http:\/\/www.manquepierda.com\/historiarealbetis\/?p=30516"},"modified":"2024-08-12T12:43:39","modified_gmt":"2024-08-12T10:43:39","slug":"la-media-betica-en-1944","status":"publish","type":"post","link":"https:\/\/www.manquepierda.com\/historiarealbetis\/la-media-betica-en-1944\/","title":{"rendered":"La media b\u00e9tica en 1944"},"content":{"rendered":"<p><a href=\"https:\/\/www.manquepierda.com\/historiarealbetis\/30516-la-media-betica-en-1944\/la-media-betica-en-1944-nmp\/\" rel=\"attachment wp-att-30517\"><img data-recalc-dims=\"1\" loading=\"lazy\" decoding=\"async\" class=\"aligncenter size-medium wp-image-30517\" src=\"https:\/\/i0.wp.com\/www.manquepierda.com\/historiarealbetis\/files\/2013\/06\/La-media-b%C3%A9tica-en-1944-NMP.jpg?resize=443%2C600&#038;ssl=1\" alt=\"La media b\u00e9tica en 1944 (NMP)\" width=\"443\" height=\"600\" srcset=\"https:\/\/i0.wp.com\/www.manquepierda.com\/historiarealbetis\/files\/2013\/06\/La-media-b%C3%A9tica-en-1944-NMP.jpg?resize=443%2C600&amp;ssl=1 443w, https:\/\/i0.wp.com\/www.manquepierda.com\/historiarealbetis\/files\/2013\/06\/La-media-b%C3%A9tica-en-1944-NMP.jpg?resize=162%2C220&amp;ssl=1 162w, https:\/\/i0.wp.com\/www.manquepierda.com\/historiarealbetis\/files\/2013\/06\/La-media-b%C3%A9tica-en-1944-NMP.jpg?resize=517%2C700&amp;ssl=1 517w, https:\/\/i0.wp.com\/www.manquepierda.com\/historiarealbetis\/files\/2013\/06\/La-media-b%C3%A9tica-en-1944-NMP.jpg?resize=369%2C500&amp;ssl=1 369w, https:\/\/i0.wp.com\/www.manquepierda.com\/historiarealbetis\/files\/2013\/06\/La-media-b%C3%A9tica-en-1944-NMP.jpg?w=611&amp;ssl=1 611w\" sizes=\"auto, (max-width: 443px) 100vw, 443px\" \/><\/a><\/p>\n<p>31 de diciembre de 1944. En el Metropolitano antes del inicio del partido Atl\u00e9tico Aviaci\u00f3n-Betis de la ida de los dieciseisavos de final de Copa se fotograf\u00eda la l\u00ednea media b\u00e9tica:<\/p>\n<p>Rafael Holgu\u00edn \u00abTomas\u00edn\u00bb, Antonio Conde y Guillermo Coll formaron ese d\u00eda la l\u00ednea media del Betis.<\/p>\n","protected":false},"excerpt":{"rendered":"<p>31 de diciembre de 1944. En el Metropolitano antes del inicio del partido Atl\u00e9tico Aviaci\u00f3n-Betis de la ida de los dieciseisavos de final de Copa se fotograf\u00eda la l\u00ednea media b\u00e9tica: Rafael Holgu\u00edn \u00abTomas\u00edn\u00bb, Antonio Conde y Guillermo Coll formaron ese d\u00eda la l\u00ednea media del Betis.<\/p>\n","protected":false},"author":5,"featured_media":30517,"comment_status":"open","ping_status":"open","sticky":false,"template":"","format":"standard","meta":{"_kad_post_transparent":"","_kad_post_title":"","_kad_post_layout":"","_kad_post_sidebar_id":"","_kad_post_content_style":"","_kad_post_vertical_padding":"","_kad_post_feature":"","_kad_post_feature_position":"","_kad_post_header":false,"_kad_post_footer":false,"_kad_post_classname":"","_jetpack_memberships_contains_paid_content":false,"footnotes":"","jetpack_publicize_message":"","jetpack_publicize_feature_enabled":true,"jetpack_social_post_already_shared":true,"jetpack_social_options":{"image_generator_settings":{"template":"highway","default_image_id":0,"font":"","enabled":false},"version":2}},"categories":[900,893,1],"tags":[1203,2626,1460,17907,1932,2382],"class_list":["post-30516","post","type-post","status-publish","format-standard","has-post-thumbnail","hentry","category-1940-1949","category-jugadores-temas","category-portada","tag-1203","tag-1944-45","tag-antonio-conde","tag-copa-1944-45","tag-guillermo-coll","tag-rafael-holguin-tomasin"],"jetpack_publicize_connections":[],"jetpack_featured_media_url":"https:\/\/i0.wp.com\/www.manquepierda.com\/historiarealbetis\/files\/2013\/06\/La-media-b%C3%A9tica-en-1944-NMP.jpg?fit=611%2C826&ssl=1","jetpack_sharing_enabled":true,"jetpack_shortlink":"https:\/\/wp.me\/p1ij08-7Wc","jetpack-related-posts":[],"_links":{"self":[{"href":"https:\/\/www.manquepierda.com\/historiarealbetis\/wp-json\/wp\/v2\/posts\/30516","targetHints":{"allow":["GET"]}}],"collection":[{"href":"https:\/\/www.manquepierda.com\/historiarealbetis\/wp-json\/wp\/v2\/posts"}],"about":[{"href":"https:\/\/www.manquepierda.com\/historiarealbetis\/wp-json\/wp\/v2\/types\/post"}],"author":[{"embeddable":true,"href":"https:\/\/www.manquepierda.com\/historiarealbetis\/wp-json\/wp\/v2\/users\/5"}],"replies":[{"embeddable":true,"href":"https:\/\/www.manquepierda.com\/historiarealbetis\/wp-json\/wp\/v2\/comments?post=30516"}],"version-history":[{"count":1,"href":"https:\/\/www.manquepierda.com\/historiarealbetis\/wp-json\/wp\/v2\/posts\/30516\/revisions"}],"predecessor-version":[{"id":96271,"href":"https:\/\/www.manquepierda.com\/historiarealbetis\/wp-json\/wp\/v2\/posts\/30516\/revisions\/96271"}],"wp:featuredmedia":[{"embeddable":true,"href":"https:\/\/www.manquepierda.com\/historiarealbetis\/wp-json\/wp\/v2\/media\/30517"}],"wp:attachment":[{"href":"https:\/\/www.manquepierda.com\/historiarealbetis\/wp-json\/wp\/v2\/media?parent=30516"}],"wp:term":[{"taxonomy":"category","embeddable":true,"href":"https:\/\/www.manquepierda.com\/historiarealbetis\/wp-json\/wp\/v2\/categories?post=30516"},{"taxonomy":"post_tag","embeddable":true,"href":"https:\/\/www.manquepierda.com\/historiarealbetis\/wp-json\/wp\/v2\/tags?post=30516"}],"curies":[{"name":"wp","href":"https:\/\/api.w.org\/{rel}","templated":true}]}}