{"id":30524,"date":"2013-06-06T07:29:50","date_gmt":"2013-06-06T05:29:50","guid":{"rendered":"http:\/\/www.manquepierda.com\/historiarealbetis\/?p=30524"},"modified":"2024-09-04T19:32:30","modified_gmt":"2024-09-04T17:32:30","slug":"presentacion-temporada-1998-99","status":"publish","type":"post","link":"https:\/\/www.manquepierda.com\/historiarealbetis\/presentacion-temporada-1998-99\/","title":{"rendered":"Presentaci\u00f3n Temporada 1998-99"},"content":{"rendered":"<p><a href=\"https:\/\/www.manquepierda.com\/historiarealbetis\/30524-presentacion-temporada-1998-99\/presentacion-temporada-1998-99-nmp-don-balon\/\" rel=\"attachment wp-att-30525\"><img data-recalc-dims=\"1\" loading=\"lazy\" decoding=\"async\" class=\"aligncenter size-medium wp-image-30525\" src=\"https:\/\/i0.wp.com\/www.manquepierda.com\/historiarealbetis\/files\/2013\/06\/Presentaci%C3%B3n-Temporada-1998-99-NMP-Don-Bal%C3%B3n.jpg?resize=680%2C353&#038;ssl=1\" alt=\"Presentaci\u00f3n Temporada 1998-99 (NMP) Don Bal\u00f3n\" width=\"680\" height=\"353\" srcset=\"https:\/\/i0.wp.com\/www.manquepierda.com\/historiarealbetis\/files\/2013\/06\/Presentaci%C3%B3n-Temporada-1998-99-NMP-Don-Bal%C3%B3n.jpg?resize=680%2C353&amp;ssl=1 680w, https:\/\/i0.wp.com\/www.manquepierda.com\/historiarealbetis\/files\/2013\/06\/Presentaci%C3%B3n-Temporada-1998-99-NMP-Don-Bal%C3%B3n.jpg?resize=220%2C114&amp;ssl=1 220w, https:\/\/i0.wp.com\/www.manquepierda.com\/historiarealbetis\/files\/2013\/06\/Presentaci%C3%B3n-Temporada-1998-99-NMP-Don-Bal%C3%B3n.jpg?resize=960%2C499&amp;ssl=1 960w, https:\/\/i0.wp.com\/www.manquepierda.com\/historiarealbetis\/files\/2013\/06\/Presentaci%C3%B3n-Temporada-1998-99-NMP-Don-Bal%C3%B3n.jpg?resize=1024%2C532&amp;ssl=1 1024w, https:\/\/i0.wp.com\/www.manquepierda.com\/historiarealbetis\/files\/2013\/06\/Presentaci%C3%B3n-Temporada-1998-99-NMP-Don-Bal%C3%B3n.jpg?resize=500%2C260&amp;ssl=1 500w, https:\/\/i0.wp.com\/www.manquepierda.com\/historiarealbetis\/files\/2013\/06\/Presentaci%C3%B3n-Temporada-1998-99-NMP-Don-Bal%C3%B3n.jpg?w=1163&amp;ssl=1 1163w\" sizes=\"auto, (max-width: 680px) 100vw, 680px\" \/><\/a><\/p>\n<p>4 de agosto de 1998. Presentaci\u00f3n en el Benito Villamar\u00edn de la primer plantilla verdiblanca.<\/p>\n<p>Arriba y de izquierda a derecha: Juan Luis Aguado, Ram\u00f3n Cansino, Tom\u00e1s Calero, Valerio, Jos\u00e9 Antonio Gonz\u00e1lez, Ito, Soloz\u00e1bal, Finidi, G\u00e1lvez, Benjam\u00edn, Angel Mart\u00edn, Antonio Oliveira, Manuel Ruiz de Lopera, Robles, Vidakovic, Rufino Gonz\u00e1lez, Fernando, Oli, Enrique Cabezas, Balbino de Bernardo, Ure\u00f1a, Prats, Oscar Arredondo, Acacio Casimiro, Rogelio Sosa, Jos\u00e9 Luis Arredondo, Luis Del Sol, Manuel Gallego<\/p>\n<p>Abajo y de izquierda a derecha: Ildefonso Blanco, Jos\u00e9 Mar\u00eda Montiel, Denilson, Jaime, Otero, Merino, Ol\u00edas, Ca\u00f1as, Alexis, Alfonso, Luis Fern\u00e1ndez, Iv\u00e1n P\u00e9rez, Cu\u00e9llar, M\u00e1rquez, Andrei, Josete, Nadj y Jes\u00fas Paredes<\/p>\n","protected":false},"excerpt":{"rendered":"<p>4 de agosto de 1998. Presentaci\u00f3n en el Benito Villamar\u00edn de la primer plantilla verdiblanca. Arriba y de izquierda a derecha: Juan Luis Aguado, Ram\u00f3n Cansino, Tom\u00e1s Calero, Valerio, Jos\u00e9 Antonio Gonz\u00e1lez, Ito, Soloz\u00e1bal, Finidi, G\u00e1lvez, Benjam\u00edn, Angel Mart\u00edn, Antonio Oliveira, Manuel Ruiz de Lopera, Robles, Vidakovic, Rufino Gonz\u00e1lez, Fernando, Oli, Enrique Cabezas, Balbino de&#8230;<\/p>\n","protected":false},"author":5,"featured_media":30525,"comment_status":"open","ping_status":"open","sticky":false,"template":"","format":"standard","meta":{"_kad_post_transparent":"","_kad_post_title":"","_kad_post_layout":"","_kad_post_sidebar_id":"","_kad_post_content_style":"","_kad_post_vertical_padding":"","_kad_post_feature":"","_kad_post_feature_position":"","_kad_post_header":false,"_kad_post_footer":false,"_kad_post_classname":"","_jetpack_memberships_contains_paid_content":false,"footnotes":"","jetpack_publicize_message":"","jetpack_publicize_feature_enabled":true,"jetpack_social_post_already_shared":true,"jetpack_social_options":{"image_generator_settings":{"template":"highway","default_image_id":0,"font":"","enabled":false},"version":2}},"categories":[905,1],"tags":[2413,2414,8712,2479,1328,1441,5907,1309,107,1076,1277,8710,1121,2418,8709,9557,1365,381,8715,2424,1332,8717,1389,1077,8706,3278,8713,8716,1054,15494,2290,8703,1420,541,3495,1369,8714,8707,2420,8711,8704,16845,2417,1396,8708,8705,1335,16815],"class_list":["post-30524","post","type-post","status-publish","format-standard","has-post-thumbnail","hentry","category-1990-1999","category-portada","tag-2413","tag-1998-99","tag-acacio-casimiro","tag-albert-nadj","tag-alexis-trujillo","tag-alfonso-perez","tag-andrei-frascarelli","tag-angel-cuellar","tag-angel-martin","tag-antonio-alvarez-ito","tag-antonio-oliveira","tag-balbino-de-bernardo","tag-benjamin-zarandona","tag-denilson-de-oliveira","tag-enrique-cabezas","tag-estadio-benito-villamarin-presentacion","tag-fernando-sanchez","tag-finidi-george","tag-ildefonso-blanco","tag-ivan-perez","tag-jaime-quesada","tag-jesus-paredes","tag-joaquin-valerio","tag-jorge-otero","tag-jose-antonio-gonzalez","tag-jose-galvez","tag-jose-luis-arredondo","tag-jose-maria-montiel","tag-jose-tomas-josete","tag-juan-antonio-urena","tag-juan-jose-canas","tag-juan-luis-aguado","tag-juan-merino","tag-luis-del-sol","tag-luis-fernandez","tag-luis-marquez","tag-manuel-gallego","tag-manuel-ruiz-de-lopera","tag-oliverio-alvarez-oli","tag-oscar-arredondo","tag-ramon-cansino","tag-risto-vidakovic","tag-roberto-solozabal","tag-rogelio-sosa","tag-rufino-gonzalez","tag-tomas-calero","tag-tomas-olias","tag-toni-prats"],"jetpack_publicize_connections":[],"jetpack_featured_media_url":"https:\/\/i0.wp.com\/www.manquepierda.com\/historiarealbetis\/files\/2013\/06\/Presentaci%C3%B3n-Temporada-1998-99-NMP-Don-Bal%C3%B3n.jpg?fit=1163%2C605&ssl=1","jetpack_sharing_enabled":true,"jetpack_shortlink":"https:\/\/wp.me\/p1ij08-7Wk","jetpack-related-posts":[],"_links":{"self":[{"href":"https:\/\/www.manquepierda.com\/historiarealbetis\/wp-json\/wp\/v2\/posts\/30524","targetHints":{"allow":["GET"]}}],"collection":[{"href":"https:\/\/www.manquepierda.com\/historiarealbetis\/wp-json\/wp\/v2\/posts"}],"about":[{"href":"https:\/\/www.manquepierda.com\/historiarealbetis\/wp-json\/wp\/v2\/types\/post"}],"author":[{"embeddable":true,"href":"https:\/\/www.manquepierda.com\/historiarealbetis\/wp-json\/wp\/v2\/users\/5"}],"replies":[{"embeddable":true,"href":"https:\/\/www.manquepierda.com\/historiarealbetis\/wp-json\/wp\/v2\/comments?post=30524"}],"version-history":[{"count":1,"href":"https:\/\/www.manquepierda.com\/historiarealbetis\/wp-json\/wp\/v2\/posts\/30524\/revisions"}],"predecessor-version":[{"id":97889,"href":"https:\/\/www.manquepierda.com\/historiarealbetis\/wp-json\/wp\/v2\/posts\/30524\/revisions\/97889"}],"wp:featuredmedia":[{"embeddable":true,"href":"https:\/\/www.manquepierda.com\/historiarealbetis\/wp-json\/wp\/v2\/media\/30525"}],"wp:attachment":[{"href":"https:\/\/www.manquepierda.com\/historiarealbetis\/wp-json\/wp\/v2\/media?parent=30524"}],"wp:term":[{"taxonomy":"category","embeddable":true,"href":"https:\/\/www.manquepierda.com\/historiarealbetis\/wp-json\/wp\/v2\/categories?post=30524"},{"taxonomy":"post_tag","embeddable":true,"href":"https:\/\/www.manquepierda.com\/historiarealbetis\/wp-json\/wp\/v2\/tags?post=30524"}],"curies":[{"name":"wp","href":"https:\/\/api.w.org\/{rel}","templated":true}]}}