{"id":30569,"date":"2013-06-04T19:06:58","date_gmt":"2013-06-04T17:06:58","guid":{"rendered":"http:\/\/www.manquepierda.com\/historiarealbetis\/?p=30569"},"modified":"2024-08-19T09:32:34","modified_gmt":"2024-08-19T07:32:34","slug":"1976-junio-05-cpto-espana-14final-vuelta-rcd-espanol-2-real-betis-balompie-1-gol","status":"publish","type":"post","link":"https:\/\/www.manquepierda.com\/historiarealbetis\/1976-junio-05-cpto-espana-14final-vuelta-rcd-espanol-2-real-betis-balompie-1-gol\/","title":{"rendered":"1976-Junio 05-Cpto.Espa\u00f1a-1\/4Final-Vuelta: RCD Espa\u00f1ol-2 Real Betis Balompi\u00e9-1 gol."},"content":{"rendered":"<p style=\"text-align: center\"><a href=\"https:\/\/www.manquepierda.com\/historiarealbetis\/30569-1976-junio-05-cpto-espana-14final-vuelta-rcd-espanol-2-real-betis-balompie-1-gol\/indice-42\/\" rel=\"attachment wp-att-30571\"><img data-recalc-dims=\"1\" loading=\"lazy\" decoding=\"async\" class=\"alignright size-full wp-image-30571\" alt=\"\u00edndice\" src=\"https:\/\/i0.wp.com\/www.manquepierda.com\/historiarealbetis\/files\/2013\/06\/%C3%ADndice3.jpeg?resize=287%2C176&#038;ssl=1\" width=\"287\" height=\"176\" \/><\/a><\/p>\n<p><em><strong>72\u00aa EDICI\u00d3N CAMPEONATO DE ESPA\u00d1A-COPA DEL GENERAL\u00cdSIMO 1975-1976.-CUARTOS DE FINAL-VUELTA EN LA CIUDAD CONDAL S\u00c1BADO 05\u00a0 DE JUNIO DE 1976, NOCHE FRESCA EN EL <\/strong><\/em><em><strong>ESTADIO DE LA CARRETERA DE SARRI\u00c1 QUE REGISTR\u00d3 UNA MAGN\u00cdFICA ENTRADA.<br \/>\n<\/strong><\/em><\/p>\n<p style=\"text-align: center\"><a href=\"https:\/\/www.manquepierda.com\/historiarealbetis\/30569-1976-junio-05-cpto-espana-14final-vuelta-rcd-espanol-2-real-betis-balompie-1-gol\/abdb\/\" rel=\"attachment wp-att-30574\"><img data-recalc-dims=\"1\" loading=\"lazy\" decoding=\"async\" class=\"aligncenter size-thumbnail wp-image-30574\" alt=\"ABDB\" src=\"https:\/\/i0.wp.com\/www.manquepierda.com\/historiarealbetis\/files\/2013\/06\/ABDB-170x220.jpg?resize=170%2C220&#038;ssl=1\" width=\"170\" height=\"220\" \/><\/a>Arbitr\u00f3 el colegiado de Palma de Mallorca, Antonio Borr\u00e1s del Barrio.-Discreta labor.-Tarjetero.<\/p>\n<p style=\"text-align: center\"><a href=\"https:\/\/www.manquepierda.com\/historiarealbetis\/30569-1976-junio-05-cpto-espana-14final-vuelta-rcd-espanol-2-real-betis-balompie-1-gol\/n_rcd_espanyol_escudo-5420868\/\" rel=\"attachment wp-att-30575\"><img data-recalc-dims=\"1\" loading=\"lazy\" decoding=\"async\" class=\"aligncenter size-thumbnail wp-image-30575\" alt=\"n_rcd_espanyol_escudo-5420868\" src=\"https:\/\/i0.wp.com\/www.manquepierda.com\/historiarealbetis\/files\/2013\/06\/n_rcd_espanyol_escudo-5420868-156x220.jpg?resize=156%2C220&#038;ssl=1\" width=\"156\" height=\"220\" \/><\/a><strong>REAL CLUB DEPORTIVO ESPA\u00d1OL-2 Tantos.<\/strong><\/p>\n<p style=\"text-align: left\"><strong>Francisco Javier ECHEVARR\u00cdA Barrenechea (2).-Jos\u00e9 Antonio RAMOS Huete (3)-Juan VERDUGO P\u00e9rez-Manuel FERN\u00c1NDEZ Amado (tarjeta blanca) Defensas.-Jos\u00e9 Fernando FERRER Selma-Rafael GRANERO Bellver (Medios).-MANOL\u00cdN CUESTA 2-1, 73 minutos (Manuel De la Cuesta Mart\u00ednez)-Daniel SOLSONA Puig (3)-Carlos Humberto CASZELY Garrido-3-(1-1.-65 minutos)-Juvencio OSORIO Maldonado (tarjeta blanca)-MARA\u00d1\u00d3N (Rafael Carlos P\u00e9rez Gonz\u00e1lez) Delanteros.<\/strong><\/p>\n<p style=\"text-align: left\"><strong><a href=\"https:\/\/www.manquepierda.com\/historiarealbetis\/30569-1976-junio-05-cpto-espana-14final-vuelta-rcd-espanol-2-real-betis-balompie-1-gol\/jes\/\" rel=\"attachment wp-att-30572\"><img data-recalc-dims=\"1\" loading=\"lazy\" decoding=\"async\" class=\"alignright size-thumbnail wp-image-30572\" alt=\"jes\" src=\"https:\/\/i0.wp.com\/www.manquepierda.com\/historiarealbetis\/files\/2013\/06\/jes-129x220.jpg?resize=129%2C220&#038;ssl=1\" width=\"129\" height=\"220\" \/><\/a>Jos\u00e9 Emilio SANTAMAR\u00cdA Iglesias.-Entrenador Real Club Deportivo Espa\u00f1ol-Temporada 1975-1976 (34 partidos y rondas eliminatorias coperas):<\/strong><\/p>\n<p style=\"text-align: left\"><strong>\u00ab&#8211;Estoy satisfecho del trabajo de mis jugadores.\u00a0 C\u00f3mo es l\u00f3gico no lo estoy del resultado.\u00a0 Pudo pasarse la eliminatoria,\u00a0 pero&#8230;<\/strong><\/p>\n<p style=\"text-align: left\">&#8211;\u00bfPero&#8230;?<\/p>\n<p style=\"text-align: left\"><strong>&#8211;Ha sido un partido completo.\u00a0 Se ha jugado bien.\u00a0 \u00a1L\u00e1stima\u00a1<\/strong><\/p>\n<p style=\"text-align: left\">Un colega le pregunt\u00f3 a Santamar\u00eda si el Espa\u00f1ol hab\u00eda ca\u00eddo en la trampa b\u00e9tica.\u00a0 Y el t\u00e9cnico,\u00a0 asombrado,\u00a0 respondi\u00f3 con otra pregunta:<\/p>\n<p style=\"text-align: left\"><strong>&#8211;\u00bfEn qu\u00e9 trampa?\u00a0 \u00a1Pero si no han pasado del medio del campo\u00a1<\/strong><\/p>\n<p style=\"text-align: left\">&#8211;\u00bfFueron dif\u00edciles los marcajes?<\/p>\n<p style=\"text-align: left\"><strong>&#8211;Ellos sujetaron muy bien a nuestros peones.\u00a0 Defendieron muy bien.\u00a0 Ten\u00edan que conservar la ventaja.<\/strong><\/p>\n<p style=\"text-align: left\">&#8211;\u00bfEl \u00e1rbitro?<\/p>\n<p style=\"text-align: left\"><strong>&#8211;No suelo opinar de ellos.<\/strong><\/p>\n<p style=\"text-align: left\">&#8211;\u00bfC\u00f3mo vi\u00f3 el penalti?<\/p>\n<p style=\"text-align: left\"><strong>&#8211;Empujaron,\u00a0 claramente,\u00a0 a Mara\u00f1\u00f3n.\u00a0 Luego el confusionismo estuvo cifrado en los gestos del \u00e1rbitro.<\/strong><\/p>\n<p style=\"text-align: left\">-\u00bfPorqu\u00e9 lo lanz\u00f3 Mara\u00f1\u00f3n si habitualmente lo hace Caszely?<\/p>\n<p style=\"text-align: left\"><strong>&#8211;Caszely le dio el cuero a Mara\u00f1\u00f3n para que tirase \u00e9l.\u00a0 Y fue una fatalidad.\u00a0 Tir\u00f3 bien.\u00a0 Porque Esnaola se fue para el otro lado.\u00a0 Pero sali\u00f3 fuera\u00bb.<\/strong><\/p>\n<p style=\"text-align: center\"><a href=\"https:\/\/www.manquepierda.com\/historiarealbetis\/30569-1976-junio-05-cpto-espana-14final-vuelta-rcd-espanol-2-real-betis-balompie-1-gol\/meler\/\" rel=\"attachment wp-att-30573\"><img data-recalc-dims=\"1\" loading=\"lazy\" decoding=\"async\" class=\"aligncenter size-full wp-image-30573\" alt=\"MELER\" src=\"https:\/\/i0.wp.com\/www.manquepierda.com\/historiarealbetis\/files\/2013\/06\/MELER.jpg?resize=200%2C148&#038;ssl=1\" width=\"200\" height=\"148\" \/><\/a><strong>Presidente don Manuel MELER Urchaga (1970-1982).<\/strong><\/p>\n<p style=\"text-align: center\"><em><strong>VS.<\/strong><\/em><\/p>\n<p style=\"text-align: center\"><a href=\"https:\/\/www.manquepierda.com\/historiarealbetis\/30364-1961-mayo-28-cpto-espana-18final-vuelta-real-oviedo-cf-0-vs-real-betis-balompie-1-gol\/escudo-realbetisbalompie1960-2\/\" rel=\"attachment wp-att-30367\"><img data-recalc-dims=\"1\" loading=\"lazy\" decoding=\"async\" class=\"aligncenter size-thumbnail wp-image-30367\" alt=\"Escudo RealBetisBalompi\u00e91960'\" src=\"https:\/\/i0.wp.com\/www.manquepierda.com\/historiarealbetis\/files\/2013\/05\/Escudo-RealBetisBalompi%C3%A91960.jpg?resize=220%2C172&#038;ssl=1\" width=\"220\" height=\"172\" srcset=\"https:\/\/i0.wp.com\/www.manquepierda.com\/historiarealbetis\/files\/2013\/05\/Escudo-RealBetisBalompi%C3%A91960.jpg?resize=220%2C172&amp;ssl=1 220w, https:\/\/i0.wp.com\/www.manquepierda.com\/historiarealbetis\/files\/2013\/05\/Escudo-RealBetisBalompi%C3%A91960.jpg?resize=500%2C391&amp;ssl=1 500w, https:\/\/i0.wp.com\/www.manquepierda.com\/historiarealbetis\/files\/2013\/05\/Escudo-RealBetisBalompi%C3%A91960.jpg?w=600&amp;ssl=1 600w\" sizes=\"auto, (max-width: 220px) 100vw, 220px\" \/><\/a><em><strong>REAL BETIS BALOMPI\u00c9-1 GOL.<\/strong><\/em><\/p>\n<p style=\"text-align: center\"><em><strong>MARC\u00d3:<\/strong><\/em><\/p>\n<p style=\"text-align: left\"><a href=\"https:\/\/www.manquepierda.com\/historiarealbetis\/30569-1976-junio-05-cpto-espana-14final-vuelta-rcd-espanol-2-real-betis-balompie-1-gol\/lopez-garcia-francisco-javier\/\" rel=\"attachment wp-att-30581\"><img data-recalc-dims=\"1\" loading=\"lazy\" decoding=\"async\" class=\"aligncenter size-thumbnail wp-image-30581\" alt=\"L\u00d3PEZ Garc\u00eda-Francisco Javier\" src=\"https:\/\/i0.wp.com\/www.manquepierda.com\/historiarealbetis\/files\/2013\/06\/L%C3%93PEZ-Garc%C3%ADa-Francisco-Javier-174x220.jpg?resize=174%2C220&#038;ssl=1\" width=\"174\" height=\"220\" srcset=\"https:\/\/i0.wp.com\/www.manquepierda.com\/historiarealbetis\/files\/2013\/06\/L%C3%93PEZ-Garc%C3%ADa-Francisco-Javier.jpg?resize=174%2C220&amp;ssl=1 174w, https:\/\/i0.wp.com\/www.manquepierda.com\/historiarealbetis\/files\/2013\/06\/L%C3%93PEZ-Garc%C3%ADa-Francisco-Javier.jpg?resize=475%2C600&amp;ssl=1 475w, https:\/\/i0.wp.com\/www.manquepierda.com\/historiarealbetis\/files\/2013\/06\/L%C3%93PEZ-Garc%C3%ADa-Francisco-Javier.jpg?resize=396%2C500&amp;ssl=1 396w, https:\/\/i0.wp.com\/www.manquepierda.com\/historiarealbetis\/files\/2013\/06\/L%C3%93PEZ-Garc%C3%ADa-Francisco-Javier.jpg?w=495&amp;ssl=1 495w\" sizes=\"auto, (max-width: 174px) 100vw, 174px\" \/><\/a><em><strong>0-1.-31 Minutos:\u00a0 Ben\u00edtez se hizo con el cuero intern\u00e1ndose por su banda hasta casi la misma l\u00ednea de c\u00f3rner,\u00a0 centrando sobre la porter\u00eda de Echevarr\u00eda\u00a0 y\u00a0 provocando un barullo que L\u00d3PEZ oportuno resolvi\u00f3 con un ch\u00fa raso y angulado.<\/strong><\/em><\/p>\n<p style=\"text-align: center\">Obituarios Real Betis Balompi\u00e9.<\/p>\n<p style=\"text-align: center\"><a href=\"https:\/\/www.manquepierda.com\/historiarealbetis\/30569-1976-junio-05-cpto-espana-14final-vuelta-rcd-espanol-2-real-betis-balompie-1-gol\/esnaola-larburu-jose-ramon\/\" rel=\"attachment wp-att-30576\"><img data-recalc-dims=\"1\" loading=\"lazy\" decoding=\"async\" class=\"aligncenter size-thumbnail wp-image-30576\" alt=\"ESNAOLA Larburu Jos\u00e9 Ram\u00f3n\" src=\"https:\/\/i0.wp.com\/www.manquepierda.com\/historiarealbetis\/files\/2013\/06\/ESNAOLA-Larburu-Jos%C3%A9-Ram%C3%B3n.jpg?resize=174%2C220&#038;ssl=1\" width=\"174\" height=\"220\" srcset=\"https:\/\/i0.wp.com\/www.manquepierda.com\/historiarealbetis\/files\/2013\/06\/ESNAOLA-Larburu-Jos%C3%A9-Ram%C3%B3n.jpg?resize=174%2C220&amp;ssl=1 174w, https:\/\/i0.wp.com\/www.manquepierda.com\/historiarealbetis\/files\/2013\/06\/ESNAOLA-Larburu-Jos%C3%A9-Ram%C3%B3n.jpg?resize=396%2C500&amp;ssl=1 396w, https:\/\/i0.wp.com\/www.manquepierda.com\/historiarealbetis\/files\/2013\/06\/ESNAOLA-Larburu-Jos%C3%A9-Ram%C3%B3n.jpg?w=452&amp;ssl=1 452w\" sizes=\"auto, (max-width: 174px) 100vw, 174px\" \/><\/a><em><strong>1-Guardameta-Destac\u00f3.-Jos\u00e9 Ram\u00f3n ESNAOLA Larburu (30).-ANDOA\u00cdN (Guip\u00fazcoa), Domingo 30-Junio-1946.-67 A\u00f1os.<\/strong><\/em><\/p>\n<p style=\"text-align: left\"><em><strong>Temporadas 1973-1974 (Campeonato Nacional Liga Segunda Divisi\u00f3n) \u00e1 1976-1977 (Campeonato de Espa\u00f1a-Primera Copa del Rey); 1977-1978 \u00e1 1984-1985; ambas inclusives.<\/strong><\/em><\/p>\n<p style=\"text-align: center\"><a href=\"https:\/\/www.manquepierda.com\/historiarealbetis\/30569-1976-junio-05-cpto-espana-14final-vuelta-rcd-espanol-2-real-betis-balompie-1-gol\/bizcocho-estevez-francisco\/\" rel=\"attachment wp-att-30577\"><img data-recalc-dims=\"1\" loading=\"lazy\" decoding=\"async\" class=\"aligncenter size-thumbnail wp-image-30577\" alt=\"BIZCOCHO Estevez-Francisco\" src=\"https:\/\/i0.wp.com\/www.manquepierda.com\/historiarealbetis\/files\/2013\/06\/BIZCOCHO-Estevez-Francisco.jpg?resize=175%2C220&#038;ssl=1\" width=\"175\" height=\"220\" srcset=\"https:\/\/i0.wp.com\/www.manquepierda.com\/historiarealbetis\/files\/2013\/06\/BIZCOCHO-Estevez-Francisco.jpg?resize=175%2C220&amp;ssl=1 175w, https:\/\/i0.wp.com\/www.manquepierda.com\/historiarealbetis\/files\/2013\/06\/BIZCOCHO-Estevez-Francisco.jpg?resize=478%2C600&amp;ssl=1 478w, https:\/\/i0.wp.com\/www.manquepierda.com\/historiarealbetis\/files\/2013\/06\/BIZCOCHO-Estevez-Francisco.jpg?resize=398%2C500&amp;ssl=1 398w, https:\/\/i0.wp.com\/www.manquepierda.com\/historiarealbetis\/files\/2013\/06\/BIZCOCHO-Estevez-Francisco.jpg?w=547&amp;ssl=1 547w\" sizes=\"auto, (max-width: 175px) 100vw, 175px\" \/><\/a><em><strong>2-Zaguero.-Lateral Derecho.-Francisco BIZCOCHO Est\u00e9vez (25).-CORIA DEL R\u00cdO (Sevilla), Lunes 22-Enero-1951.-62 A\u00f1os.<\/strong><\/em><\/p>\n<p style=\"text-align: center\"><em><strong>Temporadas 1971-1972 \u00e1 1976-1977 (Campeonato de Espa\u00f1a-Primera Copa del Rey); 1977-1978 \u00e1 1981-1982; ambas inclusives.<\/strong><\/em><\/p>\n<p style=\"text-align: center\"><a href=\"https:\/\/www.manquepierda.com\/historiarealbetis\/30569-1976-junio-05-cpto-espana-14final-vuelta-rcd-espanol-2-real-betis-balompie-1-gol\/biosca-perez-antonio\/\" rel=\"attachment wp-att-30578\"><img data-recalc-dims=\"1\" loading=\"lazy\" decoding=\"async\" class=\"aligncenter size-thumbnail wp-image-30578\" alt=\"BIOSCA P\u00e9rez-Antonio\" src=\"https:\/\/i0.wp.com\/www.manquepierda.com\/historiarealbetis\/files\/2013\/06\/BIOSCA-P%C3%A9rez-Antonio.jpg?resize=163%2C220&#038;ssl=1\" width=\"163\" height=\"220\" srcset=\"https:\/\/i0.wp.com\/www.manquepierda.com\/historiarealbetis\/files\/2013\/06\/BIOSCA-P%C3%A9rez-Antonio.jpg?resize=163%2C220&amp;ssl=1 163w, https:\/\/i0.wp.com\/www.manquepierda.com\/historiarealbetis\/files\/2013\/06\/BIOSCA-P%C3%A9rez-Antonio.jpg?resize=444%2C600&amp;ssl=1 444w, https:\/\/i0.wp.com\/www.manquepierda.com\/historiarealbetis\/files\/2013\/06\/BIOSCA-P%C3%A9rez-Antonio.jpg?resize=519%2C700&amp;ssl=1 519w, https:\/\/i0.wp.com\/www.manquepierda.com\/historiarealbetis\/files\/2013\/06\/BIOSCA-P%C3%A9rez-Antonio.jpg?resize=370%2C500&amp;ssl=1 370w, https:\/\/i0.wp.com\/www.manquepierda.com\/historiarealbetis\/files\/2013\/06\/BIOSCA-P%C3%A9rez-Antonio.jpg?w=545&amp;ssl=1 545w\" sizes=\"auto, (max-width: 163px) 100vw, 163px\" \/><\/a><em><strong>5-Zaguero.-Central-Destac\u00f3.-Antonio BIOSCA P\u00e9rez (27).-ALMER\u00cdA, Mi\u00e9rcoles 08-Diciembre-1948.-64 A\u00f1os.-Internacional 3 veces.<\/strong><\/em><\/p>\n<p style=\"text-align: center\"><em><strong>Temporadas 1971-1972 \u00e1 1976-1977 (Campeonato de Espa\u00f1a-Primera Copa del Rey), ambas inclusive.<\/strong><\/em><\/p>\n<p style=\"text-align: center\"><a href=\"https:\/\/www.manquepierda.com\/historiarealbetis\/30569-1976-junio-05-cpto-espana-14final-vuelta-rcd-espanol-2-real-betis-balompie-1-gol\/cobo-gonzalez-juan-manuel\/\" rel=\"attachment wp-att-30579\"><img data-recalc-dims=\"1\" loading=\"lazy\" decoding=\"async\" class=\"aligncenter size-thumbnail wp-image-30579\" alt=\"COBO Gonz\u00e1lez-Juan Manuel\" src=\"https:\/\/i0.wp.com\/www.manquepierda.com\/historiarealbetis\/files\/2013\/06\/COBO-Gonz%C3%A1lez-Juan-Manuel.jpg?resize=142%2C220&#038;ssl=1\" width=\"142\" height=\"220\" srcset=\"https:\/\/i0.wp.com\/www.manquepierda.com\/historiarealbetis\/files\/2013\/06\/COBO-Gonz%C3%A1lez-Juan-Manuel.jpg?resize=142%2C220&amp;ssl=1 142w, https:\/\/i0.wp.com\/www.manquepierda.com\/historiarealbetis\/files\/2013\/06\/COBO-Gonz%C3%A1lez-Juan-Manuel.jpg?resize=388%2C600&amp;ssl=1 388w, https:\/\/i0.wp.com\/www.manquepierda.com\/historiarealbetis\/files\/2013\/06\/COBO-Gonz%C3%A1lez-Juan-Manuel.jpg?resize=323%2C500&amp;ssl=1 323w, https:\/\/i0.wp.com\/www.manquepierda.com\/historiarealbetis\/files\/2013\/06\/COBO-Gonz%C3%A1lez-Juan-Manuel.jpg?w=413&amp;ssl=1 413w\" sizes=\"auto, (max-width: 142px) 100vw, 142px\" \/><\/a><em><strong>3-Zaguero.-Lateral Zurdo-Destac\u00f3.-Juan Manuel COBO Gonz\u00e1lez (28).-CABEZ\u00d3N DE LA SAL (Cantabria), Jueves 15-Abril-1948.-65 A\u00f1os.<\/strong><\/em><\/p>\n<p style=\"text-align: center\"><em><strong>Temporadas 1969-1970 \u00e1 1976-1977 (Campeonato de Espa\u00f1a-Primera Copa del Rey); 1977-1978 \u00e1 1979-1980; ambas inclusives.<\/strong><\/em><\/p>\n<p style=\"text-align: center\"><a href=\"https:\/\/www.manquepierda.com\/historiarealbetis\/30569-1976-junio-05-cpto-espana-14final-vuelta-rcd-espanol-2-real-betis-balompie-1-gol\/sabate-mercade-jaime\/\" rel=\"attachment wp-att-30580\"><img data-recalc-dims=\"1\" loading=\"lazy\" decoding=\"async\" class=\"aligncenter size-thumbnail wp-image-30580\" alt=\"SABAT\u00c9 Mercad\u00e9-Jaime\" src=\"https:\/\/i0.wp.com\/www.manquepierda.com\/historiarealbetis\/files\/2013\/06\/SABAT%C3%89-Mercad%C3%A9-Jaime-136x220.jpg?resize=136%2C220&#038;ssl=1\" width=\"136\" height=\"220\" srcset=\"https:\/\/i0.wp.com\/www.manquepierda.com\/historiarealbetis\/files\/2013\/06\/SABAT%C3%89-Mercad%C3%A9-Jaime.jpg?resize=136%2C220&amp;ssl=1 136w, https:\/\/i0.wp.com\/www.manquepierda.com\/historiarealbetis\/files\/2013\/06\/SABAT%C3%89-Mercad%C3%A9-Jaime.jpg?resize=372%2C600&amp;ssl=1 372w, https:\/\/i0.wp.com\/www.manquepierda.com\/historiarealbetis\/files\/2013\/06\/SABAT%C3%89-Mercad%C3%A9-Jaime.jpg?resize=434%2C700&amp;ssl=1 434w, https:\/\/i0.wp.com\/www.manquepierda.com\/historiarealbetis\/files\/2013\/06\/SABAT%C3%89-Mercad%C3%A9-Jaime.jpg?resize=310%2C500&amp;ssl=1 310w, https:\/\/i0.wp.com\/www.manquepierda.com\/historiarealbetis\/files\/2013\/06\/SABAT%C3%89-Mercad%C3%A9-Jaime.jpg?w=562&amp;ssl=1 562w\" sizes=\"auto, (max-width: 136px) 100vw, 136px\" \/><\/a><em><strong>4-Medio.-Diestro-Destac\u00f3.-Jaime SABAT\u00c9 Mercad\u00e9 (28).-BADALONA (Barcelona), S\u00e1bado 09-Agosto-1947.-65 A\u00f1os.<\/strong><\/em><\/p>\n<p style=\"text-align: center\"><em><strong>Temporadas 1973-1974 \u00e1 1976-1977 (Campeonato de Espa\u00f1a-Primera Copa del Rey); 1977-1978 \u00e1 1978-1979; ambas inclusives.<\/strong><\/em><\/p>\n<p style=\"text-align: left\"><em><strong>6-Medio.-Zurdo-Destac\u00f3.-Francisco Javier L\u00d3PEZ Garc\u00eda (25).-LAREDO (Cantabria), S\u00e1bado 14-Octubre-1950.-62 A\u00f1os.-Internacional 1 vez.<\/strong><\/em><\/p>\n<p style=\"text-align: center\"><em><strong>Temporadas 1970-1971 \u00e1 1976-1977 (Campeonato de Espa\u00f1a-Primera Copa del Rey); 1977-1978 \u00e1 1981-1982; ambas inclusives.<\/strong><\/em><\/p>\n<p style=\"text-align: center\"><a href=\"https:\/\/www.manquepierda.com\/historiarealbetis\/30569-1976-junio-05-cpto-espana-14final-vuelta-rcd-espanol-2-real-betis-balompie-1-gol\/benitez-fernandez-antonio\/\" rel=\"attachment wp-att-30582\"><img data-recalc-dims=\"1\" loading=\"lazy\" decoding=\"async\" class=\"aligncenter size-thumbnail wp-image-30582\" alt=\"BEN\u00cdTEZ Fern\u00e1ndez-Antonio\" src=\"https:\/\/i0.wp.com\/www.manquepierda.com\/historiarealbetis\/files\/2013\/06\/BEN%C3%8DTEZ-Fern%C3%A1ndez-Antonio-112x220.jpg?resize=112%2C220&#038;ssl=1\" width=\"112\" height=\"220\" srcset=\"https:\/\/i0.wp.com\/www.manquepierda.com\/historiarealbetis\/files\/2013\/06\/BEN%C3%8DTEZ-Fern%C3%A1ndez-Antonio.jpg?resize=112%2C220&amp;ssl=1 112w, https:\/\/i0.wp.com\/www.manquepierda.com\/historiarealbetis\/files\/2013\/06\/BEN%C3%8DTEZ-Fern%C3%A1ndez-Antonio.jpg?resize=306%2C600&amp;ssl=1 306w, https:\/\/i0.wp.com\/www.manquepierda.com\/historiarealbetis\/files\/2013\/06\/BEN%C3%8DTEZ-Fern%C3%A1ndez-Antonio.jpg?resize=357%2C700&amp;ssl=1 357w, https:\/\/i0.wp.com\/www.manquepierda.com\/historiarealbetis\/files\/2013\/06\/BEN%C3%8DTEZ-Fern%C3%A1ndez-Antonio.jpg?resize=255%2C500&amp;ssl=1 255w, https:\/\/i0.wp.com\/www.manquepierda.com\/historiarealbetis\/files\/2013\/06\/BEN%C3%8DTEZ-Fern%C3%A1ndez-Antonio.jpg?w=484&amp;ssl=1 484w\" sizes=\"auto, (max-width: 112px) 100vw, 112px\" \/><\/a><em><strong>7-Delantero.-Extremo Diestro.-Antonio BEN\u00cdTEZ Fern\u00e1ndez (25).-JEREZ DE LA FRONTERA (C\u00e1diz), Jueves 21-Junio-1951.-62 A\u00f1os.-Internacional 3 veces.<\/strong><\/em><\/p>\n<p style=\"text-align: center\"><em><strong>Temporadas 1969-1970 \u00e1 1976-1977 (Campeonato de Espa\u00f1a-Primera Copa del Rey); 1977-1978 \u00e1 1982-1983; ambas inclusives.<\/strong><\/em><\/p>\n<p style=\"text-align: center\"><strong>Fue sustitu\u00eddo por:<\/strong><\/p>\n<p style=\"text-align: center\"><a href=\"https:\/\/www.manquepierda.com\/historiarealbetis\/30569-1976-junio-05-cpto-espana-14final-vuelta-rcd-espanol-2-real-betis-balompie-1-gol\/eulate-jose-antonio-gomez-alvarez-de\/\" rel=\"attachment wp-att-30583\"><img data-recalc-dims=\"1\" loading=\"lazy\" decoding=\"async\" class=\"aligncenter size-thumbnail wp-image-30583\" alt=\"EULATE-Jos\u00e9 Antonio G\u00f3mez \u00c1lvarez de\" src=\"https:\/\/i0.wp.com\/www.manquepierda.com\/historiarealbetis\/files\/2013\/06\/EULATE-Jos%C3%A9-Antonio-G%C3%B3mez-%C3%81lvarez-de-181x220.jpg?resize=181%2C220&#038;ssl=1\" width=\"181\" height=\"220\" srcset=\"https:\/\/i0.wp.com\/www.manquepierda.com\/historiarealbetis\/files\/2013\/06\/EULATE-Jos%C3%A9-Antonio-G%C3%B3mez-%C3%81lvarez-de.jpg?resize=181%2C220&amp;ssl=1 181w, https:\/\/i0.wp.com\/www.manquepierda.com\/historiarealbetis\/files\/2013\/06\/EULATE-Jos%C3%A9-Antonio-G%C3%B3mez-%C3%81lvarez-de.jpg?resize=495%2C600&amp;ssl=1 495w, https:\/\/i0.wp.com\/www.manquepierda.com\/historiarealbetis\/files\/2013\/06\/EULATE-Jos%C3%A9-Antonio-G%C3%B3mez-%C3%81lvarez-de.jpg?resize=412%2C500&amp;ssl=1 412w, https:\/\/i0.wp.com\/www.manquepierda.com\/historiarealbetis\/files\/2013\/06\/EULATE-Jos%C3%A9-Antonio-G%C3%B3mez-%C3%81lvarez-de.jpg?w=536&amp;ssl=1 536w\" sizes=\"auto, (max-width: 181px) 100vw, 181px\" \/><\/a><em><strong>16-Centro Delantero-ARIETE e Interior.-Jos\u00e9 Antonio G\u00f3mez \u00c1lvarez de EULATE (21).-SALAMANCA, Martes 10-Mayo-1955.-58 A\u00f1os.<\/strong><\/em><\/p>\n<p style=\"text-align: center\"><em><strong>Temporadas 1974-1975 \u00e1 1976-1977 (Campeonato de Espa\u00f1a-Primera Copa del Rey), ambas inclusive;\u00a0 y\u00a0 1977-1978.<\/strong><\/em><\/p>\n<p style=\"text-align: center\"><a href=\"https:\/\/www.manquepierda.com\/historiarealbetis\/29811-1968-mayo-12-cpto-espana-18-final-ida-cf-badalona-2-vs-real-betis-balompie-3-goles\/rogelio-sosa-ramirez-2\/\" rel=\"attachment wp-att-29822\"><img data-recalc-dims=\"1\" loading=\"lazy\" decoding=\"async\" class=\"aligncenter size-thumbnail wp-image-29822\" alt=\"ROGELIO sosa ram\u00edrez\" src=\"https:\/\/i0.wp.com\/www.manquepierda.com\/historiarealbetis\/files\/2013\/05\/ROGELIO-sosa-ram%C3%ADrez1.jpg?resize=127%2C220&#038;ssl=1\" width=\"127\" height=\"220\" srcset=\"https:\/\/i0.wp.com\/www.manquepierda.com\/historiarealbetis\/files\/2013\/05\/ROGELIO-sosa-ram%C3%ADrez1.jpg?resize=127%2C220&amp;ssl=1 127w, https:\/\/i0.wp.com\/www.manquepierda.com\/historiarealbetis\/files\/2013\/05\/ROGELIO-sosa-ram%C3%ADrez1.jpg?resize=347%2C600&amp;ssl=1 347w, https:\/\/i0.wp.com\/www.manquepierda.com\/historiarealbetis\/files\/2013\/05\/ROGELIO-sosa-ram%C3%ADrez1.jpg?resize=405%2C700&amp;ssl=1 405w, https:\/\/i0.wp.com\/www.manquepierda.com\/historiarealbetis\/files\/2013\/05\/ROGELIO-sosa-ram%C3%ADrez1.jpg?resize=1024%2C1765&amp;ssl=1 1024w, https:\/\/i0.wp.com\/www.manquepierda.com\/historiarealbetis\/files\/2013\/05\/ROGELIO-sosa-ram%C3%ADrez1.jpg?resize=289%2C500&amp;ssl=1 289w, https:\/\/i0.wp.com\/www.manquepierda.com\/historiarealbetis\/files\/2013\/05\/ROGELIO-sosa-ram%C3%ADrez1.jpg?w=1281&amp;ssl=1 1281w\" sizes=\"auto, (max-width: 127px) 100vw, 127px\" \/><\/a><strong><em>8-Delantero-Interior Diestro-Destac\u00f3.-ROGELIO Sosa Ram\u00edrez (33).-CORIA DEL R\u00cdO (Sevilla), Domingo 11-Abril-1943.-70 A\u00f1os.<\/em><\/strong><\/p>\n<p style=\"text-align: center\"><em><strong>Temporadas 1962-1963 \u00e1 1976-1977 (Campeonato de Espa\u00f1a-Primera Copa del Rey) ambas inclusive,\u00a0 y\u00a0 1977-1978.<\/strong><\/em><\/p>\n<p style=\"text-align: center\"><strong>Fue sustitu\u00eddo por:<\/strong><\/p>\n<p style=\"text-align: center\"><a href=\"https:\/\/www.manquepierda.com\/historiarealbetis\/30569-1976-junio-05-cpto-espana-14final-vuelta-rcd-espanol-2-real-betis-balompie-1-gol\/iglesias-santamaria-julio\/\" rel=\"attachment wp-att-30584\"><img data-recalc-dims=\"1\" loading=\"lazy\" decoding=\"async\" class=\"aligncenter size-thumbnail wp-image-30584\" alt=\"IGLESIAS Santamar\u00eda-Julio\" src=\"https:\/\/i0.wp.com\/www.manquepierda.com\/historiarealbetis\/files\/2013\/06\/IGLESIAS-Santamar%C3%ADa-Julio.jpg?resize=155%2C220&#038;ssl=1\" width=\"155\" height=\"220\" srcset=\"https:\/\/i0.wp.com\/www.manquepierda.com\/historiarealbetis\/files\/2013\/06\/IGLESIAS-Santamar%C3%ADa-Julio.jpg?resize=155%2C220&amp;ssl=1 155w, https:\/\/i0.wp.com\/www.manquepierda.com\/historiarealbetis\/files\/2013\/06\/IGLESIAS-Santamar%C3%ADa-Julio.jpg?resize=424%2C600&amp;ssl=1 424w, https:\/\/i0.wp.com\/www.manquepierda.com\/historiarealbetis\/files\/2013\/06\/IGLESIAS-Santamar%C3%ADa-Julio.jpg?resize=495%2C700&amp;ssl=1 495w, https:\/\/i0.wp.com\/www.manquepierda.com\/historiarealbetis\/files\/2013\/06\/IGLESIAS-Santamar%C3%ADa-Julio.jpg?resize=354%2C500&amp;ssl=1 354w, https:\/\/i0.wp.com\/www.manquepierda.com\/historiarealbetis\/files\/2013\/06\/IGLESIAS-Santamar%C3%ADa-Julio.jpg?w=502&amp;ssl=1 502w\" sizes=\"auto, (max-width: 155px) 100vw, 155px\" \/><\/a><em><strong>15-Zaguero.-Central.-Julio IGLESIAS Santamar\u00eda (32).-CARTES (Cantabria), S\u00e1bado 25-Marzo-1944.-69 A\u00f1os.<\/strong><\/em><\/p>\n<p style=\"text-align: center\"><em><strong>Temporadas 1973-1974 \u00e1 1975-1976, ambas inclusive.<\/strong><\/em><\/p>\n<p style=\"text-align: left\"><a href=\"https:\/\/www.manquepierda.com\/historiarealbetis\/30569-1976-junio-05-cpto-espana-14final-vuelta-rcd-espanol-2-real-betis-balompie-1-gol\/medieta-ortega-celso\/\" rel=\"attachment wp-att-30585\"><img data-recalc-dims=\"1\" loading=\"lazy\" decoding=\"async\" class=\"aligncenter size-thumbnail wp-image-30585\" alt=\"MEDIETA Ortega-Celso\" src=\"https:\/\/i0.wp.com\/www.manquepierda.com\/historiarealbetis\/files\/2013\/06\/MEDIETA-Ortega-Celso.png?resize=188%2C220&#038;ssl=1\" width=\"188\" height=\"220\" srcset=\"https:\/\/i0.wp.com\/www.manquepierda.com\/historiarealbetis\/files\/2013\/06\/MEDIETA-Ortega-Celso.png?resize=188%2C220&amp;ssl=1 188w, https:\/\/i0.wp.com\/www.manquepierda.com\/historiarealbetis\/files\/2013\/06\/MEDIETA-Ortega-Celso.png?w=191&amp;ssl=1 191w\" sizes=\"auto, (max-width: 188px) 100vw, 188px\" \/><\/a><em><strong>9-Centro Delantero.-ARIETE.-Celso MENDIETA Ortega (26).-PIRIBEBUY (73 Kms. Este de Asunci\u00f3n-Capital-PARAGUAY), Jueves 28-Julio-1949.-64 A\u00f1os.-Vive en su ciudad natal (Martes 26-01-2010, le robaron 700 MM de Guaran\u00edes en efectivo y dos relojes de oro \u00abCitizen\u00bb).<\/strong><\/em><\/p>\n<p style=\"text-align: center\"><em><strong>Temporadas 1974-1975 \u00e1 1976-1977, ambas inclusive.<\/strong><\/em><\/p>\n<p style=\"text-align: center\"><a href=\"https:\/\/www.manquepierda.com\/historiarealbetis\/30569-1976-junio-05-cpto-espana-14final-vuelta-rcd-espanol-2-real-betis-balompie-1-gol\/cardenosa-rodriguez-julio\/\" rel=\"attachment wp-att-30586\"><img data-recalc-dims=\"1\" loading=\"lazy\" decoding=\"async\" class=\"aligncenter size-thumbnail wp-image-30586\" alt=\"CARDE\u00d1OSA Rodr\u00edguez-Julio\" src=\"https:\/\/i0.wp.com\/www.manquepierda.com\/historiarealbetis\/files\/2013\/06\/CARDE%C3%91OSA-Rodr%C3%ADguez-Julio-84x220.jpg?resize=84%2C220&#038;ssl=1\" width=\"84\" height=\"220\" srcset=\"https:\/\/i0.wp.com\/www.manquepierda.com\/historiarealbetis\/files\/2013\/06\/CARDE%C3%91OSA-Rodr%C3%ADguez-Julio.jpg?resize=84%2C220&amp;ssl=1 84w, https:\/\/i0.wp.com\/www.manquepierda.com\/historiarealbetis\/files\/2013\/06\/CARDE%C3%91OSA-Rodr%C3%ADguez-Julio.jpg?resize=229%2C600&amp;ssl=1 229w, https:\/\/i0.wp.com\/www.manquepierda.com\/historiarealbetis\/files\/2013\/06\/CARDE%C3%91OSA-Rodr%C3%ADguez-Julio.jpg?resize=267%2C700&amp;ssl=1 267w, https:\/\/i0.wp.com\/www.manquepierda.com\/historiarealbetis\/files\/2013\/06\/CARDE%C3%91OSA-Rodr%C3%ADguez-Julio.jpg?resize=191%2C500&amp;ssl=1 191w, https:\/\/i0.wp.com\/www.manquepierda.com\/historiarealbetis\/files\/2013\/06\/CARDE%C3%91OSA-Rodr%C3%ADguez-Julio.jpg?w=570&amp;ssl=1 570w\" sizes=\"auto, (max-width: 84px) 100vw, 84px\" \/><\/a><em><strong>10-Delantero.-Interior Zurdo.-Julio CARDE\u00d1OSA Rodr\u00edguez (26).-VALLADOLID, Jueves 27-Octubre-1949.-63 A\u00f1os.-Internacional 8 veces.<\/strong><\/em><\/p>\n<p style=\"text-align: center\"><em><strong>Temporadas 1974-1975 \u00e1 1976-1977 (Campeonato de Espa\u00f1a-Primera Copa del Rey); 1977-1978 \u00e1 1984-1985; ambas inclusives.<\/strong><\/em><\/p>\n<p style=\"text-align: left\"><a href=\"https:\/\/www.manquepierda.com\/historiarealbetis\/30569-1976-junio-05-cpto-espana-14final-vuelta-rcd-espanol-2-real-betis-balompie-1-gol\/anzarda-alvarez-eduardo-anibal\/\" rel=\"attachment wp-att-30587\"><img data-recalc-dims=\"1\" loading=\"lazy\" decoding=\"async\" class=\"aligncenter size-thumbnail wp-image-30587\" alt=\"ANZARDA \u00c1lvarez-Eduardo An\u00edbal\" src=\"https:\/\/i0.wp.com\/www.manquepierda.com\/historiarealbetis\/files\/2013\/06\/ANZARDA-%C3%81lvarez-Eduardo-An%C3%ADbal-145x220.jpg?resize=145%2C220&#038;ssl=1\" width=\"145\" height=\"220\" srcset=\"https:\/\/i0.wp.com\/www.manquepierda.com\/historiarealbetis\/files\/2013\/06\/ANZARDA-%C3%81lvarez-Eduardo-An%C3%ADbal.jpg?resize=145%2C220&amp;ssl=1 145w, https:\/\/i0.wp.com\/www.manquepierda.com\/historiarealbetis\/files\/2013\/06\/ANZARDA-%C3%81lvarez-Eduardo-An%C3%ADbal.jpg?resize=397%2C600&amp;ssl=1 397w, https:\/\/i0.wp.com\/www.manquepierda.com\/historiarealbetis\/files\/2013\/06\/ANZARDA-%C3%81lvarez-Eduardo-An%C3%ADbal.jpg?resize=330%2C500&amp;ssl=1 330w, https:\/\/i0.wp.com\/www.manquepierda.com\/historiarealbetis\/files\/2013\/06\/ANZARDA-%C3%81lvarez-Eduardo-An%C3%ADbal.jpg?w=444&amp;ssl=1 444w\" sizes=\"auto, (max-width: 145px) 100vw, 145px\" \/><\/a><em><strong>11-Delantero.-Extremo Zurdo.-EDUARDO An\u00edbal ANZARDA \u00c1lvarez (26).-SAN JAVIER-Departamento Provincia de C\u00f3rdoba (Argentina), Mi\u00e9rcoles 25-Enero-1950.-63 A\u00f1os.<\/strong><\/em><\/p>\n<p style=\"text-align: center\"><em><strong>Temporadas 1973-1974 \u00e1 1976-1977 (Campeonato de Espa\u00f1a-Primera Copa del Rey); 1977-1978 \u00e1 1979-1980, ambas inclusives.<\/strong><\/em><\/p>\n<p style=\"text-align: left\"><a href=\"https:\/\/www.manquepierda.com\/historiarealbetis\/30569-1976-junio-05-cpto-espana-14final-vuelta-rcd-espanol-2-real-betis-balompie-1-gol\/szusza-ferenc\/\" rel=\"attachment wp-att-30588\"><img data-recalc-dims=\"1\" loading=\"lazy\" decoding=\"async\" class=\"alignleft size-thumbnail wp-image-30588\" alt=\"SZUSZA-Feren\u00e7\" src=\"https:\/\/i0.wp.com\/www.manquepierda.com\/historiarealbetis\/files\/2013\/06\/SZUSZA-Feren%C3%A7.jpg?resize=133%2C220&#038;ssl=1\" width=\"133\" height=\"220\" srcset=\"https:\/\/i0.wp.com\/www.manquepierda.com\/historiarealbetis\/files\/2013\/06\/SZUSZA-Feren%C3%A7.jpg?resize=133%2C220&amp;ssl=1 133w, https:\/\/i0.wp.com\/www.manquepierda.com\/historiarealbetis\/files\/2013\/06\/SZUSZA-Feren%C3%A7.jpg?resize=362%2C600&amp;ssl=1 362w, https:\/\/i0.wp.com\/www.manquepierda.com\/historiarealbetis\/files\/2013\/06\/SZUSZA-Feren%C3%A7.jpg?resize=423%2C700&amp;ssl=1 423w, https:\/\/i0.wp.com\/www.manquepierda.com\/historiarealbetis\/files\/2013\/06\/SZUSZA-Feren%C3%A7.jpg?resize=302%2C500&amp;ssl=1 302w, https:\/\/i0.wp.com\/www.manquepierda.com\/historiarealbetis\/files\/2013\/06\/SZUSZA-Feren%C3%A7.jpg?w=950&amp;ssl=1 950w\" sizes=\"auto, (max-width: 133px) 100vw, 133px\" \/><\/a><em><strong>ENTRENADOR REAL BETIS BALOMPI\u00c9-TEMPORADAS 1971-1972 (Barrios.-Areta II.-SZUSZA) \u00e1 1976-1977 (SZUSZA.-IRIONDO):<\/strong><\/em><\/p>\n<p style=\"text-align: left\"><em><strong>FEREN\u00c7 SZUSZA (52 A\u00f1os).-BUDAPEST (Hungr\u00eda), S\u00e1bado 01-Diciembre-1923.-\u00cdDEM, Martes 01-Agosto-2006.-82 A\u00f1os.-D. E. P.<\/strong><\/em><\/p>\n<p style=\"text-align: left\">\u00abNo cab\u00eda dentro de s\u00ed mismo.\u00a0 La satisfacci\u00f3n le hab\u00eda hinchado.\u00a0 Y era l\u00f3gico.\u00a0 Porque eliminar al Espa\u00f1ol era,\u00a0 de antemano,\u00a0 muy dif\u00edcil.<\/p>\n<p style=\"text-align: left\"><em><strong>&#8211;Ha sido un gran partido.\u00a0 Y hemos salido adelante despu\u00e9s de pasar muchas dificultades.\u00a0 Porque el Espa\u00f1ol presion\u00f3 mucho y bien.<\/strong><\/em><\/p>\n<p style=\"text-align: left\">&#8211;\u00bfPens\u00f3 en la pr\u00f3rroga?<\/p>\n<p style=\"text-align: left\"><em><strong>&#8211;Luego s\u00ed.\u00a0 Porque en los \u00faltimos minutos el Espa\u00f1ol acos\u00f3 mucho.\u00a0 Fue una presi\u00f3n tremenda.<\/strong><\/em><\/p>\n<p style=\"text-align: left\">&#8211;\u00bfLe har\u00e1 un monumento a Esnaola?<\/p>\n<p style=\"text-align: left\"><em><strong>&#8211;Estoy contento de todos mis jugadores.\u00a0 Cumplieron muy bien los marcajes que ten\u00edan asignados.\u00a0 Y as\u00ed fue posible conservar la ventaja del primer encuentro.\u00a0 Fue muy dif\u00edcil de veras\u00bb.<\/strong><\/em><\/p>\n<p style=\"text-align: center\"><em><strong>46\u00ba PRESIDENTE REAL BETIS BALOMPI\u00c9-TEMPORADAS 1969-1970 \u00c1 1978-1979, AMBAS INCLUSIVES:<\/strong><\/em><\/p>\n<p style=\"text-align: center\"><a href=\"https:\/\/www.manquepierda.com\/historiarealbetis\/30569-1976-junio-05-cpto-espana-14final-vuelta-rcd-espanol-2-real-betis-balompie-1-gol\/nunez-naranjo-jose-luis\/\" rel=\"attachment wp-att-30589\"><img data-recalc-dims=\"1\" loading=\"lazy\" decoding=\"async\" class=\"aligncenter size-thumbnail wp-image-30589\" alt=\"N\u00da\u00d1EZ Naranjo-Jos\u00e9 Lu\u00eds\" src=\"https:\/\/i0.wp.com\/www.manquepierda.com\/historiarealbetis\/files\/2013\/06\/N%C3%9A%C3%91EZ-Naranjo-Jos%C3%A9-Lu%C3%ADs-143x220.jpg?resize=143%2C220&#038;ssl=1\" width=\"143\" height=\"220\" srcset=\"https:\/\/i0.wp.com\/www.manquepierda.com\/historiarealbetis\/files\/2013\/06\/N%C3%9A%C3%91EZ-Naranjo-Jos%C3%A9-Lu%C3%ADs.jpg?resize=143%2C220&amp;ssl=1 143w, https:\/\/i0.wp.com\/www.manquepierda.com\/historiarealbetis\/files\/2013\/06\/N%C3%9A%C3%91EZ-Naranjo-Jos%C3%A9-Lu%C3%ADs.jpg?resize=390%2C600&amp;ssl=1 390w, https:\/\/i0.wp.com\/www.manquepierda.com\/historiarealbetis\/files\/2013\/06\/N%C3%9A%C3%91EZ-Naranjo-Jos%C3%A9-Lu%C3%ADs.jpg?resize=455%2C700&amp;ssl=1 455w, https:\/\/i0.wp.com\/www.manquepierda.com\/historiarealbetis\/files\/2013\/06\/N%C3%9A%C3%91EZ-Naranjo-Jos%C3%A9-Lu%C3%ADs.jpg?resize=325%2C500&amp;ssl=1 325w, https:\/\/i0.wp.com\/www.manquepierda.com\/historiarealbetis\/files\/2013\/06\/N%C3%9A%C3%91EZ-Naranjo-Jos%C3%A9-Lu%C3%ADs.jpg?w=768&amp;ssl=1 768w\" sizes=\"auto, (max-width: 143px) 100vw, 143px\" \/><\/a><\/p>\n<p style=\"text-align: center\"><em><strong>DON JOS\u00c9 N\u00da\u00d1EZ NARANJO (51 A\u00f1os.-Industrial).-CAZALLA DE LA SIERRA (Sevilla), S\u00e1bado 21-Noviembre-1925.-87 A\u00f1os.<\/strong><\/em><\/p>\n<p style=\"text-align: left\"><em><strong>1976-MAYO 30-DOMINGO EN LA \u00abCIUDAD DEL\u00a0 BETIS\u00bb-1\/4 FINAL-PARTIDO DE IDA-ESTADIO BENITO VILLAMAR\u00cdN.-LXXII EDICI\u00d3N CAMPEONATO DE ESPA\u00d1A-COPA DEL GENERAL\u00cdSIMO TEMPORADA 1975-1976:<\/strong><\/em><\/p>\n<p style=\"text-align: center\"><a href=\"https:\/\/www.manquepierda.com\/historiarealbetis\/30569-1976-junio-05-cpto-espana-14final-vuelta-rcd-espanol-2-real-betis-balompie-1-gol\/rbb-3-rcde-1\/\" rel=\"attachment wp-att-30590\"><img data-recalc-dims=\"1\" loading=\"lazy\" decoding=\"async\" class=\"aligncenter size-medium wp-image-30590\" alt=\"RBB-3 RCDE-1\" src=\"https:\/\/i0.wp.com\/www.manquepierda.com\/historiarealbetis\/files\/2013\/06\/RBB-3-RCDE-1.jpg?resize=441%2C600&#038;ssl=1\" width=\"441\" height=\"600\" srcset=\"https:\/\/i0.wp.com\/www.manquepierda.com\/historiarealbetis\/files\/2013\/06\/RBB-3-RCDE-1.jpg?resize=441%2C600&amp;ssl=1 441w, https:\/\/i0.wp.com\/www.manquepierda.com\/historiarealbetis\/files\/2013\/06\/RBB-3-RCDE-1.jpg?resize=162%2C220&amp;ssl=1 162w, https:\/\/i0.wp.com\/www.manquepierda.com\/historiarealbetis\/files\/2013\/06\/RBB-3-RCDE-1.jpg?resize=515%2C700&amp;ssl=1 515w, https:\/\/i0.wp.com\/www.manquepierda.com\/historiarealbetis\/files\/2013\/06\/RBB-3-RCDE-1.jpg?resize=1024%2C1390&amp;ssl=1 1024w, https:\/\/i0.wp.com\/www.manquepierda.com\/historiarealbetis\/files\/2013\/06\/RBB-3-RCDE-1.jpg?resize=368%2C500&amp;ssl=1 368w\" sizes=\"auto, (max-width: 441px) 100vw, 441px\" \/><\/a><\/p>\n<p style=\"text-align: left\"><strong>\u00abGran victoria b\u00e9tica sobre el peligroso Espa\u00f1ol de Barcelona.\u00a0 Por m\u00e9ritos,\u00a0 ocasiones de gol\u00a0 y\u00a0 buen f\u00fatbol los hombres de Szusza debieron dejar la eliminatoria resuelta.-(1) (2) Rogelio en la transformaci\u00f3n de dos m\u00e1ximos castigos y Eulate lograron los tantos b\u00e9ticos.-Cada equipo estrell\u00f3 dos balones en los palos.-Los b\u00e9ticos fueron rematados por Medieta y L\u00f3pez\u00bb.-Fotos Serrano (ABC-SE-19760601).<\/strong><\/p>\n<p style=\"text-align: center\"><a href=\"https:\/\/www.manquepierda.com\/historiarealbetis\/30569-1976-junio-05-cpto-espana-14final-vuelta-rcd-espanol-2-real-betis-balompie-1-gol\/jabr\/\" rel=\"attachment wp-att-30591\"><img data-recalc-dims=\"1\" loading=\"lazy\" decoding=\"async\" class=\"aligncenter size-full wp-image-30591\" alt=\"JABR\" src=\"https:\/\/i0.wp.com\/www.manquepierda.com\/historiarealbetis\/files\/2013\/06\/JABR.jpg?resize=128%2C178&#038;ssl=1\" width=\"128\" height=\"178\" \/><\/a>Arbitr\u00f3 el colegiado de Gij\u00f3n, Jos\u00e9 Antonio Balsa Ron.-Aline\u00f3 \u00e1:<\/p>\n<p style=\"text-align: center\"><em><strong>REAL BETIS BALOMPI\u00c9-3 GOLES.<\/strong><\/em><\/p>\n<p style=\"text-align: left\"><em><strong>1-0.-37 Minutos:\u00a0 Defectuoso despeje de Ramos,\u00a0 que envi\u00f3 el bal\u00f3n bomeado sobre su propia \u00e1rea.\u00a0 Ferrer salta muy forzado,\u00a0 y en su ca\u00edda arrolla a Anzarda.\u00a0 Penalti que transforma ROGELIO batiendo a Echevarr\u00eda.<\/strong><\/em><\/p>\n<p style=\"text-align: left\"><em><strong>2-1.-65 Minutos:\u00a0 Jugada archisuperi\u00f3 de Rogelio,\u00a0 que culmina pase en profundidad a Ben\u00edtez,\u00a0 \u00e9ste supera en velocidad a Verdugo,\u00a0 que cuando alcanza el \u00e1rea espa\u00f1olista le sujeta y derriba.\u00a0 Repite la pena m\u00e1xima ROGELIO y logra el desempate.<\/strong><\/em><\/p>\n<p style=\"text-align: left\"><em><strong>3-1.-80 Minutos:\u00a0 Magn\u00edfico avance verdiblanco con bal\u00f3n raso sobre la derecha que EULATE alcanza rematando cruzado y raso a las mallas defendida por el meta Echevarr\u00eda.<\/strong><\/em><\/p>\n<p style=\"text-align: center\"><em><strong>ESNAOLA (Guardameta).<\/strong><\/em><\/p>\n<p style=\"text-align: center\"><a href=\"https:\/\/www.manquepierda.com\/historiarealbetis\/30569-1976-junio-05-cpto-espana-14final-vuelta-rcd-espanol-2-real-betis-balompie-1-gol\/alabanda-fernandez-sebastian\/\" rel=\"attachment wp-att-30592\"><img data-recalc-dims=\"1\" loading=\"lazy\" decoding=\"async\" class=\"aligncenter size-thumbnail wp-image-30592\" alt=\"ALABANDA Fern\u00e1ndez-Sebasti\u00e1n\" src=\"https:\/\/i0.wp.com\/www.manquepierda.com\/historiarealbetis\/files\/2013\/06\/ALABANDA-Fern%C3%A1ndez-Sebasti%C3%A1n.jpg?resize=153%2C220&#038;ssl=1\" width=\"153\" height=\"220\" srcset=\"https:\/\/i0.wp.com\/www.manquepierda.com\/historiarealbetis\/files\/2013\/06\/ALABANDA-Fern%C3%A1ndez-Sebasti%C3%A1n.jpg?resize=153%2C220&amp;ssl=1 153w, https:\/\/i0.wp.com\/www.manquepierda.com\/historiarealbetis\/files\/2013\/06\/ALABANDA-Fern%C3%A1ndez-Sebasti%C3%A1n.jpg?resize=347%2C500&amp;ssl=1 347w, https:\/\/i0.wp.com\/www.manquepierda.com\/historiarealbetis\/files\/2013\/06\/ALABANDA-Fern%C3%A1ndez-Sebasti%C3%A1n.jpg?w=373&amp;ssl=1 373w\" sizes=\"auto, (max-width: 153px) 100vw, 153px\" \/><\/a><\/p>\n<p style=\"text-align: left\"><em><strong>BIZCOCHO.-SABAT\u00c9.-Sebasti\u00e1n ALABANDA Fern\u00e1ndez (25 a\u00f1os).-POSADAS (C\u00f3rdoba), Martes 31-Octubre-1950.-62 A\u00f1os.-Internacional 1 vez.-COBO.<\/strong><\/em><\/p>\n<p style=\"text-align: center\"><em><strong>L\u00d3PEZ.-ROGELIO (70 minutos: IGLESIAS).-CARDE\u00d1OSA.<\/strong><\/em><\/p>\n<p style=\"text-align: center\"><em><strong>BEN\u00cdTEZ-MENDIETA (70 minutos: EULATE)-ANZARDA.<\/strong><\/em><\/p>\n<p style=\"text-align: center\"><strong>VS.<\/strong><\/p>\n<p style=\"text-align: center\"><strong>REAL CLUB DEPORTIVO ESPA\u00d1OL-1 TANTO.<\/strong><\/p>\n<p style=\"text-align: left\"><strong>ECHEVARR\u00cdA.-RAMOS-FERRER-GRANERO.-VERDUGO; FERN\u00c1NDEZ-AMADO; SOLSONA; OSORIO.-CUESTA-CASZELY (1-1.-57 minutos: Contra-ataque espa\u00f1olista que provoca una situaci\u00f3n confusa de tiros y rechaces; el cuero queda a merced del \u00ab10\u00bb que bate a Esnaola de impresionate volea)-MARA\u00d1\u00d3N<\/strong><\/p>\n<p style=\"text-align: center\"><em><strong>PASA A LAS SEMIFINALES EL REAL BETIS BALOMPI\u00c9-4 GOLES (3+1) <\/strong><\/em><strong>VS. REAL CLUB DEPORTIVO ESPA\u00d1OL-3 TANTOS (1+2).-ELIMINADO.<\/strong><\/p>\n<p style=\"text-align: left\">Colecci\u00f3n Personal.<\/p>\n<p style=\"text-align: left\">Entrevista L. M. L.-Mundo Deportivo, Barcelona 19760606-domingo.<\/p>\n<p style=\"text-align: left\">ABC-SE-19760606.<\/p>\n<p>&nbsp;<\/p>\n","protected":false},"excerpt":{"rendered":"<p>72\u00aa EDICI\u00d3N CAMPEONATO DE ESPA\u00d1A-COPA DEL GENERAL\u00cdSIMO 1975-1976.-CUARTOS DE FINAL-VUELTA EN LA CIUDAD CONDAL S\u00c1BADO 05\u00a0 DE JUNIO DE 1976, NOCHE FRESCA EN EL ESTADIO DE LA CARRETERA DE SARRI\u00c1 QUE REGISTR\u00d3 UNA MAGN\u00cdFICA ENTRADA. Arbitr\u00f3 el colegiado de Palma de Mallorca, Antonio Borr\u00e1s del Barrio.-Discreta labor.-Tarjetero. REAL CLUB DEPORTIVO ESPA\u00d1OL-2 Tantos. Francisco Javier ECHEVARR\u00cdA&#8230;<\/p>\n","protected":false},"author":48,"featured_media":0,"comment_status":"open","ping_status":"open","sticky":false,"template":"","format":"standard","meta":{"_kad_post_transparent":"","_kad_post_title":"","_kad_post_layout":"","_kad_post_sidebar_id":"","_kad_post_content_style":"","_kad_post_vertical_padding":"","_kad_post_feature":"","_kad_post_feature_position":"","_kad_post_header":false,"_kad_post_footer":false,"_kad_post_classname":"","_jetpack_memberships_contains_paid_content":false,"footnotes":"","jetpack_publicize_message":"","jetpack_publicize_feature_enabled":true,"jetpack_social_post_already_shared":true,"jetpack_social_options":{"image_generator_settings":{"template":"highway","default_image_id":0,"font":"","enabled":false},"version":2}},"categories":[903,1],"tags":[2504,1556,17951,711],"class_list":["post-30569","post","type-post","status-publish","format-standard","hentry","category-1970-1979","category-portada","tag-1975-76","tag-1556","tag-copa-1975-76","tag-rcd-espanyol"],"jetpack_publicize_connections":[],"jetpack_featured_media_url":"","jetpack_sharing_enabled":true,"jetpack_shortlink":"https:\/\/wp.me\/p1ij08-7X3","jetpack-related-posts":[],"_links":{"self":[{"href":"https:\/\/www.manquepierda.com\/historiarealbetis\/wp-json\/wp\/v2\/posts\/30569","targetHints":{"allow":["GET"]}}],"collection":[{"href":"https:\/\/www.manquepierda.com\/historiarealbetis\/wp-json\/wp\/v2\/posts"}],"about":[{"href":"https:\/\/www.manquepierda.com\/historiarealbetis\/wp-json\/wp\/v2\/types\/post"}],"author":[{"embeddable":true,"href":"https:\/\/www.manquepierda.com\/historiarealbetis\/wp-json\/wp\/v2\/users\/48"}],"replies":[{"embeddable":true,"href":"https:\/\/www.manquepierda.com\/historiarealbetis\/wp-json\/wp\/v2\/comments?post=30569"}],"version-history":[{"count":1,"href":"https:\/\/www.manquepierda.com\/historiarealbetis\/wp-json\/wp\/v2\/posts\/30569\/revisions"}],"predecessor-version":[{"id":97122,"href":"https:\/\/www.manquepierda.com\/historiarealbetis\/wp-json\/wp\/v2\/posts\/30569\/revisions\/97122"}],"wp:attachment":[{"href":"https:\/\/www.manquepierda.com\/historiarealbetis\/wp-json\/wp\/v2\/media?parent=30569"}],"wp:term":[{"taxonomy":"category","embeddable":true,"href":"https:\/\/www.manquepierda.com\/historiarealbetis\/wp-json\/wp\/v2\/categories?post=30569"},{"taxonomy":"post_tag","embeddable":true,"href":"https:\/\/www.manquepierda.com\/historiarealbetis\/wp-json\/wp\/v2\/tags?post=30569"}],"curies":[{"name":"wp","href":"https:\/\/api.w.org\/{rel}","templated":true}]}}