{"id":30710,"date":"2013-06-08T04:21:59","date_gmt":"2013-06-08T02:21:59","guid":{"rendered":"http:\/\/www.manquepierda.com\/historiarealbetis\/?p=30710"},"modified":"2024-09-21T18:19:08","modified_gmt":"2024-09-21T16:19:08","slug":"1964-junio-07-14-finales-copa-sanchez-pizjuan-torneo-nacional-juveniles-real-betis-balompie","status":"publish","type":"post","link":"https:\/\/www.manquepierda.com\/historiarealbetis\/1964-junio-07-14-finales-copa-sanchez-pizjuan-torneo-nacional-juveniles-real-betis-balompie\/","title":{"rendered":"1964-Junio 07-1\/4 Finales-Copa \u00abS\u00e1nchez-Pizju\u00e1n\u00bb-Torneo Nacional Juveniles.-Real Betis Balompi\u00e9."},"content":{"rendered":"<p style=\"text-align: left\"><a href=\"https:\/\/www.manquepierda.com\/historiarealbetis\/30710-1964-junio-07-14-finales-copa-sanchez-pizjuan-torneo-nacional-juveniles-real-betis-balompie\/algeciras150607a\/\" rel=\"attachment wp-att-30711\"><img data-recalc-dims=\"1\" loading=\"lazy\" decoding=\"async\" class=\"aligncenter size-full wp-image-30711\" alt=\"Algeciras150607a\" src=\"https:\/\/i0.wp.com\/www.manquepierda.com\/historiarealbetis\/files\/2013\/06\/Algeciras150607a.jpg?resize=320%2C212&#038;ssl=1\" width=\"320\" height=\"212\" srcset=\"https:\/\/i0.wp.com\/www.manquepierda.com\/historiarealbetis\/files\/2013\/06\/Algeciras150607a.jpg?w=320&amp;ssl=1 320w, https:\/\/i0.wp.com\/www.manquepierda.com\/historiarealbetis\/files\/2013\/06\/Algeciras150607a.jpg?resize=220%2C145&amp;ssl=1 220w\" sizes=\"auto, (max-width: 320px) 100vw, 320px\" \/><\/a><em><strong>1964-JUNIO 07-DOMINGO EN ALGECIRAS (C\u00e1diz)-ESTADIO MUNICIPAL \u00abEL MIRADOR\u00bb (Inaugurado Jueves 16-Septiembre-1954.-Demolici\u00f3n 1999.-12.000 espectadores)-\u00abCOPA S\u00c1NCHEZ-PIZJU\u00c1N\u00bb-CUARTOS DE FINAL-IDA.-Buena entrada en tarde calurosa.<\/strong><\/em><\/p>\n<p style=\"text-align: center\">Arbitr\u00f3 el colegiado andaluz-C\u00f3rdoba, Peinado-bien.-Aline\u00f3 \u00e1:<a href=\"https:\/\/www.manquepierda.com\/historiarealbetis\/30710-1964-junio-07-14-finales-copa-sanchez-pizjuan-torneo-nacional-juveniles-real-betis-balompie\/indice-43\/\" rel=\"attachment wp-att-30712\"><img data-recalc-dims=\"1\" loading=\"lazy\" decoding=\"async\" class=\"aligncenter size-thumbnail wp-image-30712\" alt=\"\u00edndice\" src=\"https:\/\/i0.wp.com\/www.manquepierda.com\/historiarealbetis\/files\/2013\/06\/%C3%ADndice4.jpeg?resize=164%2C220&#038;ssl=1\" width=\"164\" height=\"220\" srcset=\"https:\/\/i0.wp.com\/www.manquepierda.com\/historiarealbetis\/files\/2013\/06\/%C3%ADndice4.jpeg?resize=164%2C220&amp;ssl=1 164w, https:\/\/i0.wp.com\/www.manquepierda.com\/historiarealbetis\/files\/2013\/06\/%C3%ADndice4.jpeg?w=194&amp;ssl=1 194w\" sizes=\"auto, (max-width: 164px) 100vw, 164px\" \/><\/a><strong>Segunda Divisi\u00f3n.-ALGECIRAS CLUB DE F\u00daTBOL-1 TANTO.<\/strong><\/p>\n<p style=\"text-align: left\"><strong>OMAT (Portero).-D\u00c1MASO-DOMINGO-RAFAEL\u00cdN (Defensas).-MENA-GERARDO (Medios).-BEATO (1-0.-32 minutos)-LE\u00d3N-LOREN-BRUNA-TAPIA (Delanteros).<\/strong><\/p>\n<p style=\"text-align: center\"><strong>VS.<\/strong><\/p>\n<p style=\"text-align: center\"><a href=\"https:\/\/www.manquepierda.com\/historiarealbetis\/30364-1961-mayo-28-cpto-espana-18final-vuelta-real-oviedo-cf-0-vs-real-betis-balompie-1-gol\/escudo-realbetisbalompie1960-2\/\" rel=\"attachment wp-att-30367\"><img data-recalc-dims=\"1\" loading=\"lazy\" decoding=\"async\" class=\"aligncenter size-thumbnail wp-image-30367\" alt=\"Escudo RealBetisBalompi\u00e91960'\" src=\"https:\/\/i0.wp.com\/www.manquepierda.com\/historiarealbetis\/files\/2013\/05\/Escudo-RealBetisBalompi%C3%A91960.jpg?resize=220%2C172&#038;ssl=1\" width=\"220\" height=\"172\" srcset=\"https:\/\/i0.wp.com\/www.manquepierda.com\/historiarealbetis\/files\/2013\/05\/Escudo-RealBetisBalompi%C3%A91960.jpg?resize=220%2C172&amp;ssl=1 220w, https:\/\/i0.wp.com\/www.manquepierda.com\/historiarealbetis\/files\/2013\/05\/Escudo-RealBetisBalompi%C3%A91960.jpg?resize=500%2C391&amp;ssl=1 500w, https:\/\/i0.wp.com\/www.manquepierda.com\/historiarealbetis\/files\/2013\/05\/Escudo-RealBetisBalompi%C3%A91960.jpg?w=600&amp;ssl=1 600w\" sizes=\"auto, (max-width: 220px) 100vw, 220px\" \/><\/a><em><strong>Primera Divisi\u00f3n.-REAL BETIS BALOMPI\u00c9-1 GOL.<\/strong><\/em><\/p>\n<p style=\"text-align: center\"><em><strong>Marc\u00f3:<\/strong><\/em><\/p>\n<p style=\"text-align: center\"><a href=\"https:\/\/www.manquepierda.com\/historiarealbetis\/29811-1968-mayo-12-cpto-espana-18-final-ida-cf-badalona-2-vs-real-betis-balompie-3-goles\/rogelio-sosa-ramirez-2\/\" rel=\"attachment wp-att-29822\"><img data-recalc-dims=\"1\" loading=\"lazy\" decoding=\"async\" class=\"aligncenter size-thumbnail wp-image-29822\" alt=\"ROGELIO sosa ram\u00edrez\" src=\"https:\/\/i0.wp.com\/www.manquepierda.com\/historiarealbetis\/files\/2013\/05\/ROGELIO-sosa-ram%C3%ADrez1.jpg?resize=127%2C220&#038;ssl=1\" width=\"127\" height=\"220\" srcset=\"https:\/\/i0.wp.com\/www.manquepierda.com\/historiarealbetis\/files\/2013\/05\/ROGELIO-sosa-ram%C3%ADrez1.jpg?resize=127%2C220&amp;ssl=1 127w, https:\/\/i0.wp.com\/www.manquepierda.com\/historiarealbetis\/files\/2013\/05\/ROGELIO-sosa-ram%C3%ADrez1.jpg?resize=347%2C600&amp;ssl=1 347w, https:\/\/i0.wp.com\/www.manquepierda.com\/historiarealbetis\/files\/2013\/05\/ROGELIO-sosa-ram%C3%ADrez1.jpg?resize=405%2C700&amp;ssl=1 405w, https:\/\/i0.wp.com\/www.manquepierda.com\/historiarealbetis\/files\/2013\/05\/ROGELIO-sosa-ram%C3%ADrez1.jpg?resize=1024%2C1765&amp;ssl=1 1024w, https:\/\/i0.wp.com\/www.manquepierda.com\/historiarealbetis\/files\/2013\/05\/ROGELIO-sosa-ram%C3%ADrez1.jpg?resize=289%2C500&amp;ssl=1 289w, https:\/\/i0.wp.com\/www.manquepierda.com\/historiarealbetis\/files\/2013\/05\/ROGELIO-sosa-ram%C3%ADrez1.jpg?w=1281&amp;ssl=1 1281w\" sizes=\"auto, (max-width: 127px) 100vw, 127px\" \/><\/a><em><strong>1-1.-73 Minutos: Tras centro de Castro,\u00a0 ROGELIO de cabeza bati\u00f3 al meta algecire\u00f1o Omat.<\/strong><\/em><\/p>\n<p style=\"text-align: center\"><strong>Obituarios Real Betis Balompi\u00e9.<\/strong><\/p>\n<p style=\"text-align: center\"><a href=\"https:\/\/www.manquepierda.com\/historiarealbetis\/30710-1964-junio-07-14-finales-copa-sanchez-pizjuan-torneo-nacional-juveniles-real-betis-balompie\/corral\/\" rel=\"attachment wp-att-30713\"><img data-recalc-dims=\"1\" loading=\"lazy\" decoding=\"async\" class=\"aligncenter size-thumbnail wp-image-30713\" alt=\"CORRAL\" src=\"https:\/\/i0.wp.com\/www.manquepierda.com\/historiarealbetis\/files\/2013\/06\/CORRAL.jpg?resize=148%2C220&#038;ssl=1\" width=\"148\" height=\"220\" srcset=\"https:\/\/i0.wp.com\/www.manquepierda.com\/historiarealbetis\/files\/2013\/06\/CORRAL.jpg?resize=148%2C220&amp;ssl=1 148w, https:\/\/i0.wp.com\/www.manquepierda.com\/historiarealbetis\/files\/2013\/06\/CORRAL.jpg?resize=404%2C600&amp;ssl=1 404w, https:\/\/i0.wp.com\/www.manquepierda.com\/historiarealbetis\/files\/2013\/06\/CORRAL.jpg?resize=337%2C500&amp;ssl=1 337w, https:\/\/i0.wp.com\/www.manquepierda.com\/historiarealbetis\/files\/2013\/06\/CORRAL.jpg?w=456&amp;ssl=1 456w\" sizes=\"auto, (max-width: 148px) 100vw, 148px\" \/><\/a><em><strong>1-Guardameta-Destac\u00f3.-Jos\u00e9 Mar\u00eda CORRAL Cort\u00e9s (25).-SEGOVIA, Mi\u00e9rcoles 03-Mayo-1939.-74 A\u00f1os.<\/strong><\/em><\/p>\n<p style=\"text-align: center\"><em><strong>Temporadas 1961-1962 \u00e1 1964-1965. ambas inclusive.<\/strong><\/em><\/p>\n<p style=\"text-align: center\"><em><strong>2-Zaguero.-Lateral Diestro-Destac\u00f3.-ANTO\u00d1ITO.<\/strong><\/em><\/p>\n<p style=\"text-align: center\"><em><strong>Triana Balompi\u00e9 1963-1964.<\/strong><\/em><\/p>\n<p style=\"text-align: left\"><a href=\"https:\/\/www.manquepierda.com\/historiarealbetis\/30710-1964-junio-07-14-finales-copa-sanchez-pizjuan-torneo-nacional-juveniles-real-betis-balompie\/anton-1-6\/\" rel=\"attachment wp-att-30714\"><img data-recalc-dims=\"1\" loading=\"lazy\" decoding=\"async\" class=\"aligncenter size-thumbnail wp-image-30714\" alt=\"Ant\u00f3n.1\" src=\"https:\/\/i0.wp.com\/www.manquepierda.com\/historiarealbetis\/files\/2013\/06\/Ant%C3%B3n.1.jpg?resize=148%2C220&#038;ssl=1\" width=\"148\" height=\"220\" srcset=\"https:\/\/i0.wp.com\/www.manquepierda.com\/historiarealbetis\/files\/2013\/06\/Ant%C3%B3n.1.jpg?resize=148%2C220&amp;ssl=1 148w, https:\/\/i0.wp.com\/www.manquepierda.com\/historiarealbetis\/files\/2013\/06\/Ant%C3%B3n.1.jpg?w=293&amp;ssl=1 293w\" sizes=\"auto, (max-width: 148px) 100vw, 148px\" \/><\/a><em><strong>5-Zaguero.-Central-Destac\u00f3.-Antonio Manuel Mart\u00ednez Morales (19) \u00abANT\u00d3N\u00bb.-BILBAO (Vizcaya), Jueves 19-Octubre-1944.-68 A\u00f1os.-Internacional Juvenil-5 veces.-Campe\u00f3n de Andaluc\u00eda de Aficionados con el Triana Balompi\u00e9 1963-1964.<\/strong><\/em><\/p>\n<p style=\"text-align: left\"><em><strong>Triana Balompi\u00e9+Real Betis Balompi\u00e9-Temporadas 1962-1964; 1964-1965 \u00e1 1966-1967 (Campe\u00f3n Liga Nacional Segunda Divisi\u00f3n); 1967-1968 \u00e1 1968-1969; ambas inclusives.<\/strong><\/em><\/p>\n<p style=\"text-align: left\"><a href=\"https:\/\/www.manquepierda.com\/historiarealbetis\/30710-1964-junio-07-14-finales-copa-sanchez-pizjuan-torneo-nacional-juveniles-real-betis-balompie\/areta-velez-esteban-5\/\" rel=\"attachment wp-att-30715\"><img data-recalc-dims=\"1\" loading=\"lazy\" decoding=\"async\" class=\"aligncenter size-thumbnail wp-image-30715\" alt=\"Areta V\u00e9lez, Esteban\" src=\"https:\/\/i0.wp.com\/www.manquepierda.com\/historiarealbetis\/files\/2013\/06\/Areta-V%C3%A9lez-Esteban1-114x220.jpg?resize=114%2C220&#038;ssl=1\" width=\"114\" height=\"220\" srcset=\"https:\/\/i0.wp.com\/www.manquepierda.com\/historiarealbetis\/files\/2013\/06\/Areta-V%C3%A9lez-Esteban1.jpg?resize=114%2C220&amp;ssl=1 114w, https:\/\/i0.wp.com\/www.manquepierda.com\/historiarealbetis\/files\/2013\/06\/Areta-V%C3%A9lez-Esteban1.jpg?resize=311%2C600&amp;ssl=1 311w, https:\/\/i0.wp.com\/www.manquepierda.com\/historiarealbetis\/files\/2013\/06\/Areta-V%C3%A9lez-Esteban1.jpg?resize=363%2C700&amp;ssl=1 363w, https:\/\/i0.wp.com\/www.manquepierda.com\/historiarealbetis\/files\/2013\/06\/Areta-V%C3%A9lez-Esteban1.jpg?resize=259%2C500&amp;ssl=1 259w, https:\/\/i0.wp.com\/www.manquepierda.com\/historiarealbetis\/files\/2013\/06\/Areta-V%C3%A9lez-Esteban1.jpg?w=381&amp;ssl=1 381w\" sizes=\"auto, (max-width: 114px) 100vw, 114px\" \/><\/a><em><strong>3-Zaguero.-Lateral Zurdo.-Esteban ARETA V\u00e9lez (32) \u00abARETA II\u00bb.-PAMPLONA (Navarra), Jueves 14-Abril-1932.-SEVILLA, Lunes 09-Julio-2007.-75 A\u00f1os.-D. E. P. Internacional 1 vez.<\/strong><\/em><\/p>\n<p style=\"text-align: center\"><em><strong>Temporadas 1957-1958 (Campeonato Nacional Liga Segunda Divisi\u00f3n) \u00e1 1963-1964, ambas inclusive.<\/strong><\/em><\/p>\n<p style=\"text-align: center\"><a href=\"https:\/\/www.manquepierda.com\/historiarealbetis\/30710-1964-junio-07-14-finales-copa-sanchez-pizjuan-torneo-nacional-juveniles-real-betis-balompie\/mohor-constantino-1959-chile\/\" rel=\"attachment wp-att-30716\"><img data-recalc-dims=\"1\" loading=\"lazy\" decoding=\"async\" class=\"aligncenter size-thumbnail wp-image-30716\" alt=\"mohor, constantino 1959 chile\" src=\"https:\/\/i0.wp.com\/www.manquepierda.com\/historiarealbetis\/files\/2013\/06\/mohor-constantino-1959-chile.jpg?resize=150%2C220&#038;ssl=1\" width=\"150\" height=\"220\" srcset=\"https:\/\/i0.wp.com\/www.manquepierda.com\/historiarealbetis\/files\/2013\/06\/mohor-constantino-1959-chile.jpg?resize=150%2C220&amp;ssl=1 150w, https:\/\/i0.wp.com\/www.manquepierda.com\/historiarealbetis\/files\/2013\/06\/mohor-constantino-1959-chile.jpg?w=200&amp;ssl=1 200w\" sizes=\"auto, (max-width: 150px) 100vw, 150px\" \/><\/a><em><strong>4-Medio (jugador internacional chileno-1959, a prueba).-Diestro-Destac\u00f3.-Constantino MOHOR Sanhueza.<\/strong><\/em><\/p>\n<p style=\"text-align: center\"><em><strong>6-Medio.-Zurdo.-ORT\u00cdZ.<\/strong><\/em><\/p>\n<p style=\"text-align: center\"><em><strong>Triana Balompi\u00e9 1963-1964.<\/strong><\/em><\/p>\n<p style=\"text-align: center\"><em><strong>7-Delantero.-Extremo Diestro.-MENDOZA.<\/strong><\/em><\/p>\n<p style=\"text-align: center\"><em><strong>Triana Balompi\u00e9.<\/strong><\/em><\/p>\n<p style=\"text-align: center\"><em><strong>8-Delantero jugador peruano a prueba).-Interior Diestro-Defraud\u00f3.-Roberto Garc\u00eda TAMBINI.<\/strong><\/em><\/p>\n<p style=\"text-align: center\"><a href=\"https:\/\/www.manquepierda.com\/historiarealbetis\/30710-1964-junio-07-14-finales-copa-sanchez-pizjuan-torneo-nacional-juveniles-real-betis-balompie\/miguelazcarateiceta-5\/\" rel=\"attachment wp-att-30717\"><img data-recalc-dims=\"1\" loading=\"lazy\" decoding=\"async\" class=\"aligncenter size-thumbnail wp-image-30717\" alt=\"MiguelAZC\u00c1RATEiceta\" src=\"https:\/\/i0.wp.com\/www.manquepierda.com\/historiarealbetis\/files\/2013\/06\/MiguelAZC%C3%81RATEiceta-188x220.png?resize=188%2C220&#038;ssl=1\" width=\"188\" height=\"220\" srcset=\"https:\/\/i0.wp.com\/www.manquepierda.com\/historiarealbetis\/files\/2013\/06\/MiguelAZC%C3%81RATEiceta.png?resize=188%2C220&amp;ssl=1 188w, https:\/\/i0.wp.com\/www.manquepierda.com\/historiarealbetis\/files\/2013\/06\/MiguelAZC%C3%81RATEiceta.png?w=191&amp;ssl=1 191w\" sizes=\"auto, (max-width: 188px) 100vw, 188px\" \/><\/a><em><strong>9-Centro Delantero.-ARIETE.-Miguel AZC\u00c1RATE Iceta (25).-A\u00d1ORGA (Guip\u00fazcoa), Mi\u00e9rcoles 19-Octubre-1938.-74 A\u00f1os.<\/strong><\/em><\/p>\n<p style=\"text-align: center\"><em><strong>Temporadas 1964-1965 \u00e1 1966-1967 (Campeonato Nacional Liga Segunda Divisi\u00f3n); 1967-1968 \u00e1 1969-1970; ambas inclusives.<\/strong><\/em><\/p>\n<p style=\"text-align: left\"><em><strong>10-Delantero.-Interior Zurdo-Destac\u00f3.-ROGELIO Sosa Ram\u00edrez (21).-CORIA DEL R\u00cdO (Sevilla), Domingo 11-Abril-1943.-70 A\u00f1os.-Copa de Ferias-1964-1965 (Ida.-Real Betis Balompi\u00e9-1 vs. Stade Fran\u00e7aise-1 (0-2 vuelta).-Medalla Oro M\u00e9rito Deportivo (1972-1973 Federaci\u00f3n Andaluza F\u00fatbol).<\/strong><\/em><\/p>\n<p style=\"text-align: left\"><em><strong>Temporadas 1962-1963 \u00e1 1966-1967 (Campeonato Nacional Segunda Divisi\u00f3n); 1967-1968 \u00e1 1970-1971 (Campeonato Nacional Liga Segunda Divisi\u00f3n); 1971-1972 \u00e1 1973-1974 (Campeonato Nacional Liga Segunda Divisi\u00f3n); 1974-1975 \u00e1 1976-1977 (Campeonato de Espa\u00f1a-I Copa del Rey); ambas inclusives; 1977-1978 (RBB-Eliminatorias.-Copa de Europa Campeones de Copa-RECOPA).<\/strong><\/em><\/p>\n<p style=\"text-align: center\"><a href=\"https:\/\/www.manquepierda.com\/historiarealbetis\/30710-1964-junio-07-14-finales-copa-sanchez-pizjuan-torneo-nacional-juveniles-real-betis-balompie\/miguelcastrobohorquez\/\" rel=\"attachment wp-att-30718\"><img data-recalc-dims=\"1\" loading=\"lazy\" decoding=\"async\" class=\"aligncenter size-thumbnail wp-image-30718\" alt=\"MiguelCASTROBoh\u00f3rquez\" src=\"https:\/\/i0.wp.com\/www.manquepierda.com\/historiarealbetis\/files\/2013\/06\/MiguelCASTROBoh%C3%B3rquez.jpg?resize=136%2C220&#038;ssl=1\" width=\"136\" height=\"220\" srcset=\"https:\/\/i0.wp.com\/www.manquepierda.com\/historiarealbetis\/files\/2013\/06\/MiguelCASTROBoh%C3%B3rquez.jpg?resize=136%2C220&amp;ssl=1 136w, https:\/\/i0.wp.com\/www.manquepierda.com\/historiarealbetis\/files\/2013\/06\/MiguelCASTROBoh%C3%B3rquez.jpg?w=179&amp;ssl=1 179w\" sizes=\"auto, (max-width: 136px) 100vw, 136px\" \/><\/a><em><strong>11-Delantero.-Extremo Zurdo.-Miguel CASTRO Boh\u00f3rquez (22).-SEVILLA, Lunes 22-Septiembre-1941.-72 A\u00f1os.<\/strong><\/em><\/p>\n<p style=\"text-align: center\"><em><strong>Temporadas 1962-1963\u00a0 y\u00a0 1963-1964.<\/strong><\/em><\/p>\n<p style=\"text-align: center\"><em><strong><a href=\"https:\/\/www.manquepierda.com\/historiarealbetis\/30278-1963-mayo-26-cpto-espana-14-final-ida-real-betis-balompie-1-gol-vs-real-madrid-0\/domingobalmanyaperera-8\/\" rel=\"attachment wp-att-30285\"><img data-recalc-dims=\"1\" loading=\"lazy\" decoding=\"async\" class=\"alignleft size-thumbnail wp-image-30285\" alt=\"DomingoBALMANYAperera\" src=\"https:\/\/i0.wp.com\/www.manquepierda.com\/historiarealbetis\/files\/2013\/05\/DomingoBALMANYAperera.jpg?resize=151%2C220&#038;ssl=1\" width=\"151\" height=\"220\" srcset=\"https:\/\/i0.wp.com\/www.manquepierda.com\/historiarealbetis\/files\/2013\/05\/DomingoBALMANYAperera.jpg?resize=151%2C220&amp;ssl=1 151w, https:\/\/i0.wp.com\/www.manquepierda.com\/historiarealbetis\/files\/2013\/05\/DomingoBALMANYAperera.jpg?resize=344%2C500&amp;ssl=1 344w, https:\/\/i0.wp.com\/www.manquepierda.com\/historiarealbetis\/files\/2013\/05\/DomingoBALMANYAperera.jpg?w=393&amp;ssl=1 393w\" sizes=\"auto, (max-width: 151px) 100vw, 151px\" \/><\/a>ENTRENADOR REAL BETIS BALOMPI\u00c9-TEMPORADA 1963-1964.-Domiciliado en la \u00abCiudad del Betis\u00bb-Calle Asunci\u00f3n N\u00ba 6 (Los Remedios).-Tel\u00e9fono 73404.<\/strong><\/em><\/p>\n<p style=\"text-align: center\"><em><strong>DOMINGO BALMANYA PARERA (49 A\u00f1os).-GIRONA (Catalu\u00f1a), Martes 29-Diciembre-1914.-BARCELONA, Jueves 14-Febrero-2002.-87 A\u00f1os.-D. E. P.<\/strong><\/em><\/p>\n<p style=\"text-align: left\"><em><strong>XXXIX PRESIDENTE REAL BETIS BALOMPI\u00c9-Temporadas 1955-1956 \u00e1 1965-1966; ambas inclusives.-11 mandatos gestionando al Club con el firme prop\u00f3sito de situarlo de una vez por todas en la \u00e9lite nacional.-Se lo impidi\u00f3 su enfermedad de c\u00e1ncer, dimiti\u00f3 en una carta emocionante de despedida a sus compa\u00f1eros de Junta y a trav\u00e9s de ellos de la Afici\u00f3n Verdiblanca\u00a0 fechada en la Ciudad del Betis, Martes 07-Diciembre-1965.-Falleciendo unos ocho meses m\u00e1s tarde.<\/strong><\/em><\/p>\n<p style=\"text-align: left\"><a href=\"https:\/\/www.manquepierda.com\/historiarealbetis\/30710-1964-junio-07-14-finales-copa-sanchez-pizjuan-torneo-nacional-juveniles-real-betis-balompie\/benitovillamarinprieto-8\/\" rel=\"attachment wp-att-30719\"><img data-recalc-dims=\"1\" loading=\"lazy\" decoding=\"async\" class=\"aligncenter size-thumbnail wp-image-30719\" alt=\"BenitoVILLAMAR\u00cdNprieto\" src=\"https:\/\/i0.wp.com\/www.manquepierda.com\/historiarealbetis\/files\/2013\/06\/BenitoVILLAMAR%C3%8DNprieto-127x220.jpg?resize=127%2C220&#038;ssl=1\" width=\"127\" height=\"220\" srcset=\"https:\/\/i0.wp.com\/www.manquepierda.com\/historiarealbetis\/files\/2013\/06\/BenitoVILLAMAR%C3%8DNprieto.jpg?resize=127%2C220&amp;ssl=1 127w, https:\/\/i0.wp.com\/www.manquepierda.com\/historiarealbetis\/files\/2013\/06\/BenitoVILLAMAR%C3%8DNprieto.jpg?resize=348%2C600&amp;ssl=1 348w, https:\/\/i0.wp.com\/www.manquepierda.com\/historiarealbetis\/files\/2013\/06\/BenitoVILLAMAR%C3%8DNprieto.jpg?resize=290%2C500&amp;ssl=1 290w\" sizes=\"auto, (max-width: 127px) 100vw, 127px\" \/><\/a><em><strong>Don BENITO VILLAMAR\u00cdN PRIETO (Industrial.-45 A\u00f1os).-PUGA-To\u00e9n (Ourense), Mi\u00e9rcoles 21-Agosto-1918.-SEVILLA-\u00abCiudad del Betis\u00bb-Lunes 15-Agosto-1966.-48 A\u00f1os.-D. E. P.-1er. y \u00fanico Presidente Perpetuo elegido democr\u00e1ticamente por unaminidad por los balomp\u00e9dicos b\u00e9ticos.<\/strong><\/em><\/p>\n<p style=\"text-align: left\"><strong>1964-JUNIO 07-DOMINGO 19&#8217;00 HORAS EN LA CIUDAD DEL BETIS-ESTADIO BENITO VILLAMAR\u00cdN.-CAMPEONATO DE ESPA\u00d1A-TORNEO NACIONAL DE JUVENILES-CUARTO DE FINAL-IDA:<\/strong><\/p>\n<p style=\"text-align: center\"><a href=\"https:\/\/www.manquepierda.com\/historiarealbetis\/30710-1964-junio-07-14-finales-copa-sanchez-pizjuan-torneo-nacional-juveniles-real-betis-balompie\/rbbjuvenil\/\" rel=\"attachment wp-att-30720\"><img data-recalc-dims=\"1\" loading=\"lazy\" decoding=\"async\" class=\"aligncenter size-medium wp-image-30720\" alt=\"RBBjuvenil\" src=\"https:\/\/i0.wp.com\/www.manquepierda.com\/historiarealbetis\/files\/2013\/06\/RBBjuvenil.jpg?resize=680%2C332&#038;ssl=1\" width=\"680\" height=\"332\" srcset=\"https:\/\/i0.wp.com\/www.manquepierda.com\/historiarealbetis\/files\/2013\/06\/RBBjuvenil.jpg?resize=680%2C332&amp;ssl=1 680w, https:\/\/i0.wp.com\/www.manquepierda.com\/historiarealbetis\/files\/2013\/06\/RBBjuvenil.jpg?resize=220%2C107&amp;ssl=1 220w, https:\/\/i0.wp.com\/www.manquepierda.com\/historiarealbetis\/files\/2013\/06\/RBBjuvenil.jpg?resize=960%2C468&amp;ssl=1 960w, https:\/\/i0.wp.com\/www.manquepierda.com\/historiarealbetis\/files\/2013\/06\/RBBjuvenil.jpg?resize=1024%2C499&amp;ssl=1 1024w, https:\/\/i0.wp.com\/www.manquepierda.com\/historiarealbetis\/files\/2013\/06\/RBBjuvenil.jpg?resize=500%2C244&amp;ssl=1 500w, https:\/\/i0.wp.com\/www.manquepierda.com\/historiarealbetis\/files\/2013\/06\/RBBjuvenil.jpg?w=1450&amp;ssl=1 1450w\" sizes=\"auto, (max-width: 680px) 100vw, 680px\" \/><\/a><strong>Foto Serrano.-ABC-SE-19640609: \u00abBRILLANTE TRIUNFO DEL BETIS SOBRE EL ELCHE\u00bb.<br \/>\n<\/strong><\/p>\n<p style=\"text-align: center\"><strong>Arbitr\u00f3 el colegiado andaluz Joaqu\u00edn Pastrana Zamudio.-Aline\u00f3 \u00e1:<\/strong><\/p>\n<p style=\"text-align: center\"><em><strong>REAL BETIS BALOMPI\u00c9 JUVENIL-4 GOLES.<\/strong><\/em><\/p>\n<p style=\"text-align: center\"><a href=\"https:\/\/www.manquepierda.com\/historiarealbetis\/30710-1964-junio-07-14-finales-copa-sanchez-pizjuan-torneo-nacional-juveniles-real-betis-balompie\/quino-juvenil-faf\/\" rel=\"attachment wp-att-30721\"><img data-recalc-dims=\"1\" loading=\"lazy\" decoding=\"async\" class=\"aligncenter size-thumbnail wp-image-30721\" alt=\"Quino juvenil FAF\" src=\"https:\/\/i0.wp.com\/www.manquepierda.com\/historiarealbetis\/files\/2013\/06\/Quino-juvenil-FAF.jpg?resize=161%2C220&#038;ssl=1\" width=\"161\" height=\"220\" srcset=\"https:\/\/i0.wp.com\/www.manquepierda.com\/historiarealbetis\/files\/2013\/06\/Quino-juvenil-FAF.jpg?resize=161%2C220&amp;ssl=1 161w, https:\/\/i0.wp.com\/www.manquepierda.com\/historiarealbetis\/files\/2013\/06\/Quino-juvenil-FAF.jpg?resize=366%2C500&amp;ssl=1 366w, https:\/\/i0.wp.com\/www.manquepierda.com\/historiarealbetis\/files\/2013\/06\/Quino-juvenil-FAF.jpg?w=394&amp;ssl=1 394w\" sizes=\"auto, (max-width: 161px) 100vw, 161px\" \/><\/a><em><strong>1-0.-18 Minutos:\u00a0 Un c\u00f3rner lanzado por Gerardo lo remat\u00f3 QUINO batiendo al meta ilicitano Eduardo.<\/strong><\/em><\/p>\n<p style=\"text-align: center\"><em><strong>2-0.-20 Minutos:\u00a0 Magn\u00edfica jugada personal de Dioni con pase a FALI subiendo al marcador el segundo tanto.<\/strong><\/em><\/p>\n<p style=\"text-align: center\"><em><strong>3-0.-Primer Tiempo: Doblete de FALI,\u00a0 al finalizar una jugada entre Querencio y Quino.<\/strong><\/em><\/p>\n<p style=\"text-align: center\"><a href=\"https:\/\/www.manquepierda.com\/historiarealbetis\/30710-1964-junio-07-14-finales-copa-sanchez-pizjuan-torneo-nacional-juveniles-real-betis-balompie\/dionisio-gomez-alfaro-5\/\" rel=\"attachment wp-att-30722\"><img data-recalc-dims=\"1\" loading=\"lazy\" decoding=\"async\" class=\"aligncenter size-thumbnail wp-image-30722\" alt=\"DIONIsio G\u00f3mez Alfaro\" src=\"https:\/\/i0.wp.com\/www.manquepierda.com\/historiarealbetis\/files\/2013\/06\/DIONIsio-G%C3%B3mez-Alfaro.jpg?resize=103%2C220&#038;ssl=1\" width=\"103\" height=\"220\" srcset=\"https:\/\/i0.wp.com\/www.manquepierda.com\/historiarealbetis\/files\/2013\/06\/DIONIsio-G%C3%B3mez-Alfaro.jpg?resize=103%2C220&amp;ssl=1 103w, https:\/\/i0.wp.com\/www.manquepierda.com\/historiarealbetis\/files\/2013\/06\/DIONIsio-G%C3%B3mez-Alfaro.jpg?resize=281%2C600&amp;ssl=1 281w, https:\/\/i0.wp.com\/www.manquepierda.com\/historiarealbetis\/files\/2013\/06\/DIONIsio-G%C3%B3mez-Alfaro.jpg?resize=328%2C700&amp;ssl=1 328w, https:\/\/i0.wp.com\/www.manquepierda.com\/historiarealbetis\/files\/2013\/06\/DIONIsio-G%C3%B3mez-Alfaro.jpg?resize=234%2C500&amp;ssl=1 234w, https:\/\/i0.wp.com\/www.manquepierda.com\/historiarealbetis\/files\/2013\/06\/DIONIsio-G%C3%B3mez-Alfaro.jpg?w=339&amp;ssl=1 339w\" sizes=\"auto, (max-width: 103px) 100vw, 103px\" \/><\/a><em><strong>4-0.-53 Minutos:\u00a0 DIONI al resolver una \u00abmel\u00e9e\u00bb delante de la porter\u00eda de Eduardo.<\/strong><\/em><\/p>\n<p style=\"text-align: left\"><em><strong>MORENO (Guardameta).-MART\u00cdNEZ-HUERTAS-MESA (Zagueros).-CORRAL-Jos\u00e9 GONZ\u00c1LEZ Gonz\u00e1lez (Medios).-QUERENCIO-FALI-Joaqu\u00edn Sierra Vallejo (a) QUINO-Dionisio G\u00f3mez Alfaro (a)DIONI-GERARDO (Delanteros).<\/strong><\/em><\/p>\n<p style=\"text-align: center\"><em><strong><a href=\"https:\/\/www.manquepierda.com\/historiarealbetis\/28701-1965-abril-04-primera-division-real-betis-balompie-2-goles-vs-real-zaragoza-cd-1\/ernesto-pons-forn-entrenador\/\" rel=\"attachment wp-att-28723\"><img data-recalc-dims=\"1\" loading=\"lazy\" decoding=\"async\" class=\"aligncenter size-medium wp-image-28723\" alt=\"Ernesto-PONS-Forn-Entrenador\" src=\"https:\/\/i0.wp.com\/www.manquepierda.com\/historiarealbetis\/files\/2013\/04\/Ernesto-PONS-Forn-Entrenador-259x300.jpg?resize=259%2C300&#038;ssl=1\" width=\"259\" height=\"300\" srcset=\"https:\/\/i0.wp.com\/www.manquepierda.com\/historiarealbetis\/files\/2013\/04\/Ernesto-PONS-Forn-Entrenador.jpg?resize=259%2C300&amp;ssl=1 259w, https:\/\/i0.wp.com\/www.manquepierda.com\/historiarealbetis\/files\/2013\/04\/Ernesto-PONS-Forn-Entrenador.jpg?resize=884%2C1024&amp;ssl=1 884w, https:\/\/i0.wp.com\/www.manquepierda.com\/historiarealbetis\/files\/2013\/04\/Ernesto-PONS-Forn-Entrenador.jpg?resize=1024%2C1185&amp;ssl=1 1024w, https:\/\/i0.wp.com\/www.manquepierda.com\/historiarealbetis\/files\/2013\/04\/Ernesto-PONS-Forn-Entrenador.jpg?resize=431%2C500&amp;ssl=1 431w, https:\/\/i0.wp.com\/www.manquepierda.com\/historiarealbetis\/files\/2013\/04\/Ernesto-PONS-Forn-Entrenador.jpg?w=1371&amp;ssl=1 1371w\" sizes=\"auto, (max-width: 259px) 100vw, 259px\" \/><\/a>Entrenador, Ernesto PONS Forn.<\/strong><\/em><\/p>\n<p style=\"text-align: center\"><strong>Vs.<\/strong><\/p>\n<p style=\"text-align: center\"><strong>ELCHE CF-JUVENIL-1 TANTO.<\/strong><\/p>\n<p style=\"text-align: left\"><strong>EDUARDO (Portero).-BOIX-COVES-MATEO (Defensas).-ESCLAPES-L\u00d3PEZ (Medios).-CASTILLO-JOS\u00c9 MAR\u00cdA (4-1.-66 minutos)-COMPANY-MARCIAL-JUAN MARI (Delanteros).<\/strong><\/p>\n<p style=\"text-align: center\"><strong>**Antes del encuentro anterior se celebr\u00f3 a las 17&#8217;30 Horas el partido entre el Real Betis (Z) contra el Club Tajamar de Huelva**<\/strong><\/p>\n","protected":false},"excerpt":{"rendered":"<p>1964-JUNIO 07-DOMINGO EN ALGECIRAS (C\u00e1diz)-ESTADIO MUNICIPAL \u00abEL MIRADOR\u00bb (Inaugurado Jueves 16-Septiembre-1954.-Demolici\u00f3n 1999.-12.000 espectadores)-\u00abCOPA S\u00c1NCHEZ-PIZJU\u00c1N\u00bb-CUARTOS DE FINAL-IDA.-Buena entrada en tarde calurosa. Arbitr\u00f3 el colegiado andaluz-C\u00f3rdoba, Peinado-bien.-Aline\u00f3 \u00e1:Segunda Divisi\u00f3n.-ALGECIRAS CLUB DE F\u00daTBOL-1 TANTO. OMAT (Portero).-D\u00c1MASO-DOMINGO-RAFAEL\u00cdN (Defensas).-MENA-GERARDO (Medios).-BEATO (1-0.-32 minutos)-LE\u00d3N-LOREN-BRUNA-TAPIA (Delanteros). VS. Primera Divisi\u00f3n.-REAL BETIS BALOMPI\u00c9-1 GOL. Marc\u00f3: 1-1.-73 Minutos: Tras centro de Castro,\u00a0 ROGELIO de cabeza bati\u00f3&#8230;<\/p>\n","protected":false},"author":48,"featured_media":30711,"comment_status":"open","ping_status":"open","sticky":false,"template":"","format":"standard","meta":{"_kad_post_transparent":"","_kad_post_title":"","_kad_post_layout":"","_kad_post_sidebar_id":"","_kad_post_content_style":"","_kad_post_vertical_padding":"","_kad_post_feature":"","_kad_post_feature_position":"","_kad_post_header":false,"_kad_post_footer":false,"_kad_post_classname":"","_jetpack_memberships_contains_paid_content":false,"footnotes":"","jetpack_publicize_message":"","jetpack_publicize_feature_enabled":true,"jetpack_social_post_already_shared":true,"jetpack_social_options":{"image_generator_settings":{"template":"highway","default_image_id":0,"font":"","enabled":false},"version":2}},"categories":[902,1],"tags":[5078,4033,15348,18212],"class_list":["post-30710","post","type-post","status-publish","format-standard","has-post-thumbnail","hentry","category-1960-1969","category-portada","tag-1963-64","tag-4033","tag-algeciras-cf","tag-copa-sanchez-pizjuan-1963-64"],"jetpack_publicize_connections":[],"jetpack_featured_media_url":"https:\/\/i0.wp.com\/www.manquepierda.com\/historiarealbetis\/files\/2013\/06\/Algeciras150607a.jpg?fit=320%2C212&ssl=1","jetpack_sharing_enabled":true,"jetpack_shortlink":"https:\/\/wp.me\/p1ij08-7Zk","jetpack-related-posts":[],"_links":{"self":[{"href":"https:\/\/www.manquepierda.com\/historiarealbetis\/wp-json\/wp\/v2\/posts\/30710","targetHints":{"allow":["GET"]}}],"collection":[{"href":"https:\/\/www.manquepierda.com\/historiarealbetis\/wp-json\/wp\/v2\/posts"}],"about":[{"href":"https:\/\/www.manquepierda.com\/historiarealbetis\/wp-json\/wp\/v2\/types\/post"}],"author":[{"embeddable":true,"href":"https:\/\/www.manquepierda.com\/historiarealbetis\/wp-json\/wp\/v2\/users\/48"}],"replies":[{"embeddable":true,"href":"https:\/\/www.manquepierda.com\/historiarealbetis\/wp-json\/wp\/v2\/comments?post=30710"}],"version-history":[{"count":1,"href":"https:\/\/www.manquepierda.com\/historiarealbetis\/wp-json\/wp\/v2\/posts\/30710\/revisions"}],"predecessor-version":[{"id":96413,"href":"https:\/\/www.manquepierda.com\/historiarealbetis\/wp-json\/wp\/v2\/posts\/30710\/revisions\/96413"}],"wp:featuredmedia":[{"embeddable":true,"href":"https:\/\/www.manquepierda.com\/historiarealbetis\/wp-json\/wp\/v2\/media\/30711"}],"wp:attachment":[{"href":"https:\/\/www.manquepierda.com\/historiarealbetis\/wp-json\/wp\/v2\/media?parent=30710"}],"wp:term":[{"taxonomy":"category","embeddable":true,"href":"https:\/\/www.manquepierda.com\/historiarealbetis\/wp-json\/wp\/v2\/categories?post=30710"},{"taxonomy":"post_tag","embeddable":true,"href":"https:\/\/www.manquepierda.com\/historiarealbetis\/wp-json\/wp\/v2\/tags?post=30710"}],"curies":[{"name":"wp","href":"https:\/\/api.w.org\/{rel}","templated":true}]}}