{"id":30794,"date":"2013-06-12T07:34:40","date_gmt":"2013-06-12T05:34:40","guid":{"rendered":"http:\/\/www.manquepierda.com\/historiarealbetis\/?p=30794"},"modified":"2024-10-01T22:27:40","modified_gmt":"2024-10-01T20:27:40","slug":"celebracion-de-la-copa-2005","status":"publish","type":"post","link":"https:\/\/www.manquepierda.com\/historiarealbetis\/celebracion-de-la-copa-2005\/","title":{"rendered":"Celebraci\u00f3n de la Copa 2005"},"content":{"rendered":"<p><a href=\"https:\/\/www.manquepierda.com\/historiarealbetis\/30794-celebracion-de-la-copa-2005\/celebracion-copa-2005\/\" rel=\"attachment wp-att-30795\"><img data-recalc-dims=\"1\" loading=\"lazy\" decoding=\"async\" class=\"aligncenter size-medium wp-image-30795\" src=\"https:\/\/i0.wp.com\/www.manquepierda.com\/historiarealbetis\/files\/2013\/06\/Celebraci%C3%B3n-Copa-2005.jpg?resize=680%2C511&#038;ssl=1\" alt=\"Celebraci\u00f3n Copa 2005\" width=\"680\" height=\"511\" srcset=\"https:\/\/i0.wp.com\/www.manquepierda.com\/historiarealbetis\/files\/2013\/06\/Celebraci%C3%B3n-Copa-2005.jpg?resize=680%2C511&amp;ssl=1 680w, https:\/\/i0.wp.com\/www.manquepierda.com\/historiarealbetis\/files\/2013\/06\/Celebraci%C3%B3n-Copa-2005.jpg?resize=220%2C165&amp;ssl=1 220w, https:\/\/i0.wp.com\/www.manquepierda.com\/historiarealbetis\/files\/2013\/06\/Celebraci%C3%B3n-Copa-2005.jpg?resize=500%2C376&amp;ssl=1 500w, https:\/\/i0.wp.com\/www.manquepierda.com\/historiarealbetis\/files\/2013\/06\/Celebraci%C3%B3n-Copa-2005.jpg?w=848&amp;ssl=1 848w\" sizes=\"auto, (max-width: 680px) 100vw, 680px\" \/><\/a><\/p>\n<p>13 de junio de 2005 en el balc\u00f3n del Ayuntamiento de Sevilla en la Plaza Nueva<\/p>\n<p>Dos d\u00edas despu\u00e9s de ganar la final de Copa el Betis presenta el trofeo obtenido en el Ayuntamiento de Sevilla. En la imagen Varela,\u00a0 Rufino Gonz\u00e1lez, Assun\u00e7ao, Israel, Lembo,\u00a0 Tais y Edu.<\/p>\n","protected":false},"excerpt":{"rendered":"<p>13 de junio de 2005 en el balc\u00f3n del Ayuntamiento de Sevilla en la Plaza Nueva Dos d\u00edas despu\u00e9s de ganar la final de Copa el Betis presenta el trofeo obtenido en el Ayuntamiento de Sevilla. En la imagen Varela,\u00a0 Rufino Gonz\u00e1lez, Assun\u00e7ao, Israel, Lembo,\u00a0 Tais y Edu.<\/p>\n","protected":false},"author":5,"featured_media":30795,"comment_status":"open","ping_status":"open","sticky":false,"template":"","format":"standard","meta":{"_kad_post_transparent":"","_kad_post_title":"","_kad_post_layout":"","_kad_post_sidebar_id":"","_kad_post_content_style":"","_kad_post_vertical_padding":"","_kad_post_feature":"","_kad_post_feature_position":"","_kad_post_header":false,"_kad_post_footer":false,"_kad_post_classname":"","_jetpack_memberships_contains_paid_content":false,"footnotes":"","jetpack_publicize_message":"","jetpack_publicize_feature_enabled":true,"jetpack_social_post_already_shared":true,"jetpack_social_options":{"image_generator_settings":{"template":"highway","default_image_id":0,"font":"","enabled":false},"version":2}},"categories":[4823,1],"tags":[5910,1630,14713,17840,1075,374,451,563,8708,3869],"class_list":["post-30794","post","type-post","status-publish","format-standard","has-post-thumbnail","hentry","category-2000-2009","category-portada","tag-2004-05","tag-1630","tag-alejandro-lembo","tag-copa-2004-05","tag-eduardo-schmidt-edu","tag-fernando-varela","tag-israel-bascon","tag-marcos-assuncao","tag-rufino-gonzalez","tag-washington-tais"],"jetpack_publicize_connections":[],"jetpack_featured_media_url":"https:\/\/i0.wp.com\/www.manquepierda.com\/historiarealbetis\/files\/2013\/06\/Celebraci%C3%B3n-Copa-2005.jpg?fit=848%2C638&ssl=1","jetpack_sharing_enabled":true,"jetpack_shortlink":"https:\/\/wp.me\/p1ij08-80G","jetpack-related-posts":[],"_links":{"self":[{"href":"https:\/\/www.manquepierda.com\/historiarealbetis\/wp-json\/wp\/v2\/posts\/30794","targetHints":{"allow":["GET"]}}],"collection":[{"href":"https:\/\/www.manquepierda.com\/historiarealbetis\/wp-json\/wp\/v2\/posts"}],"about":[{"href":"https:\/\/www.manquepierda.com\/historiarealbetis\/wp-json\/wp\/v2\/types\/post"}],"author":[{"embeddable":true,"href":"https:\/\/www.manquepierda.com\/historiarealbetis\/wp-json\/wp\/v2\/users\/5"}],"replies":[{"embeddable":true,"href":"https:\/\/www.manquepierda.com\/historiarealbetis\/wp-json\/wp\/v2\/comments?post=30794"}],"version-history":[{"count":1,"href":"https:\/\/www.manquepierda.com\/historiarealbetis\/wp-json\/wp\/v2\/posts\/30794\/revisions"}],"predecessor-version":[{"id":96857,"href":"https:\/\/www.manquepierda.com\/historiarealbetis\/wp-json\/wp\/v2\/posts\/30794\/revisions\/96857"}],"wp:featuredmedia":[{"embeddable":true,"href":"https:\/\/www.manquepierda.com\/historiarealbetis\/wp-json\/wp\/v2\/media\/30795"}],"wp:attachment":[{"href":"https:\/\/www.manquepierda.com\/historiarealbetis\/wp-json\/wp\/v2\/media?parent=30794"}],"wp:term":[{"taxonomy":"category","embeddable":true,"href":"https:\/\/www.manquepierda.com\/historiarealbetis\/wp-json\/wp\/v2\/categories?post=30794"},{"taxonomy":"post_tag","embeddable":true,"href":"https:\/\/www.manquepierda.com\/historiarealbetis\/wp-json\/wp\/v2\/tags?post=30794"}],"curies":[{"name":"wp","href":"https:\/\/api.w.org\/{rel}","templated":true}]}}