{"id":30859,"date":"2013-06-12T21:08:49","date_gmt":"2013-06-12T19:08:49","guid":{"rendered":"http:\/\/www.manquepierda.com\/historiarealbetis\/?p=30859"},"modified":"2024-08-13T11:37:39","modified_gmt":"2024-08-13T09:37:39","slug":"1965-junio-13-14-final-vuelta-copa-sanchez-pizjuan-real-betis-balompie-3-vs-real-jaen-2","status":"publish","type":"post","link":"https:\/\/www.manquepierda.com\/historiarealbetis\/1965-junio-13-14-final-vuelta-copa-sanchez-pizjuan-real-betis-balompie-3-vs-real-jaen-2\/","title":{"rendered":"1965-Junio 13-1\/4 Final-Vuelta-Copa S\u00e1nchez-Pizju\u00e1n: Real Betis Balompi\u00e9-3 vs. Real Ja\u00e9n-2."},"content":{"rendered":"<p style=\"text-align: center\"><a href=\"https:\/\/www.manquepierda.com\/historiarealbetis\/30859-1965-junio-13-14-final-vuelta-copa-sanchez-pizjuan-real-betis-balompie-3-vs-real-jaen-2\/rbb3rjcf2\/\" rel=\"attachment wp-att-30860\"><img data-recalc-dims=\"1\" loading=\"lazy\" decoding=\"async\" class=\"aligncenter size-medium wp-image-30860\" alt=\"RBB3RJcf2\" src=\"https:\/\/i0.wp.com\/www.manquepierda.com\/historiarealbetis\/files\/2013\/06\/RBB3RJcf2.jpg?resize=680%2C526&#038;ssl=1\" width=\"680\" height=\"526\" srcset=\"https:\/\/i0.wp.com\/www.manquepierda.com\/historiarealbetis\/files\/2013\/06\/RBB3RJcf2.jpg?resize=680%2C526&amp;ssl=1 680w, https:\/\/i0.wp.com\/www.manquepierda.com\/historiarealbetis\/files\/2013\/06\/RBB3RJcf2.jpg?resize=220%2C170&amp;ssl=1 220w, https:\/\/i0.wp.com\/www.manquepierda.com\/historiarealbetis\/files\/2013\/06\/RBB3RJcf2.jpg?resize=904%2C700&amp;ssl=1 904w, https:\/\/i0.wp.com\/www.manquepierda.com\/historiarealbetis\/files\/2013\/06\/RBB3RJcf2.jpg?resize=1024%2C792&amp;ssl=1 1024w, https:\/\/i0.wp.com\/www.manquepierda.com\/historiarealbetis\/files\/2013\/06\/RBB3RJcf2.jpg?resize=500%2C386&amp;ssl=1 500w, https:\/\/i0.wp.com\/www.manquepierda.com\/historiarealbetis\/files\/2013\/06\/RBB3RJcf2.jpg?w=1330&amp;ssl=1 1330w\" sizes=\"auto, (max-width: 680px) 100vw, 680px\" \/><\/a>\u00abMucho calor\u00bb.-Foto Serrano ABC-SE.<\/p>\n<p style=\"text-align: left\"><em><strong>1965-JUNIO 13-DOMINGO TARDE CON CALOR T\u00d3RRIDO EN LA CIUDAD DE SEVILLA-ESTADIO BENITO VILLAMAR\u00cdN-ESCASA ASISTENCIA-ENCUENTRO DE VUELTA DE LOS CUARTOS DE FINAL COPA S\u00c1NCHEZ-PIZJU\u00c1N:<\/strong><\/em><\/p>\n<p style=\"text-align: center\">Arbitr\u00f3 mal el colegiado Joaqu\u00edn Pastrana Zamudio.-Aline\u00f3 \u00e1:<\/p>\n<p style=\"text-align: center\"><a href=\"https:\/\/www.manquepierda.com\/historiarealbetis\/29945-1964-mayo-16-cpto-espana-18-final-ida-real-betis-balompie-1-gol-vs-pontevedra-cf-1\/escudorbb1962-2\/\" rel=\"attachment wp-att-29956\"><img data-recalc-dims=\"1\" loading=\"lazy\" decoding=\"async\" class=\"aligncenter size-thumbnail wp-image-29956\" alt=\"EscudoRBB1962\" src=\"https:\/\/i0.wp.com\/www.manquepierda.com\/historiarealbetis\/files\/2013\/05\/EscudoRBB1962.jpg?resize=220%2C130&#038;ssl=1\" width=\"220\" height=\"130\" srcset=\"https:\/\/i0.wp.com\/www.manquepierda.com\/historiarealbetis\/files\/2013\/05\/EscudoRBB1962.jpg?resize=220%2C130&amp;ssl=1 220w, https:\/\/i0.wp.com\/www.manquepierda.com\/historiarealbetis\/files\/2013\/05\/EscudoRBB1962.jpg?resize=680%2C404&amp;ssl=1 680w, https:\/\/i0.wp.com\/www.manquepierda.com\/historiarealbetis\/files\/2013\/05\/EscudoRBB1962.jpg?resize=960%2C571&amp;ssl=1 960w, https:\/\/i0.wp.com\/www.manquepierda.com\/historiarealbetis\/files\/2013\/05\/EscudoRBB1962.jpg?resize=1024%2C609&amp;ssl=1 1024w, https:\/\/i0.wp.com\/www.manquepierda.com\/historiarealbetis\/files\/2013\/05\/EscudoRBB1962.jpg?resize=500%2C297&amp;ssl=1 500w, https:\/\/i0.wp.com\/www.manquepierda.com\/historiarealbetis\/files\/2013\/05\/EscudoRBB1962.jpg?w=1173&amp;ssl=1 1173w\" sizes=\"auto, (max-width: 220px) 100vw, 220px\" \/><\/a><em><strong>1\u00aa Divisi\u00f3n.-REAL BETIS BALOMPI\u00c9-3 GOLES.<\/strong><\/em><\/p>\n<p style=\"text-align: center\"><em><strong>MARCADOS POR:<\/strong><\/em><\/p>\n<p style=\"text-align: center\"><a href=\"https:\/\/www.manquepierda.com\/historiarealbetis\/29048-1964-abril-12-primera-division-real-betis-balompie-4-goles-vs-club-atletico-madrid-2\/andresmolinasoler-4\/\" rel=\"attachment wp-att-29066\"><img data-recalc-dims=\"1\" loading=\"lazy\" decoding=\"async\" class=\"aligncenter size-medium wp-image-29066\" alt=\"Andr\u00e9sMOLINAsoler\" src=\"https:\/\/i0.wp.com\/www.manquepierda.com\/historiarealbetis\/files\/2013\/04\/Andr%C3%A9sMOLINAsoler.jpg?resize=150%2C300&#038;ssl=1\" width=\"150\" height=\"300\" srcset=\"https:\/\/i0.wp.com\/www.manquepierda.com\/historiarealbetis\/files\/2013\/04\/Andr%C3%A9sMOLINAsoler.jpg?resize=150%2C300&amp;ssl=1 150w, https:\/\/i0.wp.com\/www.manquepierda.com\/historiarealbetis\/files\/2013\/04\/Andr%C3%A9sMOLINAsoler.jpg?resize=251%2C500&amp;ssl=1 251w\" sizes=\"auto, (max-width: 150px) 100vw, 150px\" \/><\/a><em><strong>1-0.-Primer Tiempo:\u00a0 MOLINA.<\/strong><\/em><\/p>\n<p style=\"text-align: left\"><a href=\"https:\/\/www.manquepierda.com\/historiarealbetis\/30295-1965-mayo-26-copa-sanchez-pizjuan-vuelta-real-betis-balompie-4-vs-atletico-onubense-1\/enrique-mateos-mancebo-3\/\" rel=\"attachment wp-att-30304\"><img data-recalc-dims=\"1\" loading=\"lazy\" decoding=\"async\" class=\"aligncenter size-thumbnail wp-image-30304\" alt=\"Enrique MATEOS Mancebo\" src=\"https:\/\/i0.wp.com\/www.manquepierda.com\/historiarealbetis\/files\/2013\/05\/Enrique-MATEOS-Mancebo.jpg?resize=152%2C220&#038;ssl=1\" width=\"152\" height=\"220\" srcset=\"https:\/\/i0.wp.com\/www.manquepierda.com\/historiarealbetis\/files\/2013\/05\/Enrique-MATEOS-Mancebo.jpg?resize=152%2C220&amp;ssl=1 152w, https:\/\/i0.wp.com\/www.manquepierda.com\/historiarealbetis\/files\/2013\/05\/Enrique-MATEOS-Mancebo.jpg?resize=416%2C600&amp;ssl=1 416w, https:\/\/i0.wp.com\/www.manquepierda.com\/historiarealbetis\/files\/2013\/05\/Enrique-MATEOS-Mancebo.jpg?resize=485%2C700&amp;ssl=1 485w, https:\/\/i0.wp.com\/www.manquepierda.com\/historiarealbetis\/files\/2013\/05\/Enrique-MATEOS-Mancebo.jpg?resize=1024%2C1475&amp;ssl=1 1024w, https:\/\/i0.wp.com\/www.manquepierda.com\/historiarealbetis\/files\/2013\/05\/Enrique-MATEOS-Mancebo.jpg?resize=347%2C500&amp;ssl=1 347w, https:\/\/i0.wp.com\/www.manquepierda.com\/historiarealbetis\/files\/2013\/05\/Enrique-MATEOS-Mancebo.jpg?w=1615&amp;ssl=1 1615w\" sizes=\"auto, (max-width: 152px) 100vw, 152px\" \/><\/a><em><strong>2-2.-72 Minutos:\u00a0 Golpe franco lanzado por Mateos fue desviado a gol por Pallar\u00e9s.\u00a0 Batido Pedrosa,\u00a0 Baena repeli\u00f3 el bal\u00f3n con el brazo en la misma l\u00ednea de meta.\u00a0 MATEOS lanz\u00f3 la pena m\u00e1xima archisuperi\u00f3 fusilando al meta jienense.<br \/>\n<\/strong><\/em><\/p>\n<p style=\"text-align: center\"><em><strong>3-2.-77 Minutos:\u00a0 FALI (No localizada imagen).<\/strong><\/em><\/p>\n<p style=\"text-align: center\"><strong>Obituarios Real Betis Balompi\u00e9.<\/strong><\/p>\n<p style=\"text-align: center\"><a href=\"https:\/\/www.manquepierda.com\/historiarealbetis\/30859-1965-junio-13-14-final-vuelta-copa-sanchez-pizjuan-real-betis-balompie-3-vs-real-jaen-2\/francisco-crespillo-garcia-2\/\" rel=\"attachment wp-att-30861\"><img data-recalc-dims=\"1\" loading=\"lazy\" decoding=\"async\" class=\"aligncenter size-thumbnail wp-image-30861\" alt=\"Francisco CRESPILLO Garc\u00eda\" src=\"https:\/\/i0.wp.com\/www.manquepierda.com\/historiarealbetis\/files\/2013\/06\/Francisco-CRESPILLO-Garc%C3%ADa.jpg?resize=114%2C220&#038;ssl=1\" width=\"114\" height=\"220\" srcset=\"https:\/\/i0.wp.com\/www.manquepierda.com\/historiarealbetis\/files\/2013\/06\/Francisco-CRESPILLO-Garc%C3%ADa.jpg?resize=114%2C220&amp;ssl=1 114w, https:\/\/i0.wp.com\/www.manquepierda.com\/historiarealbetis\/files\/2013\/06\/Francisco-CRESPILLO-Garc%C3%ADa.jpg?w=197&amp;ssl=1 197w\" sizes=\"auto, (max-width: 114px) 100vw, 114px\" \/><\/a><em><strong>1-Guardameta.-Francisco CRESPILLO Garc\u00eda (21).-SEVILLA, S\u00e1bado 03-Junio-1944.-69 A\u00f1os.<\/strong><\/em><\/p>\n<p style=\"text-align: center\"><em><strong>Real Betis-Juvenil.-Triana Balompi\u00e9 (1963-1966).-Real Betis Balompi\u00e9-Temporadas 1964-1965 \u00e1 1965-1966 (segundo portero), ambas inclusives.<\/strong><\/em><\/p>\n<p style=\"text-align: center\"><a href=\"https:\/\/www.manquepierda.com\/historiarealbetis\/30364-1961-mayo-28-cpto-espana-18final-vuelta-real-oviedo-cf-0-vs-real-betis-balompie-1-gol\/franciscograupla-9\/\" rel=\"attachment wp-att-30373\"><img data-recalc-dims=\"1\" loading=\"lazy\" decoding=\"async\" class=\"aligncenter size-thumbnail wp-image-30373\" alt=\"FranciscoGRAUpla\" src=\"https:\/\/i0.wp.com\/www.manquepierda.com\/historiarealbetis\/files\/2013\/05\/FranciscoGRAUpla2.png?resize=188%2C220&#038;ssl=1\" width=\"188\" height=\"220\" srcset=\"https:\/\/i0.wp.com\/www.manquepierda.com\/historiarealbetis\/files\/2013\/05\/FranciscoGRAUpla2.png?resize=188%2C220&amp;ssl=1 188w, https:\/\/i0.wp.com\/www.manquepierda.com\/historiarealbetis\/files\/2013\/05\/FranciscoGRAUpla2.png?w=191&amp;ssl=1 191w\" sizes=\"auto, (max-width: 188px) 100vw, 188px\" \/><\/a><em><strong>2-Zaguero.-Lateral Diestro.-Francisco GRAU Pla (29).-LA GARRIGA (Barcelona), Lunes 23-Diciembre-1935.-77 A\u00f1os.<\/strong><\/em><\/p>\n<p style=\"text-align: center\"><em><strong>Temporadas 1959-1960 \u00e1 1966-1967 (Campeonato Nacional Liga Segunda Divisi\u00f3n); 1967-1968 \u00e1 1968-1969; ambas inclusives.<\/strong><\/em><\/p>\n<p style=\"text-align: center\"><a href=\"https:\/\/www.manquepierda.com\/historiarealbetis\/30208-1964-mayo-23-copa-sanchez-pizjuan-ida-atletico-onubense-0-vs-real-betis-balompie-3-goles\/francisco-labrado-telechia-triana-balompie\/\" rel=\"attachment wp-att-30212\"><img data-recalc-dims=\"1\" loading=\"lazy\" decoding=\"async\" class=\"aligncenter size-full wp-image-30212\" alt=\"Francisco Labrado Telech\u00eda-Triana Balompi\u00e9\" src=\"https:\/\/i0.wp.com\/www.manquepierda.com\/historiarealbetis\/files\/2013\/05\/Francisco-Labrado-Telech%C3%ADa-Triana-Balompi%C3%A9.jpg?resize=153%2C210&#038;ssl=1\" width=\"153\" height=\"210\" \/><\/a><em><strong>5-Zaguero.-Central.-Francisco Labrado TELECH\u00cdA (19).-SEVILLA, Mi\u00e9rcoles 15-Agosto-1945.-67 A\u00f1os.<\/strong><\/em><\/p>\n<p style=\"text-align: left\"><em><strong>Real Betis-Juvenil.-Triana Balompi\u00e9.-RBB-Temporadas 1966-1967 (Campeonato Nacional Liga Segunda Divisi\u00f3n) \u00e1 1967-1968; 1968-1969\u00a0 \u00e1 1970-1971 (Campeonato Nacional Segunda Divisi\u00f3n); 1971-1972 \u00e1 1973-1974 (Campeonato Nacional Segunda Divisi\u00f3n); ambas inclusives;\u00a0 y\u00a0 1974-1975.<\/strong><\/em><\/p>\n<p style=\"text-align: center\"><a href=\"https:\/\/www.manquepierda.com\/historiarealbetis\/29736-1963-mayo-05-campeonato-espana-116-final-vuelta-real-betis-balompie-4-vs-ud-las-palmas-1\/paquito-franciscofaleatoochoantesana-3\/\" rel=\"attachment wp-att-29741\"><img data-recalc-dims=\"1\" loading=\"lazy\" decoding=\"async\" class=\"aligncenter size-thumbnail wp-image-29741\" alt=\"PAQUITO-FranciscoFaleatoOchoantesana\" src=\"https:\/\/i0.wp.com\/www.manquepierda.com\/historiarealbetis\/files\/2013\/05\/PAQUITO-FranciscoFaleatoOchoantesana.jpg?resize=152%2C220&#038;ssl=1\" width=\"152\" height=\"220\" srcset=\"https:\/\/i0.wp.com\/www.manquepierda.com\/historiarealbetis\/files\/2013\/05\/PAQUITO-FranciscoFaleatoOchoantesana.jpg?resize=152%2C220&amp;ssl=1 152w, https:\/\/i0.wp.com\/www.manquepierda.com\/historiarealbetis\/files\/2013\/05\/PAQUITO-FranciscoFaleatoOchoantesana.jpg?resize=416%2C600&amp;ssl=1 416w, https:\/\/i0.wp.com\/www.manquepierda.com\/historiarealbetis\/files\/2013\/05\/PAQUITO-FranciscoFaleatoOchoantesana.jpg?resize=485%2C700&amp;ssl=1 485w, https:\/\/i0.wp.com\/www.manquepierda.com\/historiarealbetis\/files\/2013\/05\/PAQUITO-FranciscoFaleatoOchoantesana.jpg?resize=1024%2C1475&amp;ssl=1 1024w, https:\/\/i0.wp.com\/www.manquepierda.com\/historiarealbetis\/files\/2013\/05\/PAQUITO-FranciscoFaleatoOchoantesana.jpg?resize=346%2C500&amp;ssl=1 346w, https:\/\/i0.wp.com\/www.manquepierda.com\/historiarealbetis\/files\/2013\/05\/PAQUITO-FranciscoFaleatoOchoantesana.jpg?w=1623&amp;ssl=1 1623w\" sizes=\"auto, (max-width: 152px) 100vw, 152px\" \/><\/a><em><strong>3-Zaguero.-Lateral Zurdo.-Francisco Faleato Ochoantesana (24) \u00abPAQUITO\u00bb.-SANTO\u00d1A (Cantabria), Jueves 20-Marzo-1941.-72 A\u00f1os.<br \/>\n<\/strong><\/em><\/p>\n<p style=\"text-align: center\"><em><strong>Temporadas 1961-1962 \u00e1 1966-1967 (Campeonato Nacional Liga Segunda Divisi\u00f3n); ambas inclusive;\u00a0 y\u00a0 1967-1968.<\/strong><\/em><\/p>\n<p style=\"text-align: center\"><a href=\"https:\/\/www.manquepierda.com\/historiarealbetis\/29736-1963-mayo-05-campeonato-espana-116-final-vuelta-real-betis-balompie-4-vs-ud-las-palmas-1\/montaner-jose-maria-garcia-martinez-6\/\" rel=\"attachment wp-att-29743\"><img data-recalc-dims=\"1\" loading=\"lazy\" decoding=\"async\" class=\"aligncenter size-thumbnail wp-image-29743\" alt=\"Montaner. Jos\u00e9 Mar\u00eda Garc\u00eda Mart\u00ednez\" src=\"https:\/\/i0.wp.com\/www.manquepierda.com\/historiarealbetis\/files\/2013\/05\/Montaner.-Jos%C3%A9-Mar%C3%ADa-Garc%C3%ADa-Mart%C3%ADnez.jpg?resize=170%2C220&#038;ssl=1\" width=\"170\" height=\"220\" srcset=\"https:\/\/i0.wp.com\/www.manquepierda.com\/historiarealbetis\/files\/2013\/05\/Montaner.-Jos%C3%A9-Mar%C3%ADa-Garc%C3%ADa-Mart%C3%ADnez.jpg?resize=170%2C220&amp;ssl=1 170w, https:\/\/i0.wp.com\/www.manquepierda.com\/historiarealbetis\/files\/2013\/05\/Montaner.-Jos%C3%A9-Mar%C3%ADa-Garc%C3%ADa-Mart%C3%ADnez.jpg?resize=387%2C500&amp;ssl=1 387w, https:\/\/i0.wp.com\/www.manquepierda.com\/historiarealbetis\/files\/2013\/05\/Montaner.-Jos%C3%A9-Mar%C3%ADa-Garc%C3%ADa-Mart%C3%ADnez.jpg?w=400&amp;ssl=1 400w\" sizes=\"auto, (max-width: 170px) 100vw, 170px\" \/><\/a><em><strong>4-Medio.-Diestro.-Jos\u00e9 Mar\u00eda Garc\u00eda MONTANER (27).-\u00c1YORA (Valencia), Mi\u00e9rcoles 27-Octubre-1937.-75 A\u00f1os.<\/strong><\/em><\/p>\n<p style=\"text-align: center\"><em><strong>Temporadas 1961-1962 \u00e1 1966-1967 (Campeonato Nacional Liga Segunda Divisi\u00f3n); ambas inclusive.<\/strong><\/em><\/p>\n<p style=\"text-align: left\"><a href=\"https:\/\/www.manquepierda.com\/historiarealbetis\/30859-1965-junio-13-14-final-vuelta-copa-sanchez-pizjuan-real-betis-balompie-3-vs-real-jaen-2\/1964-rogelio\/\" rel=\"attachment wp-att-30862\"><img data-recalc-dims=\"1\" loading=\"lazy\" decoding=\"async\" class=\"aligncenter size-thumbnail wp-image-30862\" alt=\"1964-rogelio\" src=\"https:\/\/i0.wp.com\/www.manquepierda.com\/historiarealbetis\/files\/2013\/06\/1964-rogelio.jpg?resize=146%2C220&#038;ssl=1\" width=\"146\" height=\"220\" srcset=\"https:\/\/i0.wp.com\/www.manquepierda.com\/historiarealbetis\/files\/2013\/06\/1964-rogelio.jpg?resize=146%2C220&amp;ssl=1 146w, https:\/\/i0.wp.com\/www.manquepierda.com\/historiarealbetis\/files\/2013\/06\/1964-rogelio.jpg?w=183&amp;ssl=1 183w\" sizes=\"auto, (max-width: 146px) 100vw, 146px\" \/><\/a><em><strong>6-Medio.-Zurdo.-ROGELIO Sosa Ram\u00edrez (22).-CORIA DEL R\u00cdO (Sevilla), Domingo 11-Abril-1943.-70 A\u00f1os.-<\/strong><\/em><em><strong>Internacional-Selecciones Sub-23 y Militar.-Medalla Oro M\u00e9rito Deportivo (1972-1973 Federaci\u00f3n Andaluza de F\u00fatbol).<\/strong><\/em><\/p>\n<p style=\"text-align: left\"><em><strong>Real Betis-Juvenil.-RBB-Temporadas 1962-1963 \u00e1 1966-1967 (Campeonato Nacional Liga Segunda Divisi\u00f3n); 1967-1968 \u00e1 1968-1969 (Campeonato Nacional Liga Segunda Divisi\u00f3n); 1969-1970 \u00e1 1970-1971 (Campeonato Nacional Liga Segunda Divisi\u00f3n); 1971-1972 \u00e1 1973-1974 (Campeonato Nacional Liga Segunda Divisi\u00f3n); 1974-1975 \u00e1 1976-1977 (Campeonato de Espa\u00f1a-I Copa del Rey); ambas inclusives;\u00a0 y\u00a0 1977-1978 (Copa de Europa de Campeones de Copa-RECOPA).<\/strong><\/em><\/p>\n<p style=\"text-align: center\"><a href=\"https:\/\/www.manquepierda.com\/historiarealbetis\/30859-1965-junio-13-14-final-vuelta-copa-sanchez-pizjuan-real-betis-balompie-3-vs-real-jaen-2\/breval-1964\/\" rel=\"attachment wp-att-30863\"><img data-recalc-dims=\"1\" loading=\"lazy\" decoding=\"async\" class=\"aligncenter size-full wp-image-30863\" alt=\"BREVAL-1964\" src=\"https:\/\/i0.wp.com\/www.manquepierda.com\/historiarealbetis\/files\/2013\/06\/BREVAL-1964.jpg?resize=124%2C187&#038;ssl=1\" width=\"124\" height=\"187\" \/><\/a><em><strong>7-Delantero.-Extremo Diestro.-Jos\u00e9 BREVAL Cala (24).-SEVILLA, Viernes 28-Febrero-1941.-72 A\u00f1os.<\/strong><\/em><\/p>\n<p style=\"text-align: center\"><em><strong>Temporada 1964-1965.<\/strong><\/em><\/p>\n<p style=\"text-align: center\"><em><strong>8-Delantero-Canterano.-Triana Balompi\u00e9.-Interior Diestro.-FALI.<\/strong><\/em><\/p>\n<p style=\"text-align: center\"><a href=\"https:\/\/www.manquepierda.com\/historiarealbetis\/30364-1961-mayo-28-cpto-espana-18final-vuelta-real-oviedo-cf-0-vs-real-betis-balompie-1-gol\/pallares-huertas-antonio-18\/\" rel=\"attachment wp-att-30376\"><img data-recalc-dims=\"1\" loading=\"lazy\" decoding=\"async\" class=\"aligncenter size-thumbnail wp-image-30376\" alt=\"Pallar\u00e9s Huertas, Antonio\" src=\"https:\/\/i0.wp.com\/www.manquepierda.com\/historiarealbetis\/files\/2013\/05\/Pallar%C3%A9s-Huertas-Antonio3.jpg?resize=171%2C220&#038;ssl=1\" width=\"171\" height=\"220\" srcset=\"https:\/\/i0.wp.com\/www.manquepierda.com\/historiarealbetis\/files\/2013\/05\/Pallar%C3%A9s-Huertas-Antonio3.jpg?resize=171%2C220&amp;ssl=1 171w, https:\/\/i0.wp.com\/www.manquepierda.com\/historiarealbetis\/files\/2013\/05\/Pallar%C3%A9s-Huertas-Antonio3.jpg?resize=390%2C500&amp;ssl=1 390w, https:\/\/i0.wp.com\/www.manquepierda.com\/historiarealbetis\/files\/2013\/05\/Pallar%C3%A9s-Huertas-Antonio3.jpg?w=425&amp;ssl=1 425w\" sizes=\"auto, (max-width: 171px) 100vw, 171px\" \/><\/a><em><strong>9-Centro Delantero.-ARIETE.-Antonio PALLAR\u00c9S Huertas (24).-ALICANTE, Jueves 05-Diciembre-1940.-72 A\u00f1os.<\/strong><\/em><\/p>\n<p style=\"text-align: center\"><em><strong>Temporadas 1960-1961 \u00e1 1966-1967 (Campeonato Nacional Liga Segunda Divisi\u00f3n), ambas inclusive.<\/strong><\/em><\/p>\n<p style=\"text-align: left\"><em><strong>10-Delantero.-Interior Zurdo.-Enrique MATEOS Mancebo (30).-MADRID, Domingo 15-Julio-1934.-SEVILLA, Viernes 06-Julio-2001.-66 A\u00f1os-11 meses.-D. E. P.<\/strong><\/em><\/p>\n<p style=\"text-align: center\"><em><strong>Temporadas 1964-1965\u00a0 y\u00a0 1965-1966.<\/strong><\/em><\/p>\n<p style=\"text-align: left\"><em><strong>11-Delantero.-Extremo Zurdo.-Andr\u00e9s MOLINA Soler (25).-ELCHE (Alicante), Jueves 14-Marzo-1940.-73 A\u00f1os.<\/strong><\/em><\/p>\n<p style=\"text-align: center\"><em><strong>Temporadas 1963-1964\u00a0 y\u00a0 1964-1965.<\/strong><\/em><\/p>\n<p style=\"text-align: left\"><em><strong><a href=\"https:\/\/www.manquepierda.com\/historiarealbetis\/28507-1963-marzo-31-primera-division-real-betis-balompie-2-vs-club-atletico-osasuna-1\/ernestoponsforns-6\/\" rel=\"attachment wp-att-28520\"><img data-recalc-dims=\"1\" loading=\"lazy\" decoding=\"async\" class=\"alignleft size-full wp-image-28520\" alt=\"ErnestoPonsForns\" src=\"https:\/\/i0.wp.com\/www.manquepierda.com\/historiarealbetis\/files\/2013\/03\/ErnestoPonsForns1.jpg?resize=150%2C184&#038;ssl=1\" width=\"150\" height=\"184\" \/><\/a>ENTRENADOR REAL BETIS BALOMPI\u00c9-TEMPORADA 1964-1965 (01\u00aa-20\u00aa Jornadas: Louis Hon Antonin.-23\u00aa-24 Jornadas: Rosendo Hern\u00e1ndez Gonz\u00e1lez.-25\u00aa Jornada: Andr\u00e9s Aranda Guti\u00e9rrez.-26\u00aa-30\u00aa Jornadas, ambas inclusives; m\u00e1s rondas coperas eliminatorias:<\/strong><\/em><\/p>\n<p style=\"text-align: left\"><em><strong>ERNESTO PONS FORN (45 A\u00f1os).-MATAR\u00d3, Lunes 19-Enero-1920.-93 A\u00f1os.<\/strong><\/em><\/p>\n<p style=\"text-align: left\"><em><strong>XXXIX PRESIDENTE REAL BETIS BALOMPI\u00c9.-11 MANDATOS-GESTI\u00d3N Y PLANIFICACIONES-TEMMPORADAS 1955-1956 HASTA LA 1965-1966 (Carta dimisi\u00f3n datada martes 07-Diciembre-1965 por motivos de enfermedad grave de c\u00e1ncer despidi\u00e9ndose de sus compa\u00f1eros directivos y a trav\u00e9s de ellos de la Afici\u00f3n Verdiblanca), falleciendo unos ocho meses m\u00e1s tarde.<\/strong><\/em>&#8211;<em><strong>Primer Presidente Perpetuo y \u00fanico elegido democr\u00e1ticamente por el Betiscismo:<\/strong><\/em><a href=\"https:\/\/www.manquepierda.com\/historiarealbetis\/30364-1961-mayo-28-cpto-espana-18final-vuelta-real-oviedo-cf-0-vs-real-betis-balompie-1-gol\/benito-villamarin-05-6\/\" rel=\"attachment wp-att-30380\"><img data-recalc-dims=\"1\" loading=\"lazy\" decoding=\"async\" class=\"aligncenter size-thumbnail wp-image-30380\" alt=\"Benito Villamar\u00edn-05\" src=\"https:\/\/i0.wp.com\/www.manquepierda.com\/historiarealbetis\/files\/2013\/05\/Benito-Villamar%C3%ADn-051.jpg?resize=214%2C220&#038;ssl=1\" width=\"214\" height=\"220\" srcset=\"https:\/\/i0.wp.com\/www.manquepierda.com\/historiarealbetis\/files\/2013\/05\/Benito-Villamar%C3%ADn-051.jpg?resize=214%2C220&amp;ssl=1 214w, https:\/\/i0.wp.com\/www.manquepierda.com\/historiarealbetis\/files\/2013\/05\/Benito-Villamar%C3%ADn-051.jpg?resize=585%2C600&amp;ssl=1 585w, https:\/\/i0.wp.com\/www.manquepierda.com\/historiarealbetis\/files\/2013\/05\/Benito-Villamar%C3%ADn-051.jpg?resize=683%2C700&amp;ssl=1 683w, https:\/\/i0.wp.com\/www.manquepierda.com\/historiarealbetis\/files\/2013\/05\/Benito-Villamar%C3%ADn-051.jpg?resize=50%2C50&amp;ssl=1 50w, https:\/\/i0.wp.com\/www.manquepierda.com\/historiarealbetis\/files\/2013\/05\/Benito-Villamar%C3%ADn-051.jpg?resize=1024%2C1048&amp;ssl=1 1024w, https:\/\/i0.wp.com\/www.manquepierda.com\/historiarealbetis\/files\/2013\/05\/Benito-Villamar%C3%ADn-051.jpg?resize=488%2C500&amp;ssl=1 488w, https:\/\/i0.wp.com\/www.manquepierda.com\/historiarealbetis\/files\/2013\/05\/Benito-Villamar%C3%ADn-051.jpg?w=1328&amp;ssl=1 1328w\" sizes=\"auto, (max-width: 214px) 100vw, 214px\" \/><\/a><em><strong><\/strong><strong>DON BENITO VILLAMAR\u00cdN PRIETO (46 A\u00f1os.-Industrial).-PUGA-To\u00e9n (Ourense), Mi\u00e9rcoles 21-Agosto-1918.-SEVILLA-\u00abCIUDAD DEL BETIS\u00bb-Lunes 15-Agosto-1966.-D. E. P.<\/strong><\/em><\/p>\n<p style=\"text-align: center\"><strong>VS.<\/strong><\/p>\n<p style=\"text-align: center\"><a href=\"https:\/\/www.manquepierda.com\/historiarealbetis\/30859-1965-junio-13-14-final-vuelta-copa-sanchez-pizjuan-real-betis-balompie-3-vs-real-jaen-2\/n_real_jaen_cf_escudo-91772-gif\/\" rel=\"attachment wp-att-30864\"><img data-recalc-dims=\"1\" loading=\"lazy\" decoding=\"async\" class=\"aligncenter size-thumbnail wp-image-30864\" alt=\"n_real_jaen_cf_escudo-91772.gif\" src=\"https:\/\/i0.wp.com\/www.manquepierda.com\/historiarealbetis\/files\/2013\/06\/n_real_jaen_cf_escudo-91772.gif.jpeg?resize=164%2C220&#038;ssl=1\" width=\"164\" height=\"220\" srcset=\"https:\/\/i0.wp.com\/www.manquepierda.com\/historiarealbetis\/files\/2013\/06\/n_real_jaen_cf_escudo-91772.gif.jpeg?resize=164%2C220&amp;ssl=1 164w, https:\/\/i0.wp.com\/www.manquepierda.com\/historiarealbetis\/files\/2013\/06\/n_real_jaen_cf_escudo-91772.gif.jpeg?w=297&amp;ssl=1 297w\" sizes=\"auto, (max-width: 164px) 100vw, 164px\" \/><\/a><strong>Tercera Divisi\u00f3n-XI Grupo.-REAL JA\u00c9N Club de F\u00fatbol-2 Tantos.<\/strong><\/p>\n<p style=\"text-align: left\"><strong>PEDROSA (Portero).-C\u00c1CERES-BAENA-GARRIDO (Defensas).-TIRAVIT-REINA (Medios).-C\u00c1NDIDO-RUEDA (1-2.-Segundo Tiempo)-GARC\u00cdA-GINES\u00cdN (1-1.-Primer Tiempo)-JIM\u00c9NEZ.-Delanteros.<\/strong><\/p>\n<p style=\"text-align: center\"><em><strong>**1\/4 FINAL-IDA-COPA S\u00c1NCHEZ-PIZJU\u00c1N EN JA\u00c9N-ESTADIO MUNICIPAL DE LA VICTORIA.-VIERNES 11 DE JUNIO DE 1965**<\/strong><\/em><\/p>\n<p style=\"text-align: center\"><em><strong><\/strong><\/em><strong>Arbitr\u00f3 el cordob\u00e9s Peinado, auxiliado en las bandas por los hermanos Quesada Cuesta.-Aline\u00f3 \u00e1:<\/strong><\/p>\n<p style=\"text-align: center\"><strong>REAL JA\u00c9N CLUB DE F\u00daTBOL-1 Tanto.<\/strong><\/p>\n<p style=\"text-align: left\"><strong>HEREDIA (Portero).-C\u00c1CERES-TUCHO-GARRIDO (Defensas).-REINA-BAENA (Medios).-CELESTINO (1-0.-17 Minutos)-C\u00c1NDIDO-TIRAVIT-GINES\u00cdN-JIM\u00c9NEZ.-Delanteros.<\/strong><\/p>\n<p style=\"text-align: center\"><em><strong>VS.<\/strong><\/em><\/p>\n<p style=\"text-align: center\"><em><strong>Recibido por una fuerte ovaci\u00f3n al saltar al terreno de juego.-Caus\u00f3 una buena impresi\u00f3n.-REAL BETIS BALOMPI\u00c9-1 GOL.<\/strong><\/em><\/p>\n<p style=\"text-align: center\"><em><strong>MARC\u00d3:<\/strong><\/em><\/p>\n<p style=\"text-align: center\"><a href=\"https:\/\/www.manquepierda.com\/historiarealbetis\/30859-1965-junio-13-14-final-vuelta-copa-sanchez-pizjuan-real-betis-balompie-3-vs-real-jaen-2\/azcarate-1964\/\" rel=\"attachment wp-att-30870\"><img data-recalc-dims=\"1\" loading=\"lazy\" decoding=\"async\" class=\"aligncenter size-full wp-image-30870\" alt=\"AZC\u00c1RATE-1964\" src=\"https:\/\/i0.wp.com\/www.manquepierda.com\/historiarealbetis\/files\/2013\/06\/AZC%C3%81RATE-1964.jpg?resize=122%2C184&#038;ssl=1\" width=\"122\" height=\"184\" \/><\/a><em><strong>1-1.-18 Minutos:\u00a0 AZC\u00c1RATE.<\/strong><\/em><\/p>\n<p style=\"text-align: center\"><em><strong>CRESPILLO.-Guardameta.<\/strong><\/em><\/p>\n<p style=\"text-align: center\"><a href=\"https:\/\/www.manquepierda.com\/historiarealbetis\/30859-1965-junio-13-14-final-vuelta-copa-sanchez-pizjuan-real-betis-balompie-3-vs-real-jaen-2\/1964-aparicio-carranza-9\/\" rel=\"attachment wp-att-30868\"><img data-recalc-dims=\"1\" loading=\"lazy\" decoding=\"async\" class=\"aligncenter size-thumbnail wp-image-30868\" alt=\"1964-Aparicio Carranza\" src=\"https:\/\/i0.wp.com\/www.manquepierda.com\/historiarealbetis\/files\/2013\/06\/1964-Aparicio-Carranza.jpg?resize=162%2C220&#038;ssl=1\" width=\"162\" height=\"220\" srcset=\"https:\/\/i0.wp.com\/www.manquepierda.com\/historiarealbetis\/files\/2013\/06\/1964-Aparicio-Carranza.jpg?resize=162%2C220&amp;ssl=1 162w, https:\/\/i0.wp.com\/www.manquepierda.com\/historiarealbetis\/files\/2013\/06\/1964-Aparicio-Carranza.jpg?w=207&amp;ssl=1 207w\" sizes=\"auto, (max-width: 162px) 100vw, 162px\" \/><\/a><em><strong>Francisco APARICIO Rambal (25).-MADRID, Jueves 08-Febrero-1940.-73 A\u00f1os (Defensa-Lateral Diestro).<br \/>\n<\/strong><\/em><\/p>\n<p style=\"text-align: center\"><em><strong>Temporadas 1964-1965 \u00e1 1966-1967 (Campeonato Nacional Liga Segunda Divisi\u00f3n); 1967-1968 \u00e1 1969-1970; ambas inclusives.<\/strong><\/em><\/p>\n<p style=\"text-align: center\"><em><strong>TELECH\u00cdA (Zaguero-Central).<br \/>\n<\/strong><\/em><\/p>\n<p style=\"text-align: center\"><em><strong>PAQUITO (Zaguero-Lateral Zurdo).<\/strong><\/em><\/p>\n<p style=\"text-align: center\"><a href=\"https:\/\/www.manquepierda.com\/historiarealbetis\/30859-1965-junio-13-14-final-vuelta-copa-sanchez-pizjuan-real-betis-balompie-3-vs-real-jaen-2\/angel-suarez-martinez-3\/\" rel=\"attachment wp-att-30869\"><img data-recalc-dims=\"1\" loading=\"lazy\" decoding=\"async\" class=\"aligncenter size-thumbnail wp-image-30869\" alt=\"\u00c1ngel-SU\u00c1REZ-Mart\u00ednez\" src=\"https:\/\/i0.wp.com\/www.manquepierda.com\/historiarealbetis\/files\/2013\/06\/%C3%81ngel-SU%C3%81REZ-Mart%C3%ADnez-160x220.jpg?resize=160%2C220&#038;ssl=1\" width=\"160\" height=\"220\" srcset=\"https:\/\/i0.wp.com\/www.manquepierda.com\/historiarealbetis\/files\/2013\/06\/%C3%81ngel-SU%C3%81REZ-Mart%C3%ADnez.jpg?resize=160%2C220&amp;ssl=1 160w, https:\/\/i0.wp.com\/www.manquepierda.com\/historiarealbetis\/files\/2013\/06\/%C3%81ngel-SU%C3%81REZ-Mart%C3%ADnez.jpg?resize=363%2C500&amp;ssl=1 363w, https:\/\/i0.wp.com\/www.manquepierda.com\/historiarealbetis\/files\/2013\/06\/%C3%81ngel-SU%C3%81REZ-Mart%C3%ADnez.jpg?w=392&amp;ssl=1 392w\" sizes=\"auto, (max-width: 160px) 100vw, 160px\" \/><\/a><em><strong>\u00c1ngel SU\u00c1REZ Mart\u00ednez (26).-ALJUCER (Valencia), Mi\u00e9rcoles 28-Junio-1939.-74 A\u00f1os (Medio Zurdo).<\/strong><\/em><\/p>\n<p style=\"text-align: center\"><em><strong>Temporadas 1963-1964 \u00e1 1965-1966, ambas inclusive.<\/strong><\/em><\/p>\n<p style=\"text-align: center\"><strong><a href=\"https:\/\/www.manquepierda.com\/historiarealbetis\/30760-1967-junio-10-amistoso-real-betis-balompie-1-gol-vs-clube-de-regatas-do-flamengo-0\/frasco-francisco-ortiz-vazquez-6\/\" rel=\"attachment wp-att-30767\"><img data-recalc-dims=\"1\" loading=\"lazy\" decoding=\"async\" class=\"aligncenter size-thumbnail wp-image-30767\" alt=\"FRASCO-Francisco Ort\u00edz V\u00e1zquez\" src=\"https:\/\/i0.wp.com\/www.manquepierda.com\/historiarealbetis\/files\/2013\/06\/FRASCO-Francisco-Ort%C3%ADz-V%C3%A1zquez.jpg?resize=168%2C220&#038;ssl=1\" width=\"168\" height=\"220\" srcset=\"https:\/\/i0.wp.com\/www.manquepierda.com\/historiarealbetis\/files\/2013\/06\/FRASCO-Francisco-Ort%C3%ADz-V%C3%A1zquez.jpg?resize=168%2C220&amp;ssl=1 168w, https:\/\/i0.wp.com\/www.manquepierda.com\/historiarealbetis\/files\/2013\/06\/FRASCO-Francisco-Ort%C3%ADz-V%C3%A1zquez.jpg?resize=383%2C500&amp;ssl=1 383w, https:\/\/i0.wp.com\/www.manquepierda.com\/historiarealbetis\/files\/2013\/06\/FRASCO-Francisco-Ort%C3%ADz-V%C3%A1zquez.jpg?w=412&amp;ssl=1 412w\" sizes=\"auto, (max-width: 168px) 100vw, 168px\" \/><\/a><\/strong><em><strong>Francisco Ort\u00edz V\u00e1zquez (24)\u00bbFRASCO\u00bb.-LA RINCONADA (Sevilla), Domimgo 09-Marzo-1941.-72 A\u00f1os (Medios Diestro).<\/strong><\/em><\/p>\n<p style=\"text-align: center\"><em><strong>MENDOZA-Triana Balompi\u00e9.-Delantero.-Extremo Diestro.<br \/>\n<\/strong><\/em><\/p>\n<p style=\"text-align: center\"><em><strong>PALLAR\u00c9S.-Delantero.-Interior Diestro.<br \/>\n<\/strong><\/em><\/p>\n<p style=\"text-align: center\"><a href=\"https:\/\/www.manquepierda.com\/historiarealbetis\/30760-1967-junio-10-amistoso-real-betis-balompie-1-gol-vs-clube-de-regatas-do-flamengo-0\/demetrio-4\/\" rel=\"attachment wp-att-30769\"><img data-recalc-dims=\"1\" loading=\"lazy\" decoding=\"async\" class=\"aligncenter size-full wp-image-30769\" alt=\"Demetrio\" src=\"https:\/\/i0.wp.com\/www.manquepierda.com\/historiarealbetis\/files\/2013\/06\/Demetrio.jpg?resize=145%2C210&#038;ssl=1\" width=\"145\" height=\"210\" \/><\/a><em><strong>DEMETRIO Oliver S\u00e1nchez (18).-SEVILLA, Jueves 26-Junio-1947.-66 A\u00f1os (Centro Delantero-Ariete).<br \/>\n<\/strong><\/em><\/p>\n<p style=\"text-align: left\"><em><strong>Real Betis-Infantil.-Estrella Juvenil.-Real Betis-Juvenil.-RBB-Temporadas 1966-1967 (Campeonato Nacional Liga Segunda Divisi\u00f3n) \u00e1 1967-1968; 1968-1969 \u00e1 1969-1970; ambas inclusives.<\/strong><\/em><\/p>\n<p style=\"text-align: left\"><em><strong>Miguel AZC\u00c1RATE Iceta (26).-A\u00d1ORGA (Guip\u00fazcoa), Mi\u00e9rcoles 19-Octubre-1938.-74 A\u00f1os (Delantero-Interior Zurdo).<\/strong><\/em><\/p>\n<p style=\"text-align: center\"><em><strong>Temporadas 1964-1965 \u00e1 1966-1967 (Campeonato Nacional Liga Segunda Divisi\u00f3n); 1967-1968 \u00e1 1969-1970; ambas inclusives.<\/strong><\/em><\/p>\n<p style=\"text-align: center\"><a href=\"https:\/\/www.manquepierda.com\/historiarealbetis\/30536-1961-junio-04-cptoespana-14final-vuelta-rcd-espanol-0-vs-real-betis-balompie-2-goles\/leon-lasa-8\/\" rel=\"attachment wp-att-30543\"><img data-recalc-dims=\"1\" loading=\"lazy\" decoding=\"async\" class=\"aligncenter size-full wp-image-30543\" alt=\"Le\u00f3n Lasa\" src=\"https:\/\/i0.wp.com\/www.manquepierda.com\/historiarealbetis\/files\/2013\/06\/Le%C3%B3n-Lasa.jpg?resize=84%2C128&#038;ssl=1\" width=\"84\" height=\"128\" \/><\/a><em><strong>11-Delantero.-Extremo Zurdo.-Le\u00f3n LASA M\u00fajica (32).-BEASA\u00cdN (Guip\u00fazcoa), Viernes 17-Febrero-1933.-SEVILLA, Mi\u00e9rcoles 18-Junio-2003.-70 A\u00f1os.-D. E. P.<\/strong><\/em><\/p>\n<p style=\"text-align: center\"><em><strong>Temporadas 1956-1957 \u00e1 1957-1958 (Campeonato Nacional Liga Segunda Divisi\u00f3n); 1958-1959 \u00e1 1964-1965; ambas inclusives.<\/strong><\/em><\/p>\n<p style=\"text-align: center\"><strong>RESUMEN:<\/strong><\/p>\n<p style=\"text-align: center\"><em><strong>Pas\u00f3 a las Semifinales.-REAL BETIS BALOMPI\u00c9-4 GOLES (1+3) <\/strong><\/em><strong>vs. REAL JA\u00c9N CF-3 TANTOS (1+2).-Eliminado.<\/strong><\/p>\n<p style=\"text-align: left\"><strong>Colecci\u00f3n Personal.<\/strong><\/p>\n<p style=\"text-align: left\">ABC-SE.<\/p>\n<p style=\"text-align: center\">\n<p style=\"text-align: center\">\n","protected":false},"excerpt":{"rendered":"<p>\u00abMucho calor\u00bb.-Foto Serrano ABC-SE. 1965-JUNIO 13-DOMINGO TARDE CON CALOR T\u00d3RRIDO EN LA CIUDAD DE SEVILLA-ESTADIO BENITO VILLAMAR\u00cdN-ESCASA ASISTENCIA-ENCUENTRO DE VUELTA DE LOS CUARTOS DE FINAL COPA S\u00c1NCHEZ-PIZJU\u00c1N: Arbitr\u00f3 mal el colegiado Joaqu\u00edn Pastrana Zamudio.-Aline\u00f3 \u00e1: 1\u00aa Divisi\u00f3n.-REAL BETIS BALOMPI\u00c9-3 GOLES. MARCADOS POR: 1-0.-Primer Tiempo:\u00a0 MOLINA. 2-2.-72 Minutos:\u00a0 Golpe franco lanzado por Mateos fue desviado a&#8230;<\/p>\n","protected":false},"author":48,"featured_media":30860,"comment_status":"open","ping_status":"open","sticky":false,"template":"","format":"standard","meta":{"_kad_post_transparent":"","_kad_post_title":"","_kad_post_layout":"","_kad_post_sidebar_id":"","_kad_post_content_style":"","_kad_post_vertical_padding":"","_kad_post_feature":"","_kad_post_feature_position":"","_kad_post_header":false,"_kad_post_footer":false,"_kad_post_classname":"","_jetpack_memberships_contains_paid_content":false,"footnotes":"","jetpack_publicize_message":"","jetpack_publicize_feature_enabled":true,"jetpack_social_post_already_shared":true,"jetpack_social_options":{"image_generator_settings":{"template":"highway","default_image_id":0,"font":"","enabled":false},"version":2}},"categories":[902,1],"tags":[2900,7334,18024,16772],"class_list":["post-30859","post","type-post","status-publish","format-standard","has-post-thumbnail","hentry","category-1960-1969","category-portada","tag-1964-65","tag-7334","tag-copa-sanchez-pizjuan-1964-65","tag-real-jaen-cf"],"jetpack_publicize_connections":[],"jetpack_featured_media_url":"https:\/\/i0.wp.com\/www.manquepierda.com\/historiarealbetis\/files\/2013\/06\/RBB3RJcf2.jpg?fit=1330%2C1029&ssl=1","jetpack_sharing_enabled":true,"jetpack_shortlink":"https:\/\/wp.me\/p1ij08-81J","jetpack-related-posts":[],"_links":{"self":[{"href":"https:\/\/www.manquepierda.com\/historiarealbetis\/wp-json\/wp\/v2\/posts\/30859","targetHints":{"allow":["GET"]}}],"collection":[{"href":"https:\/\/www.manquepierda.com\/historiarealbetis\/wp-json\/wp\/v2\/posts"}],"about":[{"href":"https:\/\/www.manquepierda.com\/historiarealbetis\/wp-json\/wp\/v2\/types\/post"}],"author":[{"embeddable":true,"href":"https:\/\/www.manquepierda.com\/historiarealbetis\/wp-json\/wp\/v2\/users\/48"}],"replies":[{"embeddable":true,"href":"https:\/\/www.manquepierda.com\/historiarealbetis\/wp-json\/wp\/v2\/comments?post=30859"}],"version-history":[{"count":1,"href":"https:\/\/www.manquepierda.com\/historiarealbetis\/wp-json\/wp\/v2\/posts\/30859\/revisions"}],"predecessor-version":[{"id":93352,"href":"https:\/\/www.manquepierda.com\/historiarealbetis\/wp-json\/wp\/v2\/posts\/30859\/revisions\/93352"}],"wp:featuredmedia":[{"embeddable":true,"href":"https:\/\/www.manquepierda.com\/historiarealbetis\/wp-json\/wp\/v2\/media\/30860"}],"wp:attachment":[{"href":"https:\/\/www.manquepierda.com\/historiarealbetis\/wp-json\/wp\/v2\/media?parent=30859"}],"wp:term":[{"taxonomy":"category","embeddable":true,"href":"https:\/\/www.manquepierda.com\/historiarealbetis\/wp-json\/wp\/v2\/categories?post=30859"},{"taxonomy":"post_tag","embeddable":true,"href":"https:\/\/www.manquepierda.com\/historiarealbetis\/wp-json\/wp\/v2\/tags?post=30859"}],"curies":[{"name":"wp","href":"https:\/\/api.w.org\/{rel}","templated":true}]}}