{"id":31045,"date":"2013-06-28T07:54:16","date_gmt":"2013-06-28T05:54:16","guid":{"rendered":"http:\/\/www.manquepierda.com\/historiarealbetis\/?p=31045"},"modified":"2015-10-22T00:11:17","modified_gmt":"2015-10-21T22:11:17","slug":"banderin-del-budapest-se-1929","status":"publish","type":"post","link":"https:\/\/www.manquepierda.com\/historiarealbetis\/banderin-del-budapest-se-1929\/","title":{"rendered":"Bander\u00edn del Budapest SE 1929"},"content":{"rendered":"<p><a href=\"https:\/\/www.manquepierda.com\/historiarealbetis\/31045-banderin-del-budapest-se-1929\/banderin-del-budapest-se\/\" rel=\"attachment wp-att-31046\"><img data-recalc-dims=\"1\" loading=\"lazy\" decoding=\"async\" class=\"aligncenter size-medium wp-image-31046\" src=\"https:\/\/i0.wp.com\/www.manquepierda.com\/historiarealbetis\/files\/2013\/06\/Bander%C3%ADn-del-Budapest-SE.jpg?resize=426%2C600&#038;ssl=1\" alt=\"Bander\u00edn del Budapest SE\" width=\"426\" height=\"600\" srcset=\"https:\/\/i0.wp.com\/www.manquepierda.com\/historiarealbetis\/files\/2013\/06\/Bander%C3%ADn-del-Budapest-SE.jpg?resize=426%2C600&amp;ssl=1 426w, https:\/\/i0.wp.com\/www.manquepierda.com\/historiarealbetis\/files\/2013\/06\/Bander%C3%ADn-del-Budapest-SE.jpg?resize=156%2C220&amp;ssl=1 156w, https:\/\/i0.wp.com\/www.manquepierda.com\/historiarealbetis\/files\/2013\/06\/Bander%C3%ADn-del-Budapest-SE.jpg?resize=497%2C700&amp;ssl=1 497w, https:\/\/i0.wp.com\/www.manquepierda.com\/historiarealbetis\/files\/2013\/06\/Bander%C3%ADn-del-Budapest-SE.jpg?resize=355%2C500&amp;ssl=1 355w, https:\/\/i0.wp.com\/www.manquepierda.com\/historiarealbetis\/files\/2013\/06\/Bander%C3%ADn-del-Budapest-SE.jpg?w=583&amp;ssl=1 583w\" sizes=\"auto, (max-width: 426px) 100vw, 426px\" \/><\/a><\/p>\n<p>Como ya vimos en la entrada sobre los <a title=\"Los partidos de Navidad 1929 (I)\" href=\"https:\/\/www.manquepierda.com\/historiarealbetis\/25001-los-partidos-de-navidad-1929\/\">partidos de la Navidad de 1929\u00a0 <\/a>el Betis se enfrent\u00f3 al Budapest Sport Egyesulet.<\/p>\n<p>El partido no se pudo disputar en la fecha prevista, el 25 de diciembre de 1929, por las fuertes lluvias ca\u00eddas ese d\u00eda, por lo que se traslad\u00f3 al d\u00eds siguiente. Tal como se nos cuenta en la cr\u00f3nica period\u00edstica de La Uni\u00f3n el equipo h\u00fangaro hizo entrega al Betis del bander\u00edn con que ilustramos este peque\u00f1o reportaje<\/p>\n<div>\n<p><em>\u00abSuspendido el encuentro, los directivos que acompa\u00f1an a los jugadores campeones de Hungr\u00eda, fueron al vestuario del Real Betis, haciendo entrega al secretario de la sociedad sevillana de un bander\u00edn con los colores del Budapest, pronunciando el representante de \u00e9ste al hacer la entrega cari\u00f1osas frases de afecto, que fueron traducidas por el entrenador del Sevilla y compatriota de los visitantes, Lippo Hertza.\u00a0<\/em>\u00a0 <em>El secretario del Real Betis agradeci\u00f3 el obsequio en breves palabras.\u00a0<\/em><\/p>\n<p><em>Los jugadores del Budapest, que salieron unos momentos al campo, causaron el mejor efecto en el p\u00fablico, en el peloteo inicial. \u201c<\/em><\/p>\n<p>&nbsp;<\/p>\n<\/div>\n","protected":false},"excerpt":{"rendered":"<p>Como ya vimos en la entrada sobre los partidos de la Navidad de 1929\u00a0 el Betis se enfrent\u00f3 al Budapest Sport Egyesulet. El partido no se pudo disputar en la fecha prevista, el 25 de diciembre de 1929, por las fuertes lluvias ca\u00eddas ese d\u00eda, por lo que se traslad\u00f3 al d\u00eds siguiente. Tal como&#8230;<\/p>\n","protected":false},"author":5,"featured_media":31046,"comment_status":"open","ping_status":"open","sticky":false,"template":"","format":"standard","meta":{"_kad_post_transparent":"","_kad_post_title":"","_kad_post_layout":"","_kad_post_sidebar_id":"","_kad_post_content_style":"","_kad_post_vertical_padding":"","_kad_post_feature":"","_kad_post_feature_position":"","_kad_post_header":false,"_kad_post_footer":false,"_kad_post_classname":"","_jetpack_memberships_contains_paid_content":false,"footnotes":"","jetpack_publicize_message":"","jetpack_publicize_feature_enabled":true,"jetpack_social_post_already_shared":true,"jetpack_social_options":{"image_generator_settings":{"template":"highway","default_image_id":0,"font":"","enabled":false},"version":2}},"categories":[898,1],"tags":[1576,2665,6981],"class_list":["post-31045","post","type-post","status-publish","format-standard","has-post-thumbnail","hentry","category-1920-1929","category-portada","tag-1576","tag-1929-30","tag-budapest-sport"],"jetpack_publicize_connections":[],"jetpack_featured_media_url":"https:\/\/i0.wp.com\/www.manquepierda.com\/historiarealbetis\/files\/2013\/06\/Bander%C3%ADn-del-Budapest-SE.jpg?fit=583%2C821&ssl=1","jetpack_sharing_enabled":true,"jetpack_shortlink":"https:\/\/wp.me\/p1ij08-84J","jetpack-related-posts":[],"_links":{"self":[{"href":"https:\/\/www.manquepierda.com\/historiarealbetis\/wp-json\/wp\/v2\/posts\/31045","targetHints":{"allow":["GET"]}}],"collection":[{"href":"https:\/\/www.manquepierda.com\/historiarealbetis\/wp-json\/wp\/v2\/posts"}],"about":[{"href":"https:\/\/www.manquepierda.com\/historiarealbetis\/wp-json\/wp\/v2\/types\/post"}],"author":[{"embeddable":true,"href":"https:\/\/www.manquepierda.com\/historiarealbetis\/wp-json\/wp\/v2\/users\/5"}],"replies":[{"embeddable":true,"href":"https:\/\/www.manquepierda.com\/historiarealbetis\/wp-json\/wp\/v2\/comments?post=31045"}],"version-history":[{"count":0,"href":"https:\/\/www.manquepierda.com\/historiarealbetis\/wp-json\/wp\/v2\/posts\/31045\/revisions"}],"wp:featuredmedia":[{"embeddable":true,"href":"https:\/\/www.manquepierda.com\/historiarealbetis\/wp-json\/wp\/v2\/media\/31046"}],"wp:attachment":[{"href":"https:\/\/www.manquepierda.com\/historiarealbetis\/wp-json\/wp\/v2\/media?parent=31045"}],"wp:term":[{"taxonomy":"category","embeddable":true,"href":"https:\/\/www.manquepierda.com\/historiarealbetis\/wp-json\/wp\/v2\/categories?post=31045"},{"taxonomy":"post_tag","embeddable":true,"href":"https:\/\/www.manquepierda.com\/historiarealbetis\/wp-json\/wp\/v2\/tags?post=31045"}],"curies":[{"name":"wp","href":"https:\/\/api.w.org\/{rel}","templated":true}]}}