{"id":31224,"date":"2013-07-05T00:17:08","date_gmt":"2013-07-04T22:17:08","guid":{"rendered":"http:\/\/www.manquepierda.com\/historiarealbetis\/?p=31224"},"modified":"2024-10-06T16:06:17","modified_gmt":"2024-10-06T14:06:17","slug":"alineacion-viejas-glorias-1942","status":"publish","type":"post","link":"https:\/\/www.manquepierda.com\/historiarealbetis\/alineacion-viejas-glorias-1942\/","title":{"rendered":"Alineaci\u00f3n Viejas Glorias 1942"},"content":{"rendered":"<p>&nbsp;<\/p>\n<p><a href=\"https:\/\/www.manquepierda.com\/historiarealbetis\/alineacion-viejas-glorias-1942\/alineacion-viejas-glorias-1942-nmp-aga\/\" rel=\"attachment wp-att-31226\"><img data-recalc-dims=\"1\" loading=\"lazy\" decoding=\"async\" class=\"aligncenter size-medium wp-image-31226\" src=\"https:\/\/i0.wp.com\/www.manquepierda.com\/historiarealbetis\/files\/2013\/07\/Alineaci%C3%B3n-Viejas-Glorias-1942-NMP-AGA.jpg?resize=680%2C411&#038;ssl=1\" alt=\"Alineaci\u00f3n Viejas Glorias 1942 (NMP) AGA\" width=\"680\" height=\"411\" srcset=\"https:\/\/i0.wp.com\/www.manquepierda.com\/historiarealbetis\/files\/2013\/07\/Alineaci%C3%B3n-Viejas-Glorias-1942-NMP-AGA.jpg?resize=680%2C411&amp;ssl=1 680w, https:\/\/i0.wp.com\/www.manquepierda.com\/historiarealbetis\/files\/2013\/07\/Alineaci%C3%B3n-Viejas-Glorias-1942-NMP-AGA.jpg?resize=220%2C133&amp;ssl=1 220w, https:\/\/i0.wp.com\/www.manquepierda.com\/historiarealbetis\/files\/2013\/07\/Alineaci%C3%B3n-Viejas-Glorias-1942-NMP-AGA.jpg?resize=960%2C581&amp;ssl=1 960w, https:\/\/i0.wp.com\/www.manquepierda.com\/historiarealbetis\/files\/2013\/07\/Alineaci%C3%B3n-Viejas-Glorias-1942-NMP-AGA.jpg?resize=1024%2C619&amp;ssl=1 1024w, https:\/\/i0.wp.com\/www.manquepierda.com\/historiarealbetis\/files\/2013\/07\/Alineaci%C3%B3n-Viejas-Glorias-1942-NMP-AGA.jpg?resize=500%2C302&amp;ssl=1 500w, https:\/\/i0.wp.com\/www.manquepierda.com\/historiarealbetis\/files\/2013\/07\/Alineaci%C3%B3n-Viejas-Glorias-1942-NMP-AGA.jpg?w=1130&amp;ssl=1 1130w\" sizes=\"auto, (max-width: 680px) 100vw, 680px\" \/><\/a><\/p>\n<p>Ya vimos <a href=\"https:\/\/www.manquepierda.com\/historiarealbetis\/sevilla-betis-viejas-glorias-1942\/\">aqu<\/a><a title=\"Sevilla-Betis Viejas Glorias 1942\" href=\"https:\/\/www.manquepierda.com\/historiarealbetis\/10117-sevilla-betis-viejas-glorias-1942\/\">\u00ed\u00a0 <\/a>el partido que disputaron en septiembre de 1942 las Viejas Glorias del Sevilla y del Betis como homenaje a Pepe Brand en Nervi\u00f3n, y en el que se impusieron los verdiblancos con un gol de Antonio Alvarez.<\/p>\n<p>Contamos ahora con una imagen de superior calidad de la alineaci\u00f3n b\u00e9tica de ese d\u00eda. En la parte de arriba Tenorio, Portillo, Jim\u00e9nez, Adolfito, Aranda y Est\u00e9vez; en la de abajo: Salda\u00f1a, Carrasco, Enrique, Alvarez y Romerito.<\/p>\n<p>Jugadores todos de la segunda mitad de la d\u00e9cada de los 20 y comienzos de los 30.<\/p>\n","protected":false},"excerpt":{"rendered":"<p>&nbsp; Ya vimos aqu\u00ed\u00a0 el partido que disputaron en septiembre de 1942 las Viejas Glorias del Sevilla y del Betis como homenaje a Pepe Brand en Nervi\u00f3n, y en el que se impusieron los verdiblancos con un gol de Antonio Alvarez. Contamos ahora con una imagen de superior calidad de la alineaci\u00f3n b\u00e9tica de ese&#8230;<\/p>\n","protected":false},"author":5,"featured_media":31226,"comment_status":"open","ping_status":"open","sticky":false,"template":"","format":"standard","meta":{"_kad_post_transparent":"","_kad_post_title":"","_kad_post_layout":"","_kad_post_sidebar_id":"","_kad_post_content_style":"","_kad_post_vertical_padding":"","_kad_post_feature":"","_kad_post_feature_position":"","_kad_post_header":false,"_kad_post_footer":false,"_kad_post_classname":"","_jetpack_memberships_contains_paid_content":false,"footnotes":"","jetpack_publicize_message":"","jetpack_publicize_feature_enabled":true,"jetpack_social_post_already_shared":true,"jetpack_social_options":{"image_generator_settings":{"template":"highway","default_image_id":0,"font":"","enabled":false},"version":2}},"categories":[900,1],"tags":[50,2284,9482,106,5556,9009,1219,2707,18507,2387,1412,5239,2391,1551],"class_list":["post-31224","post","type-post","status-publish","format-standard","has-post-thumbnail","hentry","category-1940-1949","category-portada","tag-50","tag-1942-43","tag-adolfo-sancho-adolfito","tag-andres-aranda","tag-antonio-alvarez","tag-antonio-romero-romerito","tag-antonio-tenorio","tag-enrique-garrido","tag-francisco-portillo-sanchez","tag-jesus-jimenez","tag-jose-estevez","tag-manuel-saldana","tag-victoriano-carrasco","tag-viejas-glorias"],"jetpack_publicize_connections":[],"jetpack_featured_media_url":"https:\/\/i0.wp.com\/www.manquepierda.com\/historiarealbetis\/files\/2013\/07\/Alineaci%C3%B3n-Viejas-Glorias-1942-NMP-AGA.jpg?fit=1130%2C684&ssl=1","jetpack_sharing_enabled":true,"jetpack_shortlink":"https:\/\/wp.me\/p1ij08-87C","jetpack-related-posts":[],"_links":{"self":[{"href":"https:\/\/www.manquepierda.com\/historiarealbetis\/wp-json\/wp\/v2\/posts\/31224","targetHints":{"allow":["GET"]}}],"collection":[{"href":"https:\/\/www.manquepierda.com\/historiarealbetis\/wp-json\/wp\/v2\/posts"}],"about":[{"href":"https:\/\/www.manquepierda.com\/historiarealbetis\/wp-json\/wp\/v2\/types\/post"}],"author":[{"embeddable":true,"href":"https:\/\/www.manquepierda.com\/historiarealbetis\/wp-json\/wp\/v2\/users\/5"}],"replies":[{"embeddable":true,"href":"https:\/\/www.manquepierda.com\/historiarealbetis\/wp-json\/wp\/v2\/comments?post=31224"}],"version-history":[{"count":1,"href":"https:\/\/www.manquepierda.com\/historiarealbetis\/wp-json\/wp\/v2\/posts\/31224\/revisions"}],"predecessor-version":[{"id":96995,"href":"https:\/\/www.manquepierda.com\/historiarealbetis\/wp-json\/wp\/v2\/posts\/31224\/revisions\/96995"}],"wp:featuredmedia":[{"embeddable":true,"href":"https:\/\/www.manquepierda.com\/historiarealbetis\/wp-json\/wp\/v2\/media\/31226"}],"wp:attachment":[{"href":"https:\/\/www.manquepierda.com\/historiarealbetis\/wp-json\/wp\/v2\/media?parent=31224"}],"wp:term":[{"taxonomy":"category","embeddable":true,"href":"https:\/\/www.manquepierda.com\/historiarealbetis\/wp-json\/wp\/v2\/categories?post=31224"},{"taxonomy":"post_tag","embeddable":true,"href":"https:\/\/www.manquepierda.com\/historiarealbetis\/wp-json\/wp\/v2\/tags?post=31224"}],"curies":[{"name":"wp","href":"https:\/\/api.w.org\/{rel}","templated":true}]}}