{"id":31239,"date":"2013-07-02T16:07:01","date_gmt":"2013-07-02T14:07:01","guid":{"rendered":"http:\/\/www.manquepierda.com\/historiarealbetis\/?p=31239"},"modified":"2024-08-28T10:38:31","modified_gmt":"2024-08-28T08:38:31","slug":"1944-julio-18-copa-patronato-deportivo-sevilla-fbc-2-vs-real-betis-balompie-3-goles","status":"publish","type":"post","link":"https:\/\/www.manquepierda.com\/historiarealbetis\/1944-julio-18-copa-patronato-deportivo-sevilla-fbc-2-vs-real-betis-balompie-3-goles\/","title":{"rendered":"1944-Julio 18-Copa Patronato Deportivo.-Sevilla FbC-2 vs. Real Betis Balompi\u00e9-3 goles."},"content":{"rendered":"<p style=\"text-align: center\"><a href=\"https:\/\/www.manquepierda.com\/historiarealbetis\/31239-1944-julio-18-copa-patronato-deportivo-sevilla-fbc-2-vs-real-betis-balompie-3-goles\/torneo-de-larache-1944-marruecos-15-7-1944-2\/\" rel=\"attachment wp-att-31243\"><img data-recalc-dims=\"1\" loading=\"lazy\" decoding=\"async\" class=\"alignleft size-thumbnail wp-image-31243\" alt=\"torneo-de-larache-1944-marruecos-15-7-1944\" src=\"https:\/\/i0.wp.com\/www.manquepierda.com\/historiarealbetis\/files\/2013\/07\/torneo-de-larache-1944-marruecos-15-7-1944.jpg?resize=163%2C220&#038;ssl=1\" width=\"163\" height=\"220\" srcset=\"https:\/\/i0.wp.com\/www.manquepierda.com\/historiarealbetis\/files\/2013\/07\/torneo-de-larache-1944-marruecos-15-7-1944.jpg?resize=163%2C220&amp;ssl=1 163w, https:\/\/i0.wp.com\/www.manquepierda.com\/historiarealbetis\/files\/2013\/07\/torneo-de-larache-1944-marruecos-15-7-1944.jpg?w=320&amp;ssl=1 320w\" sizes=\"auto, (max-width: 163px) 100vw, 163px\" \/><\/a><a href=\"https:\/\/www.manquepierda.com\/historiarealbetis\/31239-1944-julio-18-copa-patronato-deportivo-sevilla-fbc-2-vs-real-betis-balompie-3-goles\/opponentstadium_534-2\/\" rel=\"attachment wp-att-31244\"><img data-recalc-dims=\"1\" loading=\"lazy\" decoding=\"async\" class=\"alignright size-full wp-image-31244\" alt=\"opponentstadium_534\" src=\"https:\/\/i0.wp.com\/www.manquepierda.com\/historiarealbetis\/files\/2013\/07\/opponentstadium_534.jpg?resize=200%2C158&#038;ssl=1\" width=\"200\" height=\"158\" \/><\/a><\/p>\n<p><em><strong>1944-JULIO 18-MARTES-FESTIVO-CONMEMORATIVO-EN LARACHE (PROTECTORADO ESPA\u00d1OL-Noroeste de Marruecos).<\/strong><\/em><\/p>\n<p style=\"text-align: left\"><em><strong>SEGUNDO PARTIDO EN EL STADIUM \u00abSANTA B\u00c1RBARA\u00bb-\u00abCOPA PATRONATO DEPORTIVO DE LARACHE\u00bb.<\/strong><\/em><\/p>\n<p style=\"text-align: center\"><a href=\"https:\/\/www.manquepierda.com\/historiarealbetis\/31239-1944-julio-18-copa-patronato-deportivo-sevilla-fbc-2-vs-real-betis-balompie-3-goles\/sevilla-fc-1944\/\" rel=\"attachment wp-att-31245\"><img data-recalc-dims=\"1\" loading=\"lazy\" decoding=\"async\" class=\"aligncenter size-full wp-image-31245\" alt=\"sevilla fc 1944\" src=\"https:\/\/i0.wp.com\/www.manquepierda.com\/historiarealbetis\/files\/2013\/07\/sevilla-fc-1944.jpeg?resize=127%2C131&#038;ssl=1\" width=\"127\" height=\"131\" \/><\/a><strong>Primera Divisi\u00f3n.-Subcampe\u00f3n.-Sevilla FbC-2 Tantos.<\/strong><\/p>\n<p style=\"text-align: center\"><strong>VS.<\/strong><\/p>\n<p style=\"text-align: center\"><a href=\"https:\/\/www.manquepierda.com\/historiarealbetis\/31239-1944-julio-18-copa-patronato-deportivo-sevilla-fbc-2-vs-real-betis-balompie-3-goles\/1941-rbb-155\/\" rel=\"attachment wp-att-31246\"><img data-recalc-dims=\"1\" loading=\"lazy\" decoding=\"async\" class=\"aligncenter size-full wp-image-31246\" alt=\"1941-RBB\" src=\"https:\/\/i0.wp.com\/www.manquepierda.com\/historiarealbetis\/files\/2013\/07\/1941-RBB.jpg?resize=154%2C154&#038;ssl=1\" width=\"154\" height=\"154\" srcset=\"https:\/\/i0.wp.com\/www.manquepierda.com\/historiarealbetis\/files\/2013\/07\/1941-RBB.jpg?w=154&amp;ssl=1 154w, https:\/\/i0.wp.com\/www.manquepierda.com\/historiarealbetis\/files\/2013\/07\/1941-RBB.jpg?resize=50%2C50&amp;ssl=1 50w\" sizes=\"auto, (max-width: 154px) 100vw, 154px\" \/><\/a><em><strong>Segunda Divisi\u00f3n.-CAMPE\u00d3N.-REAL BETIS BALOMPI\u00c9-3 GOLES.<\/strong><\/em><\/p>\n<p style=\"text-align: center\"><em><strong>GUARDAMETA:<\/strong><\/em><\/p>\n<p style=\"text-align: center\"><em><strong>1.-SANTOS.<\/strong><\/em><\/p>\n<p style=\"text-align: center\"><em><strong>ZAGUEROS:<\/strong><\/em><\/p>\n<p style=\"text-align: center\"><a href=\"https:\/\/www.manquepierda.com\/historiarealbetis\/31203-1944-julio-16-amistoso-patronato-deportivo-larache-1-vs-real-betis-balompie-2-goles\/isidro-reguera-sivianes-3\/\" rel=\"attachment wp-att-31206\"><img data-recalc-dims=\"1\" loading=\"lazy\" decoding=\"async\" class=\"aligncenter size-thumbnail wp-image-31206\" alt=\"ISIDRO Reguera Sivianes\" src=\"https:\/\/i0.wp.com\/www.manquepierda.com\/historiarealbetis\/files\/2013\/07\/ISIDRO-Reguera-Sivianes.png?resize=188%2C220&#038;ssl=1\" width=\"188\" height=\"220\" srcset=\"https:\/\/i0.wp.com\/www.manquepierda.com\/historiarealbetis\/files\/2013\/07\/ISIDRO-Reguera-Sivianes.png?resize=188%2C220&amp;ssl=1 188w, https:\/\/i0.wp.com\/www.manquepierda.com\/historiarealbetis\/files\/2013\/07\/ISIDRO-Reguera-Sivianes.png?w=191&amp;ssl=1 191w\" sizes=\"auto, (max-width: 188px) 100vw, 188px\" \/><\/a><em><strong>ISIDRO Reguera Sivianes (22 a\u00f1os).-CAMAS (Sevilla), mi\u00e9rcoles 22-Febrero-1922.-GINES (Sevilla), viernes 18-Enero-2002.-80 A\u00f1os.-D. E. P.<\/strong><\/em><\/p>\n<p style=\"text-align: center\"><em><strong>2.-Lateral Diestro.-Temporadas 1943-1944 \u00e1 1948-1949, ambas inclusive.<\/strong><\/em><\/p>\n<p style=\"text-align: center\"><a href=\"https:\/\/www.manquepierda.com\/historiarealbetis\/31203-1944-julio-16-amistoso-patronato-deportivo-larache-1-vs-real-betis-balompie-2-goles\/cabeza-luisgarciapulido-5\/\" rel=\"attachment wp-att-31207\"><img data-recalc-dims=\"1\" loading=\"lazy\" decoding=\"async\" class=\"aligncenter size-thumbnail wp-image-31207\" alt=\"CABEZA-Lu\u00edsGarc\u00edaPulido\" src=\"https:\/\/i0.wp.com\/www.manquepierda.com\/historiarealbetis\/files\/2013\/07\/CABEZA-Lu%C3%ADsGarc%C3%ADaPulido.png?resize=188%2C220&#038;ssl=1\" width=\"188\" height=\"220\" srcset=\"https:\/\/i0.wp.com\/www.manquepierda.com\/historiarealbetis\/files\/2013\/07\/CABEZA-Lu%C3%ADsGarc%C3%ADaPulido.png?resize=188%2C220&amp;ssl=1 188w, https:\/\/i0.wp.com\/www.manquepierda.com\/historiarealbetis\/files\/2013\/07\/CABEZA-Lu%C3%ADsGarc%C3%ADaPulido.png?w=191&amp;ssl=1 191w\" sizes=\"auto, (max-width: 188px) 100vw, 188px\" \/><\/a><em><strong>Lu\u00eds Garc\u00eda PULIDO (25 a\u00f1os) \u00abCABEZA\u00bb.-\u00abCiudad del Betis\u00bb, domingo 29-Diciembre-1918.-\u00cdDEM, martes 13-Mayo-1986.-67 A\u00f1os.-D. E. P.<\/strong><\/em><\/p>\n<p style=\"text-align: center\"><em><strong>3.-Lateral Zurdo.-Temporadas 1941-1942 \u00e1 1944-1945, ambas inclusive.<\/strong><\/em><\/p>\n<p style=\"text-align: center\"><em><strong>MEDIOS:<\/strong><\/em><\/p>\n<p style=\"text-align: center\"><a href=\"https:\/\/www.manquepierda.com\/historiarealbetis\/31203-1944-julio-16-amistoso-patronato-deportivo-larache-1-vs-real-betis-balompie-2-goles\/joaquinguillamonrodriguez-3\/\" rel=\"attachment wp-att-31208\"><img data-recalc-dims=\"1\" loading=\"lazy\" decoding=\"async\" class=\"aligncenter size-thumbnail wp-image-31208\" alt=\"Joaqu\u00ednGUILLAM\u00d3Nrodr\u00edguez\" src=\"https:\/\/i0.wp.com\/www.manquepierda.com\/historiarealbetis\/files\/2013\/07\/Joaqu%C3%ADnGUILLAM%C3%93Nrodr%C3%ADguez-188x220.png?resize=188%2C220&#038;ssl=1\" width=\"188\" height=\"220\" srcset=\"https:\/\/i0.wp.com\/www.manquepierda.com\/historiarealbetis\/files\/2013\/07\/Joaqu%C3%ADnGUILLAM%C3%93Nrodr%C3%ADguez.png?resize=188%2C220&amp;ssl=1 188w, https:\/\/i0.wp.com\/www.manquepierda.com\/historiarealbetis\/files\/2013\/07\/Joaqu%C3%ADnGUILLAM%C3%93Nrodr%C3%ADguez.png?w=191&amp;ssl=1 191w\" sizes=\"auto, (max-width: 188px) 100vw, 188px\" \/><\/a><em><strong>Joaqu\u00edn GUILLAM\u00d3N Rodr\u00edguez (22 a\u00f1os).-\u00abCiudad del Betis\u00bb, domingo 25-Junio-1922.-No localizada ciudad y fecha fallecimiento si ha lugar.<\/strong><\/em><\/p>\n<p style=\"text-align: center\"><em><strong>4.-Diestro.-Temporadas 1943-1944\u00a0 y\u00a0 1944-1945.<\/strong><\/em><\/p>\n<p style=\"text-align: center\"><a href=\"https:\/\/www.manquepierda.com\/historiarealbetis\/31203-1944-julio-16-amistoso-patronato-deportivo-larache-1-vs-real-betis-balompie-2-goles\/franciscoantunezespada-4\/\" rel=\"attachment wp-att-31209\"><img data-recalc-dims=\"1\" loading=\"lazy\" decoding=\"async\" class=\"aligncenter size-thumbnail wp-image-31209\" alt=\"FranciscoANT\u00daNEZEspada\" src=\"https:\/\/i0.wp.com\/www.manquepierda.com\/historiarealbetis\/files\/2013\/07\/FranciscoANT%C3%9ANEZEspada-188x220.png?resize=188%2C220&#038;ssl=1\" width=\"188\" height=\"220\" srcset=\"https:\/\/i0.wp.com\/www.manquepierda.com\/historiarealbetis\/files\/2013\/07\/FranciscoANT%C3%9ANEZEspada.png?resize=188%2C220&amp;ssl=1 188w, https:\/\/i0.wp.com\/www.manquepierda.com\/historiarealbetis\/files\/2013\/07\/FranciscoANT%C3%9ANEZEspada.png?w=191&amp;ssl=1 191w\" sizes=\"auto, (max-width: 188px) 100vw, 188px\" \/><\/a><em><strong>Francisco ANT\u00daNEZ Espada (21 a\u00f1os).-\u00abCiudad del Betis\u00bb, mi\u00e9rcoles 1\u00ba-Noviembre-1922.-\u00cdDEM, martes 16-Agosto-1994.-71 A\u00f1os.-D. E. P.<\/strong><\/em><\/p>\n<p style=\"text-align: center\"><em><strong>5.-Medio Centro.-Temporadas 1941-1942 \u00e1 1945-1946, ambas inclusives.<\/strong><\/em><\/p>\n<p style=\"text-align: center\"><a href=\"https:\/\/www.manquepierda.com\/historiarealbetis\/31203-1944-julio-16-amistoso-patronato-deportivo-larache-1-vs-real-betis-balompie-2-goles\/morita-antoniomoraalvarez\/\" rel=\"attachment wp-att-31210\"><img data-recalc-dims=\"1\" loading=\"lazy\" decoding=\"async\" class=\"aligncenter size-thumbnail wp-image-31210\" alt=\"MORITA-AntonioMora\u00c1lvarez\" src=\"https:\/\/i0.wp.com\/www.manquepierda.com\/historiarealbetis\/files\/2013\/07\/MORITA-AntonioMora%C3%81lvarez-143x220.jpg?resize=143%2C220&#038;ssl=1\" width=\"143\" height=\"220\" srcset=\"https:\/\/i0.wp.com\/www.manquepierda.com\/historiarealbetis\/files\/2013\/07\/MORITA-AntonioMora%C3%81lvarez.jpg?resize=143%2C220&amp;ssl=1 143w, https:\/\/i0.wp.com\/www.manquepierda.com\/historiarealbetis\/files\/2013\/07\/MORITA-AntonioMora%C3%81lvarez.jpg?resize=391%2C600&amp;ssl=1 391w, https:\/\/i0.wp.com\/www.manquepierda.com\/historiarealbetis\/files\/2013\/07\/MORITA-AntonioMora%C3%81lvarez.jpg?resize=456%2C700&amp;ssl=1 456w, https:\/\/i0.wp.com\/www.manquepierda.com\/historiarealbetis\/files\/2013\/07\/MORITA-AntonioMora%C3%81lvarez.jpg?resize=325%2C500&amp;ssl=1 325w, https:\/\/i0.wp.com\/www.manquepierda.com\/historiarealbetis\/files\/2013\/07\/MORITA-AntonioMora%C3%81lvarez.jpg?w=464&amp;ssl=1 464w\" sizes=\"auto, (max-width: 143px) 100vw, 143px\" \/><\/a><em><strong>Antonio MORA \u00c1lvarez (23 a\u00f1os) \u00abMORITA\u00bb.-\u00abCiudad del Betis\u00bb, mi\u00e9rcoles 11-Agosto-1920.-\u00cdDEM, domingo 25-Junio-2000.-79 A\u00f1os.-D. E. P.<\/strong><\/em><\/p>\n<p style=\"text-align: center\"><em><strong>6-Zurdo.-Temporadas 1938-1939 \u00e1 1939-1940; 1944-1945 \u00e1 1945-1946; ambas inclusives.<\/strong><\/em><\/p>\n<p style=\"text-align: center\"><em><strong>DELANTEROS:<\/strong><\/em><\/p>\n<p style=\"text-align: center\"><a href=\"https:\/\/www.manquepierda.com\/historiarealbetis\/31203-1944-julio-16-amistoso-patronato-deportivo-larache-1-vs-real-betis-balompie-2-goles\/saro-angelmartinrodriguez-9\/\" rel=\"attachment wp-att-31211\"><img data-recalc-dims=\"1\" loading=\"lazy\" decoding=\"async\" class=\"aligncenter size-thumbnail wp-image-31211\" alt=\"SARO-\u00e1ngelMart\u00ednrodr\u00edguez\" src=\"https:\/\/i0.wp.com\/www.manquepierda.com\/historiarealbetis\/files\/2013\/07\/SARO-%C3%A1ngelMart%C3%ADnrodr%C3%ADguez.png?resize=188%2C220&#038;ssl=1\" width=\"188\" height=\"220\" srcset=\"https:\/\/i0.wp.com\/www.manquepierda.com\/historiarealbetis\/files\/2013\/07\/SARO-%C3%A1ngelMart%C3%ADnrodr%C3%ADguez.png?resize=188%2C220&amp;ssl=1 188w, https:\/\/i0.wp.com\/www.manquepierda.com\/historiarealbetis\/files\/2013\/07\/SARO-%C3%A1ngelMart%C3%ADnrodr%C3%ADguez.png?w=191&amp;ssl=1 191w\" sizes=\"auto, (max-width: 188px) 100vw, 188px\" \/><\/a><em><strong>*1 GOL*.-\u00c1ngel Mart\u00edn Rodr\u00edguez (35 a\u00f1os) \u00abSARO\u00bb.-VALLADOLID, lunes 1\u00ba-Marzo-1909.-No localizada ciudad y fecha fallecimiento si ha lugar.<\/strong><\/em><\/p>\n<p style=\"text-align: center\"><em><strong>7-Extremo Diestro.-Temporadas 1933-1934 \u00e1 1935-1936; 1938-1939 \u00e1 1948-1949; ambas inclusives.<\/strong><\/em><\/p>\n<p style=\"text-align: center\"><a href=\"https:\/\/www.manquepierda.com\/historiarealbetis\/31203-1944-julio-16-amistoso-patronato-deportivo-larache-1-vs-real-betis-balompie-2-goles\/josemontalvobarragan-4\/\" rel=\"attachment wp-att-31212\"><img data-recalc-dims=\"1\" loading=\"lazy\" decoding=\"async\" class=\"aligncenter size-thumbnail wp-image-31212\" alt=\"Jos\u00e9MontalvoBarrag\u00e1n\" src=\"https:\/\/i0.wp.com\/www.manquepierda.com\/historiarealbetis\/files\/2013\/07\/Jos%C3%A9MontalvoBarrag%C3%A1n.jpg?resize=134%2C220&#038;ssl=1\" width=\"134\" height=\"220\" srcset=\"https:\/\/i0.wp.com\/www.manquepierda.com\/historiarealbetis\/files\/2013\/07\/Jos%C3%A9MontalvoBarrag%C3%A1n.jpg?resize=134%2C220&amp;ssl=1 134w, https:\/\/i0.wp.com\/www.manquepierda.com\/historiarealbetis\/files\/2013\/07\/Jos%C3%A9MontalvoBarrag%C3%A1n.jpg?w=199&amp;ssl=1 199w\" sizes=\"auto, (max-width: 134px) 100vw, 134px\" \/><\/a><em><strong>Jos\u00e9 MONTALVO Barrag\u00e1n (23 a\u00f1os).-\u00abCiudad del Betis\u00bb, viernes 31-Diciembre-1920.-\u00cdDEM, 00-00-2004.-83 A\u00f1os.-D. E. P.<\/strong><\/em><\/p>\n<p style=\"text-align: center\"><em><strong>8-Interior Diestro.-Temporada 1944-1945.<\/strong><\/em><\/p>\n<p style=\"text-align: center\"><em><strong>*1 GOL*.-LARA.-No localizadas imagen; nombres y apellidos; ciudades y fechas nacimiento-fallecimiento si ha lugar,<br \/>\n<\/strong><\/em><\/p>\n<p style=\"text-align: center\"><em><strong>9-Centro Delantero-Ariete.-Temprada 1944-1945.<\/strong><\/em><\/p>\n<p style=\"text-align: center\"><a href=\"https:\/\/www.manquepierda.com\/historiarealbetis\/31203-1944-julio-16-amistoso-patronato-deportivo-larache-1-vs-real-betis-balompie-2-goles\/jose-pineda-alvarez-5\/\" rel=\"attachment wp-att-31213\"><img data-recalc-dims=\"1\" loading=\"lazy\" decoding=\"async\" class=\"aligncenter size-thumbnail wp-image-31213\" alt=\"Jos\u00e9 PINEDA \u00c1lvarez\" src=\"https:\/\/i0.wp.com\/www.manquepierda.com\/historiarealbetis\/files\/2013\/07\/Jos%C3%A9-PINEDA-%C3%81lvarez-188x220.png?resize=188%2C220&#038;ssl=1\" width=\"188\" height=\"220\" srcset=\"https:\/\/i0.wp.com\/www.manquepierda.com\/historiarealbetis\/files\/2013\/07\/Jos%C3%A9-PINEDA-%C3%81lvarez.png?resize=188%2C220&amp;ssl=1 188w, https:\/\/i0.wp.com\/www.manquepierda.com\/historiarealbetis\/files\/2013\/07\/Jos%C3%A9-PINEDA-%C3%81lvarez.png?w=191&amp;ssl=1 191w\" sizes=\"auto, (max-width: 188px) 100vw, 188px\" \/><\/a><em><strong>Jos\u00e9 PINEDA \u00c1lvarez (20 a\u00f1os).-ALCAL\u00c1 DE GUADAIRA (Sevilla), martes 27-Mayo-1924.-\u00cdDEM, jueves 22-Junio-2000.-76 A\u00f1os.-D. E. P.<\/strong><\/em><\/p>\n<p style=\"text-align: center\"><em><strong>10-Interior Zurdo.-Temporadas 1940-1941; 1943-1944 \u00e1 1946-1947; ambas inclusives.<\/strong><\/em><\/p>\n<p style=\"text-align: center\"><a href=\"https:\/\/www.manquepierda.com\/historiarealbetis\/31203-1944-julio-16-amistoso-patronato-deportivo-larache-1-vs-real-betis-balompie-2-goles\/jose-bohorquez-salado-4\/\" rel=\"attachment wp-att-31214\"><img data-recalc-dims=\"1\" loading=\"lazy\" decoding=\"async\" class=\"aligncenter size-thumbnail wp-image-31214\" alt=\"Jos\u00e9 BOH\u00d3RQUEZ Salado\" src=\"https:\/\/i0.wp.com\/www.manquepierda.com\/historiarealbetis\/files\/2013\/07\/Jos%C3%A9-BOH%C3%93RQUEZ-Salado-188x220.png?resize=188%2C220&#038;ssl=1\" width=\"188\" height=\"220\" srcset=\"https:\/\/i0.wp.com\/www.manquepierda.com\/historiarealbetis\/files\/2013\/07\/Jos%C3%A9-BOH%C3%93RQUEZ-Salado.png?resize=188%2C220&amp;ssl=1 188w, https:\/\/i0.wp.com\/www.manquepierda.com\/historiarealbetis\/files\/2013\/07\/Jos%C3%A9-BOH%C3%93RQUEZ-Salado.png?w=191&amp;ssl=1 191w\" sizes=\"auto, (max-width: 188px) 100vw, 188px\" \/><\/a><em><strong>*1 GOL*.-Jos\u00e9 BOH\u00d3RQUEZ Salcedo (22 a\u00f1os).-\u00abCiudad del Betis\u00bb, martes 25-Julio-1922.-\u00cdDEM, viernes 16-Noviembre-1990.-68 A\u00f1os.-D. E. P.<\/strong><\/em><\/p>\n<p style=\"text-align: center\"><em><strong>11-Extremo Zurdo.-Temporadas 1943-1944\u00a0 y\u00a0 1944-1945.<\/strong><\/em><\/p>\n<p style=\"text-align: left\"><a href=\"https:\/\/www.manquepierda.com\/historiarealbetis\/31203-1944-julio-16-amistoso-patronato-deportivo-larache-1-vs-real-betis-balompie-2-goles\/peral-entrenador-16\/\" rel=\"attachment wp-att-31215\"><img data-recalc-dims=\"1\" loading=\"lazy\" decoding=\"async\" class=\"alignleft size-thumbnail wp-image-31215\" alt=\"PERAL-Entrenador\" src=\"https:\/\/i0.wp.com\/www.manquepierda.com\/historiarealbetis\/files\/2013\/07\/PERAL-Entrenador-145x220.jpg?resize=145%2C220&#038;ssl=1\" width=\"145\" height=\"220\" srcset=\"https:\/\/i0.wp.com\/www.manquepierda.com\/historiarealbetis\/files\/2013\/07\/PERAL-Entrenador.jpg?resize=145%2C220&amp;ssl=1 145w, https:\/\/i0.wp.com\/www.manquepierda.com\/historiarealbetis\/files\/2013\/07\/PERAL-Entrenador.jpg?w=187&amp;ssl=1 187w\" sizes=\"auto, (max-width: 145px) 100vw, 145px\" \/><\/a><\/p>\n<p style=\"text-align: center\"><em><strong>ENTRENADOR REAL BETIS BALOMPI\u00c9-SEGUNDO EN LA TEMPORADA 1944-1945:<\/strong><\/em><\/p>\n<p style=\"text-align: left\"><em><strong>JOS\u00c9 SU\u00c1REZ GONZ\u00c1LEZ (a) \u00abPERAL\u00bb.-CIUDAD DEL BETIS, LUNES 10-ABRIL-1911.-\u00cdDEM, DOMINGO 28-MAYO-1967.-56 A\u00d1OS.-D. E. P.<\/strong><\/em><\/p>\n<p style=\"text-align: center\"><em><strong>XXXIII PRESIDENTE REAL BETIS BALOMPI\u00c9-TEMPORADA 1944-1945:<\/strong><\/em><\/p>\n<p style=\"text-align: left\"><a href=\"https:\/\/www.manquepierda.com\/historiarealbetis\/31203-1944-julio-16-amistoso-patronato-deportivo-larache-1-vs-real-betis-balompie-2-goles\/eduardobenjumeavazquezarmero1944-1945-4\/\" rel=\"attachment wp-att-31216\"><img data-recalc-dims=\"1\" loading=\"lazy\" decoding=\"async\" class=\"alignright size-thumbnail wp-image-31216\" alt=\"EduardoBENJUMEAV\u00e1zquezArmero1944-1945\" src=\"https:\/\/i0.wp.com\/www.manquepierda.com\/historiarealbetis\/files\/2013\/07\/EduardoBENJUMEAV%C3%A1zquezArmero1944-1945.jpg?resize=220%2C216&#038;ssl=1\" width=\"220\" height=\"216\" srcset=\"https:\/\/i0.wp.com\/www.manquepierda.com\/historiarealbetis\/files\/2013\/07\/EduardoBENJUMEAV%C3%A1zquezArmero1944-1945.jpg?resize=220%2C216&amp;ssl=1 220w, https:\/\/i0.wp.com\/www.manquepierda.com\/historiarealbetis\/files\/2013\/07\/EduardoBENJUMEAV%C3%A1zquezArmero1944-1945.jpg?resize=608%2C600&amp;ssl=1 608w, https:\/\/i0.wp.com\/www.manquepierda.com\/historiarealbetis\/files\/2013\/07\/EduardoBENJUMEAV%C3%A1zquezArmero1944-1945.jpg?resize=710%2C700&amp;ssl=1 710w, https:\/\/i0.wp.com\/www.manquepierda.com\/historiarealbetis\/files\/2013\/07\/EduardoBENJUMEAV%C3%A1zquezArmero1944-1945.jpg?resize=50%2C50&amp;ssl=1 50w, https:\/\/i0.wp.com\/www.manquepierda.com\/historiarealbetis\/files\/2013\/07\/EduardoBENJUMEAV%C3%A1zquezArmero1944-1945.jpg?resize=1024%2C1009&amp;ssl=1 1024w, https:\/\/i0.wp.com\/www.manquepierda.com\/historiarealbetis\/files\/2013\/07\/EduardoBENJUMEAV%C3%A1zquezArmero1944-1945.jpg?resize=500%2C492&amp;ssl=1 500w, https:\/\/i0.wp.com\/www.manquepierda.com\/historiarealbetis\/files\/2013\/07\/EduardoBENJUMEAV%C3%A1zquezArmero1944-1945.jpg?w=1328&amp;ssl=1 1328w\" sizes=\"auto, (max-width: 220px) 100vw, 220px\" \/><\/a><em><strong>DON EDUARDO BENJUEMEA V\u00c1ZQUEZ Y ARMERO (42 A\u00d1OS).-ABOGADO.-CIUDAD DEL BETIS, MI\u00c9RCOLES 27 DE NOVIEMBRE DE 1901.-ZESTOA (Guip\u00fazcoa), DOMINGO 30 DE JULIO DE 1961.-59 A\u00d1OS.- D. E. P.<\/strong><\/em><\/p>\n<p style=\"text-align: center\">\n","protected":false},"excerpt":{"rendered":"<p>1944-JULIO 18-MARTES-FESTIVO-CONMEMORATIVO-EN LARACHE (PROTECTORADO ESPA\u00d1OL-Noroeste de Marruecos). SEGUNDO PARTIDO EN EL STADIUM \u00abSANTA B\u00c1RBARA\u00bb-\u00abCOPA PATRONATO DEPORTIVO DE LARACHE\u00bb. Primera Divisi\u00f3n.-Subcampe\u00f3n.-Sevilla FbC-2 Tantos. VS. Segunda Divisi\u00f3n.-CAMPE\u00d3N.-REAL BETIS BALOMPI\u00c9-3 GOLES. GUARDAMETA: 1.-SANTOS. ZAGUEROS: ISIDRO Reguera Sivianes (22 a\u00f1os).-CAMAS (Sevilla), mi\u00e9rcoles 22-Febrero-1922.-GINES (Sevilla), viernes 18-Enero-2002.-80 A\u00f1os.-D. E. P. 2.-Lateral Diestro.-Temporadas 1943-1944 \u00e1 1948-1949, ambas inclusive. Lu\u00eds Garc\u00eda PULIDO&#8230;<\/p>\n","protected":false},"author":48,"featured_media":31243,"comment_status":"open","ping_status":"open","sticky":false,"template":"","format":"standard","meta":{"_kad_post_transparent":"","_kad_post_title":"","_kad_post_layout":"","_kad_post_sidebar_id":"","_kad_post_content_style":"","_kad_post_vertical_padding":"","_kad_post_feature":"","_kad_post_feature_position":"","_kad_post_header":false,"_kad_post_footer":false,"_kad_post_classname":"","_jetpack_memberships_contains_paid_content":false,"footnotes":"","jetpack_publicize_message":"","jetpack_publicize_feature_enabled":true,"jetpack_social_post_already_shared":true,"jetpack_social_options":{"image_generator_settings":{"template":"highway","default_image_id":0,"font":"","enabled":false},"version":2}},"categories":[900,1,2064],"tags":[1203,9012,916],"class_list":["post-31239","post","type-post","status-publish","format-standard","has-post-thumbnail","hentry","category-1940-1949","category-portada","category-trofeos-de-verano","tag-1203","tag-copa-patronato-deportivo-de-larache","tag-sevilla-fc"],"jetpack_publicize_connections":[],"jetpack_featured_media_url":"https:\/\/i0.wp.com\/www.manquepierda.com\/historiarealbetis\/files\/2013\/07\/torneo-de-larache-1944-marruecos-15-7-1944.jpg?fit=320%2C431&ssl=1","jetpack_sharing_enabled":true,"jetpack_shortlink":"https:\/\/wp.me\/p1ij08-87R","jetpack-related-posts":[],"_links":{"self":[{"href":"https:\/\/www.manquepierda.com\/historiarealbetis\/wp-json\/wp\/v2\/posts\/31239","targetHints":{"allow":["GET"]}}],"collection":[{"href":"https:\/\/www.manquepierda.com\/historiarealbetis\/wp-json\/wp\/v2\/posts"}],"about":[{"href":"https:\/\/www.manquepierda.com\/historiarealbetis\/wp-json\/wp\/v2\/types\/post"}],"author":[{"embeddable":true,"href":"https:\/\/www.manquepierda.com\/historiarealbetis\/wp-json\/wp\/v2\/users\/48"}],"replies":[{"embeddable":true,"href":"https:\/\/www.manquepierda.com\/historiarealbetis\/wp-json\/wp\/v2\/comments?post=31239"}],"version-history":[{"count":1,"href":"https:\/\/www.manquepierda.com\/historiarealbetis\/wp-json\/wp\/v2\/posts\/31239\/revisions"}],"predecessor-version":[{"id":98048,"href":"https:\/\/www.manquepierda.com\/historiarealbetis\/wp-json\/wp\/v2\/posts\/31239\/revisions\/98048"}],"wp:featuredmedia":[{"embeddable":true,"href":"https:\/\/www.manquepierda.com\/historiarealbetis\/wp-json\/wp\/v2\/media\/31243"}],"wp:attachment":[{"href":"https:\/\/www.manquepierda.com\/historiarealbetis\/wp-json\/wp\/v2\/media?parent=31239"}],"wp:term":[{"taxonomy":"category","embeddable":true,"href":"https:\/\/www.manquepierda.com\/historiarealbetis\/wp-json\/wp\/v2\/categories?post=31239"},{"taxonomy":"post_tag","embeddable":true,"href":"https:\/\/www.manquepierda.com\/historiarealbetis\/wp-json\/wp\/v2\/tags?post=31239"}],"curies":[{"name":"wp","href":"https:\/\/api.w.org\/{rel}","templated":true}]}}