{"id":31381,"date":"2013-07-12T07:38:30","date_gmt":"2013-07-12T05:38:30","guid":{"rendered":"http:\/\/www.manquepierda.com\/historiarealbetis\/?p=31381"},"modified":"2024-08-25T22:39:15","modified_gmt":"2024-08-25T20:39:15","slug":"betis-sabadell-liga-1942","status":"publish","type":"post","link":"https:\/\/www.manquepierda.com\/historiarealbetis\/betis-sabadell-liga-1942\/","title":{"rendered":"Betis-Sabadell Liga 1942"},"content":{"rendered":"<p><a href=\"https:\/\/www.manquepierda.com\/historiarealbetis\/31381-betis-sabadell-liga-1942\/julio-12-betis-sabadell-liga-1942-nmp-aga\/\" rel=\"attachment wp-att-31382\"><img data-recalc-dims=\"1\" loading=\"lazy\" decoding=\"async\" class=\"aligncenter size-medium wp-image-31382\" src=\"https:\/\/i0.wp.com\/www.manquepierda.com\/historiarealbetis\/files\/2013\/07\/Julio-12-Betis-Sabadell-Liga-1942-NMP-AGA.jpg?resize=406%2C600&#038;ssl=1\" alt=\"Julio-12 Betis-Sabadell Liga 1942 (NMP) AGA\" width=\"406\" height=\"600\" srcset=\"https:\/\/i0.wp.com\/www.manquepierda.com\/historiarealbetis\/files\/2013\/07\/Julio-12-Betis-Sabadell-Liga-1942-NMP-AGA.jpg?resize=406%2C600&amp;ssl=1 406w, https:\/\/i0.wp.com\/www.manquepierda.com\/historiarealbetis\/files\/2013\/07\/Julio-12-Betis-Sabadell-Liga-1942-NMP-AGA.jpg?resize=149%2C220&amp;ssl=1 149w, https:\/\/i0.wp.com\/www.manquepierda.com\/historiarealbetis\/files\/2013\/07\/Julio-12-Betis-Sabadell-Liga-1942-NMP-AGA.jpg?resize=474%2C700&amp;ssl=1 474w, https:\/\/i0.wp.com\/www.manquepierda.com\/historiarealbetis\/files\/2013\/07\/Julio-12-Betis-Sabadell-Liga-1942-NMP-AGA.jpg?w=527&amp;ssl=1 527w\" sizes=\"auto, (max-width: 406px) 100vw, 406px\" \/><\/a><\/p>\n<p>1 de marzo de 1942 en Heli\u00f3polis\u00a0 Betis 4 Sabadell 2; jornada 6 de la liguilla de ascenso a Primera Divisi\u00f3n.<\/p>\n<p>En la imagen Paquirri remata de cabeza en el minuto 58 y bate al meta catal\u00e1n Navarro, haciendo el 3-1.<\/p>\n<p>Dos goles de Saro, uno de Besc\u00f3s y otro de Paquirri certificaron la victoria verdiblanca sobre el club vallesano, mientras que Muruaga hizo los dos goles del Sabadell.<\/p>\n<p>Patrick O\u00b4Connell entrenaba al Betis y Jos\u00e9 Luis Zabala al Sabadell<\/p>\n","protected":false},"excerpt":{"rendered":"<p>1 de marzo de 1942 en Heli\u00f3polis\u00a0 Betis 4 Sabadell 2; jornada 6 de la liguilla de ascenso a Primera Divisi\u00f3n. En la imagen Paquirri remata de cabeza en el minuto 58 y bate al meta catal\u00e1n Navarro, haciendo el 3-1. Dos goles de Saro, uno de Besc\u00f3s y otro de Paquirri certificaron la victoria&#8230;<\/p>\n","protected":false},"author":5,"featured_media":31382,"comment_status":"open","ping_status":"open","sticky":false,"template":"","format":"standard","meta":{"_kad_post_transparent":"","_kad_post_title":"","_kad_post_layout":"","_kad_post_sidebar_id":"","_kad_post_content_style":"","_kad_post_vertical_padding":"","_kad_post_feature":"","_kad_post_feature_position":"","_kad_post_header":false,"_kad_post_footer":false,"_kad_post_classname":"","_jetpack_memberships_contains_paid_content":false,"footnotes":"","jetpack_publicize_message":"","jetpack_publicize_feature_enabled":true,"jetpack_social_post_already_shared":true,"jetpack_social_options":{"image_generator_settings":{"template":"highway","default_image_id":0,"font":"","enabled":false},"version":2}},"categories":[900,1],"tags":[2222,50,17047,1575,17934],"class_list":["post-31381","post","type-post","status-publish","format-standard","has-post-thumbnail","hentry","category-1940-1949","category-portada","tag-1941-42","tag-50","tag-ce-sabadell","tag-francisco-gonzalez-paquirri","tag-liga-segunda-1941-42"],"jetpack_publicize_connections":[],"jetpack_featured_media_url":"https:\/\/i0.wp.com\/www.manquepierda.com\/historiarealbetis\/files\/2013\/07\/Julio-12-Betis-Sabadell-Liga-1942-NMP-AGA.jpg?fit=527%2C778&ssl=1","jetpack_sharing_enabled":true,"jetpack_shortlink":"https:\/\/wp.me\/p1ij08-8a9","jetpack-related-posts":[],"_links":{"self":[{"href":"https:\/\/www.manquepierda.com\/historiarealbetis\/wp-json\/wp\/v2\/posts\/31381","targetHints":{"allow":["GET"]}}],"collection":[{"href":"https:\/\/www.manquepierda.com\/historiarealbetis\/wp-json\/wp\/v2\/posts"}],"about":[{"href":"https:\/\/www.manquepierda.com\/historiarealbetis\/wp-json\/wp\/v2\/types\/post"}],"author":[{"embeddable":true,"href":"https:\/\/www.manquepierda.com\/historiarealbetis\/wp-json\/wp\/v2\/users\/5"}],"replies":[{"embeddable":true,"href":"https:\/\/www.manquepierda.com\/historiarealbetis\/wp-json\/wp\/v2\/comments?post=31381"}],"version-history":[{"count":1,"href":"https:\/\/www.manquepierda.com\/historiarealbetis\/wp-json\/wp\/v2\/posts\/31381\/revisions"}],"predecessor-version":[{"id":97571,"href":"https:\/\/www.manquepierda.com\/historiarealbetis\/wp-json\/wp\/v2\/posts\/31381\/revisions\/97571"}],"wp:featuredmedia":[{"embeddable":true,"href":"https:\/\/www.manquepierda.com\/historiarealbetis\/wp-json\/wp\/v2\/media\/31382"}],"wp:attachment":[{"href":"https:\/\/www.manquepierda.com\/historiarealbetis\/wp-json\/wp\/v2\/media?parent=31381"}],"wp:term":[{"taxonomy":"category","embeddable":true,"href":"https:\/\/www.manquepierda.com\/historiarealbetis\/wp-json\/wp\/v2\/categories?post=31381"},{"taxonomy":"post_tag","embeddable":true,"href":"https:\/\/www.manquepierda.com\/historiarealbetis\/wp-json\/wp\/v2\/tags?post=31381"}],"curies":[{"name":"wp","href":"https:\/\/api.w.org\/{rel}","templated":true}]}}