{"id":31522,"date":"2013-07-21T08:51:52","date_gmt":"2013-07-21T06:51:52","guid":{"rendered":"http:\/\/www.manquepierda.com\/historiarealbetis\/?p=31522"},"modified":"2013-07-13T20:20:50","modified_gmt":"2013-07-13T18:20:50","slug":"primera-apertura-de-extranjeros-en-la-liga-de-alfredo-relano","status":"publish","type":"post","link":"https:\/\/www.manquepierda.com\/historiarealbetis\/primera-apertura-de-extranjeros-en-la-liga-de-alfredo-relano\/","title":{"rendered":"Primera apertura de extranjeros en la liga, de Alfredo Rela\u00f1o"},"content":{"rendered":"<figure id=\"attachment_31523\" aria-describedby=\"caption-attachment-31523\" style=\"width: 192px\" class=\"wp-caption alignleft\"><a href=\"https:\/\/www.manquepierda.com\/historiarealbetis\/?attachment_id=31523\" rel=\"attachment wp-att-31523\"><img data-recalc-dims=\"1\" loading=\"lazy\" decoding=\"async\" class=\" wp-image-31523  \" alt=\"Franz Plattko\" src=\"https:\/\/i0.wp.com\/www.manquepierda.com\/historiarealbetis\/files\/2013\/07\/Plattko.jpg?resize=192%2C250&#038;ssl=1\" width=\"192\" height=\"250\" srcset=\"https:\/\/i0.wp.com\/www.manquepierda.com\/historiarealbetis\/files\/2013\/07\/Plattko.jpg?w=400&amp;ssl=1 400w, https:\/\/i0.wp.com\/www.manquepierda.com\/historiarealbetis\/files\/2013\/07\/Plattko.jpg?resize=168%2C220&amp;ssl=1 168w\" sizes=\"auto, (max-width: 192px) 100vw, 192px\" \/><\/a><figcaption id=\"caption-attachment-31523\" class=\"wp-caption-text\">Franz Plattko<\/figcaption><\/figure>\n<p>&nbsp;<\/p>\n<p>Hoy en d\u00eda la presencia de jugadores extranjeros en el f\u00fatbol espa\u00f1ol est\u00e1 plenamente normalizada. La sentencia Bosman en 1995 inund\u00f3 las plantillas de jugadores comunitarios, pues ya ten\u00edan\u00a0 los mismos derechos que los nacionales. S\u00f3lo hay un cupo para los tres jugadores extracomunitarios.<\/p>\n<p>Pero no siempre fue as\u00ed. Desde el inicio de la Liga en 1928 se han sucedido los periodos de apertura y cierre. En los momentos en que se intentaba buscar una mayor promoci\u00f3n de futbolistas nacionales, con el afan de reforzar la selecci\u00f3n, se tend\u00eda a cerrar la posibilidad de que los jugadores extranjeros pudieran enrolarse en los clubs espa\u00f1oles.<\/p>\n<p>Por otro lado, la presi\u00f3n de los grandes clubs siempre ha tendido a abrir las fronteras.<\/p>\n<p>El periodista Alfredo Rela\u00f1o evoca en este art\u00edculo los primeros pasos de la reglamentaci\u00f3n de jugadores for\u00e1neos en los a\u00f1os 20, as\u00ed como los diversos periodos de apertura y cierre que se han sucedido a lo largo de estos a\u00f1os.<\/p>\n<p>&nbsp;<\/p>\n<p><!--[if gte mso 9]&gt;--><\/p>\n<p><!--[if gte mso 9]&gt;--><\/p>\n<p><!--[if gte mso 10]&gt;--><\/p>\n<p class=\"MsoNormal\"><i><span lang=\"ES-TRAD\" style=\"font-family: 'Verdana','sans-serif'\">El reglamento del profesionalismo aprobado en Espa\u00f1a en 1926 establec\u00eda en su art\u00edculo 23 que los jugadores extranjeros podr\u00edan actuar en los clubs espa\u00f1oles solo como aficionados. Para jugar como profesionales en los campeonatos oficiales tendr\u00edan que estar inscritos antes de la fecha de entrada en vigor de este reglamento, y solo podr\u00edan alcanzar esa condici\u00f3n despu\u00e9s de haber pasado dos a\u00f1os de residencia en nuestro pa\u00eds.<\/span><\/i><\/p>\n<p class=\"MsoNormal\"><i><span lang=\"ES-TRAD\" style=\"font-family: 'Verdana','sans-serif'\">As\u00ed estaban las cosas cuando empez\u00f3 la liga en la temporada 1928-29 (si bien todos los partidos se jugaron en el a\u00f1o 1929). As\u00ed que el campeonato empez\u00f3 casi sin extranjeros.<\/span><\/i><\/p>\n<p class=\"MsoNormal\"><i><span lang=\"ES-TRAD\" style=\"font-family: 'Verdana','sans-serif'\">Por supuesto, la norma no afectaba a los espa\u00f1oles nacidos fuera, como eran los casos de Sagi-Barba y Ord\u00f3\u00f1ez, o nacionalizados, como Ren\u00e9 Petit. Al comenzar el campeonato solo hab\u00eda tres extranjeros que hab\u00edan podido reunir las condiciones requeridas: Saprissa, costarricense del Espanyol, y Walter, alem\u00e1n, y Plattko, h\u00fangaro, en el Bar\u00e7a. En la primera jornada no jug\u00f3 ninguno de ellos. Saprissa se aline\u00f3 en la segunda. Los dos del Bar\u00e7a, m\u00e1s adelante, porque estaban lesionados. Plattko a\u00fan arrastraba, cuando empez\u00f3 la liga, la lesi\u00f3n de aquella final de Copa de Santander el a\u00f1o antes, ante la Real, en aquella su tarde heroica que inspir\u00f3 el poema de Alberti. Plattko hab\u00eda llegado al Bar\u00e7a en 1922 en respuesta al regreso de Zamora al Espanyol.<\/span><\/i><\/p>\n<p class=\"MsoNormal\"><i><span lang=\"ES-TRAD\" style=\"font-family: 'Verdana','sans-serif'\">Durante los primeros a\u00f1os del campeonato se discuti\u00f3 mucho sobre el incremento de extranjeros. El Barcelona, que era muy partidario, presion\u00f3 con la compra de dos brasile\u00f1os, Jaguar\u00e9, portero, y Dos Santos, llegados del Vasco de Gama con una gran aureola, pero que solo pudo alinear en amistosos. Jaguar\u00e9 pretend\u00eda suceder a Plattko, ya veterano. Dos Santos, la ara\u00f1a negra, hab\u00eda sido mundialista en Uruguay, donde dirigi\u00f3 el juego de Brasil desde el medio campo. <\/span><\/i><\/p>\n<p class=\"MsoNormal\"><i><span lang=\"ES-TRAD\" style=\"font-family: 'Verdana','sans-serif'\">A\u00f1o tras a\u00f1o se rechazaba la apertura, hasta las reuniones habidas en el verano de 1933, en las cuales por fin la insistencia de los partidarios de ella tuvo su premio, y al cabo de tres discutidas y apretadas votaciones (hac\u00edan falta dos terceras partes a favor) la asamblea, reunida en la Sociedad Econ\u00f3mica Matritense de Amigos del Pa\u00eds, la aprob\u00f3. Coss\u00edo, presidente del Racing y autor de la monumental enciclopedia taurina \u201cLos toros, tratado t\u00e9cnico e hist\u00f3rico\u201d, fue uno de los partidarios m\u00e1s insistentes. \u00a0\u00a0<\/span><\/i><\/p>\n<p class=\"MsoNormal\"><i><span lang=\"ES-TRAD\" style=\"font-family: 'Verdana','sans-serif'\">As\u00ed que para la temporada 1934-35 se pudo traer extranjeros. El Madrid incorpor\u00f3 a un meta h\u00fangaro, Alberty, buscando el relevo de Zamora, que ya envejec\u00eda. El Bar\u00e7a, a otro h\u00fangaro, Berkessy, y a un costarricense, Morera. Del mismo pa\u00eds era Quesada, que vino al Espanyol. Informes de Saprissa en ambos casos, sin duda. Coss\u00edo trajo dos mexicanos a su Racing, Alonso y Fuente. Mexicano tambi\u00e9n fue el refuerzo del Oviedo, Laviada, y el Valencia complet\u00f3 la lista con un portero tan h\u00fangaro como Plattko y Alberty, llamado Acht. S\u00f3lo ocho refuerzos, solo dos clubs, Bar\u00e7a y Racing, cubrieron el cupo m\u00e1ximo. Ninguno era una gran figura, no vino ninguna de las estrellas del reciente Mundial de Italia. Espa\u00f1a iba de cara la guerra civil, y empezaba a respirarse un ambiente de crisis.<\/span><\/i><\/p>\n<p class=\"MsoNormal\"><i><span lang=\"ES-TRAD\" style=\"font-family: 'Verdana','sans-serif'\">Cuando lleg\u00f3 la guerra, casi todos huyeron del conflicto. Al regreso solo quedaba Alberty, que jug\u00f3 para el Ferrol, finalista de la primera Copa despu\u00e9s de la guerra.<\/span><\/i><\/p>\n<p class=\"MsoNormal\"><i><span lang=\"ES-TRAD\" style=\"font-family: 'Verdana','sans-serif'\">Con el tiempo, se han seguido produciendo aperturas y cierres. En la 1947-48 se abri\u00f3 (Domingo, Ben Barek, Kubala, Carlsson, Hon, Di St\u00e9fano, Wilkes\u2026), entre 1953 y 1956 estuvo cerrada, luego se abri\u00f3 de nuevo (Kopa, Puskas, Kocsis, Czibor, Evaristo, Vav\u00e1, Mendo\u00e7a\u2026) hasta 1962. Nuevo cierre hasta 1974 y apertura desde entonces (Cruyff, Netzer, Ayala, Heredia, Pereira, Neeskens, Leivinha, Breitner, Arr\u00faa, Keita, Carnevali\u2026). Las aperturas estaban limitadas a uno o dos jugadores por club hasta que el tiempo y la sentencia Bosman hicieron saltar los controles. \u00a0\u00a0\u00a0\u00a0\u00a0<\/span><\/i><\/p>\n","protected":false},"excerpt":{"rendered":"<p>&nbsp; Hoy en d\u00eda la presencia de jugadores extranjeros en el f\u00fatbol espa\u00f1ol est\u00e1 plenamente normalizada. La sentencia Bosman en 1995 inund\u00f3 las plantillas de jugadores comunitarios, pues ya ten\u00edan\u00a0 los mismos derechos que los nacionales. S\u00f3lo hay un cupo para los tres jugadores extracomunitarios. Pero no siempre fue as\u00ed. Desde el inicio de la&#8230;<\/p>\n","protected":false},"author":5,"featured_media":31523,"comment_status":"open","ping_status":"open","sticky":false,"template":"","format":"standard","meta":{"_kad_post_transparent":"","_kad_post_title":"","_kad_post_layout":"","_kad_post_sidebar_id":"","_kad_post_content_style":"","_kad_post_vertical_padding":"","_kad_post_feature":"","_kad_post_feature_position":"","_kad_post_header":false,"_kad_post_footer":false,"_kad_post_classname":"","_jetpack_memberships_contains_paid_content":false,"footnotes":"","jetpack_publicize_message":"","jetpack_publicize_feature_enabled":true,"jetpack_social_post_already_shared":true,"jetpack_social_options":{"image_generator_settings":{"template":"highway","default_image_id":0,"font":"","enabled":false},"version":2}},"categories":[1,1176],"tags":[6351],"class_list":["post-31522","post","type-post","status-publish","format-standard","has-post-thumbnail","hentry","category-portada","category-relatos-de-futbol","tag-alfredo-relano"],"jetpack_publicize_connections":[],"jetpack_featured_media_url":"https:\/\/i0.wp.com\/www.manquepierda.com\/historiarealbetis\/files\/2013\/07\/Plattko.jpg?fit=400%2C521&ssl=1","jetpack_sharing_enabled":true,"jetpack_shortlink":"https:\/\/wp.me\/p1ij08-8cq","jetpack-related-posts":[],"_links":{"self":[{"href":"https:\/\/www.manquepierda.com\/historiarealbetis\/wp-json\/wp\/v2\/posts\/31522","targetHints":{"allow":["GET"]}}],"collection":[{"href":"https:\/\/www.manquepierda.com\/historiarealbetis\/wp-json\/wp\/v2\/posts"}],"about":[{"href":"https:\/\/www.manquepierda.com\/historiarealbetis\/wp-json\/wp\/v2\/types\/post"}],"author":[{"embeddable":true,"href":"https:\/\/www.manquepierda.com\/historiarealbetis\/wp-json\/wp\/v2\/users\/5"}],"replies":[{"embeddable":true,"href":"https:\/\/www.manquepierda.com\/historiarealbetis\/wp-json\/wp\/v2\/comments?post=31522"}],"version-history":[{"count":0,"href":"https:\/\/www.manquepierda.com\/historiarealbetis\/wp-json\/wp\/v2\/posts\/31522\/revisions"}],"wp:featuredmedia":[{"embeddable":true,"href":"https:\/\/www.manquepierda.com\/historiarealbetis\/wp-json\/wp\/v2\/media\/31523"}],"wp:attachment":[{"href":"https:\/\/www.manquepierda.com\/historiarealbetis\/wp-json\/wp\/v2\/media?parent=31522"}],"wp:term":[{"taxonomy":"category","embeddable":true,"href":"https:\/\/www.manquepierda.com\/historiarealbetis\/wp-json\/wp\/v2\/categories?post=31522"},{"taxonomy":"post_tag","embeddable":true,"href":"https:\/\/www.manquepierda.com\/historiarealbetis\/wp-json\/wp\/v2\/tags?post=31522"}],"curies":[{"name":"wp","href":"https:\/\/api.w.org\/{rel}","templated":true}]}}