{"id":31709,"date":"2013-07-22T19:28:23","date_gmt":"2013-07-22T17:28:23","guid":{"rendered":"http:\/\/www.manquepierda.com\/historiarealbetis\/?p=31709"},"modified":"2024-09-24T19:00:13","modified_gmt":"2024-09-24T17:00:13","slug":"1965-julio-24-sabado-mediodia-hotel-la-rabida-entrevista-a-d-benito-villamarin-prieto","status":"publish","type":"post","link":"https:\/\/www.manquepierda.com\/historiarealbetis\/1965-julio-24-sabado-mediodia-hotel-la-rabida-entrevista-a-d-benito-villamarin-prieto\/","title":{"rendered":"1965-Julio 24-S\u00e1bado mediod\u00eda-Hotel La R\u00e1bida.-Entrevista a D. Benito Villamar\u00edn Prieto.."},"content":{"rendered":"<figure id=\"attachment_31710\" aria-describedby=\"caption-attachment-31710\" style=\"width: 150px\" class=\"wp-caption alignleft\"><a href=\"https:\/\/www.manquepierda.com\/historiarealbetis\/31709-1965-julio-24-sabado-mediodia-hotel-la-rabida-entrevista-a-d-benito-villamarin-prieto\/benito_villamarin_benito_villamarin-6\/\" rel=\"attachment wp-att-31710\"><img data-recalc-dims=\"1\" loading=\"lazy\" decoding=\"async\" class=\"size-full wp-image-31710\" alt=\"colecci\u00f3n personal.\" src=\"https:\/\/i0.wp.com\/www.manquepierda.com\/historiarealbetis\/files\/2013\/07\/benito_villamarin_benito_villamarin.jpg?resize=150%2C200&#038;ssl=1\" width=\"150\" height=\"200\"><\/a><figcaption id=\"caption-attachment-31710\" class=\"wp-caption-text\">colecci\u00f3n personal.<\/figcaption><\/figure>\n<p style=\"text-align: center\"><strong>\u00abRegres\u00f3 don Benito Villamar\u00edn<\/strong><strong> de Madrid.&nbsp;<\/strong><\/p>\n<p><strong> Y fue quien presidi\u00f3 la \u00abrueda\u00bb de Prensa,&nbsp; el s\u00e1bado 24 al mediod\u00eda,&nbsp; en el \u00abHotel La R\u00e1bida\u00bb,&nbsp; con ocasi\u00f3n de la presentaci\u00f3n oficial 1965-1966 del nuevo preparador Martim Francisco&nbsp; Ribeiro De Andrada.<\/strong><\/p>\n<p><strong>El \u00abgardem party\u00bb del s\u00e1bado.&nbsp; En un momento de \u00abdescanso\u00bb&#8211;ya que el se\u00f1or Villamar\u00edn fue realmente agobiado por los compa\u00f1eros&#8211;tambi\u00e9n \u00abmetimos nuestro cuarto a espadas\u00bb,&nbsp; y,&nbsp; claro&#8230;,&nbsp; sacamos tajada.<\/strong><\/p>\n<p><strong>Nos bull\u00eda en el mag\u00edn saber la verdad del \u00abcaso Ansola\u00bb,&nbsp; y de ah\u00ed que tan pronto pudimos lograr el aparte con don Benito le espetamos la preguntita.<\/strong><\/p>\n<p><strong>La respuesta fue tanjante:<\/strong><\/p>\n<p><em><strong>&#8211;De Ansola no hay nada&#8230;<\/strong><\/em><\/p>\n<p><strong>&#8211;\u00bfPor qu\u00e9? inquirimos.<\/strong><\/p>\n<p><em><strong>&#8211;Porque no dan lo que yo quiero.<\/strong><\/em><\/p>\n<p><strong>&#8211;Sin embargo,&nbsp; son nuestras noticias que el FC Barcelona daba unos cuantos millones,&nbsp; y a Pujol,&nbsp; Torrens&nbsp; y&nbsp; Vidal.<\/strong><\/p>\n<p><em><strong>&#8211;El Barcelona proporcionaba ocho millones de pesetas,&nbsp; pero no esos jugadores&#8230;<\/strong><\/em><\/p>\n<p><strong>&#8211;\u00bfY no es cantidad suficiente?<\/strong><\/p>\n<p><em><strong>&#8211;Ni es cantidad suficiente para lo que yo deseo por Fernando Ansola Sanmart\u00edn,&nbsp; ni son,&nbsp; los que me ofrec\u00edan,&nbsp; jugadores que necesitamos para suplir la ausencia de Ansola.&nbsp; Eran juveniles que empiezan.<\/strong><\/em><\/p>\n<p><strong>&#8211;\u00bfEntonces?<\/strong><\/p>\n<figure id=\"attachment_31711\" aria-describedby=\"caption-attachment-31711\" style=\"width: 170px\" class=\"wp-caption aligncenter\"><a href=\"https:\/\/www.manquepierda.com\/historiarealbetis\/31709-1965-julio-24-sabado-mediodia-hotel-la-rabida-entrevista-a-d-benito-villamarin-prieto\/1964-ansola-carranza-6\/\" rel=\"attachment wp-att-31711\"><img data-recalc-dims=\"1\" loading=\"lazy\" decoding=\"async\" class=\"size-thumbnail wp-image-31711\" alt=\"colecci\u00f3n personal.\" src=\"https:\/\/i0.wp.com\/www.manquepierda.com\/historiarealbetis\/files\/2013\/07\/1964-Ansola-Carranza.jpg?resize=170%2C220&#038;ssl=1\" width=\"170\" height=\"220\" srcset=\"https:\/\/i0.wp.com\/www.manquepierda.com\/historiarealbetis\/files\/2013\/07\/1964-Ansola-Carranza.jpg?resize=170%2C220&amp;ssl=1 170w, https:\/\/i0.wp.com\/www.manquepierda.com\/historiarealbetis\/files\/2013\/07\/1964-Ansola-Carranza.jpg?w=208&amp;ssl=1 208w\" sizes=\"auto, (max-width: 170px) 100vw, 170px\" \/><\/a><figcaption id=\"caption-attachment-31711\" class=\"wp-caption-text\">colecci\u00f3n personal.<\/figcaption><\/figure>\n<p><em><strong>&#8211;Que si quieren a Ansola hay que pagar por \u00e9l.&nbsp; Es una figura del f\u00fatbol nacional actual.<\/strong><\/em><\/p>\n<p><strong>&#8211;Pero \u00bfsigue la oferta en pie?<\/strong><\/p>\n<p><em><strong>&#8211;No.&nbsp; Puede ocurrir que vengan otros \u00abdando en la diana\u00bb.<\/strong><\/em><\/p>\n<p><strong>&#8211;\u00bfY se prescindir\u00eda de Fernando Ansola Sanmart\u00edn?<\/strong><\/p>\n<p><em><strong>&#8211;Siempre que gane el Real Betis Balompi\u00e9.&nbsp; El Betis Balompi\u00e9 nunca puede resultar perjudicado,&nbsp; sino ganador.<\/strong><\/em><\/p>\n<p><strong>&#8211;\u00bfHay algunos fichajes m\u00e1s a la vista?<\/strong><\/p>\n<figure id=\"attachment_31712\" aria-describedby=\"caption-attachment-31712\" style=\"width: 129px\" class=\"wp-caption aligncenter\"><a href=\"https:\/\/www.manquepierda.com\/historiarealbetis\/31709-1965-julio-24-sabado-mediodia-hotel-la-rabida-entrevista-a-d-benito-villamarin-prieto\/fernando-giron-de-la-fuente-4\/\" rel=\"attachment wp-att-31712\"><img data-recalc-dims=\"1\" loading=\"lazy\" decoding=\"async\" class=\"size-thumbnail wp-image-31712\" alt=\"Los jugadores de las 13 barras.\" src=\"https:\/\/i0.wp.com\/www.manquepierda.com\/historiarealbetis\/files\/2013\/07\/Fernando-GIR%C3%93N-De-la-Fuente-129x220.jpg?resize=129%2C220&#038;ssl=1\" width=\"129\" height=\"220\" srcset=\"https:\/\/i0.wp.com\/www.manquepierda.com\/historiarealbetis\/files\/2013\/07\/Fernando-GIR%C3%93N-De-la-Fuente.jpg?resize=129%2C220&amp;ssl=1 129w, https:\/\/i0.wp.com\/www.manquepierda.com\/historiarealbetis\/files\/2013\/07\/Fernando-GIR%C3%93N-De-la-Fuente.jpg?resize=351%2C600&amp;ssl=1 351w, https:\/\/i0.wp.com\/www.manquepierda.com\/historiarealbetis\/files\/2013\/07\/Fernando-GIR%C3%93N-De-la-Fuente.jpg?w=363&amp;ssl=1 363w\" sizes=\"auto, (max-width: 129px) 100vw, 129px\" \/><\/a><figcaption id=\"caption-attachment-31712\" class=\"wp-caption-text\">Los jugadores de las 13 barras.<em><strong><\/strong><\/em><\/figcaption><\/figure>\n<p style=\"text-align: left\"><em><strong>&#8211;Despu\u00e9s del conseguido con Fernando Gir\u00f3n De la Fuente no hay otro,&nbsp; por ahora.<\/strong><\/em><\/p>\n<p style=\"text-align: left\"><em><strong><\/strong><\/em><strong>&#8211;\u00bfPero podr\u00edan surgir?<\/strong><\/p>\n<p style=\"text-align: left\"><em><strong>&#8211;El Betis es un club que sabe hacerse de lo que le llega en buenas condiciones.<\/strong><\/em><\/p>\n<p style=\"text-align: left\"><strong>&#8211;\u00bfQue condiciones?<\/strong><\/p>\n<p style=\"text-align: left\"><em><strong>&#8211;Deportivas y econ\u00f3micas.&nbsp; El Real Betis Balompi\u00e9 siempre tiene listo el anzuelo y las puertas abiertas.&nbsp; Pero sin precipitaciones.<\/strong><\/em><\/p>\n<p style=\"text-align: left\"><strong>&#8211;\u00bfTiene el Betis Balompi\u00e9 buen equipo para la temporada que se v\u00e1 a iniciar?<\/strong><\/p>\n<p style=\"text-align: left\"><em><strong>&#8211;As\u00ed lo espero.&nbsp; Claro,&nbsp; que faltan a\u00fan algunos refuerzos para ciertos huecos;&nbsp; pero ya veremos.<\/strong><\/em><\/p>\n<p style=\"text-align: left\"><strong>&#8211;\u00bfNo dice que han terminado los fichajes?<\/strong><\/p>\n<p style=\"text-align: left\"><em><strong>&#8211;No he dicho eso.&nbsp; He manifestado que despu\u00e9s de conseguir a Gir\u00f3n no hay otro por ahora.<\/strong><\/em><\/p>\n<p style=\"text-align: left\"><strong>&#8211;\u00bfCu\u00e1l es su pr\u00f3ximo proyecto?<\/strong><\/p>\n<p style=\"text-align: left\"><em><strong>&#8211;Dos.<\/strong><\/em><\/p>\n<p style=\"text-align: left\"><strong>&#8211;\u00bfSon?<\/strong><\/p>\n<p style=\"text-align: left\"><em><strong>&#8211;Primero,&nbsp; de cuanto se derive de la reuni\u00f3n de la Junta,&nbsp; dentro de unos d\u00edas;&nbsp; el otro,&nbsp; ganar de nuevo el Trofeo Carranza.<\/strong><\/em><\/p>\n<figure id=\"attachment_31713\" aria-describedby=\"caption-attachment-31713\" style=\"width: 155px\" class=\"wp-caption aligncenter\"><a href=\"https:\/\/www.manquepierda.com\/historiarealbetis\/31709-1965-julio-24-sabado-mediodia-hotel-la-rabida-entrevista-a-d-benito-villamarin-prieto\/xi-trofeo-carranza\/\" rel=\"attachment wp-att-31713\"><img data-recalc-dims=\"1\" loading=\"lazy\" decoding=\"async\" class=\"size-thumbnail wp-image-31713\" alt=\"todocoleccion.net\" src=\"https:\/\/i0.wp.com\/www.manquepierda.com\/historiarealbetis\/files\/2013\/07\/XI-Trofeo-Carranza.jpg?resize=155%2C220&#038;ssl=1\" width=\"155\" height=\"220\" srcset=\"https:\/\/i0.wp.com\/www.manquepierda.com\/historiarealbetis\/files\/2013\/07\/XI-Trofeo-Carranza.jpg?resize=155%2C220&amp;ssl=1 155w, https:\/\/i0.wp.com\/www.manquepierda.com\/historiarealbetis\/files\/2013\/07\/XI-Trofeo-Carranza.jpg?resize=423%2C600&amp;ssl=1 423w, https:\/\/i0.wp.com\/www.manquepierda.com\/historiarealbetis\/files\/2013\/07\/XI-Trofeo-Carranza.jpg?resize=494%2C700&amp;ssl=1 494w, https:\/\/i0.wp.com\/www.manquepierda.com\/historiarealbetis\/files\/2013\/07\/XI-Trofeo-Carranza.jpg?w=550&amp;ssl=1 550w\" sizes=\"auto, (max-width: 155px) 100vw, 155px\" \/><\/a><figcaption id=\"caption-attachment-31713\" class=\"wp-caption-text\">todocoleccion.net<\/figcaption><\/figure>\n<p style=\"text-align: left\"><strong>&#8211;\u00bfUsted cree que ganar\u00e1 el Betis este a\u00f1o el Trofeo Carranza?<\/strong><\/p>\n<p style=\"text-align: left\"><em><strong>&#8211;Es cosa hecha.<\/strong><\/em><\/p>\n<p style=\"text-align: left\"><strong>&#8211;\u00bfTan seguro est\u00e1?<\/strong><\/p>\n<p style=\"text-align: left\"><em><strong>&#8211;Tanto,&nbsp; que vamos a empezar a festejar&#8230;<\/strong><\/em><\/p>\n<p style=\"text-align: left\">Fuente.-\u00abHoja del Lunes de Sevilla\u00bb, 26 de Julio de 1965.<\/p>\n<p style=\"text-align: left\">\n","protected":false},"excerpt":{"rendered":"<p>\u00abRegres\u00f3 don Benito Villamar\u00edn de Madrid.&nbsp; Y fue quien presidi\u00f3 la \u00abrueda\u00bb de Prensa,&nbsp; el s\u00e1bado 24 al mediod\u00eda,&nbsp; en el \u00abHotel La R\u00e1bida\u00bb,&nbsp; con ocasi\u00f3n de la presentaci\u00f3n oficial 1965-1966 del nuevo preparador Martim Francisco&nbsp; Ribeiro De Andrada. El \u00abgardem party\u00bb del s\u00e1bado.&nbsp; En un momento de \u00abdescanso\u00bb&#8211;ya que el se\u00f1or Villamar\u00edn fue realmente&#8230;<\/p>\n","protected":false},"author":48,"featured_media":31710,"comment_status":"open","ping_status":"open","sticky":false,"template":"","format":"standard","meta":{"_kad_post_transparent":"","_kad_post_title":"","_kad_post_layout":"","_kad_post_sidebar_id":"","_kad_post_content_style":"","_kad_post_vertical_padding":"","_kad_post_feature":"","_kad_post_feature_position":"","_kad_post_header":false,"_kad_post_footer":false,"_kad_post_classname":"","_jetpack_memberships_contains_paid_content":false,"footnotes":"","jetpack_publicize_message":"","jetpack_publicize_feature_enabled":true,"jetpack_social_post_already_shared":true,"jetpack_social_options":{"image_generator_settings":{"template":"highway","default_image_id":0,"font":"","enabled":false},"version":2}},"categories":[902,1],"tags":[7334,8183,145],"class_list":["post-31709","post","type-post","status-publish","format-standard","has-post-thumbnail","hentry","category-1960-1969","category-portada","tag-7334","tag-1965-66","tag-benito-villamarin"],"jetpack_publicize_connections":[],"jetpack_featured_media_url":"https:\/\/i0.wp.com\/www.manquepierda.com\/historiarealbetis\/files\/2013\/07\/benito_villamarin_benito_villamarin.jpg?fit=150%2C200&ssl=1","jetpack_sharing_enabled":true,"jetpack_shortlink":"https:\/\/wp.me\/p1ij08-8fr","jetpack-related-posts":[],"_links":{"self":[{"href":"https:\/\/www.manquepierda.com\/historiarealbetis\/wp-json\/wp\/v2\/posts\/31709","targetHints":{"allow":["GET"]}}],"collection":[{"href":"https:\/\/www.manquepierda.com\/historiarealbetis\/wp-json\/wp\/v2\/posts"}],"about":[{"href":"https:\/\/www.manquepierda.com\/historiarealbetis\/wp-json\/wp\/v2\/types\/post"}],"author":[{"embeddable":true,"href":"https:\/\/www.manquepierda.com\/historiarealbetis\/wp-json\/wp\/v2\/users\/48"}],"replies":[{"embeddable":true,"href":"https:\/\/www.manquepierda.com\/historiarealbetis\/wp-json\/wp\/v2\/comments?post=31709"}],"version-history":[{"count":1,"href":"https:\/\/www.manquepierda.com\/historiarealbetis\/wp-json\/wp\/v2\/posts\/31709\/revisions"}],"predecessor-version":[{"id":90002,"href":"https:\/\/www.manquepierda.com\/historiarealbetis\/wp-json\/wp\/v2\/posts\/31709\/revisions\/90002"}],"wp:featuredmedia":[{"embeddable":true,"href":"https:\/\/www.manquepierda.com\/historiarealbetis\/wp-json\/wp\/v2\/media\/31710"}],"wp:attachment":[{"href":"https:\/\/www.manquepierda.com\/historiarealbetis\/wp-json\/wp\/v2\/media?parent=31709"}],"wp:term":[{"taxonomy":"category","embeddable":true,"href":"https:\/\/www.manquepierda.com\/historiarealbetis\/wp-json\/wp\/v2\/categories?post=31709"},{"taxonomy":"post_tag","embeddable":true,"href":"https:\/\/www.manquepierda.com\/historiarealbetis\/wp-json\/wp\/v2\/tags?post=31709"}],"curies":[{"name":"wp","href":"https:\/\/api.w.org\/{rel}","templated":true}]}}