{"id":31723,"date":"2013-07-23T12:03:54","date_gmt":"2013-07-23T10:03:54","guid":{"rendered":"http:\/\/www.manquepierda.com\/historiarealbetis\/?p=31723"},"modified":"2024-09-03T18:07:31","modified_gmt":"2024-09-03T16:07:31","slug":"1967-julio-recortes-de-prensa-el-betis-no-se-desprendera-de-rogelio","status":"publish","type":"post","link":"https:\/\/www.manquepierda.com\/historiarealbetis\/1967-julio-recortes-de-prensa-el-betis-no-se-desprendera-de-rogelio\/","title":{"rendered":"1967-Julio.-Recortes de Prensa: \u00abEl Betis no se desprender\u00e1 de ROGELIO\u00bb."},"content":{"rendered":"<figure id=\"attachment_31724\" aria-describedby=\"caption-attachment-31724\" style=\"width: 127px\" class=\"wp-caption alignleft\"><a href=\"https:\/\/www.manquepierda.com\/historiarealbetis\/31723-1967-julio-recortes-de-prensa-el-betis-no-se-desprendera-de-rogelio\/rogelio-sosa-ramirez-3\/\" rel=\"attachment wp-att-31724\"><img data-recalc-dims=\"1\" loading=\"lazy\" decoding=\"async\" class=\"size-thumbnail wp-image-31724\" alt=\"colecci\u00f3n pewrsonal.\" src=\"https:\/\/i0.wp.com\/www.manquepierda.com\/historiarealbetis\/files\/2013\/07\/ROGELIO-sosa-ram%C3%ADrez.jpg?resize=127%2C220&#038;ssl=1\" width=\"127\" height=\"220\" srcset=\"https:\/\/i0.wp.com\/www.manquepierda.com\/historiarealbetis\/files\/2013\/07\/ROGELIO-sosa-ram%C3%ADrez.jpg?resize=127%2C220&amp;ssl=1 127w, https:\/\/i0.wp.com\/www.manquepierda.com\/historiarealbetis\/files\/2013\/07\/ROGELIO-sosa-ram%C3%ADrez.jpg?resize=347%2C600&amp;ssl=1 347w, https:\/\/i0.wp.com\/www.manquepierda.com\/historiarealbetis\/files\/2013\/07\/ROGELIO-sosa-ram%C3%ADrez.jpg?resize=405%2C700&amp;ssl=1 405w, https:\/\/i0.wp.com\/www.manquepierda.com\/historiarealbetis\/files\/2013\/07\/ROGELIO-sosa-ram%C3%ADrez.jpg?w=1281&amp;ssl=1 1281w\" sizes=\"auto, (max-width: 127px) 100vw, 127px\" \/><\/a><figcaption id=\"caption-attachment-31724\" class=\"wp-caption-text\">colecci\u00f3n personal.<\/figcaption><\/figure>\n<p style=\"text-align: center\"><strong>\u00abCon relaci\u00f3n al deseo del Madrid de que se le sea traspasado <em>ROGELIO,\u00a0 <\/em><\/strong><\/p>\n<p><strong><em>ha sido confirmado por la presidencia b\u00e9tica,\u00a0 don Benito Villamar\u00edn Prieto,\u00a0 <\/em>que a rengl\u00f3n seguido ha manifestado <em>que el popular extremo verdiblanco continuar\u00e1 en las <a href=\"https:\/\/www.manquepierda.com\/historiarealbetis\/31124-1965-junio-29-desempate-copa-sanchez-pizjuan-real-betis-balompie-2-vs-recreativo-huelva-1\/benitovillamarinprieto19610523-3\/\" rel=\"attachment wp-att-31132\"><img data-recalc-dims=\"1\" loading=\"lazy\" decoding=\"async\" class=\"alignright size-thumbnail wp-image-31132\" alt=\"BenitoVILLAMAR\u00cdNprieto19610523\" src=\"https:\/\/i0.wp.com\/www.manquepierda.com\/historiarealbetis\/files\/2013\/06\/BenitoVILLAMAR%C3%8DNprieto19610523-184x220.jpg?resize=184%2C220&#038;ssl=1\" width=\"184\" height=\"220\" srcset=\"https:\/\/i0.wp.com\/www.manquepierda.com\/historiarealbetis\/files\/2013\/06\/BenitoVILLAMAR%C3%8DNprieto19610523.jpg?resize=184%2C220&amp;ssl=1 184w, https:\/\/i0.wp.com\/www.manquepierda.com\/historiarealbetis\/files\/2013\/06\/BenitoVILLAMAR%C3%8DNprieto19610523.jpg?resize=503%2C600&amp;ssl=1 503w, https:\/\/i0.wp.com\/www.manquepierda.com\/historiarealbetis\/files\/2013\/06\/BenitoVILLAMAR%C3%8DNprieto19610523.jpg?resize=587%2C700&amp;ssl=1 587w, https:\/\/i0.wp.com\/www.manquepierda.com\/historiarealbetis\/files\/2013\/06\/BenitoVILLAMAR%C3%8DNprieto19610523.jpg?resize=419%2C500&amp;ssl=1 419w, https:\/\/i0.wp.com\/www.manquepierda.com\/historiarealbetis\/files\/2013\/06\/BenitoVILLAMAR%C3%8DNprieto19610523.jpg?w=786&amp;ssl=1 786w\" sizes=\"auto, (max-width: 184px) 100vw, 184px\" \/><\/a>filas del Real Betis Balompi\u00e9 a las \u00f3rdenes de Antonio Barrios Seoane,\u00a0 <a href=\"https:\/\/www.manquepierda.com\/historiarealbetis\/31723-1967-julio-recortes-de-prensa-el-betis-no-se-desprendera-de-rogelio\/antoniobarriosseoane-4\/\" rel=\"attachment wp-att-31725\"><img data-recalc-dims=\"1\" loading=\"lazy\" decoding=\"async\" class=\"aligncenter size-thumbnail wp-image-31725\" alt=\"AntonioBarriosSeoane\" src=\"https:\/\/i0.wp.com\/www.manquepierda.com\/historiarealbetis\/files\/2013\/07\/AntonioBarriosSeoane.jpeg?resize=153%2C220&#038;ssl=1\" width=\"153\" height=\"220\" srcset=\"https:\/\/i0.wp.com\/www.manquepierda.com\/historiarealbetis\/files\/2013\/07\/AntonioBarriosSeoane.jpeg?resize=153%2C220&amp;ssl=1 153w, https:\/\/i0.wp.com\/www.manquepierda.com\/historiarealbetis\/files\/2013\/07\/AntonioBarriosSeoane.jpeg?w=188&amp;ssl=1 188w\" sizes=\"auto, (max-width: 153px) 100vw, 153px\" \/><\/a>y con relaci\u00f3n al\u00a0 traspaso de Jos\u00e9 Araquistain Arrieta al Real Betis Balompi\u00e9 es tambi\u00e9n verdad,\u00a0 pero que no se ha llegado acuerdo ninguno con el club madrile\u00f1o,\u00a0 hasta que el presidente del Betis Balompi\u00e9 se traslade el pr\u00f3ximo mi\u00e9rcoles 12 de julio de 1967 a la capital de la naci\u00f3n para asistir al pleno de la Real Federaci\u00f3n Espa\u00f1ola de F\u00fatbol.<\/em><br \/>\n<\/strong><\/p>\n<p><strong>Entonces,\u00a0 se concretar\u00e1 en un sentido u otro,\u00a0 con relaci\u00f3n a la transferencia de Araquist\u00e1in al Real Betis Balompi\u00e9\u00bb.-Fuente: \u00abHoja del Lunes\u00bb,\u00a0 Sevilla 10 de Julio de 1967.<\/strong><\/p>\n<p><a href=\"https:\/\/www.manquepierda.com\/historiarealbetis\/31723-1967-julio-recortes-de-prensa-el-betis-no-se-desprendera-de-rogelio\/jose-araquistain\/\" rel=\"attachment wp-att-31726\"><img data-recalc-dims=\"1\" loading=\"lazy\" decoding=\"async\" class=\"alignleft size-thumbnail wp-image-31726\" alt=\"Jos\u00e9 Araquist\u00e1in\" src=\"https:\/\/i0.wp.com\/www.manquepierda.com\/historiarealbetis\/files\/2013\/07\/Jos%C3%A9-Araquist%C3%A1in.jpg?resize=156%2C220&#038;ssl=1\" width=\"156\" height=\"220\" srcset=\"https:\/\/i0.wp.com\/www.manquepierda.com\/historiarealbetis\/files\/2013\/07\/Jos%C3%A9-Araquist%C3%A1in.jpg?resize=156%2C220&amp;ssl=1 156w, https:\/\/i0.wp.com\/www.manquepierda.com\/historiarealbetis\/files\/2013\/07\/Jos%C3%A9-Araquist%C3%A1in.jpg?resize=426%2C600&amp;ssl=1 426w, https:\/\/i0.wp.com\/www.manquepierda.com\/historiarealbetis\/files\/2013\/07\/Jos%C3%A9-Araquist%C3%A1in.jpg?resize=498%2C700&amp;ssl=1 498w, https:\/\/i0.wp.com\/www.manquepierda.com\/historiarealbetis\/files\/2013\/07\/Jos%C3%A9-Araquist%C3%A1in.jpg?w=550&amp;ssl=1 550w\" sizes=\"auto, (max-width: 156px) 100vw, 156px\" \/><\/a><\/p>\n<p><strong>\u00abAl tener conocimiento de la noticia procedente de Sevilla de que el Real Betis pretende al portero Araquistain y al extremo izquierda<a href=\"https:\/\/www.manquepierda.com\/historiarealbetis\/31723-1967-julio-recortes-de-prensa-el-betis-no-se-desprendera-de-rogelio\/manolin-bueno\/\" rel=\"attachment wp-att-31727\"><img data-recalc-dims=\"1\" loading=\"lazy\" decoding=\"async\" class=\"alignright size-thumbnail wp-image-31727\" alt=\"manol\u00edn bueno\" src=\"https:\/\/i0.wp.com\/www.manquepierda.com\/historiarealbetis\/files\/2013\/07\/manol%C3%ADn-bueno.jpg?resize=136%2C220&#038;ssl=1\" width=\"136\" height=\"220\" srcset=\"https:\/\/i0.wp.com\/www.manquepierda.com\/historiarealbetis\/files\/2013\/07\/manol%C3%ADn-bueno.jpg?resize=136%2C220&amp;ssl=1 136w, https:\/\/i0.wp.com\/www.manquepierda.com\/historiarealbetis\/files\/2013\/07\/manol%C3%ADn-bueno.jpg?w=300&amp;ssl=1 300w\" sizes=\"auto, (max-width: 136px) 100vw, 136px\" \/><\/a> Manuel Bueno Cabral (a) \u00abManol\u00edn Bueno\u00bb,\u00a0 a cambio del traspaso del <em>b\u00e9tico ROGELIO Sosa Ram\u00edrez al Real Madrid Club de F\u00fatbol,\u00a0<\/em>un portavoz ha manifestado a un redactor de Alfil:<\/strong><\/p>\n<p><em>\u00abEfectivamente,\u00a0 hay negociaciones y negociaciones entre el Real Madrid y el Real Betis para el traspaso de Rogelio Sosa Ram\u00edrez a nuestro club,\u00a0 pero eso no implica que vayamos a compensar al Real Betis Balompi\u00e9 con Araquistain y Bueno,\u00a0 adem\u00e1s de una cantidad en met\u00e1lico\u00bb.<\/em><\/p>\n<p style=\"text-align: center\"><strong>El portavoz a\u00f1adi\u00f3:<\/strong><\/p>\n<p style=\"text-align: left\"><em>\u00abLas negociaciones han quedado en suspenso hasta que el presidente del Real Betis Balompi\u00e9 venga a Madrid con motivo de la pr\u00f3xima asamblea federativa del f\u00fatbol nacional,\u00a0 que se celebrar\u00e1 el pr\u00f3ximo d\u00eda 12\u00bb.<\/em><\/p>\n<p style=\"text-align: left\"><strong>Lo cierto,\u00a0 por lo tanto,\u00a0 es que,\u00a0 efectivamente,\u00a0 ambos clubes han iniciado negociaciones para que Rogelio venga a Madrid;\u00a0 pero el Real Madrid no piensa por ahora,\u00a0 en entregar a cambio a Araquistain y Bueno\u00bb.-Fuente: \u00abAlfil\u00bb en \u00abHoja del Lunes\u00bb, Sevilla 10 de Julio de 1967&#8243;.<\/strong><\/p>\n<p style=\"text-align: left\"><strong>Im\u00e1genes Real Madrid Club de F\u00fatbol\u00a0 y\u00a0 Colecci\u00f3n Personal.<br \/>\n<\/strong><\/p>\n","protected":false},"excerpt":{"rendered":"<p>\u00abCon relaci\u00f3n al deseo del Madrid de que se le sea traspasado ROGELIO,\u00a0 ha sido confirmado por la presidencia b\u00e9tica,\u00a0 don Benito Villamar\u00edn Prieto,\u00a0 que a rengl\u00f3n seguido ha manifestado que el popular extremo verdiblanco continuar\u00e1 en las filas del Real Betis Balompi\u00e9 a las \u00f3rdenes de Antonio Barrios Seoane,\u00a0 y con relaci\u00f3n al\u00a0 traspaso&#8230;<\/p>\n","protected":false},"author":48,"featured_media":31724,"comment_status":"open","ping_status":"open","sticky":false,"template":"","format":"standard","meta":{"_kad_post_transparent":"","_kad_post_title":"","_kad_post_layout":"","_kad_post_sidebar_id":"","_kad_post_content_style":"","_kad_post_vertical_padding":"","_kad_post_feature":"","_kad_post_feature_position":"","_kad_post_header":false,"_kad_post_footer":false,"_kad_post_classname":"","_jetpack_memberships_contains_paid_content":false,"footnotes":"","jetpack_publicize_message":"","jetpack_publicize_feature_enabled":true,"jetpack_social_post_already_shared":true,"jetpack_social_options":{"image_generator_settings":{"template":"highway","default_image_id":0,"font":"","enabled":false},"version":2}},"categories":[902,1],"tags":[1247,1396],"class_list":["post-31723","post","type-post","status-publish","format-standard","has-post-thumbnail","hentry","category-1960-1969","category-portada","tag-1247","tag-rogelio-sosa"],"jetpack_publicize_connections":[],"jetpack_featured_media_url":"https:\/\/i0.wp.com\/www.manquepierda.com\/historiarealbetis\/files\/2013\/07\/ROGELIO-sosa-ram%C3%ADrez.jpg?fit=1281%2C2209&ssl=1","jetpack_sharing_enabled":true,"jetpack_shortlink":"https:\/\/wp.me\/p1ij08-8fF","jetpack-related-posts":[],"_links":{"self":[{"href":"https:\/\/www.manquepierda.com\/historiarealbetis\/wp-json\/wp\/v2\/posts\/31723","targetHints":{"allow":["GET"]}}],"collection":[{"href":"https:\/\/www.manquepierda.com\/historiarealbetis\/wp-json\/wp\/v2\/posts"}],"about":[{"href":"https:\/\/www.manquepierda.com\/historiarealbetis\/wp-json\/wp\/v2\/types\/post"}],"author":[{"embeddable":true,"href":"https:\/\/www.manquepierda.com\/historiarealbetis\/wp-json\/wp\/v2\/users\/48"}],"replies":[{"embeddable":true,"href":"https:\/\/www.manquepierda.com\/historiarealbetis\/wp-json\/wp\/v2\/comments?post=31723"}],"version-history":[{"count":1,"href":"https:\/\/www.manquepierda.com\/historiarealbetis\/wp-json\/wp\/v2\/posts\/31723\/revisions"}],"predecessor-version":[{"id":98530,"href":"https:\/\/www.manquepierda.com\/historiarealbetis\/wp-json\/wp\/v2\/posts\/31723\/revisions\/98530"}],"wp:featuredmedia":[{"embeddable":true,"href":"https:\/\/www.manquepierda.com\/historiarealbetis\/wp-json\/wp\/v2\/media\/31724"}],"wp:attachment":[{"href":"https:\/\/www.manquepierda.com\/historiarealbetis\/wp-json\/wp\/v2\/media?parent=31723"}],"wp:term":[{"taxonomy":"category","embeddable":true,"href":"https:\/\/www.manquepierda.com\/historiarealbetis\/wp-json\/wp\/v2\/categories?post=31723"},{"taxonomy":"post_tag","embeddable":true,"href":"https:\/\/www.manquepierda.com\/historiarealbetis\/wp-json\/wp\/v2\/tags?post=31723"}],"curies":[{"name":"wp","href":"https:\/\/api.w.org\/{rel}","templated":true}]}}